{"id":420565,"date":"2026-03-25T06:53:57","date_gmt":"2026-03-25T09:53:57","guid":{"rendered":"https:\/\/portaltela.pt\/noticias\/2026\/03\/25\/irmaos-castro-da-nata-de-espinho-as-buscas-da-pj\/"},"modified":"2026-03-25T06:53:57","modified_gmt":"2026-03-25T09:53:57","slug":"irmaos-castro-da-nata-de-espinho-as-buscas-da-pj","status":"publish","type":"post","link":"https:\/\/portaltela.pt\/policia\/2026\/03\/25\/irmaos-castro-da-nata-de-espinho-as-buscas-da-pj\/","title":{"rendered":"Irm\u00e3os Castro: da nata de Espinho \u00e0s buscas da PJ"},"content":{"rendered":"<p>Em Espinho, a C\u00e2mara Municipal lan\u00e7ou em agosto de 2025 um concurso p\u00fablico para dois lotes de ilumina\u00e7\u00e3o festiva e decorativa. O objetivo inclu\u00eda ilumina\u00e7\u00e3o para a Festa em Honra de Nossa Senhora d\u2019Ajuda e para o Natal, com pre\u00e7o-base de 163 mil euros.<\/p>\n<p>O primeiro lote caberia \u00e0 Castros, Ilumina\u00e7\u00f5es Festivas, SA, controlada por Jorge Castro, com um valor de adjudica\u00e7\u00e3o de 53.500 euros. O segundo ficaria com a Ailight, detida por Ant\u00f3nio Castro, que venceu o outro lote com 108 mil euros. Ambos os vencedores s\u00e3o irm\u00e3os.<\/p>\n<p>O concurso ponderou crit\u00e9rios de m\u00e9rito art\u00edstico (60%) \u2014 incluindo originalidade e materializa\u00e7\u00e3o de conceitos \u2014 e o pre\u00e7o mais baixo (40%). A autarquia de Espinho n\u00e3o explicou, at\u00e9 ao fecho de edi\u00e7\u00e3o, a coincid\u00eancia familiar entre os concorrentes \u00e0 S\u00e1bado.<\/p>\n<p>Segundo o jornal, os irm\u00e3os Jorge e Toz\u00e9 Castro integravam antigos c\u00edrculos locais, com liga\u00e7\u00f5es a escolas, autarcas e institui\u00e7\u00f5es religiosas. O artigo detalha o historial familiar, sem confirmar liga\u00e7\u00f5es diretas aos procedimentos de contrata\u00e7\u00e3o p\u00fablica.<\/p>\n<p>A C\u00e2mara de Espinho n\u00e3o forneceu esclarecimentos adicionais sobre a coincid\u00eancia entre as empresas vencedoras. O caso tem sido objeto de escrut\u00ednio pela imprensa, que j\u00e1 chamou a aten\u00e7\u00e3o para potenciais liga\u00e7\u00f5es entre os concorrentes.<\/p>\n<p>Este conte\u00fado baseia-se em informa\u00e7\u00f5es veiculadas pela S\u00e1bado, que publicou o detalhe do procedimento e menciona a falta de explica\u00e7\u00e3o por parte da autarquia. O esclarecimento institucional permanece pendente.<\/p>\n","protected":false},"excerpt":{"rendered":"<ul>\n<li>Em agosto de 2025, a C\u00e2mara Municipal de Espinho lan\u00e7ou um concurso p\u00fablico para ilumina\u00e7\u00f5es de festa e do Natal, com pre\u00e7o base de 163 mil euros.<\/li>\n<li>O procedimento previa dois lotes: ilumina\u00e7\u00e3o da Festa em Honra de Nossa Senhora d\u2019Ajuda e ilumina\u00e7\u00e3o natal\u00edcia, com m\u00e9rito art\u00edstico (60%) e o pre\u00e7o mais baixo (40%) como crit\u00e9rios.<\/li>\n<li>O primeiro lote ficou com Castros, Ilumina\u00e7\u00f5es Festivas, S.A., de Jorge Castro, por 53.500 euros; o segundo com Ailight, de Ant\u00f3nio Castro, por 108 mil euros.<\/li>\n<li>H\u00e1 um nexo entre as duas empresas: s\u00e3o geridas por irm\u00e3os, o que a autarquia n\u00e3o explicou \u00e0 S\u00e1bado.<\/li>\n<li>O artigo n\u00e3o detalha mais informa\u00e7\u00f5es sobre eventuais investiga\u00e7\u00f5es, limitando-se a apontar a coincid\u00eancia entre os concorrentes.<\/li>\n<\/ul>\n","protected":false},"author":2,"featured_media":420568,"comment_status":"closed","ping_status":"closed","sticky":false,"template":"","format":"standard","meta":{"footnotes":""},"categories":[7374,6781],"tags":[168,5822,1839,735,215,5661],"class_list":["post-420565","post","type-post","status-publish","format-standard","has-post-thumbnail","hentry","category-criminalidade","category-policia","tag-administracao-publica","tag-contratos-publicos","tag-espinho","tag-iluminacao-publica","tag-investigacao","tag-pessoas-publicas"],"yoast_head":"<!-- This site is optimized with the Yoast SEO plugin v27.2 - https:\/\/yoast.com\/product\/yoast-seo-wordpress\/ -->\n<title>Irm\u00e3os Castro: da nata de Espinho \u00e0s buscas da PJ - Portal Tela Portugal<\/title>\n<meta name=\"robots\" content=\"index, follow, max-snippet:-1, max-image-preview:large, max-video-preview:-1\" \/>\n<meta property=\"og:locale\" content=\"pt_PT\" \/>\n<meta property=\"og:type\" content=\"article\" \/>\n<meta property=\"og:title\" content=\"Irm\u00e3os Castro: da nata de Espinho \u00e0s buscas da PJ - Portal Tela Portugal\" \/>\n<meta property=\"og:description\" content=\"Em agosto de 2025, a C\u00e2mara Municipal de Espinho lan\u00e7ou um concurso p\u00fablico para ilumina\u00e7\u00f5es de festa e do Natal, com pre\u00e7o base de 163 mil euros. O procedimento previa dois lotes: ilumina\u00e7\u00e3o da Festa em Honra de Nossa Senhora d\u2019Ajuda e ilumina\u00e7\u00e3o natal\u00edcia, com m\u00e9rito art\u00edstico (60%) e o pre\u00e7o mais baixo (40%) como crit\u00e9rios. O primeiro lote ficou com Castros, Ilumina\u00e7\u00f5es Festivas, S.A., de Jorge Castro, por 53.500 euros; o segundo com Ailight, de Ant\u00f3nio Castro, por 108 mil euros. H\u00e1 um nexo entre as duas empresas: s\u00e3o geridas por irm\u00e3os, o que a autarquia n\u00e3o explicou \u00e0 S\u00e1bado. O artigo n\u00e3o detalha mais informa\u00e7\u00f5es sobre eventuais investiga\u00e7\u00f5es, limitando-se a apontar a coincid\u00eancia entre os concorrentes.\" \/>\n<meta property=\"og:url\" content=\"https:\/\/portaltela.pt\/noticias\/2026\/03\/25\/irmaos-castro-da-nata-de-espinho-as-buscas-da-pj\/\" \/>\n<meta property=\"og:site_name\" content=\"Portal Tela Portugal\" \/>\n<meta property=\"article:published_time\" content=\"2026-03-25T09:53:57+00:00\" \/>\n<meta name=\"author\" content=\"Telinha\" \/>\n<meta name=\"twitter:card\" content=\"summary_large_image\" \/>\n<meta name=\"twitter:label1\" content=\"Escrito por\" \/>\n\t<meta name=\"twitter:data1\" content=\"Telinha\" \/>\n\t<meta name=\"twitter:label2\" content=\"Tempo estimado de leitura\" \/>\n\t<meta name=\"twitter:data2\" content=\"1 minuto\" \/>\n<script type=\"application\/ld+json\" class=\"yoast-schema-graph\">{\"@context\":\"https:\/\/schema.org\",\"@graph\":[{\"@type\":\"Article\",\"@id\":\"https:\/\/portaltela.pt\/noticias\/2026\/03\/25\/irmaos-castro-da-nata-de-espinho-as-buscas-da-pj\/#article\",\"isPartOf\":{\"@id\":\"https:\/\/portaltela.pt\/noticias\/2026\/03\/25\/irmaos-castro-da-nata-de-espinho-as-buscas-da-pj\/\"},\"author\":{\"name\":\"Telinha\",\"@id\":\"https:\/\/portaltela.pt\/#\/schema\/person\/c4278d4a6028830caff9ee44b42d32ed\"},\"headline\":\"Irm\u00e3os Castro: da nata de Espinho \u00e0s buscas da PJ\",\"datePublished\":\"2026-03-25T09:53:57+00:00\",\"mainEntityOfPage\":{\"@id\":\"https:\/\/portaltela.pt\/noticias\/2026\/03\/25\/irmaos-castro-da-nata-de-espinho-as-buscas-da-pj\/\"},\"wordCount\":270,\"image\":{\"@id\":\"https:\/\/portaltela.pt\/noticias\/2026\/03\/25\/irmaos-castro-da-nata-de-espinho-as-buscas-da-pj\/#primaryimage\"},\"thumbnailUrl\":\"https:\/\/portaltela.pt\/s.01k8rhncp4jt1\/2026\/03\/img_920x518uu2026-03-25-09-43-08-2429270.jpg\",\"keywords\":[\"administra\u00e7\u00e3o p\u00fablica\",\"contratos p\u00fablicos\",\"Espinho\",\"ilumina\u00e7\u00e3o p\u00fablica\",\"investiga\u00e7\u00e3o\",\"pessoas p\u00fablicas\"],\"articleSection\":[\"Criminalidade\",\"Pol\u00edcia\"],\"inLanguage\":\"pt-PT\"},{\"@type\":\"WebPage\",\"@id\":\"https:\/\/portaltela.pt\/noticias\/2026\/03\/25\/irmaos-castro-da-nata-de-espinho-as-buscas-da-pj\/\",\"url\":\"https:\/\/portaltela.pt\/noticias\/2026\/03\/25\/irmaos-castro-da-nata-de-espinho-as-buscas-da-pj\/\",\"name\":\"Irm\u00e3os Castro: da nata de Espinho \u00e0s buscas da PJ - Portal Tela Portugal\",\"isPartOf\":{\"@id\":\"https:\/\/portaltela.pt\/#website\"},\"primaryImageOfPage\":{\"@id\":\"https:\/\/portaltela.pt\/noticias\/2026\/03\/25\/irmaos-castro-da-nata-de-espinho-as-buscas-da-pj\/#primaryimage\"},\"image\":{\"@id\":\"https:\/\/portaltela.pt\/noticias\/2026\/03\/25\/irmaos-castro-da-nata-de-espinho-as-buscas-da-pj\/#primaryimage\"},\"thumbnailUrl\":\"https:\/\/portaltela.pt\/s.01k8rhncp4jt1\/2026\/03\/img_920x518uu2026-03-25-09-43-08-2429270.jpg\",\"datePublished\":\"2026-03-25T09:53:57+00:00\",\"author\":{\"@id\":\"https:\/\/portaltela.pt\/#\/schema\/person\/c4278d4a6028830caff9ee44b42d32ed\"},\"breadcrumb\":{\"@id\":\"https:\/\/portaltela.pt\/noticias\/2026\/03\/25\/irmaos-castro-da-nata-de-espinho-as-buscas-da-pj\/#breadcrumb\"},\"inLanguage\":\"pt-PT\",\"potentialAction\":[{\"@type\":\"ReadAction\",\"target\":[\"https:\/\/portaltela.pt\/noticias\/2026\/03\/25\/irmaos-castro-da-nata-de-espinho-as-buscas-da-pj\/\"]}]},{\"@type\":\"ImageObject\",\"inLanguage\":\"pt-PT\",\"@id\":\"https:\/\/portaltela.pt\/noticias\/2026\/03\/25\/irmaos-castro-da-nata-de-espinho-as-buscas-da-pj\/#primaryimage\",\"url\":\"https:\/\/portaltela.pt\/s.01k8rhncp4jt1\/2026\/03\/img_920x518uu2026-03-25-09-43-08-2429270.jpg\",\"contentUrl\":\"https:\/\/portaltela.pt\/s.01k8rhncp4jt1\/2026\/03\/img_920x518uu2026-03-25-09-43-08-2429270.jpg\",\"width\":796,\"height\":448,\"caption\":\"Jorge Castro foi fotografado pela S\u00c1BADO em 2018, numa reportagem sobre luzes de Natal em Lisboa\"},{\"@type\":\"BreadcrumbList\",\"@id\":\"https:\/\/portaltela.pt\/noticias\/2026\/03\/25\/irmaos-castro-da-nata-de-espinho-as-buscas-da-pj\/#breadcrumb\",\"itemListElement\":[{\"@type\":\"ListItem\",\"position\":1,\"name\":\"In\u00edcio\",\"item\":\"https:\/\/portaltela.pt\/\"},{\"@type\":\"ListItem\",\"position\":2,\"name\":\"Irm\u00e3os Castro: da nata de Espinho \u00e0s buscas da PJ\"}]},{\"@type\":\"WebSite\",\"@id\":\"https:\/\/portaltela.pt\/#website\",\"url\":\"https:\/\/portaltela.pt\/\",\"name\":\"Portal Tela Portugal\",\"description\":\"\",\"potentialAction\":[{\"@type\":\"SearchAction\",\"target\":{\"@type\":\"EntryPoint\",\"urlTemplate\":\"https:\/\/portaltela.pt\/?s={search_term_string}\"},\"query-input\":{\"@type\":\"PropertyValueSpecification\",\"valueRequired\":true,\"valueName\":\"search_term_string\"}}],\"inLanguage\":\"pt-PT\"},{\"@type\":\"Person\",\"@id\":\"https:\/\/portaltela.pt\/#\/schema\/person\/c4278d4a6028830caff9ee44b42d32ed\",\"name\":\"Telinha\",\"image\":{\"@type\":\"ImageObject\",\"inLanguage\":\"pt-PT\",\"@id\":\"https:\/\/portaltela.pt\/s.01k8rhncp4jt1\/2025\/11\/talking-bot-125x125.png\",\"url\":\"https:\/\/portaltela.pt\/s.01k8rhncp4jt1\/2025\/11\/talking-bot-125x125.png\",\"contentUrl\":\"https:\/\/portaltela.pt\/s.01k8rhncp4jt1\/2025\/11\/talking-bot-125x125.png\",\"caption\":\"Telinha\"},\"sameAs\":[\"https:\/\/portaltela.pt\/\"],\"url\":\"https:\/\/portaltela.pt\/por\/367410592786\/\"}]}<\/script>\n<!-- \/ Yoast SEO plugin. -->","yoast_head_json":{"title":"Irm\u00e3os Castro: da nata de Espinho \u00e0s buscas da PJ - Portal Tela Portugal","robots":{"index":"index","follow":"follow","max-snippet":"max-snippet:-1","max-image-preview":"max-image-preview:large","max-video-preview":"max-video-preview:-1"},"og_locale":"pt_PT","og_type":"article","og_title":"Irm\u00e3os Castro: da nata de Espinho \u00e0s buscas da PJ - Portal Tela Portugal","og_description":"Em agosto de 2025, a C\u00e2mara Municipal de Espinho lan\u00e7ou um concurso p\u00fablico para ilumina\u00e7\u00f5es de festa e do Natal, com pre\u00e7o base de 163 mil euros. O procedimento previa dois lotes: ilumina\u00e7\u00e3o da Festa em Honra de Nossa Senhora d\u2019Ajuda e ilumina\u00e7\u00e3o natal\u00edcia, com m\u00e9rito art\u00edstico (60%) e o pre\u00e7o mais baixo (40%) como crit\u00e9rios. O primeiro lote ficou com Castros, Ilumina\u00e7\u00f5es Festivas, S.A., de Jorge Castro, por 53.500 euros; o segundo com Ailight, de Ant\u00f3nio Castro, por 108 mil euros. H\u00e1 um nexo entre as duas empresas: s\u00e3o geridas por irm\u00e3os, o que a autarquia n\u00e3o explicou \u00e0 S\u00e1bado. O artigo n\u00e3o detalha mais informa\u00e7\u00f5es sobre eventuais investiga\u00e7\u00f5es, limitando-se a apontar a coincid\u00eancia entre os concorrentes.","og_url":"https:\/\/portaltela.pt\/noticias\/2026\/03\/25\/irmaos-castro-da-nata-de-espinho-as-buscas-da-pj\/","og_site_name":"Portal Tela Portugal","article_published_time":"2026-03-25T09:53:57+00:00","author":"Telinha","twitter_card":"summary_large_image","twitter_misc":{"Escrito por":"Telinha","Tempo estimado de leitura":"1 minuto"},"schema":{"@context":"https:\/\/schema.org","@graph":[{"@type":"Article","@id":"https:\/\/portaltela.pt\/noticias\/2026\/03\/25\/irmaos-castro-da-nata-de-espinho-as-buscas-da-pj\/#article","isPartOf":{"@id":"https:\/\/portaltela.pt\/noticias\/2026\/03\/25\/irmaos-castro-da-nata-de-espinho-as-buscas-da-pj\/"},"author":{"name":"Telinha","@id":"https:\/\/portaltela.pt\/#\/schema\/person\/c4278d4a6028830caff9ee44b42d32ed"},"headline":"Irm\u00e3os Castro: da nata de Espinho \u00e0s buscas da PJ","datePublished":"2026-03-25T09:53:57+00:00","mainEntityOfPage":{"@id":"https:\/\/portaltela.pt\/noticias\/2026\/03\/25\/irmaos-castro-da-nata-de-espinho-as-buscas-da-pj\/"},"wordCount":270,"image":{"@id":"https:\/\/portaltela.pt\/noticias\/2026\/03\/25\/irmaos-castro-da-nata-de-espinho-as-buscas-da-pj\/#primaryimage"},"thumbnailUrl":"https:\/\/portaltela.pt\/s.01k8rhncp4jt1\/2026\/03\/img_920x518uu2026-03-25-09-43-08-2429270.jpg","keywords":["administra\u00e7\u00e3o p\u00fablica","contratos p\u00fablicos","Espinho","ilumina\u00e7\u00e3o p\u00fablica","investiga\u00e7\u00e3o","pessoas p\u00fablicas"],"articleSection":["Criminalidade","Pol\u00edcia"],"inLanguage":"pt-PT"},{"@type":"WebPage","@id":"https:\/\/portaltela.pt\/noticias\/2026\/03\/25\/irmaos-castro-da-nata-de-espinho-as-buscas-da-pj\/","url":"https:\/\/portaltela.pt\/noticias\/2026\/03\/25\/irmaos-castro-da-nata-de-espinho-as-buscas-da-pj\/","name":"Irm\u00e3os Castro: da nata de Espinho \u00e0s buscas da PJ - Portal Tela Portugal","isPartOf":{"@id":"https:\/\/portaltela.pt\/#website"},"primaryImageOfPage":{"@id":"https:\/\/portaltela.pt\/noticias\/2026\/03\/25\/irmaos-castro-da-nata-de-espinho-as-buscas-da-pj\/#primaryimage"},"image":{"@id":"https:\/\/portaltela.pt\/noticias\/2026\/03\/25\/irmaos-castro-da-nata-de-espinho-as-buscas-da-pj\/#primaryimage"},"thumbnailUrl":"https:\/\/portaltela.pt\/s.01k8rhncp4jt1\/2026\/03\/img_920x518uu2026-03-25-09-43-08-2429270.jpg","datePublished":"2026-03-25T09:53:57+00:00","author":{"@id":"https:\/\/portaltela.pt\/#\/schema\/person\/c4278d4a6028830caff9ee44b42d32ed"},"breadcrumb":{"@id":"https:\/\/portaltela.pt\/noticias\/2026\/03\/25\/irmaos-castro-da-nata-de-espinho-as-buscas-da-pj\/#breadcrumb"},"inLanguage":"pt-PT","potentialAction":[{"@type":"ReadAction","target":["https:\/\/portaltela.pt\/noticias\/2026\/03\/25\/irmaos-castro-da-nata-de-espinho-as-buscas-da-pj\/"]}]},{"@type":"ImageObject","inLanguage":"pt-PT","@id":"https:\/\/portaltela.pt\/noticias\/2026\/03\/25\/irmaos-castro-da-nata-de-espinho-as-buscas-da-pj\/#primaryimage","url":"https:\/\/portaltela.pt\/s.01k8rhncp4jt1\/2026\/03\/img_920x518uu2026-03-25-09-43-08-2429270.jpg","contentUrl":"https:\/\/portaltela.pt\/s.01k8rhncp4jt1\/2026\/03\/img_920x518uu2026-03-25-09-43-08-2429270.jpg","width":796,"height":448,"caption":"Jorge Castro foi fotografado pela S\u00c1BADO em 2018, numa reportagem sobre luzes de Natal em Lisboa"},{"@type":"BreadcrumbList","@id":"https:\/\/portaltela.pt\/noticias\/2026\/03\/25\/irmaos-castro-da-nata-de-espinho-as-buscas-da-pj\/#breadcrumb","itemListElement":[{"@type":"ListItem","position":1,"name":"In\u00edcio","item":"https:\/\/portaltela.pt\/"},{"@type":"ListItem","position":2,"name":"Irm\u00e3os Castro: da nata de Espinho \u00e0s buscas da PJ"}]},{"@type":"WebSite","@id":"https:\/\/portaltela.pt\/#website","url":"https:\/\/portaltela.pt\/","name":"Portal Tela Portugal","description":"","potentialAction":[{"@type":"SearchAction","target":{"@type":"EntryPoint","urlTemplate":"https:\/\/portaltela.pt\/?s={search_term_string}"},"query-input":{"@type":"PropertyValueSpecification","valueRequired":true,"valueName":"search_term_string"}}],"inLanguage":"pt-PT"},{"@type":"Person","@id":"https:\/\/portaltela.pt\/#\/schema\/person\/c4278d4a6028830caff9ee44b42d32ed","name":"Telinha","image":{"@type":"ImageObject","inLanguage":"pt-PT","@id":"https:\/\/portaltela.pt\/s.01k8rhncp4jt1\/2025\/11\/talking-bot-125x125.png","url":"https:\/\/portaltela.pt\/s.01k8rhncp4jt1\/2025\/11\/talking-bot-125x125.png","contentUrl":"https:\/\/portaltela.pt\/s.01k8rhncp4jt1\/2025\/11\/talking-bot-125x125.png","caption":"Telinha"},"sameAs":["https:\/\/portaltela.pt\/"],"url":"https:\/\/portaltela.pt\/por\/367410592786\/"}]}},"_links":{"self":[{"href":"https:\/\/portaltela.pt\/api\/wp\/v2\/posts\/420565","targetHints":{"allow":["GET"]}}],"collection":[{"href":"https:\/\/portaltela.pt\/api\/wp\/v2\/posts"}],"about":[{"href":"https:\/\/portaltela.pt\/api\/wp\/v2\/types\/post"}],"author":[{"embeddable":true,"href":"https:\/\/portaltela.pt\/api\/wp\/v2\/users\/2"}],"replies":[{"embeddable":true,"href":"https:\/\/portaltela.pt\/api\/wp\/v2\/comments?post=420565"}],"version-history":[{"count":0,"href":"https:\/\/portaltela.pt\/api\/wp\/v2\/posts\/420565\/revisions"}],"wp:featuredmedia":[{"embeddable":true,"href":"https:\/\/portaltela.pt\/api\/wp\/v2\/media\/420568"}],"wp:attachment":[{"href":"https:\/\/portaltela.pt\/api\/wp\/v2\/media?parent=420565"}],"wp:term":[{"taxonomy":"category","embeddable":true,"href":"https:\/\/portaltela.pt\/api\/wp\/v2\/categories?post=420565"},{"taxonomy":"post_tag","embeddable":true,"href":"https:\/\/portaltela.pt\/api\/wp\/v2\/tags?post=420565"}],"curies":[{"name":"wp","href":"https:\/\/api.w.org\/{rel}","templated":true}]}}