{"id":420543,"date":"2026-03-25T06:47:14","date_gmt":"2026-03-25T09:47:14","guid":{"rendered":"https:\/\/portaltela.pt\/noticias\/2026\/03\/25\/juri-dos-eua-decide-que-meta-prejudicou-deliberadamente-saude-mental-de-menores\/"},"modified":"2026-03-25T06:47:14","modified_gmt":"2026-03-25T09:47:14","slug":"juri-dos-eua-decide-que-meta-prejudicou-deliberadamente-saude-mental-de-menores","status":"publish","type":"post","link":"https:\/\/portaltela.pt\/tecnologia\/2026\/03\/25\/juri-dos-eua-decide-que-meta-prejudicou-deliberadamente-saude-mental-de-menores\/","title":{"rendered":"J\u00fari dos EUA decide que Meta prejudicou deliberadamente sa\u00fade mental de menores"},"content":{"rendered":"<p>O j\u00fari dos Estados Unidos determinou que a Meta sujeitou menores a pr\u00e1ticas comerciais inaceit\u00e1veis, explorando a vulnerabilidade e a inexperi\u00eancia de crian\u00e7as. O veredito aponta para preju\u00edzos deliberados \u00e0 sa\u00fade mental de utilizadores jovens.<\/p>\n<p>A decis\u00e3o implica uma multa de 375 milh\u00f5es de d\u00f3lares e acusa a Meta de ocultar informa\u00e7\u00e3o sobre explora\u00e7\u00e3o sexual de menores nas suas plataformas. Jurados consideraram v\u00e1rias viola\u00e7\u00f5es \u00e0 lei de pr\u00e1ticas desleais do Novo M\u00e9xico.<\/p>\n<p>A meta n\u00e3o concorda com o veredito e prev\u00ea recorrer. Em comunicado, a empresa refor\u00e7ou o compromisso com a seguran\u00e7a e afirmou enfrentar desafios na identifica\u00e7\u00e3o de conte\u00fados prejudiciais.<\/p>\n<p>A primeira fase do julgamento avalia se as plataformas representam uma perturba\u00e7\u00e3o do interesse p\u00fablico e se devem financiar programas p\u00fablicos para mitigar danos. O julgamento prossegue em maio.<\/p>\n<h3>Contexto do processo<\/h3>\n<p>A a\u00e7\u00e3o foi movida em 2023 pelo procurador-geral do Novo M\u00e9xico, Raul Torrez. O governo estadual indicou que as plataformas da Meta s\u00e3o locais prop\u00edcios para predadores que solicitam sexo a menores. A investiga\u00e7\u00e3o utilizou contas falsas apresentadas como adolescentes.<\/p>\n<p>Provas indicaram que as plataformas encaminhavam jovens para imagens sexualmente expl\u00edcitas e recomendavam grupos n\u00e3o moderados no Facebook, facilitando sexo comercial. O processo tamb\u00e9m acusa a Meta de n\u00e3o enfrentar plenamente os perigos da depend\u00eancia das redes.<\/p>\n<p>Executivos da Meta, engenheiros, denunciantes e especialistas testemunharam no julgamento. Questionaram-se declara\u00e7\u00f5es sobre a seguran\u00e7a das plataformas feitas por Mark Zuckerberg, Adam Mosseri e Antigone Davis, entre outros.<\/p>\n<p>O j\u00fari avaliou ainda falhas na aplica\u00e7\u00e3o de pol\u00edticas de idade e no funcionamento de algoritmos que promovem conte\u00fados sensacionalistas ou prejudiciais para adolescentes. As provas inclu\u00edram correspond\u00eancia interna e relat\u00f3rios de seguran\u00e7a infantil.<\/p>\n","protected":false},"excerpt":{"rendered":"<ul>\n<li>Um j\u00fari nos Estados Unidos decidiu que a Meta utilizou pr\u00e1ticas comerciais inaceit\u00e1veis que exploraram a vulnerabilidade de crian\u00e7as, prejudicando a sua sa\u00fade mental.<\/li>\n<li>A Meta foi condenada a pagar uma multa de 375 milh\u00f5es de d\u00f3lares (317 milh\u00f5es de euros) e poder\u00e1 recorrer da decis\u00e3o.<\/li>\n<li>O veredito aponta v\u00e1rias viola\u00e7\u00f5es da Lei das Pr\u00e1ticas Desleais do Novo M\u00e9xico e conclui que as plataformas exploraram de forma injusta a inexperi\u00eancia das crian\u00e7as.<\/li>\n<li>Uma segunda fase do julgamento, em maio, vai decidir se as plataformas da Meta constituem uma perturba\u00e7\u00e3o do interesse p\u00fablico e se devem custear programas p\u00fablicos para mitigar os danos.<\/li>\n<li>O processo foi iniciado pelo procurador-geral do Novo M\u00e9xico e baseia-se em investiga\u00e7\u00f5es que acusam as plataformas de serem locais prop\u00edcios a predadores e de promoverem conte\u00fados prejudiciais aos menores.<\/li>\n<\/ul>\n","protected":false},"author":2,"featured_media":420554,"comment_status":"closed","ping_status":"closed","sticky":false,"template":"","format":"standard","meta":{"footnotes":""},"categories":[6716],"tags":[147,7178,1318,3562,7393,153],"class_list":["post-420543","post","type-post","status-publish","format-standard","has-post-thumbnail","hentry","category-tecnologia","tag-crime","tag-direitos-de-menores","tag-exploracao-sexual-de-menor-dependente-ou-em-situacao-vulneravel","tag-privacidade","tag-seguranca-digital","tag-tecnologia"],"yoast_head":"<!-- This site is optimized with the Yoast SEO plugin v27.2 - https:\/\/yoast.com\/product\/yoast-seo-wordpress\/ -->\n<title>J\u00fari dos EUA decide que Meta prejudicou deliberadamente sa\u00fade mental de menores - Portal Tela Portugal<\/title>\n<meta name=\"robots\" content=\"index, follow, max-snippet:-1, max-image-preview:large, max-video-preview:-1\" \/>\n<meta property=\"og:locale\" content=\"pt_PT\" \/>\n<meta property=\"og:type\" content=\"article\" \/>\n<meta property=\"og:title\" content=\"J\u00fari dos EUA decide que Meta prejudicou deliberadamente sa\u00fade mental de menores - Portal Tela Portugal\" \/>\n<meta property=\"og:description\" content=\"Um j\u00fari nos Estados Unidos decidiu que a Meta utilizou pr\u00e1ticas comerciais inaceit\u00e1veis que exploraram a vulnerabilidade de crian\u00e7as, prejudicando a sua sa\u00fade mental. A Meta foi condenada a pagar uma multa de 375 milh\u00f5es de d\u00f3lares (317 milh\u00f5es de euros) e poder\u00e1 recorrer da decis\u00e3o. O veredito aponta v\u00e1rias viola\u00e7\u00f5es da Lei das Pr\u00e1ticas Desleais do Novo M\u00e9xico e conclui que as plataformas exploraram de forma injusta a inexperi\u00eancia das crian\u00e7as. Uma segunda fase do julgamento, em maio, vai decidir se as plataformas da Meta constituem uma perturba\u00e7\u00e3o do interesse p\u00fablico e se devem custear programas p\u00fablicos para mitigar os danos. O processo foi iniciado pelo procurador-geral do Novo M\u00e9xico e baseia-se em investiga\u00e7\u00f5es que acusam as plataformas de serem locais prop\u00edcios a predadores e de promoverem conte\u00fados prejudiciais aos menores.\" \/>\n<meta property=\"og:url\" content=\"https:\/\/portaltela.pt\/noticias\/2026\/03\/25\/juri-dos-eua-decide-que-meta-prejudicou-deliberadamente-saude-mental-de-menores\/\" \/>\n<meta property=\"og:site_name\" content=\"Portal Tela Portugal\" \/>\n<meta property=\"article:published_time\" content=\"2026-03-25T09:47:14+00:00\" \/>\n<meta name=\"author\" content=\"Telinha\" \/>\n<meta name=\"twitter:card\" content=\"summary_large_image\" \/>\n<meta name=\"twitter:label1\" content=\"Escrito por\" \/>\n\t<meta name=\"twitter:data1\" content=\"Telinha\" \/>\n\t<meta name=\"twitter:label2\" content=\"Tempo estimado de leitura\" \/>\n\t<meta name=\"twitter:data2\" content=\"2 minutos\" \/>\n<script type=\"application\/ld+json\" class=\"yoast-schema-graph\">{\"@context\":\"https:\/\/schema.org\",\"@graph\":[{\"@type\":\"Article\",\"@id\":\"https:\/\/portaltela.pt\/noticias\/2026\/03\/25\/juri-dos-eua-decide-que-meta-prejudicou-deliberadamente-saude-mental-de-menores\/#article\",\"isPartOf\":{\"@id\":\"https:\/\/portaltela.pt\/noticias\/2026\/03\/25\/juri-dos-eua-decide-que-meta-prejudicou-deliberadamente-saude-mental-de-menores\/\"},\"author\":{\"name\":\"Telinha\",\"@id\":\"https:\/\/portaltela.pt\/#\/schema\/person\/c4278d4a6028830caff9ee44b42d32ed\"},\"headline\":\"J\u00fari dos EUA decide que Meta prejudicou deliberadamente sa\u00fade mental de menores\",\"datePublished\":\"2026-03-25T09:47:14+00:00\",\"mainEntityOfPage\":{\"@id\":\"https:\/\/portaltela.pt\/noticias\/2026\/03\/25\/juri-dos-eua-decide-que-meta-prejudicou-deliberadamente-saude-mental-de-menores\/\"},\"wordCount\":326,\"image\":{\"@id\":\"https:\/\/portaltela.pt\/noticias\/2026\/03\/25\/juri-dos-eua-decide-que-meta-prejudicou-deliberadamente-saude-mental-de-menores\/#primaryimage\"},\"thumbnailUrl\":\"https:\/\/portaltela.pt\/s.01k8rhncp4jt1\/2026\/03\/1536x864_cmsv2_90b3af94-2dda-569e-81eb-f8f3f9bf4bff-9697415.jpg\",\"keywords\":[\"crime\",\"direitos de menores\",\"explora\u00e7\u00e3o sexual de menor dependente ou em situa\u00e7\u00e3o vulner\u00e1vel\",\"privacidade\",\"seguran\u00e7a digital\",\"tecnologia\"],\"articleSection\":[\"Tecnologia\"],\"inLanguage\":\"pt-PT\"},{\"@type\":\"WebPage\",\"@id\":\"https:\/\/portaltela.pt\/noticias\/2026\/03\/25\/juri-dos-eua-decide-que-meta-prejudicou-deliberadamente-saude-mental-de-menores\/\",\"url\":\"https:\/\/portaltela.pt\/noticias\/2026\/03\/25\/juri-dos-eua-decide-que-meta-prejudicou-deliberadamente-saude-mental-de-menores\/\",\"name\":\"J\u00fari dos EUA decide que Meta prejudicou deliberadamente sa\u00fade mental de menores - Portal Tela Portugal\",\"isPartOf\":{\"@id\":\"https:\/\/portaltela.pt\/#website\"},\"primaryImageOfPage\":{\"@id\":\"https:\/\/portaltela.pt\/noticias\/2026\/03\/25\/juri-dos-eua-decide-que-meta-prejudicou-deliberadamente-saude-mental-de-menores\/#primaryimage\"},\"image\":{\"@id\":\"https:\/\/portaltela.pt\/noticias\/2026\/03\/25\/juri-dos-eua-decide-que-meta-prejudicou-deliberadamente-saude-mental-de-menores\/#primaryimage\"},\"thumbnailUrl\":\"https:\/\/portaltela.pt\/s.01k8rhncp4jt1\/2026\/03\/1536x864_cmsv2_90b3af94-2dda-569e-81eb-f8f3f9bf4bff-9697415.jpg\",\"datePublished\":\"2026-03-25T09:47:14+00:00\",\"author\":{\"@id\":\"https:\/\/portaltela.pt\/#\/schema\/person\/c4278d4a6028830caff9ee44b42d32ed\"},\"breadcrumb\":{\"@id\":\"https:\/\/portaltela.pt\/noticias\/2026\/03\/25\/juri-dos-eua-decide-que-meta-prejudicou-deliberadamente-saude-mental-de-menores\/#breadcrumb\"},\"inLanguage\":\"pt-PT\",\"potentialAction\":[{\"@type\":\"ReadAction\",\"target\":[\"https:\/\/portaltela.pt\/noticias\/2026\/03\/25\/juri-dos-eua-decide-que-meta-prejudicou-deliberadamente-saude-mental-de-menores\/\"]}]},{\"@type\":\"ImageObject\",\"inLanguage\":\"pt-PT\",\"@id\":\"https:\/\/portaltela.pt\/noticias\/2026\/03\/25\/juri-dos-eua-decide-que-meta-prejudicou-deliberadamente-saude-mental-de-menores\/#primaryimage\",\"url\":\"https:\/\/portaltela.pt\/s.01k8rhncp4jt1\/2026\/03\/1536x864_cmsv2_90b3af94-2dda-569e-81eb-f8f3f9bf4bff-9697415.jpg\",\"contentUrl\":\"https:\/\/portaltela.pt\/s.01k8rhncp4jt1\/2026\/03\/1536x864_cmsv2_90b3af94-2dda-569e-81eb-f8f3f9bf4bff-9697415.jpg\",\"width\":796,\"height\":448,\"caption\":\"ARQUIVO - Mark Zuckerberg, presidente executivo da Meta, sai do tribunal ap\u00f3s depor num julgamento hist\u00f3rico sobre redes sociais e crian\u00e7as, 18 fevereiro 2026\"},{\"@type\":\"BreadcrumbList\",\"@id\":\"https:\/\/portaltela.pt\/noticias\/2026\/03\/25\/juri-dos-eua-decide-que-meta-prejudicou-deliberadamente-saude-mental-de-menores\/#breadcrumb\",\"itemListElement\":[{\"@type\":\"ListItem\",\"position\":1,\"name\":\"In\u00edcio\",\"item\":\"https:\/\/portaltela.pt\/\"},{\"@type\":\"ListItem\",\"position\":2,\"name\":\"J\u00fari dos EUA decide que Meta prejudicou deliberadamente sa\u00fade mental de menores\"}]},{\"@type\":\"WebSite\",\"@id\":\"https:\/\/portaltela.pt\/#website\",\"url\":\"https:\/\/portaltela.pt\/\",\"name\":\"Portal Tela Portugal\",\"description\":\"\",\"potentialAction\":[{\"@type\":\"SearchAction\",\"target\":{\"@type\":\"EntryPoint\",\"urlTemplate\":\"https:\/\/portaltela.pt\/?s={search_term_string}\"},\"query-input\":{\"@type\":\"PropertyValueSpecification\",\"valueRequired\":true,\"valueName\":\"search_term_string\"}}],\"inLanguage\":\"pt-PT\"},{\"@type\":\"Person\",\"@id\":\"https:\/\/portaltela.pt\/#\/schema\/person\/c4278d4a6028830caff9ee44b42d32ed\",\"name\":\"Telinha\",\"image\":{\"@type\":\"ImageObject\",\"inLanguage\":\"pt-PT\",\"@id\":\"https:\/\/portaltela.pt\/s.01k8rhncp4jt1\/2025\/11\/talking-bot-125x125.png\",\"url\":\"https:\/\/portaltela.pt\/s.01k8rhncp4jt1\/2025\/11\/talking-bot-125x125.png\",\"contentUrl\":\"https:\/\/portaltela.pt\/s.01k8rhncp4jt1\/2025\/11\/talking-bot-125x125.png\",\"caption\":\"Telinha\"},\"sameAs\":[\"https:\/\/portaltela.pt\/\"],\"url\":\"https:\/\/portaltela.pt\/por\/367410592786\/\"}]}<\/script>\n<!-- \/ Yoast SEO plugin. -->","yoast_head_json":{"title":"J\u00fari dos EUA decide que Meta prejudicou deliberadamente sa\u00fade mental de menores - Portal Tela Portugal","robots":{"index":"index","follow":"follow","max-snippet":"max-snippet:-1","max-image-preview":"max-image-preview:large","max-video-preview":"max-video-preview:-1"},"og_locale":"pt_PT","og_type":"article","og_title":"J\u00fari dos EUA decide que Meta prejudicou deliberadamente sa\u00fade mental de menores - Portal Tela Portugal","og_description":"Um j\u00fari nos Estados Unidos decidiu que a Meta utilizou pr\u00e1ticas comerciais inaceit\u00e1veis que exploraram a vulnerabilidade de crian\u00e7as, prejudicando a sua sa\u00fade mental. A Meta foi condenada a pagar uma multa de 375 milh\u00f5es de d\u00f3lares (317 milh\u00f5es de euros) e poder\u00e1 recorrer da decis\u00e3o. O veredito aponta v\u00e1rias viola\u00e7\u00f5es da Lei das Pr\u00e1ticas Desleais do Novo M\u00e9xico e conclui que as plataformas exploraram de forma injusta a inexperi\u00eancia das crian\u00e7as. Uma segunda fase do julgamento, em maio, vai decidir se as plataformas da Meta constituem uma perturba\u00e7\u00e3o do interesse p\u00fablico e se devem custear programas p\u00fablicos para mitigar os danos. O processo foi iniciado pelo procurador-geral do Novo M\u00e9xico e baseia-se em investiga\u00e7\u00f5es que acusam as plataformas de serem locais prop\u00edcios a predadores e de promoverem conte\u00fados prejudiciais aos menores.","og_url":"https:\/\/portaltela.pt\/noticias\/2026\/03\/25\/juri-dos-eua-decide-que-meta-prejudicou-deliberadamente-saude-mental-de-menores\/","og_site_name":"Portal Tela Portugal","article_published_time":"2026-03-25T09:47:14+00:00","author":"Telinha","twitter_card":"summary_large_image","twitter_misc":{"Escrito por":"Telinha","Tempo estimado de leitura":"2 minutos"},"schema":{"@context":"https:\/\/schema.org","@graph":[{"@type":"Article","@id":"https:\/\/portaltela.pt\/noticias\/2026\/03\/25\/juri-dos-eua-decide-que-meta-prejudicou-deliberadamente-saude-mental-de-menores\/#article","isPartOf":{"@id":"https:\/\/portaltela.pt\/noticias\/2026\/03\/25\/juri-dos-eua-decide-que-meta-prejudicou-deliberadamente-saude-mental-de-menores\/"},"author":{"name":"Telinha","@id":"https:\/\/portaltela.pt\/#\/schema\/person\/c4278d4a6028830caff9ee44b42d32ed"},"headline":"J\u00fari dos EUA decide que Meta prejudicou deliberadamente sa\u00fade mental de menores","datePublished":"2026-03-25T09:47:14+00:00","mainEntityOfPage":{"@id":"https:\/\/portaltela.pt\/noticias\/2026\/03\/25\/juri-dos-eua-decide-que-meta-prejudicou-deliberadamente-saude-mental-de-menores\/"},"wordCount":326,"image":{"@id":"https:\/\/portaltela.pt\/noticias\/2026\/03\/25\/juri-dos-eua-decide-que-meta-prejudicou-deliberadamente-saude-mental-de-menores\/#primaryimage"},"thumbnailUrl":"https:\/\/portaltela.pt\/s.01k8rhncp4jt1\/2026\/03\/1536x864_cmsv2_90b3af94-2dda-569e-81eb-f8f3f9bf4bff-9697415.jpg","keywords":["crime","direitos de menores","explora\u00e7\u00e3o sexual de menor dependente ou em situa\u00e7\u00e3o vulner\u00e1vel","privacidade","seguran\u00e7a digital","tecnologia"],"articleSection":["Tecnologia"],"inLanguage":"pt-PT"},{"@type":"WebPage","@id":"https:\/\/portaltela.pt\/noticias\/2026\/03\/25\/juri-dos-eua-decide-que-meta-prejudicou-deliberadamente-saude-mental-de-menores\/","url":"https:\/\/portaltela.pt\/noticias\/2026\/03\/25\/juri-dos-eua-decide-que-meta-prejudicou-deliberadamente-saude-mental-de-menores\/","name":"J\u00fari dos EUA decide que Meta prejudicou deliberadamente sa\u00fade mental de menores - Portal Tela Portugal","isPartOf":{"@id":"https:\/\/portaltela.pt\/#website"},"primaryImageOfPage":{"@id":"https:\/\/portaltela.pt\/noticias\/2026\/03\/25\/juri-dos-eua-decide-que-meta-prejudicou-deliberadamente-saude-mental-de-menores\/#primaryimage"},"image":{"@id":"https:\/\/portaltela.pt\/noticias\/2026\/03\/25\/juri-dos-eua-decide-que-meta-prejudicou-deliberadamente-saude-mental-de-menores\/#primaryimage"},"thumbnailUrl":"https:\/\/portaltela.pt\/s.01k8rhncp4jt1\/2026\/03\/1536x864_cmsv2_90b3af94-2dda-569e-81eb-f8f3f9bf4bff-9697415.jpg","datePublished":"2026-03-25T09:47:14+00:00","author":{"@id":"https:\/\/portaltela.pt\/#\/schema\/person\/c4278d4a6028830caff9ee44b42d32ed"},"breadcrumb":{"@id":"https:\/\/portaltela.pt\/noticias\/2026\/03\/25\/juri-dos-eua-decide-que-meta-prejudicou-deliberadamente-saude-mental-de-menores\/#breadcrumb"},"inLanguage":"pt-PT","potentialAction":[{"@type":"ReadAction","target":["https:\/\/portaltela.pt\/noticias\/2026\/03\/25\/juri-dos-eua-decide-que-meta-prejudicou-deliberadamente-saude-mental-de-menores\/"]}]},{"@type":"ImageObject","inLanguage":"pt-PT","@id":"https:\/\/portaltela.pt\/noticias\/2026\/03\/25\/juri-dos-eua-decide-que-meta-prejudicou-deliberadamente-saude-mental-de-menores\/#primaryimage","url":"https:\/\/portaltela.pt\/s.01k8rhncp4jt1\/2026\/03\/1536x864_cmsv2_90b3af94-2dda-569e-81eb-f8f3f9bf4bff-9697415.jpg","contentUrl":"https:\/\/portaltela.pt\/s.01k8rhncp4jt1\/2026\/03\/1536x864_cmsv2_90b3af94-2dda-569e-81eb-f8f3f9bf4bff-9697415.jpg","width":796,"height":448,"caption":"ARQUIVO - Mark Zuckerberg, presidente executivo da Meta, sai do tribunal ap\u00f3s depor num julgamento hist\u00f3rico sobre redes sociais e crian\u00e7as, 18 fevereiro 2026"},{"@type":"BreadcrumbList","@id":"https:\/\/portaltela.pt\/noticias\/2026\/03\/25\/juri-dos-eua-decide-que-meta-prejudicou-deliberadamente-saude-mental-de-menores\/#breadcrumb","itemListElement":[{"@type":"ListItem","position":1,"name":"In\u00edcio","item":"https:\/\/portaltela.pt\/"},{"@type":"ListItem","position":2,"name":"J\u00fari dos EUA decide que Meta prejudicou deliberadamente sa\u00fade mental de menores"}]},{"@type":"WebSite","@id":"https:\/\/portaltela.pt\/#website","url":"https:\/\/portaltela.pt\/","name":"Portal Tela Portugal","description":"","potentialAction":[{"@type":"SearchAction","target":{"@type":"EntryPoint","urlTemplate":"https:\/\/portaltela.pt\/?s={search_term_string}"},"query-input":{"@type":"PropertyValueSpecification","valueRequired":true,"valueName":"search_term_string"}}],"inLanguage":"pt-PT"},{"@type":"Person","@id":"https:\/\/portaltela.pt\/#\/schema\/person\/c4278d4a6028830caff9ee44b42d32ed","name":"Telinha","image":{"@type":"ImageObject","inLanguage":"pt-PT","@id":"https:\/\/portaltela.pt\/s.01k8rhncp4jt1\/2025\/11\/talking-bot-125x125.png","url":"https:\/\/portaltela.pt\/s.01k8rhncp4jt1\/2025\/11\/talking-bot-125x125.png","contentUrl":"https:\/\/portaltela.pt\/s.01k8rhncp4jt1\/2025\/11\/talking-bot-125x125.png","caption":"Telinha"},"sameAs":["https:\/\/portaltela.pt\/"],"url":"https:\/\/portaltela.pt\/por\/367410592786\/"}]}},"_links":{"self":[{"href":"https:\/\/portaltela.pt\/api\/wp\/v2\/posts\/420543","targetHints":{"allow":["GET"]}}],"collection":[{"href":"https:\/\/portaltela.pt\/api\/wp\/v2\/posts"}],"about":[{"href":"https:\/\/portaltela.pt\/api\/wp\/v2\/types\/post"}],"author":[{"embeddable":true,"href":"https:\/\/portaltela.pt\/api\/wp\/v2\/users\/2"}],"replies":[{"embeddable":true,"href":"https:\/\/portaltela.pt\/api\/wp\/v2\/comments?post=420543"}],"version-history":[{"count":0,"href":"https:\/\/portaltela.pt\/api\/wp\/v2\/posts\/420543\/revisions"}],"wp:featuredmedia":[{"embeddable":true,"href":"https:\/\/portaltela.pt\/api\/wp\/v2\/media\/420554"}],"wp:attachment":[{"href":"https:\/\/portaltela.pt\/api\/wp\/v2\/media?parent=420543"}],"wp:term":[{"taxonomy":"category","embeddable":true,"href":"https:\/\/portaltela.pt\/api\/wp\/v2\/categories?post=420543"},{"taxonomy":"post_tag","embeddable":true,"href":"https:\/\/portaltela.pt\/api\/wp\/v2\/tags?post=420543"}],"curies":[{"name":"wp","href":"https:\/\/api.w.org\/{rel}","templated":true}]}}