{"id":420528,"date":"2026-03-25T06:22:00","date_gmt":"2026-03-25T09:22:00","guid":{"rendered":"https:\/\/portaltela.pt\/noticias\/2026\/03\/25\/chuvas-em-mocambique-ja-provocaram-304-mortos-desde-outubro\/"},"modified":"2026-03-25T06:22:00","modified_gmt":"2026-03-25T09:22:00","slug":"chuvas-em-mocambique-ja-provocaram-304-mortos-desde-outubro","status":"publish","type":"post","link":"https:\/\/portaltela.pt\/meio-ambiente\/2026\/03\/25\/chuvas-em-mocambique-ja-provocaram-304-mortos-desde-outubro\/","title":{"rendered":"Chuvas em Mo\u00e7ambique j\u00e1 provocaram 304 mortos desde outubro"},"content":{"rendered":"<p>O n\u00famero de mortos na atual \u00e9poca de chuvas em Mo\u00e7ambique subiu para 304, com mais de um milh\u00e3o de pessoas afetadas desde outubro, aponta uma atualiza\u00e7\u00e3o do Instituto Nacional de Gest\u00e3o e Redu\u00e7\u00e3o do Risco de Desastres.<\/p>\n<p>A informa\u00e7\u00e3o foi divulgada pelo instituto, que acompanha os impactos pluviom\u00e9tricos no territ\u00f3rio mo\u00e7ambicano e coordena as a\u00e7\u00f5es de resposta \u00e0s calamidades.<\/p>\n<p>O relat\u00f3rio indica que as v\u00edtimas, registadas desde outubro, refletem a intensidade recente do fen\u00f3meno e a dimens\u00e3o das \u00e1reas atingidas pelo mau tempo no pa\u00eds.<\/p>\n","protected":false},"excerpt":{"rendered":"<ul>\n<li>O n\u00famero de mortos na \u00e9poca das chuvas em Mo\u00e7ambique subiu para 304, desde outubro.<\/li>\n<li>Mais de um milh\u00e3o de pessoas foram afetadas, segundo atualiza\u00e7\u00e3o do Instituto Nacional de Gest\u00e3o e Redu\u00e7\u00e3o do Risco de Desastres (INGC).<\/li>\n<\/ul>\n","protected":false},"author":2,"featured_media":420530,"comment_status":"closed","ping_status":"closed","sticky":false,"template":"","format":"standard","meta":{"footnotes":""},"categories":[7380,6725],"tags":[4966,6063,5381,2293,45,1911],"class_list":["post-420528","post","type-post","status-publish","format-standard","has-post-thumbnail","hentry","category-clima","category-meio-ambiente","tag-calamidades","tag-desastres","tag-gestao-de-riscos","tag-inundacoes","tag-meio-ambiente","tag-mocambique"],"yoast_head":"<!-- This site is optimized with the Yoast SEO plugin v27.2 - https:\/\/yoast.com\/product\/yoast-seo-wordpress\/ -->\n<title>Chuvas em Mo\u00e7ambique j\u00e1 provocaram 304 mortos desde outubro - Portal Tela Portugal<\/title>\n<meta name=\"robots\" content=\"index, follow, max-snippet:-1, max-image-preview:large, max-video-preview:-1\" \/>\n<meta property=\"og:locale\" content=\"pt_PT\" \/>\n<meta property=\"og:type\" content=\"article\" \/>\n<meta property=\"og:title\" content=\"Chuvas em Mo\u00e7ambique j\u00e1 provocaram 304 mortos desde outubro - Portal Tela Portugal\" \/>\n<meta property=\"og:description\" content=\"O n\u00famero de mortos na \u00e9poca das chuvas em Mo\u00e7ambique subiu para 304, desde outubro. Mais de um milh\u00e3o de pessoas foram afetadas, segundo atualiza\u00e7\u00e3o do Instituto Nacional de Gest\u00e3o e Redu\u00e7\u00e3o do Risco de Desastres (INGC).\" \/>\n<meta property=\"og:url\" content=\"https:\/\/portaltela.pt\/noticias\/2026\/03\/25\/chuvas-em-mocambique-ja-provocaram-304-mortos-desde-outubro\/\" \/>\n<meta property=\"og:site_name\" content=\"Portal Tela Portugal\" \/>\n<meta property=\"article:published_time\" content=\"2026-03-25T09:22:00+00:00\" \/>\n<meta name=\"author\" content=\"Telinha\" \/>\n<meta name=\"twitter:card\" content=\"summary_large_image\" \/>\n<meta name=\"twitter:label1\" content=\"Escrito por\" \/>\n\t<meta name=\"twitter:data1\" content=\"Telinha\" \/>\n\t<meta name=\"twitter:label2\" content=\"Tempo estimado de leitura\" \/>\n\t<meta name=\"twitter:data2\" content=\"1 minuto\" \/>\n<script type=\"application\/ld+json\" class=\"yoast-schema-graph\">{\"@context\":\"https:\/\/schema.org\",\"@graph\":[{\"@type\":\"Article\",\"@id\":\"https:\/\/portaltela.pt\/noticias\/2026\/03\/25\/chuvas-em-mocambique-ja-provocaram-304-mortos-desde-outubro\/#article\",\"isPartOf\":{\"@id\":\"https:\/\/portaltela.pt\/noticias\/2026\/03\/25\/chuvas-em-mocambique-ja-provocaram-304-mortos-desde-outubro\/\"},\"author\":{\"name\":\"Telinha\",\"@id\":\"https:\/\/portaltela.pt\/#\/schema\/person\/c4278d4a6028830caff9ee44b42d32ed\"},\"headline\":\"Chuvas em Mo\u00e7ambique j\u00e1 provocaram 304 mortos desde outubro\",\"datePublished\":\"2026-03-25T09:22:00+00:00\",\"mainEntityOfPage\":{\"@id\":\"https:\/\/portaltela.pt\/noticias\/2026\/03\/25\/chuvas-em-mocambique-ja-provocaram-304-mortos-desde-outubro\/\"},\"wordCount\":110,\"image\":{\"@id\":\"https:\/\/portaltela.pt\/noticias\/2026\/03\/25\/chuvas-em-mocambique-ja-provocaram-304-mortos-desde-outubro\/#primaryimage\"},\"thumbnailUrl\":\"https:\/\/portaltela.pt\/s.01k8rhncp4jt1\/2026\/03\/CACHE_780X1200_ANALOG_WATERMARKED_46500669_4845395_06022026101023.jpg\",\"keywords\":[\"calamidades\",\"desastres\",\"Gest\u00e3o de Riscos\",\"inunda\u00e7\u00f5es\",\"meio-ambiente\",\"Mo\u00e7ambique\"],\"articleSection\":[\"Clima\",\"Meio Ambiente\"],\"inLanguage\":\"pt-PT\"},{\"@type\":\"WebPage\",\"@id\":\"https:\/\/portaltela.pt\/noticias\/2026\/03\/25\/chuvas-em-mocambique-ja-provocaram-304-mortos-desde-outubro\/\",\"url\":\"https:\/\/portaltela.pt\/noticias\/2026\/03\/25\/chuvas-em-mocambique-ja-provocaram-304-mortos-desde-outubro\/\",\"name\":\"Chuvas em Mo\u00e7ambique j\u00e1 provocaram 304 mortos desde outubro - Portal Tela Portugal\",\"isPartOf\":{\"@id\":\"https:\/\/portaltela.pt\/#website\"},\"primaryImageOfPage\":{\"@id\":\"https:\/\/portaltela.pt\/noticias\/2026\/03\/25\/chuvas-em-mocambique-ja-provocaram-304-mortos-desde-outubro\/#primaryimage\"},\"image\":{\"@id\":\"https:\/\/portaltela.pt\/noticias\/2026\/03\/25\/chuvas-em-mocambique-ja-provocaram-304-mortos-desde-outubro\/#primaryimage\"},\"thumbnailUrl\":\"https:\/\/portaltela.pt\/s.01k8rhncp4jt1\/2026\/03\/CACHE_780X1200_ANALOG_WATERMARKED_46500669_4845395_06022026101023.jpg\",\"datePublished\":\"2026-03-25T09:22:00+00:00\",\"author\":{\"@id\":\"https:\/\/portaltela.pt\/#\/schema\/person\/c4278d4a6028830caff9ee44b42d32ed\"},\"breadcrumb\":{\"@id\":\"https:\/\/portaltela.pt\/noticias\/2026\/03\/25\/chuvas-em-mocambique-ja-provocaram-304-mortos-desde-outubro\/#breadcrumb\"},\"inLanguage\":\"pt-PT\",\"potentialAction\":[{\"@type\":\"ReadAction\",\"target\":[\"https:\/\/portaltela.pt\/noticias\/2026\/03\/25\/chuvas-em-mocambique-ja-provocaram-304-mortos-desde-outubro\/\"]}]},{\"@type\":\"ImageObject\",\"inLanguage\":\"pt-PT\",\"@id\":\"https:\/\/portaltela.pt\/noticias\/2026\/03\/25\/chuvas-em-mocambique-ja-provocaram-304-mortos-desde-outubro\/#primaryimage\",\"url\":\"https:\/\/portaltela.pt\/s.01k8rhncp4jt1\/2026\/03\/CACHE_780X1200_ANALOG_WATERMARKED_46500669_4845395_06022026101023.jpg\",\"contentUrl\":\"https:\/\/portaltela.pt\/s.01k8rhncp4jt1\/2026\/03\/CACHE_780X1200_ANALOG_WATERMARKED_46500669_4845395_06022026101023.jpg\",\"width\":796,\"height\":448,\"caption\":\"\u00c9poca das chuvas em Mo\u00e7ambique com 304 mortos desde outubro\"},{\"@type\":\"BreadcrumbList\",\"@id\":\"https:\/\/portaltela.pt\/noticias\/2026\/03\/25\/chuvas-em-mocambique-ja-provocaram-304-mortos-desde-outubro\/#breadcrumb\",\"itemListElement\":[{\"@type\":\"ListItem\",\"position\":1,\"name\":\"In\u00edcio\",\"item\":\"https:\/\/portaltela.pt\/\"},{\"@type\":\"ListItem\",\"position\":2,\"name\":\"Chuvas em Mo\u00e7ambique j\u00e1 provocaram 304 mortos desde outubro\"}]},{\"@type\":\"WebSite\",\"@id\":\"https:\/\/portaltela.pt\/#website\",\"url\":\"https:\/\/portaltela.pt\/\",\"name\":\"Portal Tela Portugal\",\"description\":\"\",\"potentialAction\":[{\"@type\":\"SearchAction\",\"target\":{\"@type\":\"EntryPoint\",\"urlTemplate\":\"https:\/\/portaltela.pt\/?s={search_term_string}\"},\"query-input\":{\"@type\":\"PropertyValueSpecification\",\"valueRequired\":true,\"valueName\":\"search_term_string\"}}],\"inLanguage\":\"pt-PT\"},{\"@type\":\"Person\",\"@id\":\"https:\/\/portaltela.pt\/#\/schema\/person\/c4278d4a6028830caff9ee44b42d32ed\",\"name\":\"Telinha\",\"image\":{\"@type\":\"ImageObject\",\"inLanguage\":\"pt-PT\",\"@id\":\"https:\/\/portaltela.pt\/s.01k8rhncp4jt1\/2025\/11\/talking-bot-125x125.png\",\"url\":\"https:\/\/portaltela.pt\/s.01k8rhncp4jt1\/2025\/11\/talking-bot-125x125.png\",\"contentUrl\":\"https:\/\/portaltela.pt\/s.01k8rhncp4jt1\/2025\/11\/talking-bot-125x125.png\",\"caption\":\"Telinha\"},\"sameAs\":[\"https:\/\/portaltela.pt\/\"],\"url\":\"https:\/\/portaltela.pt\/por\/367410592786\/\"}]}<\/script>\n<!-- \/ Yoast SEO plugin. -->","yoast_head_json":{"title":"Chuvas em Mo\u00e7ambique j\u00e1 provocaram 304 mortos desde outubro - Portal Tela Portugal","robots":{"index":"index","follow":"follow","max-snippet":"max-snippet:-1","max-image-preview":"max-image-preview:large","max-video-preview":"max-video-preview:-1"},"og_locale":"pt_PT","og_type":"article","og_title":"Chuvas em Mo\u00e7ambique j\u00e1 provocaram 304 mortos desde outubro - Portal Tela Portugal","og_description":"O n\u00famero de mortos na \u00e9poca das chuvas em Mo\u00e7ambique subiu para 304, desde outubro. Mais de um milh\u00e3o de pessoas foram afetadas, segundo atualiza\u00e7\u00e3o do Instituto Nacional de Gest\u00e3o e Redu\u00e7\u00e3o do Risco de Desastres (INGC).","og_url":"https:\/\/portaltela.pt\/noticias\/2026\/03\/25\/chuvas-em-mocambique-ja-provocaram-304-mortos-desde-outubro\/","og_site_name":"Portal Tela Portugal","article_published_time":"2026-03-25T09:22:00+00:00","author":"Telinha","twitter_card":"summary_large_image","twitter_misc":{"Escrito por":"Telinha","Tempo estimado de leitura":"1 minuto"},"schema":{"@context":"https:\/\/schema.org","@graph":[{"@type":"Article","@id":"https:\/\/portaltela.pt\/noticias\/2026\/03\/25\/chuvas-em-mocambique-ja-provocaram-304-mortos-desde-outubro\/#article","isPartOf":{"@id":"https:\/\/portaltela.pt\/noticias\/2026\/03\/25\/chuvas-em-mocambique-ja-provocaram-304-mortos-desde-outubro\/"},"author":{"name":"Telinha","@id":"https:\/\/portaltela.pt\/#\/schema\/person\/c4278d4a6028830caff9ee44b42d32ed"},"headline":"Chuvas em Mo\u00e7ambique j\u00e1 provocaram 304 mortos desde outubro","datePublished":"2026-03-25T09:22:00+00:00","mainEntityOfPage":{"@id":"https:\/\/portaltela.pt\/noticias\/2026\/03\/25\/chuvas-em-mocambique-ja-provocaram-304-mortos-desde-outubro\/"},"wordCount":110,"image":{"@id":"https:\/\/portaltela.pt\/noticias\/2026\/03\/25\/chuvas-em-mocambique-ja-provocaram-304-mortos-desde-outubro\/#primaryimage"},"thumbnailUrl":"https:\/\/portaltela.pt\/s.01k8rhncp4jt1\/2026\/03\/CACHE_780X1200_ANALOG_WATERMARKED_46500669_4845395_06022026101023.jpg","keywords":["calamidades","desastres","Gest\u00e3o de Riscos","inunda\u00e7\u00f5es","meio-ambiente","Mo\u00e7ambique"],"articleSection":["Clima","Meio Ambiente"],"inLanguage":"pt-PT"},{"@type":"WebPage","@id":"https:\/\/portaltela.pt\/noticias\/2026\/03\/25\/chuvas-em-mocambique-ja-provocaram-304-mortos-desde-outubro\/","url":"https:\/\/portaltela.pt\/noticias\/2026\/03\/25\/chuvas-em-mocambique-ja-provocaram-304-mortos-desde-outubro\/","name":"Chuvas em Mo\u00e7ambique j\u00e1 provocaram 304 mortos desde outubro - Portal Tela Portugal","isPartOf":{"@id":"https:\/\/portaltela.pt\/#website"},"primaryImageOfPage":{"@id":"https:\/\/portaltela.pt\/noticias\/2026\/03\/25\/chuvas-em-mocambique-ja-provocaram-304-mortos-desde-outubro\/#primaryimage"},"image":{"@id":"https:\/\/portaltela.pt\/noticias\/2026\/03\/25\/chuvas-em-mocambique-ja-provocaram-304-mortos-desde-outubro\/#primaryimage"},"thumbnailUrl":"https:\/\/portaltela.pt\/s.01k8rhncp4jt1\/2026\/03\/CACHE_780X1200_ANALOG_WATERMARKED_46500669_4845395_06022026101023.jpg","datePublished":"2026-03-25T09:22:00+00:00","author":{"@id":"https:\/\/portaltela.pt\/#\/schema\/person\/c4278d4a6028830caff9ee44b42d32ed"},"breadcrumb":{"@id":"https:\/\/portaltela.pt\/noticias\/2026\/03\/25\/chuvas-em-mocambique-ja-provocaram-304-mortos-desde-outubro\/#breadcrumb"},"inLanguage":"pt-PT","potentialAction":[{"@type":"ReadAction","target":["https:\/\/portaltela.pt\/noticias\/2026\/03\/25\/chuvas-em-mocambique-ja-provocaram-304-mortos-desde-outubro\/"]}]},{"@type":"ImageObject","inLanguage":"pt-PT","@id":"https:\/\/portaltela.pt\/noticias\/2026\/03\/25\/chuvas-em-mocambique-ja-provocaram-304-mortos-desde-outubro\/#primaryimage","url":"https:\/\/portaltela.pt\/s.01k8rhncp4jt1\/2026\/03\/CACHE_780X1200_ANALOG_WATERMARKED_46500669_4845395_06022026101023.jpg","contentUrl":"https:\/\/portaltela.pt\/s.01k8rhncp4jt1\/2026\/03\/CACHE_780X1200_ANALOG_WATERMARKED_46500669_4845395_06022026101023.jpg","width":796,"height":448,"caption":"\u00c9poca das chuvas em Mo\u00e7ambique com 304 mortos desde outubro"},{"@type":"BreadcrumbList","@id":"https:\/\/portaltela.pt\/noticias\/2026\/03\/25\/chuvas-em-mocambique-ja-provocaram-304-mortos-desde-outubro\/#breadcrumb","itemListElement":[{"@type":"ListItem","position":1,"name":"In\u00edcio","item":"https:\/\/portaltela.pt\/"},{"@type":"ListItem","position":2,"name":"Chuvas em Mo\u00e7ambique j\u00e1 provocaram 304 mortos desde outubro"}]},{"@type":"WebSite","@id":"https:\/\/portaltela.pt\/#website","url":"https:\/\/portaltela.pt\/","name":"Portal Tela Portugal","description":"","potentialAction":[{"@type":"SearchAction","target":{"@type":"EntryPoint","urlTemplate":"https:\/\/portaltela.pt\/?s={search_term_string}"},"query-input":{"@type":"PropertyValueSpecification","valueRequired":true,"valueName":"search_term_string"}}],"inLanguage":"pt-PT"},{"@type":"Person","@id":"https:\/\/portaltela.pt\/#\/schema\/person\/c4278d4a6028830caff9ee44b42d32ed","name":"Telinha","image":{"@type":"ImageObject","inLanguage":"pt-PT","@id":"https:\/\/portaltela.pt\/s.01k8rhncp4jt1\/2025\/11\/talking-bot-125x125.png","url":"https:\/\/portaltela.pt\/s.01k8rhncp4jt1\/2025\/11\/talking-bot-125x125.png","contentUrl":"https:\/\/portaltela.pt\/s.01k8rhncp4jt1\/2025\/11\/talking-bot-125x125.png","caption":"Telinha"},"sameAs":["https:\/\/portaltela.pt\/"],"url":"https:\/\/portaltela.pt\/por\/367410592786\/"}]}},"_links":{"self":[{"href":"https:\/\/portaltela.pt\/api\/wp\/v2\/posts\/420528","targetHints":{"allow":["GET"]}}],"collection":[{"href":"https:\/\/portaltela.pt\/api\/wp\/v2\/posts"}],"about":[{"href":"https:\/\/portaltela.pt\/api\/wp\/v2\/types\/post"}],"author":[{"embeddable":true,"href":"https:\/\/portaltela.pt\/api\/wp\/v2\/users\/2"}],"replies":[{"embeddable":true,"href":"https:\/\/portaltela.pt\/api\/wp\/v2\/comments?post=420528"}],"version-history":[{"count":0,"href":"https:\/\/portaltela.pt\/api\/wp\/v2\/posts\/420528\/revisions"}],"wp:featuredmedia":[{"embeddable":true,"href":"https:\/\/portaltela.pt\/api\/wp\/v2\/media\/420530"}],"wp:attachment":[{"href":"https:\/\/portaltela.pt\/api\/wp\/v2\/media?parent=420528"}],"wp:term":[{"taxonomy":"category","embeddable":true,"href":"https:\/\/portaltela.pt\/api\/wp\/v2\/categories?post=420528"},{"taxonomy":"post_tag","embeddable":true,"href":"https:\/\/portaltela.pt\/api\/wp\/v2\/tags?post=420528"}],"curies":[{"name":"wp","href":"https:\/\/api.w.org\/{rel}","templated":true}]}}