{"id":420524,"date":"2026-03-25T06:31:57","date_gmt":"2026-03-25T09:31:57","guid":{"rendered":"https:\/\/portaltela.pt\/noticias\/2026\/03\/25\/flores-de-cerejeira-animam-munique-e-o-norte-da-italia\/"},"modified":"2026-03-25T06:31:57","modified_gmt":"2026-03-25T09:31:57","slug":"flores-de-cerejeira-animam-munique-e-o-norte-da-italia","status":"publish","type":"post","link":"https:\/\/portaltela.pt\/lazer\/2026\/03\/25\/flores-de-cerejeira-animam-munique-e-o-norte-da-italia\/","title":{"rendered":"Flores de cerejeira animam Munique e o norte da It\u00e1lia"},"content":{"rendered":"<p>A flora\u00e7\u00e3o das cerejeiras atrai visitantes a Munique, na Alemanha, e ao norte de It\u00e1lia, onde parques e jardins hist\u00f3ricos se tingem de rosa. A \u00e9poca promete cenas pr\u00f3prias de primavera, com muitos a fotografar.<\/p>\n<p>A tradi\u00e7\u00e3o, inspirada no hanami japon\u00eas, aproxima residentes e turistas para desfrutar do breve per\u00edodo de flora\u00e7\u00e3o, que dura apenas alguns dias por ano. O foco est\u00e1 nas cores suaves das \u00e1rvores.<\/p>\n<p>No norte de It\u00e1lia, os jardins do Pal\u00e1cio Real de Venaria, perto de Turim, exibem fileiras de cerejeiras em flor, atraindo p\u00fablicos ao recinto hist\u00f3rico. A ilumina\u00e7\u00e3o da noite real\u00e7a as flores, criando um ambiente teatral.<\/p>\n<h3>Flora\u00e7\u00e3o em Munique e Venaria<\/h3>\n<p>\u00c0 medida que o crep\u00fasculo se instala, as luzes destacam o tom cor-de-rosa e a florada adquire tonalidades mais intensas. O conjunto de jardins transforma-se num cen\u00e1rio de contempla\u00e7\u00e3o e passeio p\u00fablico.<\/p>\n","protected":false},"excerpt":{"rendered":"<ul>\n<li>A flora\u00e7\u00e3o das cerejeiras atrai visitantes a Munique e ao norte de It\u00e1lia, com parques e jardins hist\u00f3ricos cheios de gente a tirar fotos.<\/li>\n<li>Em Munique, ruas e parques ganham tons de rosa durante a primavera.<\/li>\n<li>No norte de It\u00e1lia, os jardins do Pal\u00e1cio Real de Venaria, perto de Turim, est\u00e3o em flor.<\/li>\n<li>A tradi\u00e7\u00e3o inspira hanami, com pessoas a aproveitar o breve per\u00edodo de flora\u00e7\u00e3o, que dura apenas alguns dias.<\/li>\n<li>\u00c0 noite, a ilumina\u00e7\u00e3o suave real\u00e7a as flores, criando um ambiente quase teatral nos jardins.<\/li>\n<\/ul>\n","protected":false},"author":2,"featured_media":420527,"comment_status":"closed","ping_status":"closed","sticky":false,"template":"","format":"standard","meta":{"footnotes":""},"categories":[7381],"tags":[1603,2043,247,1857,4399,169],"class_list":["post-420524","post","type-post","status-publish","format-standard","has-post-thumbnail","hentry","category-lazer","tag-alemanha","tag-flores","tag-fotografia","tag-italia","tag-paisagens","tag-turismo"],"yoast_head":"<!-- This site is optimized with the Yoast SEO plugin v27.2 - https:\/\/yoast.com\/product\/yoast-seo-wordpress\/ -->\n<title>Flores de cerejeira animam Munique e o norte da It\u00e1lia - Portal Tela Portugal<\/title>\n<meta name=\"robots\" content=\"index, follow, max-snippet:-1, max-image-preview:large, max-video-preview:-1\" \/>\n<meta property=\"og:locale\" content=\"pt_PT\" \/>\n<meta property=\"og:type\" content=\"article\" \/>\n<meta property=\"og:title\" content=\"Flores de cerejeira animam Munique e o norte da It\u00e1lia - Portal Tela Portugal\" \/>\n<meta property=\"og:description\" content=\"A flora\u00e7\u00e3o das cerejeiras atrai visitantes a Munique e ao norte de It\u00e1lia, com parques e jardins hist\u00f3ricos cheios de gente a tirar fotos. Em Munique, ruas e parques ganham tons de rosa durante a primavera. No norte de It\u00e1lia, os jardins do Pal\u00e1cio Real de Venaria, perto de Turim, est\u00e3o em flor. A tradi\u00e7\u00e3o inspira hanami, com pessoas a aproveitar o breve per\u00edodo de flora\u00e7\u00e3o, que dura apenas alguns dias. \u00c0 noite, a ilumina\u00e7\u00e3o suave real\u00e7a as flores, criando um ambiente quase teatral nos jardins.\" \/>\n<meta property=\"og:url\" content=\"https:\/\/portaltela.pt\/noticias\/2026\/03\/25\/flores-de-cerejeira-animam-munique-e-o-norte-da-italia\/\" \/>\n<meta property=\"og:site_name\" content=\"Portal Tela Portugal\" \/>\n<meta property=\"article:published_time\" content=\"2026-03-25T09:31:57+00:00\" \/>\n<meta name=\"author\" content=\"Telinha\" \/>\n<meta name=\"twitter:card\" content=\"summary_large_image\" \/>\n<meta name=\"twitter:label1\" content=\"Escrito por\" \/>\n\t<meta name=\"twitter:data1\" content=\"Telinha\" \/>\n\t<meta name=\"twitter:label2\" content=\"Tempo estimado de leitura\" \/>\n\t<meta name=\"twitter:data2\" content=\"1 minuto\" \/>\n<script type=\"application\/ld+json\" class=\"yoast-schema-graph\">{\"@context\":\"https:\/\/schema.org\",\"@graph\":[{\"@type\":\"Article\",\"@id\":\"https:\/\/portaltela.pt\/noticias\/2026\/03\/25\/flores-de-cerejeira-animam-munique-e-o-norte-da-italia\/#article\",\"isPartOf\":{\"@id\":\"https:\/\/portaltela.pt\/noticias\/2026\/03\/25\/flores-de-cerejeira-animam-munique-e-o-norte-da-italia\/\"},\"author\":{\"name\":\"Telinha\",\"@id\":\"https:\/\/portaltela.pt\/#\/schema\/person\/c4278d4a6028830caff9ee44b42d32ed\"},\"headline\":\"Flores de cerejeira animam Munique e o norte da It\u00e1lia\",\"datePublished\":\"2026-03-25T09:31:57+00:00\",\"mainEntityOfPage\":{\"@id\":\"https:\/\/portaltela.pt\/noticias\/2026\/03\/25\/flores-de-cerejeira-animam-munique-e-o-norte-da-italia\/\"},\"wordCount\":169,\"image\":{\"@id\":\"https:\/\/portaltela.pt\/noticias\/2026\/03\/25\/flores-de-cerejeira-animam-munique-e-o-norte-da-italia\/#primaryimage\"},\"thumbnailUrl\":\"https:\/\/portaltela.pt\/s.01k8rhncp4jt1\/2026\/03\/1536x864_cmsv2_cc0f488f-ad6f-54b3-8e92-18bddbe3fb50-9697402.jpg\",\"keywords\":[\"Alemanha\",\"Flores\",\"fotografia\",\"It\u00e1lia\",\"Paisagens\",\"turismo\"],\"articleSection\":[\"Lazer\"],\"inLanguage\":\"pt-PT\"},{\"@type\":\"WebPage\",\"@id\":\"https:\/\/portaltela.pt\/noticias\/2026\/03\/25\/flores-de-cerejeira-animam-munique-e-o-norte-da-italia\/\",\"url\":\"https:\/\/portaltela.pt\/noticias\/2026\/03\/25\/flores-de-cerejeira-animam-munique-e-o-norte-da-italia\/\",\"name\":\"Flores de cerejeira animam Munique e o norte da It\u00e1lia - Portal Tela Portugal\",\"isPartOf\":{\"@id\":\"https:\/\/portaltela.pt\/#website\"},\"primaryImageOfPage\":{\"@id\":\"https:\/\/portaltela.pt\/noticias\/2026\/03\/25\/flores-de-cerejeira-animam-munique-e-o-norte-da-italia\/#primaryimage\"},\"image\":{\"@id\":\"https:\/\/portaltela.pt\/noticias\/2026\/03\/25\/flores-de-cerejeira-animam-munique-e-o-norte-da-italia\/#primaryimage\"},\"thumbnailUrl\":\"https:\/\/portaltela.pt\/s.01k8rhncp4jt1\/2026\/03\/1536x864_cmsv2_cc0f488f-ad6f-54b3-8e92-18bddbe3fb50-9697402.jpg\",\"datePublished\":\"2026-03-25T09:31:57+00:00\",\"author\":{\"@id\":\"https:\/\/portaltela.pt\/#\/schema\/person\/c4278d4a6028830caff9ee44b42d32ed\"},\"breadcrumb\":{\"@id\":\"https:\/\/portaltela.pt\/noticias\/2026\/03\/25\/flores-de-cerejeira-animam-munique-e-o-norte-da-italia\/#breadcrumb\"},\"inLanguage\":\"pt-PT\",\"potentialAction\":[{\"@type\":\"ReadAction\",\"target\":[\"https:\/\/portaltela.pt\/noticias\/2026\/03\/25\/flores-de-cerejeira-animam-munique-e-o-norte-da-italia\/\"]}]},{\"@type\":\"ImageObject\",\"inLanguage\":\"pt-PT\",\"@id\":\"https:\/\/portaltela.pt\/noticias\/2026\/03\/25\/flores-de-cerejeira-animam-munique-e-o-norte-da-italia\/#primaryimage\",\"url\":\"https:\/\/portaltela.pt\/s.01k8rhncp4jt1\/2026\/03\/1536x864_cmsv2_cc0f488f-ad6f-54b3-8e92-18bddbe3fb50-9697402.jpg\",\"contentUrl\":\"https:\/\/portaltela.pt\/s.01k8rhncp4jt1\/2026\/03\/1536x864_cmsv2_cc0f488f-ad6f-54b3-8e92-18bddbe3fb50-9697402.jpg\",\"width\":796,\"height\":448,\"caption\":\"Pessoas tiram fotografias \u00e0s cerejeiras em plena flora\u00e7\u00e3o, em Vancouver, Col\u00fambia Brit\u00e2nica, segunda-feira, 23 de mar\u00e7o de 2026\"},{\"@type\":\"BreadcrumbList\",\"@id\":\"https:\/\/portaltela.pt\/noticias\/2026\/03\/25\/flores-de-cerejeira-animam-munique-e-o-norte-da-italia\/#breadcrumb\",\"itemListElement\":[{\"@type\":\"ListItem\",\"position\":1,\"name\":\"In\u00edcio\",\"item\":\"https:\/\/portaltela.pt\/\"},{\"@type\":\"ListItem\",\"position\":2,\"name\":\"Flores de cerejeira animam Munique e o norte da It\u00e1lia\"}]},{\"@type\":\"WebSite\",\"@id\":\"https:\/\/portaltela.pt\/#website\",\"url\":\"https:\/\/portaltela.pt\/\",\"name\":\"Portal Tela Portugal\",\"description\":\"\",\"potentialAction\":[{\"@type\":\"SearchAction\",\"target\":{\"@type\":\"EntryPoint\",\"urlTemplate\":\"https:\/\/portaltela.pt\/?s={search_term_string}\"},\"query-input\":{\"@type\":\"PropertyValueSpecification\",\"valueRequired\":true,\"valueName\":\"search_term_string\"}}],\"inLanguage\":\"pt-PT\"},{\"@type\":\"Person\",\"@id\":\"https:\/\/portaltela.pt\/#\/schema\/person\/c4278d4a6028830caff9ee44b42d32ed\",\"name\":\"Telinha\",\"image\":{\"@type\":\"ImageObject\",\"inLanguage\":\"pt-PT\",\"@id\":\"https:\/\/portaltela.pt\/s.01k8rhncp4jt1\/2025\/11\/talking-bot-125x125.png\",\"url\":\"https:\/\/portaltela.pt\/s.01k8rhncp4jt1\/2025\/11\/talking-bot-125x125.png\",\"contentUrl\":\"https:\/\/portaltela.pt\/s.01k8rhncp4jt1\/2025\/11\/talking-bot-125x125.png\",\"caption\":\"Telinha\"},\"sameAs\":[\"https:\/\/portaltela.pt\/\"],\"url\":\"https:\/\/portaltela.pt\/por\/367410592786\/\"}]}<\/script>\n<!-- \/ Yoast SEO plugin. -->","yoast_head_json":{"title":"Flores de cerejeira animam Munique e o norte da It\u00e1lia - Portal Tela Portugal","robots":{"index":"index","follow":"follow","max-snippet":"max-snippet:-1","max-image-preview":"max-image-preview:large","max-video-preview":"max-video-preview:-1"},"og_locale":"pt_PT","og_type":"article","og_title":"Flores de cerejeira animam Munique e o norte da It\u00e1lia - Portal Tela Portugal","og_description":"A flora\u00e7\u00e3o das cerejeiras atrai visitantes a Munique e ao norte de It\u00e1lia, com parques e jardins hist\u00f3ricos cheios de gente a tirar fotos. Em Munique, ruas e parques ganham tons de rosa durante a primavera. No norte de It\u00e1lia, os jardins do Pal\u00e1cio Real de Venaria, perto de Turim, est\u00e3o em flor. A tradi\u00e7\u00e3o inspira hanami, com pessoas a aproveitar o breve per\u00edodo de flora\u00e7\u00e3o, que dura apenas alguns dias. \u00c0 noite, a ilumina\u00e7\u00e3o suave real\u00e7a as flores, criando um ambiente quase teatral nos jardins.","og_url":"https:\/\/portaltela.pt\/noticias\/2026\/03\/25\/flores-de-cerejeira-animam-munique-e-o-norte-da-italia\/","og_site_name":"Portal Tela Portugal","article_published_time":"2026-03-25T09:31:57+00:00","author":"Telinha","twitter_card":"summary_large_image","twitter_misc":{"Escrito por":"Telinha","Tempo estimado de leitura":"1 minuto"},"schema":{"@context":"https:\/\/schema.org","@graph":[{"@type":"Article","@id":"https:\/\/portaltela.pt\/noticias\/2026\/03\/25\/flores-de-cerejeira-animam-munique-e-o-norte-da-italia\/#article","isPartOf":{"@id":"https:\/\/portaltela.pt\/noticias\/2026\/03\/25\/flores-de-cerejeira-animam-munique-e-o-norte-da-italia\/"},"author":{"name":"Telinha","@id":"https:\/\/portaltela.pt\/#\/schema\/person\/c4278d4a6028830caff9ee44b42d32ed"},"headline":"Flores de cerejeira animam Munique e o norte da It\u00e1lia","datePublished":"2026-03-25T09:31:57+00:00","mainEntityOfPage":{"@id":"https:\/\/portaltela.pt\/noticias\/2026\/03\/25\/flores-de-cerejeira-animam-munique-e-o-norte-da-italia\/"},"wordCount":169,"image":{"@id":"https:\/\/portaltela.pt\/noticias\/2026\/03\/25\/flores-de-cerejeira-animam-munique-e-o-norte-da-italia\/#primaryimage"},"thumbnailUrl":"https:\/\/portaltela.pt\/s.01k8rhncp4jt1\/2026\/03\/1536x864_cmsv2_cc0f488f-ad6f-54b3-8e92-18bddbe3fb50-9697402.jpg","keywords":["Alemanha","Flores","fotografia","It\u00e1lia","Paisagens","turismo"],"articleSection":["Lazer"],"inLanguage":"pt-PT"},{"@type":"WebPage","@id":"https:\/\/portaltela.pt\/noticias\/2026\/03\/25\/flores-de-cerejeira-animam-munique-e-o-norte-da-italia\/","url":"https:\/\/portaltela.pt\/noticias\/2026\/03\/25\/flores-de-cerejeira-animam-munique-e-o-norte-da-italia\/","name":"Flores de cerejeira animam Munique e o norte da It\u00e1lia - Portal Tela Portugal","isPartOf":{"@id":"https:\/\/portaltela.pt\/#website"},"primaryImageOfPage":{"@id":"https:\/\/portaltela.pt\/noticias\/2026\/03\/25\/flores-de-cerejeira-animam-munique-e-o-norte-da-italia\/#primaryimage"},"image":{"@id":"https:\/\/portaltela.pt\/noticias\/2026\/03\/25\/flores-de-cerejeira-animam-munique-e-o-norte-da-italia\/#primaryimage"},"thumbnailUrl":"https:\/\/portaltela.pt\/s.01k8rhncp4jt1\/2026\/03\/1536x864_cmsv2_cc0f488f-ad6f-54b3-8e92-18bddbe3fb50-9697402.jpg","datePublished":"2026-03-25T09:31:57+00:00","author":{"@id":"https:\/\/portaltela.pt\/#\/schema\/person\/c4278d4a6028830caff9ee44b42d32ed"},"breadcrumb":{"@id":"https:\/\/portaltela.pt\/noticias\/2026\/03\/25\/flores-de-cerejeira-animam-munique-e-o-norte-da-italia\/#breadcrumb"},"inLanguage":"pt-PT","potentialAction":[{"@type":"ReadAction","target":["https:\/\/portaltela.pt\/noticias\/2026\/03\/25\/flores-de-cerejeira-animam-munique-e-o-norte-da-italia\/"]}]},{"@type":"ImageObject","inLanguage":"pt-PT","@id":"https:\/\/portaltela.pt\/noticias\/2026\/03\/25\/flores-de-cerejeira-animam-munique-e-o-norte-da-italia\/#primaryimage","url":"https:\/\/portaltela.pt\/s.01k8rhncp4jt1\/2026\/03\/1536x864_cmsv2_cc0f488f-ad6f-54b3-8e92-18bddbe3fb50-9697402.jpg","contentUrl":"https:\/\/portaltela.pt\/s.01k8rhncp4jt1\/2026\/03\/1536x864_cmsv2_cc0f488f-ad6f-54b3-8e92-18bddbe3fb50-9697402.jpg","width":796,"height":448,"caption":"Pessoas tiram fotografias \u00e0s cerejeiras em plena flora\u00e7\u00e3o, em Vancouver, Col\u00fambia Brit\u00e2nica, segunda-feira, 23 de mar\u00e7o de 2026"},{"@type":"BreadcrumbList","@id":"https:\/\/portaltela.pt\/noticias\/2026\/03\/25\/flores-de-cerejeira-animam-munique-e-o-norte-da-italia\/#breadcrumb","itemListElement":[{"@type":"ListItem","position":1,"name":"In\u00edcio","item":"https:\/\/portaltela.pt\/"},{"@type":"ListItem","position":2,"name":"Flores de cerejeira animam Munique e o norte da It\u00e1lia"}]},{"@type":"WebSite","@id":"https:\/\/portaltela.pt\/#website","url":"https:\/\/portaltela.pt\/","name":"Portal Tela Portugal","description":"","potentialAction":[{"@type":"SearchAction","target":{"@type":"EntryPoint","urlTemplate":"https:\/\/portaltela.pt\/?s={search_term_string}"},"query-input":{"@type":"PropertyValueSpecification","valueRequired":true,"valueName":"search_term_string"}}],"inLanguage":"pt-PT"},{"@type":"Person","@id":"https:\/\/portaltela.pt\/#\/schema\/person\/c4278d4a6028830caff9ee44b42d32ed","name":"Telinha","image":{"@type":"ImageObject","inLanguage":"pt-PT","@id":"https:\/\/portaltela.pt\/s.01k8rhncp4jt1\/2025\/11\/talking-bot-125x125.png","url":"https:\/\/portaltela.pt\/s.01k8rhncp4jt1\/2025\/11\/talking-bot-125x125.png","contentUrl":"https:\/\/portaltela.pt\/s.01k8rhncp4jt1\/2025\/11\/talking-bot-125x125.png","caption":"Telinha"},"sameAs":["https:\/\/portaltela.pt\/"],"url":"https:\/\/portaltela.pt\/por\/367410592786\/"}]}},"_links":{"self":[{"href":"https:\/\/portaltela.pt\/api\/wp\/v2\/posts\/420524","targetHints":{"allow":["GET"]}}],"collection":[{"href":"https:\/\/portaltela.pt\/api\/wp\/v2\/posts"}],"about":[{"href":"https:\/\/portaltela.pt\/api\/wp\/v2\/types\/post"}],"author":[{"embeddable":true,"href":"https:\/\/portaltela.pt\/api\/wp\/v2\/users\/2"}],"replies":[{"embeddable":true,"href":"https:\/\/portaltela.pt\/api\/wp\/v2\/comments?post=420524"}],"version-history":[{"count":0,"href":"https:\/\/portaltela.pt\/api\/wp\/v2\/posts\/420524\/revisions"}],"wp:featuredmedia":[{"embeddable":true,"href":"https:\/\/portaltela.pt\/api\/wp\/v2\/media\/420527"}],"wp:attachment":[{"href":"https:\/\/portaltela.pt\/api\/wp\/v2\/media?parent=420524"}],"wp:term":[{"taxonomy":"category","embeddable":true,"href":"https:\/\/portaltela.pt\/api\/wp\/v2\/categories?post=420524"},{"taxonomy":"post_tag","embeddable":true,"href":"https:\/\/portaltela.pt\/api\/wp\/v2\/tags?post=420524"}],"curies":[{"name":"wp","href":"https:\/\/api.w.org\/{rel}","templated":true}]}}