{"id":420508,"date":"2026-03-25T06:16:52","date_gmt":"2026-03-25T09:16:52","guid":{"rendered":"https:\/\/portaltela.pt\/noticias\/2026\/03\/25\/spacex-prepara-ipo-historico-apos-valorizacao\/"},"modified":"2026-03-25T06:16:52","modified_gmt":"2026-03-25T09:16:52","slug":"spacex-prepara-ipo-historico-apos-valorizacao","status":"publish","type":"post","link":"https:\/\/portaltela.pt\/noticias\/economia\/2026\/03\/25\/spacex-prepara-ipo-historico-apos-valorizacao\/","title":{"rendered":"SpaceX prepara IPO hist\u00f3rico ap\u00f3s valoriza\u00e7\u00e3o"},"content":{"rendered":"<p>A SpaceX, empresa de foguet\u00f5es e sat\u00e9lites de Elon Musk, prepara-se para entregar um prospeto de oferta p\u00fablica inicial (OPI) ainda esta semana. A opera\u00e7\u00e3o pode marcar a maior estreia em bolsa de sempre, segundo o The Information.<\/p>\n<p>A publica\u00e7\u00e3o indica que a empresa pretende captar mais de 75 mil milh\u00f5es de d\u00f3lares, superando os 50 mil milh\u00f5es inicialmente sugeridos. Este montante j\u00e1 supera o recorde da Saudi Aramco em 2019.<\/p>\n<p>A aposta de valoriza\u00e7\u00e3o aponta para cerca de 1,5 bili\u00f5es de d\u00f3lares, ou cerca de 94 vezes as receitas previstas para 2025, segundo a Morningstar. O The Information aponta n\u00fameros ainda mais elevados, acima de 1,75 bili\u00f5es.<\/p>\n<p>A unidade de negocio-chave a ser apresentada \u00e9 a Starlink, o servi\u00e7o de Internet via sat\u00e9lite da SpaceX. A Morningstar estima receitas de 2025 pr\u00f3ximas dos 16 mil milh\u00f5es de d\u00f3lares e EBITDA de 7,5 mil milh\u00f5es.<\/p>\n<p>A estrat\u00e9gia de venda inclui tamb\u00e9m projetos ambiciosos como centros de dados no espa\u00e7o e a Moonbase Alpha. Analistas alertam que a Moonbase n\u00e3o tem, para j\u00e1, uma via clara de gera\u00e7\u00e3o de receitas.<\/p>\n<p>A opera\u00e7\u00e3o de IPO acontece em contexto de uma expans\u00e3o da SpaceX para al\u00e9m da explora\u00e7\u00e3o espacial, com a aquisi\u00e7\u00e3o da xAI, anunciada em fevereiro. A tecnol\u00f3gica passa a deter uma subsidi\u00e1ria 100% integrada, com avalia\u00e7\u00e3o estimada em cerca de 1,25 bili\u00f5es de d\u00f3lares.<\/p>\n<p>A SpaceX nunca divulgou contas p\u00fablicas, o que obriga os investidores a basearem-se em estimativas de analistas e dados secund\u00e1rios. A empresa n\u00e3o confirmou detalhes oficiais sobre a OPI neste momento.<\/p>\n","protected":false},"excerpt":{"rendered":"<ul>\n<li>A SpaceX prepara uma oferta p\u00fablica inicial (OPI) j\u00e1 nesta semana, apresentando documenta\u00e7\u00e3o aos reguladores dos EUA.<\/li>\n<li>A opera\u00e7\u00e3o pode superar o recorde da Saudi Aramco em 2019, com a capta\u00e7\u00e3o estimada acima de 75 mil milh\u00f5es de d\u00f3lares.<\/li>\n<li>A avalia\u00e7\u00e3o inicial aponta para cerca de 1,5 bili\u00e3o de d\u00f3lares, com poss\u00edveis valores superiores a 1,75 bili\u00e3o, impulsionada pela Starlink.<\/li>\n<li>A Morningstar estima receitas de quase 16 mil milh\u00f5es de d\u00f3lares e EBITDA de 7,5 mil milh\u00f5es em 2025, majoritariamente pelo crescimento do Starlink.<\/li>\n<li>Entre os objetivos est\u00e3o centros de dados no espa\u00e7o e Moonbase Alpha; a aquisi\u00e7\u00e3o da xAI em fevereiro acrescenta complexidade de integra\u00e7\u00e3o.<\/li>\n<\/ul>\n","protected":false},"author":2,"featured_media":420511,"comment_status":"closed","ping_status":"closed","sticky":false,"template":"","format":"standard","meta":{"footnotes":""},"categories":[2,6735],"tags":[28,2697,2584,81,5529,153],"class_list":["post-420508","post","type-post","status-publish","format-standard","has-post-thumbnail","hentry","category-economia","category-negocios","tag-economia","tag-empresas","tag-financas","tag-internacionais","tag-investimentos","tag-tecnologia"],"yoast_head":"<!-- This site is optimized with the Yoast SEO plugin v27.2 - https:\/\/yoast.com\/product\/yoast-seo-wordpress\/ -->\n<title>SpaceX prepara IPO hist\u00f3rico ap\u00f3s valoriza\u00e7\u00e3o - Portal Tela Portugal<\/title>\n<meta name=\"robots\" content=\"index, follow, max-snippet:-1, max-image-preview:large, max-video-preview:-1\" \/>\n<meta property=\"og:locale\" content=\"pt_PT\" \/>\n<meta property=\"og:type\" content=\"article\" \/>\n<meta property=\"og:title\" content=\"SpaceX prepara IPO hist\u00f3rico ap\u00f3s valoriza\u00e7\u00e3o - Portal Tela Portugal\" \/>\n<meta property=\"og:description\" content=\"A SpaceX prepara uma oferta p\u00fablica inicial (OPI) j\u00e1 nesta semana, apresentando documenta\u00e7\u00e3o aos reguladores dos EUA. A opera\u00e7\u00e3o pode superar o recorde da Saudi Aramco em 2019, com a capta\u00e7\u00e3o estimada acima de 75 mil milh\u00f5es de d\u00f3lares. A avalia\u00e7\u00e3o inicial aponta para cerca de 1,5 bili\u00e3o de d\u00f3lares, com poss\u00edveis valores superiores a 1,75 bili\u00e3o, impulsionada pela Starlink. A Morningstar estima receitas de quase 16 mil milh\u00f5es de d\u00f3lares e EBITDA de 7,5 mil milh\u00f5es em 2025, majoritariamente pelo crescimento do Starlink. Entre os objetivos est\u00e3o centros de dados no espa\u00e7o e Moonbase Alpha; a aquisi\u00e7\u00e3o da xAI em fevereiro acrescenta complexidade de integra\u00e7\u00e3o.\" \/>\n<meta property=\"og:url\" content=\"https:\/\/portaltela.pt\/noticias\/2026\/03\/25\/spacex-prepara-ipo-historico-apos-valorizacao\/\" \/>\n<meta property=\"og:site_name\" content=\"Portal Tela Portugal\" \/>\n<meta property=\"article:published_time\" content=\"2026-03-25T09:16:52+00:00\" \/>\n<meta name=\"author\" content=\"Telinha\" \/>\n<meta name=\"twitter:card\" content=\"summary_large_image\" \/>\n<meta name=\"twitter:label1\" content=\"Escrito por\" \/>\n\t<meta name=\"twitter:data1\" content=\"Telinha\" \/>\n\t<meta name=\"twitter:label2\" content=\"Tempo estimado de leitura\" \/>\n\t<meta name=\"twitter:data2\" content=\"1 minuto\" \/>\n<script type=\"application\/ld+json\" class=\"yoast-schema-graph\">{\"@context\":\"https:\/\/schema.org\",\"@graph\":[{\"@type\":\"Article\",\"@id\":\"https:\/\/portaltela.pt\/noticias\/2026\/03\/25\/spacex-prepara-ipo-historico-apos-valorizacao\/#article\",\"isPartOf\":{\"@id\":\"https:\/\/portaltela.pt\/noticias\/2026\/03\/25\/spacex-prepara-ipo-historico-apos-valorizacao\/\"},\"author\":{\"name\":\"Telinha\",\"@id\":\"https:\/\/portaltela.pt\/#\/schema\/person\/c4278d4a6028830caff9ee44b42d32ed\"},\"headline\":\"SpaceX prepara IPO hist\u00f3rico ap\u00f3s valoriza\u00e7\u00e3o\",\"datePublished\":\"2026-03-25T09:16:52+00:00\",\"mainEntityOfPage\":{\"@id\":\"https:\/\/portaltela.pt\/noticias\/2026\/03\/25\/spacex-prepara-ipo-historico-apos-valorizacao\/\"},\"wordCount\":287,\"image\":{\"@id\":\"https:\/\/portaltela.pt\/noticias\/2026\/03\/25\/spacex-prepara-ipo-historico-apos-valorizacao\/#primaryimage\"},\"thumbnailUrl\":\"https:\/\/portaltela.pt\/s.01k8rhncp4jt1\/2026\/03\/1536x864_cmsv2_3d92316b-3913-5ce1-98a1-9787ba34a102-9697368.jpg\",\"keywords\":[\"economia\",\"empresas\",\"finan\u00e7as\",\"internacionais\",\"investimentos\",\"tecnologia\"],\"articleSection\":[\"Economia\",\"Neg\u00f3cios\"],\"inLanguage\":\"pt-PT\"},{\"@type\":\"WebPage\",\"@id\":\"https:\/\/portaltela.pt\/noticias\/2026\/03\/25\/spacex-prepara-ipo-historico-apos-valorizacao\/\",\"url\":\"https:\/\/portaltela.pt\/noticias\/2026\/03\/25\/spacex-prepara-ipo-historico-apos-valorizacao\/\",\"name\":\"SpaceX prepara IPO hist\u00f3rico ap\u00f3s valoriza\u00e7\u00e3o - Portal Tela Portugal\",\"isPartOf\":{\"@id\":\"https:\/\/portaltela.pt\/#website\"},\"primaryImageOfPage\":{\"@id\":\"https:\/\/portaltela.pt\/noticias\/2026\/03\/25\/spacex-prepara-ipo-historico-apos-valorizacao\/#primaryimage\"},\"image\":{\"@id\":\"https:\/\/portaltela.pt\/noticias\/2026\/03\/25\/spacex-prepara-ipo-historico-apos-valorizacao\/#primaryimage\"},\"thumbnailUrl\":\"https:\/\/portaltela.pt\/s.01k8rhncp4jt1\/2026\/03\/1536x864_cmsv2_3d92316b-3913-5ce1-98a1-9787ba34a102-9697368.jpg\",\"datePublished\":\"2026-03-25T09:16:52+00:00\",\"author\":{\"@id\":\"https:\/\/portaltela.pt\/#\/schema\/person\/c4278d4a6028830caff9ee44b42d32ed\"},\"breadcrumb\":{\"@id\":\"https:\/\/portaltela.pt\/noticias\/2026\/03\/25\/spacex-prepara-ipo-historico-apos-valorizacao\/#breadcrumb\"},\"inLanguage\":\"pt-PT\",\"potentialAction\":[{\"@type\":\"ReadAction\",\"target\":[\"https:\/\/portaltela.pt\/noticias\/2026\/03\/25\/spacex-prepara-ipo-historico-apos-valorizacao\/\"]}]},{\"@type\":\"ImageObject\",\"inLanguage\":\"pt-PT\",\"@id\":\"https:\/\/portaltela.pt\/noticias\/2026\/03\/25\/spacex-prepara-ipo-historico-apos-valorizacao\/#primaryimage\",\"url\":\"https:\/\/portaltela.pt\/s.01k8rhncp4jt1\/2026\/03\/1536x864_cmsv2_3d92316b-3913-5ce1-98a1-9787ba34a102-9697368.jpg\",\"contentUrl\":\"https:\/\/portaltela.pt\/s.01k8rhncp4jt1\/2026\/03\/1536x864_cmsv2_3d92316b-3913-5ce1-98a1-9787ba34a102-9697368.jpg\",\"width\":796,\"height\":448,\"caption\":\"ARQUIVO - Imagem de v\u00eddeo da NASA mostra c\u00e1psula Dragon da SpaceX com astronautas a aproximar-se da Esta\u00e7\u00e3o Espacial Internacional para acoplagem, em 14 fevereiro 2026\"},{\"@type\":\"BreadcrumbList\",\"@id\":\"https:\/\/portaltela.pt\/noticias\/2026\/03\/25\/spacex-prepara-ipo-historico-apos-valorizacao\/#breadcrumb\",\"itemListElement\":[{\"@type\":\"ListItem\",\"position\":1,\"name\":\"In\u00edcio\",\"item\":\"https:\/\/portaltela.pt\/\"},{\"@type\":\"ListItem\",\"position\":2,\"name\":\"SpaceX prepara IPO hist\u00f3rico ap\u00f3s valoriza\u00e7\u00e3o\"}]},{\"@type\":\"WebSite\",\"@id\":\"https:\/\/portaltela.pt\/#website\",\"url\":\"https:\/\/portaltela.pt\/\",\"name\":\"Portal Tela Portugal\",\"description\":\"\",\"potentialAction\":[{\"@type\":\"SearchAction\",\"target\":{\"@type\":\"EntryPoint\",\"urlTemplate\":\"https:\/\/portaltela.pt\/?s={search_term_string}\"},\"query-input\":{\"@type\":\"PropertyValueSpecification\",\"valueRequired\":true,\"valueName\":\"search_term_string\"}}],\"inLanguage\":\"pt-PT\"},{\"@type\":\"Person\",\"@id\":\"https:\/\/portaltela.pt\/#\/schema\/person\/c4278d4a6028830caff9ee44b42d32ed\",\"name\":\"Telinha\",\"image\":{\"@type\":\"ImageObject\",\"inLanguage\":\"pt-PT\",\"@id\":\"https:\/\/portaltela.pt\/s.01k8rhncp4jt1\/2025\/11\/talking-bot-125x125.png\",\"url\":\"https:\/\/portaltela.pt\/s.01k8rhncp4jt1\/2025\/11\/talking-bot-125x125.png\",\"contentUrl\":\"https:\/\/portaltela.pt\/s.01k8rhncp4jt1\/2025\/11\/talking-bot-125x125.png\",\"caption\":\"Telinha\"},\"sameAs\":[\"https:\/\/portaltela.pt\/\"],\"url\":\"https:\/\/portaltela.pt\/por\/367410592786\/\"}]}<\/script>\n<!-- \/ Yoast SEO plugin. -->","yoast_head_json":{"title":"SpaceX prepara IPO hist\u00f3rico ap\u00f3s valoriza\u00e7\u00e3o - Portal Tela Portugal","robots":{"index":"index","follow":"follow","max-snippet":"max-snippet:-1","max-image-preview":"max-image-preview:large","max-video-preview":"max-video-preview:-1"},"og_locale":"pt_PT","og_type":"article","og_title":"SpaceX prepara IPO hist\u00f3rico ap\u00f3s valoriza\u00e7\u00e3o - Portal Tela Portugal","og_description":"A SpaceX prepara uma oferta p\u00fablica inicial (OPI) j\u00e1 nesta semana, apresentando documenta\u00e7\u00e3o aos reguladores dos EUA. A opera\u00e7\u00e3o pode superar o recorde da Saudi Aramco em 2019, com a capta\u00e7\u00e3o estimada acima de 75 mil milh\u00f5es de d\u00f3lares. A avalia\u00e7\u00e3o inicial aponta para cerca de 1,5 bili\u00e3o de d\u00f3lares, com poss\u00edveis valores superiores a 1,75 bili\u00e3o, impulsionada pela Starlink. A Morningstar estima receitas de quase 16 mil milh\u00f5es de d\u00f3lares e EBITDA de 7,5 mil milh\u00f5es em 2025, majoritariamente pelo crescimento do Starlink. Entre os objetivos est\u00e3o centros de dados no espa\u00e7o e Moonbase Alpha; a aquisi\u00e7\u00e3o da xAI em fevereiro acrescenta complexidade de integra\u00e7\u00e3o.","og_url":"https:\/\/portaltela.pt\/noticias\/2026\/03\/25\/spacex-prepara-ipo-historico-apos-valorizacao\/","og_site_name":"Portal Tela Portugal","article_published_time":"2026-03-25T09:16:52+00:00","author":"Telinha","twitter_card":"summary_large_image","twitter_misc":{"Escrito por":"Telinha","Tempo estimado de leitura":"1 minuto"},"schema":{"@context":"https:\/\/schema.org","@graph":[{"@type":"Article","@id":"https:\/\/portaltela.pt\/noticias\/2026\/03\/25\/spacex-prepara-ipo-historico-apos-valorizacao\/#article","isPartOf":{"@id":"https:\/\/portaltela.pt\/noticias\/2026\/03\/25\/spacex-prepara-ipo-historico-apos-valorizacao\/"},"author":{"name":"Telinha","@id":"https:\/\/portaltela.pt\/#\/schema\/person\/c4278d4a6028830caff9ee44b42d32ed"},"headline":"SpaceX prepara IPO hist\u00f3rico ap\u00f3s valoriza\u00e7\u00e3o","datePublished":"2026-03-25T09:16:52+00:00","mainEntityOfPage":{"@id":"https:\/\/portaltela.pt\/noticias\/2026\/03\/25\/spacex-prepara-ipo-historico-apos-valorizacao\/"},"wordCount":287,"image":{"@id":"https:\/\/portaltela.pt\/noticias\/2026\/03\/25\/spacex-prepara-ipo-historico-apos-valorizacao\/#primaryimage"},"thumbnailUrl":"https:\/\/portaltela.pt\/s.01k8rhncp4jt1\/2026\/03\/1536x864_cmsv2_3d92316b-3913-5ce1-98a1-9787ba34a102-9697368.jpg","keywords":["economia","empresas","finan\u00e7as","internacionais","investimentos","tecnologia"],"articleSection":["Economia","Neg\u00f3cios"],"inLanguage":"pt-PT"},{"@type":"WebPage","@id":"https:\/\/portaltela.pt\/noticias\/2026\/03\/25\/spacex-prepara-ipo-historico-apos-valorizacao\/","url":"https:\/\/portaltela.pt\/noticias\/2026\/03\/25\/spacex-prepara-ipo-historico-apos-valorizacao\/","name":"SpaceX prepara IPO hist\u00f3rico ap\u00f3s valoriza\u00e7\u00e3o - Portal Tela Portugal","isPartOf":{"@id":"https:\/\/portaltela.pt\/#website"},"primaryImageOfPage":{"@id":"https:\/\/portaltela.pt\/noticias\/2026\/03\/25\/spacex-prepara-ipo-historico-apos-valorizacao\/#primaryimage"},"image":{"@id":"https:\/\/portaltela.pt\/noticias\/2026\/03\/25\/spacex-prepara-ipo-historico-apos-valorizacao\/#primaryimage"},"thumbnailUrl":"https:\/\/portaltela.pt\/s.01k8rhncp4jt1\/2026\/03\/1536x864_cmsv2_3d92316b-3913-5ce1-98a1-9787ba34a102-9697368.jpg","datePublished":"2026-03-25T09:16:52+00:00","author":{"@id":"https:\/\/portaltela.pt\/#\/schema\/person\/c4278d4a6028830caff9ee44b42d32ed"},"breadcrumb":{"@id":"https:\/\/portaltela.pt\/noticias\/2026\/03\/25\/spacex-prepara-ipo-historico-apos-valorizacao\/#breadcrumb"},"inLanguage":"pt-PT","potentialAction":[{"@type":"ReadAction","target":["https:\/\/portaltela.pt\/noticias\/2026\/03\/25\/spacex-prepara-ipo-historico-apos-valorizacao\/"]}]},{"@type":"ImageObject","inLanguage":"pt-PT","@id":"https:\/\/portaltela.pt\/noticias\/2026\/03\/25\/spacex-prepara-ipo-historico-apos-valorizacao\/#primaryimage","url":"https:\/\/portaltela.pt\/s.01k8rhncp4jt1\/2026\/03\/1536x864_cmsv2_3d92316b-3913-5ce1-98a1-9787ba34a102-9697368.jpg","contentUrl":"https:\/\/portaltela.pt\/s.01k8rhncp4jt1\/2026\/03\/1536x864_cmsv2_3d92316b-3913-5ce1-98a1-9787ba34a102-9697368.jpg","width":796,"height":448,"caption":"ARQUIVO - Imagem de v\u00eddeo da NASA mostra c\u00e1psula Dragon da SpaceX com astronautas a aproximar-se da Esta\u00e7\u00e3o Espacial Internacional para acoplagem, em 14 fevereiro 2026"},{"@type":"BreadcrumbList","@id":"https:\/\/portaltela.pt\/noticias\/2026\/03\/25\/spacex-prepara-ipo-historico-apos-valorizacao\/#breadcrumb","itemListElement":[{"@type":"ListItem","position":1,"name":"In\u00edcio","item":"https:\/\/portaltela.pt\/"},{"@type":"ListItem","position":2,"name":"SpaceX prepara IPO hist\u00f3rico ap\u00f3s valoriza\u00e7\u00e3o"}]},{"@type":"WebSite","@id":"https:\/\/portaltela.pt\/#website","url":"https:\/\/portaltela.pt\/","name":"Portal Tela Portugal","description":"","potentialAction":[{"@type":"SearchAction","target":{"@type":"EntryPoint","urlTemplate":"https:\/\/portaltela.pt\/?s={search_term_string}"},"query-input":{"@type":"PropertyValueSpecification","valueRequired":true,"valueName":"search_term_string"}}],"inLanguage":"pt-PT"},{"@type":"Person","@id":"https:\/\/portaltela.pt\/#\/schema\/person\/c4278d4a6028830caff9ee44b42d32ed","name":"Telinha","image":{"@type":"ImageObject","inLanguage":"pt-PT","@id":"https:\/\/portaltela.pt\/s.01k8rhncp4jt1\/2025\/11\/talking-bot-125x125.png","url":"https:\/\/portaltela.pt\/s.01k8rhncp4jt1\/2025\/11\/talking-bot-125x125.png","contentUrl":"https:\/\/portaltela.pt\/s.01k8rhncp4jt1\/2025\/11\/talking-bot-125x125.png","caption":"Telinha"},"sameAs":["https:\/\/portaltela.pt\/"],"url":"https:\/\/portaltela.pt\/por\/367410592786\/"}]}},"_links":{"self":[{"href":"https:\/\/portaltela.pt\/api\/wp\/v2\/posts\/420508","targetHints":{"allow":["GET"]}}],"collection":[{"href":"https:\/\/portaltela.pt\/api\/wp\/v2\/posts"}],"about":[{"href":"https:\/\/portaltela.pt\/api\/wp\/v2\/types\/post"}],"author":[{"embeddable":true,"href":"https:\/\/portaltela.pt\/api\/wp\/v2\/users\/2"}],"replies":[{"embeddable":true,"href":"https:\/\/portaltela.pt\/api\/wp\/v2\/comments?post=420508"}],"version-history":[{"count":0,"href":"https:\/\/portaltela.pt\/api\/wp\/v2\/posts\/420508\/revisions"}],"wp:featuredmedia":[{"embeddable":true,"href":"https:\/\/portaltela.pt\/api\/wp\/v2\/media\/420511"}],"wp:attachment":[{"href":"https:\/\/portaltela.pt\/api\/wp\/v2\/media?parent=420508"}],"wp:term":[{"taxonomy":"category","embeddable":true,"href":"https:\/\/portaltela.pt\/api\/wp\/v2\/categories?post=420508"},{"taxonomy":"post_tag","embeddable":true,"href":"https:\/\/portaltela.pt\/api\/wp\/v2\/tags?post=420508"}],"curies":[{"name":"wp","href":"https:\/\/api.w.org\/{rel}","templated":true}]}}