{"id":420506,"date":"2026-03-25T06:03:25","date_gmt":"2026-03-25T09:03:25","guid":{"rendered":"https:\/\/portaltela.pt\/noticias\/2026\/03\/25\/gnr-inicia-quinta-feira-operacao-de-fiscalizacao-de-motos\/"},"modified":"2026-03-25T06:03:25","modified_gmt":"2026-03-25T09:03:25","slug":"gnr-inicia-quinta-feira-operacao-de-fiscalizacao-de-motos","status":"publish","type":"post","link":"https:\/\/portaltela.pt\/seguranca\/2026\/03\/25\/gnr-inicia-quinta-feira-operacao-de-fiscalizacao-de-motos\/","title":{"rendered":"GNR inicia quinta-feira opera\u00e7\u00e3o de fiscaliza\u00e7\u00e3o de motos"},"content":{"rendered":"<p>A GNR vai intensificar a fiscaliza\u00e7\u00e3o aos condutores de motociclos a partir de quinta-feira nas vias com maior fluxo, com foco nos acessos ao Algarve. A opera\u00e7\u00e3o Moto I decorre at\u00e9 domingo e visa reduzir a sinistralidade, manter a fluidez do tr\u00e1fego e apoiar todos os utentes.<\/p>\n<p>A iniciativa ocorre em antecipa\u00e7\u00e3o ao evento World Superbikes 2026, que se realiza no Aut\u00f3dromo Internacional do Algarve, em Portim\u00e3o, entre sexta-feira e domingo. A GNR espera um aumento significativo do tr\u00e1fego na regi\u00e3o.<\/p>\n<p>Entre 2020 e 2025, 27% das v\u00edtimas mortais, 32% dos feridos graves e 20% dos feridos ligeiros resultaram de acidentes envolvendo motociclos, avan\u00e7a a for\u00e7a policial. Em 2025, ocorreram 8.015 acidentes com ve\u00edculos de duas rodas, com 114 mortos e 5.670 feridos ligeiros.<\/p>\n<p>A GNR recomenda comportamentos respons\u00e1veis aos condutores de duas rodas, incluindo uso de capacete e equipamento de prote\u00e7\u00e3o. Mantener velocidade adequada, dist\u00e2ncia de seguran\u00e7a e evitar \u00e1lcool ou subst\u00e2ncias psicoativas s\u00e3o orienta\u00e7\u00f5es destacadas.<\/p>\n<h3>Contexto de seguran\u00e7a<\/h3>\n<p>A for\u00e7a tamb\u00e9m sublinha a import\u00e2ncia de evitar manobras perigosas e de adaptar a condu\u00e7\u00e3o \u00e0s condi\u00e7\u00f5es da via. A opera\u00e7\u00e3o pretende, assim, reduzir incidentes e promover uma circula\u00e7\u00e3o mais segura durante o evento.<\/p>\n","protected":false},"excerpt":{"rendered":"<ul>\n<li>A GNR inicia na quinta-feira a opera\u00e7\u00e3o de fiscaliza\u00e7\u00e3o de motos, com foco nas vias de maior tr\u00e1fego, especialmente nos acessos ao Algarve, devido ao World Superbikes 2026 em Portim\u00e3o.<\/li>\n<li>A opera\u00e7\u00e3o Moto I, que se estende at\u00e9 ao domingo, pretende reduzir a sinistralidade, assegurar a fluidez do tr\u00e2nsito e apoiar todos os utentes.<\/li>\n<li>O destacamento de Portim\u00e3o recebe especial aten\u00e7\u00e3o por causa do evento, que decorre entre sexta-feira e domingo no Aut\u00f3dromo Internacional do Algarve.<\/li>\n<li>Dados entre 2020 e 2025 mostram que cerca de 27% das v\u00edtimas mortais e 32% dos feridos graves ocorreram em acidentes envolvendo ve\u00edculos de duas rodas.<\/li>\n<li>Em 2025 ocorreram 8.015 acidentes com motos, com 114 mortes, 643 feridos graves e 5.670 feridos ligeiros; a GNR recomenda uso de capacete, equipamento de prote\u00e7\u00e3o, adapta\u00e7\u00e3o da velocidade e n\u00e3o conduzir sob \u00e1lcool ou drogas.<\/li>\n<\/ul>\n","protected":false},"author":2,"featured_media":420510,"comment_status":"closed","ping_status":"closed","sticky":false,"template":"","format":"standard","meta":{"footnotes":""},"categories":[6781,6779],"tags":[3256,928,556,1692,2761,192],"class_list":["post-420506","post","type-post","status-publish","format-standard","has-post-thumbnail","hentry","category-policia","category-seguranca","tag-acidentes","tag-algarve","tag-duas-rodas-motrizes","tag-fiscalizacao-de-transito","tag-seguranca-rodoviaria","tag-transporte"],"yoast_head":"<!-- This site is optimized with the Yoast SEO plugin v27.2 - https:\/\/yoast.com\/product\/yoast-seo-wordpress\/ -->\n<title>GNR inicia quinta-feira opera\u00e7\u00e3o de fiscaliza\u00e7\u00e3o de motos - Portal Tela Portugal<\/title>\n<meta name=\"robots\" content=\"index, follow, max-snippet:-1, max-image-preview:large, max-video-preview:-1\" \/>\n<meta property=\"og:locale\" content=\"pt_PT\" \/>\n<meta property=\"og:type\" content=\"article\" \/>\n<meta property=\"og:title\" content=\"GNR inicia quinta-feira opera\u00e7\u00e3o de fiscaliza\u00e7\u00e3o de motos - Portal Tela Portugal\" \/>\n<meta property=\"og:description\" content=\"A GNR inicia na quinta-feira a opera\u00e7\u00e3o de fiscaliza\u00e7\u00e3o de motos, com foco nas vias de maior tr\u00e1fego, especialmente nos acessos ao Algarve, devido ao World Superbikes 2026 em Portim\u00e3o. A opera\u00e7\u00e3o Moto I, que se estende at\u00e9 ao domingo, pretende reduzir a sinistralidade, assegurar a fluidez do tr\u00e2nsito e apoiar todos os utentes. O destacamento de Portim\u00e3o recebe especial aten\u00e7\u00e3o por causa do evento, que decorre entre sexta-feira e domingo no Aut\u00f3dromo Internacional do Algarve. Dados entre 2020 e 2025 mostram que cerca de 27% das v\u00edtimas mortais e 32% dos feridos graves ocorreram em acidentes envolvendo ve\u00edculos de duas rodas. Em 2025 ocorreram 8.015 acidentes com motos, com 114 mortes, 643 feridos graves e 5.670 feridos ligeiros; a GNR recomenda uso de capacete, equipamento de prote\u00e7\u00e3o, adapta\u00e7\u00e3o da velocidade e n\u00e3o conduzir sob \u00e1lcool ou drogas.\" \/>\n<meta property=\"og:url\" content=\"https:\/\/portaltela.pt\/noticias\/2026\/03\/25\/gnr-inicia-quinta-feira-operacao-de-fiscalizacao-de-motos\/\" \/>\n<meta property=\"og:site_name\" content=\"Portal Tela Portugal\" \/>\n<meta property=\"article:published_time\" content=\"2026-03-25T09:03:25+00:00\" \/>\n<meta name=\"author\" content=\"Telinha\" \/>\n<meta name=\"twitter:card\" content=\"summary_large_image\" \/>\n<meta name=\"twitter:label1\" content=\"Escrito por\" \/>\n\t<meta name=\"twitter:data1\" content=\"Telinha\" \/>\n\t<meta name=\"twitter:label2\" content=\"Tempo estimado de leitura\" \/>\n\t<meta name=\"twitter:data2\" content=\"1 minuto\" \/>\n<script type=\"application\/ld+json\" class=\"yoast-schema-graph\">{\"@context\":\"https:\/\/schema.org\",\"@graph\":[{\"@type\":\"Article\",\"@id\":\"https:\/\/portaltela.pt\/noticias\/2026\/03\/25\/gnr-inicia-quinta-feira-operacao-de-fiscalizacao-de-motos\/#article\",\"isPartOf\":{\"@id\":\"https:\/\/portaltela.pt\/noticias\/2026\/03\/25\/gnr-inicia-quinta-feira-operacao-de-fiscalizacao-de-motos\/\"},\"author\":{\"name\":\"Telinha\",\"@id\":\"https:\/\/portaltela.pt\/#\/schema\/person\/c4278d4a6028830caff9ee44b42d32ed\"},\"headline\":\"GNR inicia quinta-feira opera\u00e7\u00e3o de fiscaliza\u00e7\u00e3o de motos\",\"datePublished\":\"2026-03-25T09:03:25+00:00\",\"mainEntityOfPage\":{\"@id\":\"https:\/\/portaltela.pt\/noticias\/2026\/03\/25\/gnr-inicia-quinta-feira-operacao-de-fiscalizacao-de-motos\/\"},\"wordCount\":221,\"image\":{\"@id\":\"https:\/\/portaltela.pt\/noticias\/2026\/03\/25\/gnr-inicia-quinta-feira-operacao-de-fiscalizacao-de-motos\/#primaryimage\"},\"thumbnailUrl\":\"https:\/\/portaltela.pt\/s.01k8rhncp4jt1\/2026\/03\/img_1500x1000uu2012-09-02-22-57-00-140775.jpg\",\"keywords\":[\"acidentes\",\"Algarve\",\"Duas Rodas Motrizes\",\"fiscaliza\u00e7\u00e3o de tr\u00e2nsito\",\"seguran\u00e7a rodovi\u00e1ria\",\"transporte\"],\"articleSection\":[\"Pol\u00edcia\",\"Seguran\u00e7a\"],\"inLanguage\":\"pt-PT\"},{\"@type\":\"WebPage\",\"@id\":\"https:\/\/portaltela.pt\/noticias\/2026\/03\/25\/gnr-inicia-quinta-feira-operacao-de-fiscalizacao-de-motos\/\",\"url\":\"https:\/\/portaltela.pt\/noticias\/2026\/03\/25\/gnr-inicia-quinta-feira-operacao-de-fiscalizacao-de-motos\/\",\"name\":\"GNR inicia quinta-feira opera\u00e7\u00e3o de fiscaliza\u00e7\u00e3o de motos - Portal Tela Portugal\",\"isPartOf\":{\"@id\":\"https:\/\/portaltela.pt\/#website\"},\"primaryImageOfPage\":{\"@id\":\"https:\/\/portaltela.pt\/noticias\/2026\/03\/25\/gnr-inicia-quinta-feira-operacao-de-fiscalizacao-de-motos\/#primaryimage\"},\"image\":{\"@id\":\"https:\/\/portaltela.pt\/noticias\/2026\/03\/25\/gnr-inicia-quinta-feira-operacao-de-fiscalizacao-de-motos\/#primaryimage\"},\"thumbnailUrl\":\"https:\/\/portaltela.pt\/s.01k8rhncp4jt1\/2026\/03\/img_1500x1000uu2012-09-02-22-57-00-140775.jpg\",\"datePublished\":\"2026-03-25T09:03:25+00:00\",\"author\":{\"@id\":\"https:\/\/portaltela.pt\/#\/schema\/person\/c4278d4a6028830caff9ee44b42d32ed\"},\"breadcrumb\":{\"@id\":\"https:\/\/portaltela.pt\/noticias\/2026\/03\/25\/gnr-inicia-quinta-feira-operacao-de-fiscalizacao-de-motos\/#breadcrumb\"},\"inLanguage\":\"pt-PT\",\"potentialAction\":[{\"@type\":\"ReadAction\",\"target\":[\"https:\/\/portaltela.pt\/noticias\/2026\/03\/25\/gnr-inicia-quinta-feira-operacao-de-fiscalizacao-de-motos\/\"]}]},{\"@type\":\"ImageObject\",\"inLanguage\":\"pt-PT\",\"@id\":\"https:\/\/portaltela.pt\/noticias\/2026\/03\/25\/gnr-inicia-quinta-feira-operacao-de-fiscalizacao-de-motos\/#primaryimage\",\"url\":\"https:\/\/portaltela.pt\/s.01k8rhncp4jt1\/2026\/03\/img_1500x1000uu2012-09-02-22-57-00-140775.jpg\",\"contentUrl\":\"https:\/\/portaltela.pt\/s.01k8rhncp4jt1\/2026\/03\/img_1500x1000uu2012-09-02-22-57-00-140775.jpg\",\"width\":796,\"height\":448,\"caption\":\"GNR realiza a partir de quinta-feira opera\u00e7\u00e3o de fiscaliza\u00e7\u00e3o de motos\"},{\"@type\":\"BreadcrumbList\",\"@id\":\"https:\/\/portaltela.pt\/noticias\/2026\/03\/25\/gnr-inicia-quinta-feira-operacao-de-fiscalizacao-de-motos\/#breadcrumb\",\"itemListElement\":[{\"@type\":\"ListItem\",\"position\":1,\"name\":\"In\u00edcio\",\"item\":\"https:\/\/portaltela.pt\/\"},{\"@type\":\"ListItem\",\"position\":2,\"name\":\"GNR inicia quinta-feira opera\u00e7\u00e3o de fiscaliza\u00e7\u00e3o de motos\"}]},{\"@type\":\"WebSite\",\"@id\":\"https:\/\/portaltela.pt\/#website\",\"url\":\"https:\/\/portaltela.pt\/\",\"name\":\"Portal Tela Portugal\",\"description\":\"\",\"potentialAction\":[{\"@type\":\"SearchAction\",\"target\":{\"@type\":\"EntryPoint\",\"urlTemplate\":\"https:\/\/portaltela.pt\/?s={search_term_string}\"},\"query-input\":{\"@type\":\"PropertyValueSpecification\",\"valueRequired\":true,\"valueName\":\"search_term_string\"}}],\"inLanguage\":\"pt-PT\"},{\"@type\":\"Person\",\"@id\":\"https:\/\/portaltela.pt\/#\/schema\/person\/c4278d4a6028830caff9ee44b42d32ed\",\"name\":\"Telinha\",\"image\":{\"@type\":\"ImageObject\",\"inLanguage\":\"pt-PT\",\"@id\":\"https:\/\/portaltela.pt\/s.01k8rhncp4jt1\/2025\/11\/talking-bot-125x125.png\",\"url\":\"https:\/\/portaltela.pt\/s.01k8rhncp4jt1\/2025\/11\/talking-bot-125x125.png\",\"contentUrl\":\"https:\/\/portaltela.pt\/s.01k8rhncp4jt1\/2025\/11\/talking-bot-125x125.png\",\"caption\":\"Telinha\"},\"sameAs\":[\"https:\/\/portaltela.pt\/\"],\"url\":\"https:\/\/portaltela.pt\/por\/367410592786\/\"}]}<\/script>\n<!-- \/ Yoast SEO plugin. -->","yoast_head_json":{"title":"GNR inicia quinta-feira opera\u00e7\u00e3o de fiscaliza\u00e7\u00e3o de motos - Portal Tela Portugal","robots":{"index":"index","follow":"follow","max-snippet":"max-snippet:-1","max-image-preview":"max-image-preview:large","max-video-preview":"max-video-preview:-1"},"og_locale":"pt_PT","og_type":"article","og_title":"GNR inicia quinta-feira opera\u00e7\u00e3o de fiscaliza\u00e7\u00e3o de motos - Portal Tela Portugal","og_description":"A GNR inicia na quinta-feira a opera\u00e7\u00e3o de fiscaliza\u00e7\u00e3o de motos, com foco nas vias de maior tr\u00e1fego, especialmente nos acessos ao Algarve, devido ao World Superbikes 2026 em Portim\u00e3o. A opera\u00e7\u00e3o Moto I, que se estende at\u00e9 ao domingo, pretende reduzir a sinistralidade, assegurar a fluidez do tr\u00e2nsito e apoiar todos os utentes. O destacamento de Portim\u00e3o recebe especial aten\u00e7\u00e3o por causa do evento, que decorre entre sexta-feira e domingo no Aut\u00f3dromo Internacional do Algarve. Dados entre 2020 e 2025 mostram que cerca de 27% das v\u00edtimas mortais e 32% dos feridos graves ocorreram em acidentes envolvendo ve\u00edculos de duas rodas. Em 2025 ocorreram 8.015 acidentes com motos, com 114 mortes, 643 feridos graves e 5.670 feridos ligeiros; a GNR recomenda uso de capacete, equipamento de prote\u00e7\u00e3o, adapta\u00e7\u00e3o da velocidade e n\u00e3o conduzir sob \u00e1lcool ou drogas.","og_url":"https:\/\/portaltela.pt\/noticias\/2026\/03\/25\/gnr-inicia-quinta-feira-operacao-de-fiscalizacao-de-motos\/","og_site_name":"Portal Tela Portugal","article_published_time":"2026-03-25T09:03:25+00:00","author":"Telinha","twitter_card":"summary_large_image","twitter_misc":{"Escrito por":"Telinha","Tempo estimado de leitura":"1 minuto"},"schema":{"@context":"https:\/\/schema.org","@graph":[{"@type":"Article","@id":"https:\/\/portaltela.pt\/noticias\/2026\/03\/25\/gnr-inicia-quinta-feira-operacao-de-fiscalizacao-de-motos\/#article","isPartOf":{"@id":"https:\/\/portaltela.pt\/noticias\/2026\/03\/25\/gnr-inicia-quinta-feira-operacao-de-fiscalizacao-de-motos\/"},"author":{"name":"Telinha","@id":"https:\/\/portaltela.pt\/#\/schema\/person\/c4278d4a6028830caff9ee44b42d32ed"},"headline":"GNR inicia quinta-feira opera\u00e7\u00e3o de fiscaliza\u00e7\u00e3o de motos","datePublished":"2026-03-25T09:03:25+00:00","mainEntityOfPage":{"@id":"https:\/\/portaltela.pt\/noticias\/2026\/03\/25\/gnr-inicia-quinta-feira-operacao-de-fiscalizacao-de-motos\/"},"wordCount":221,"image":{"@id":"https:\/\/portaltela.pt\/noticias\/2026\/03\/25\/gnr-inicia-quinta-feira-operacao-de-fiscalizacao-de-motos\/#primaryimage"},"thumbnailUrl":"https:\/\/portaltela.pt\/s.01k8rhncp4jt1\/2026\/03\/img_1500x1000uu2012-09-02-22-57-00-140775.jpg","keywords":["acidentes","Algarve","Duas Rodas Motrizes","fiscaliza\u00e7\u00e3o de tr\u00e2nsito","seguran\u00e7a rodovi\u00e1ria","transporte"],"articleSection":["Pol\u00edcia","Seguran\u00e7a"],"inLanguage":"pt-PT"},{"@type":"WebPage","@id":"https:\/\/portaltela.pt\/noticias\/2026\/03\/25\/gnr-inicia-quinta-feira-operacao-de-fiscalizacao-de-motos\/","url":"https:\/\/portaltela.pt\/noticias\/2026\/03\/25\/gnr-inicia-quinta-feira-operacao-de-fiscalizacao-de-motos\/","name":"GNR inicia quinta-feira opera\u00e7\u00e3o de fiscaliza\u00e7\u00e3o de motos - Portal Tela Portugal","isPartOf":{"@id":"https:\/\/portaltela.pt\/#website"},"primaryImageOfPage":{"@id":"https:\/\/portaltela.pt\/noticias\/2026\/03\/25\/gnr-inicia-quinta-feira-operacao-de-fiscalizacao-de-motos\/#primaryimage"},"image":{"@id":"https:\/\/portaltela.pt\/noticias\/2026\/03\/25\/gnr-inicia-quinta-feira-operacao-de-fiscalizacao-de-motos\/#primaryimage"},"thumbnailUrl":"https:\/\/portaltela.pt\/s.01k8rhncp4jt1\/2026\/03\/img_1500x1000uu2012-09-02-22-57-00-140775.jpg","datePublished":"2026-03-25T09:03:25+00:00","author":{"@id":"https:\/\/portaltela.pt\/#\/schema\/person\/c4278d4a6028830caff9ee44b42d32ed"},"breadcrumb":{"@id":"https:\/\/portaltela.pt\/noticias\/2026\/03\/25\/gnr-inicia-quinta-feira-operacao-de-fiscalizacao-de-motos\/#breadcrumb"},"inLanguage":"pt-PT","potentialAction":[{"@type":"ReadAction","target":["https:\/\/portaltela.pt\/noticias\/2026\/03\/25\/gnr-inicia-quinta-feira-operacao-de-fiscalizacao-de-motos\/"]}]},{"@type":"ImageObject","inLanguage":"pt-PT","@id":"https:\/\/portaltela.pt\/noticias\/2026\/03\/25\/gnr-inicia-quinta-feira-operacao-de-fiscalizacao-de-motos\/#primaryimage","url":"https:\/\/portaltela.pt\/s.01k8rhncp4jt1\/2026\/03\/img_1500x1000uu2012-09-02-22-57-00-140775.jpg","contentUrl":"https:\/\/portaltela.pt\/s.01k8rhncp4jt1\/2026\/03\/img_1500x1000uu2012-09-02-22-57-00-140775.jpg","width":796,"height":448,"caption":"GNR realiza a partir de quinta-feira opera\u00e7\u00e3o de fiscaliza\u00e7\u00e3o de motos"},{"@type":"BreadcrumbList","@id":"https:\/\/portaltela.pt\/noticias\/2026\/03\/25\/gnr-inicia-quinta-feira-operacao-de-fiscalizacao-de-motos\/#breadcrumb","itemListElement":[{"@type":"ListItem","position":1,"name":"In\u00edcio","item":"https:\/\/portaltela.pt\/"},{"@type":"ListItem","position":2,"name":"GNR inicia quinta-feira opera\u00e7\u00e3o de fiscaliza\u00e7\u00e3o de motos"}]},{"@type":"WebSite","@id":"https:\/\/portaltela.pt\/#website","url":"https:\/\/portaltela.pt\/","name":"Portal Tela Portugal","description":"","potentialAction":[{"@type":"SearchAction","target":{"@type":"EntryPoint","urlTemplate":"https:\/\/portaltela.pt\/?s={search_term_string}"},"query-input":{"@type":"PropertyValueSpecification","valueRequired":true,"valueName":"search_term_string"}}],"inLanguage":"pt-PT"},{"@type":"Person","@id":"https:\/\/portaltela.pt\/#\/schema\/person\/c4278d4a6028830caff9ee44b42d32ed","name":"Telinha","image":{"@type":"ImageObject","inLanguage":"pt-PT","@id":"https:\/\/portaltela.pt\/s.01k8rhncp4jt1\/2025\/11\/talking-bot-125x125.png","url":"https:\/\/portaltela.pt\/s.01k8rhncp4jt1\/2025\/11\/talking-bot-125x125.png","contentUrl":"https:\/\/portaltela.pt\/s.01k8rhncp4jt1\/2025\/11\/talking-bot-125x125.png","caption":"Telinha"},"sameAs":["https:\/\/portaltela.pt\/"],"url":"https:\/\/portaltela.pt\/por\/367410592786\/"}]}},"_links":{"self":[{"href":"https:\/\/portaltela.pt\/api\/wp\/v2\/posts\/420506","targetHints":{"allow":["GET"]}}],"collection":[{"href":"https:\/\/portaltela.pt\/api\/wp\/v2\/posts"}],"about":[{"href":"https:\/\/portaltela.pt\/api\/wp\/v2\/types\/post"}],"author":[{"embeddable":true,"href":"https:\/\/portaltela.pt\/api\/wp\/v2\/users\/2"}],"replies":[{"embeddable":true,"href":"https:\/\/portaltela.pt\/api\/wp\/v2\/comments?post=420506"}],"version-history":[{"count":0,"href":"https:\/\/portaltela.pt\/api\/wp\/v2\/posts\/420506\/revisions"}],"wp:featuredmedia":[{"embeddable":true,"href":"https:\/\/portaltela.pt\/api\/wp\/v2\/media\/420510"}],"wp:attachment":[{"href":"https:\/\/portaltela.pt\/api\/wp\/v2\/media?parent=420506"}],"wp:term":[{"taxonomy":"category","embeddable":true,"href":"https:\/\/portaltela.pt\/api\/wp\/v2\/categories?post=420506"},{"taxonomy":"post_tag","embeddable":true,"href":"https:\/\/portaltela.pt\/api\/wp\/v2\/tags?post=420506"}],"curies":[{"name":"wp","href":"https:\/\/api.w.org\/{rel}","templated":true}]}}