{"id":420495,"date":"2026-03-25T06:02:40","date_gmt":"2026-03-25T09:02:40","guid":{"rendered":"https:\/\/portaltela.pt\/noticias\/2026\/03\/25\/quais-paises-europeus-a-reforma-cobre-melhor-o-custo-de-vida\/"},"modified":"2026-03-25T06:02:40","modified_gmt":"2026-03-25T09:02:40","slug":"quais-paises-europeus-a-reforma-cobre-melhor-o-custo-de-vida","status":"publish","type":"post","link":"https:\/\/portaltela.pt\/noticias\/economia\/2026\/03\/25\/quais-paises-europeus-a-reforma-cobre-melhor-o-custo-de-vida\/","title":{"rendered":"Quais pa\u00edses europeus a reforma cobre melhor o custo de vida"},"content":{"rendered":"<p>As pens\u00f5es do Estado na Europa variam bastante em rela\u00e7\u00e3o ao custo de vida. Em m\u00e9dia, na regi\u00e3o Norte e Oeste, costumam cobrir o m\u00ednimo ou exceder as despesas b\u00e1sicas. Na Europa de Leste e nos Balc\u00e3s, a cobertura \u00e9 frequentemente insuficiente.<\/p>\n<p>Segundo o estudo da Moorepay, em 20 dos 39 pa\u00edses analisados as pens\u00f5es n\u00e3o cobrem o custo de vida sem incluir a renda. Se a renda fosse considerada, o cen\u00e1rio tenderia a mudar.<\/p>\n<p>No conjunto de 39 pa\u00edses, incluindo UE, candidatos, EFTA e Reino Unido, a cobertura oscila entre 22% na Ge\u00f3rgia e 225% no Luxemburgo, com dados at\u00e9 outubro de 2025.<\/p>\n<p>A t\u00edtulo de exemplo, no Luxemburgo a pens\u00e3o m\u00e9dia estatal \u00e9 de 28 790 euros e o custo de vida de 12 791 euros, ficando a pens\u00e3o mais do que o dobro deste valor.<\/p>\n<p>Na compara\u00e7\u00e3o relativa ao custo de vida, It\u00e1lia regista 210% e Finl\u00e2ndia 208%, com Espanha (199%) e Dinamarca (189%) tamb\u00e9m acima de 150%.<\/p>\n<p>Entre 150% e 180% situam-se Isl\u00e2ndia (179%), Noruega (178%), Alemanha (176%), B\u00e9lgica (170%), \u00c1ustria (165%), Fran\u00e7a (160%), Pa\u00edses Baixos (159%) e Su\u00e9cia (158%).<\/p>\n<p>Entre 100% e 150% encontram-se Su\u00ed\u00e7a (131%), Irlanda (126%), Reino Unido (120%), Pol\u00f3nia (112%), Rep\u00fablica Checa (108%) e Gr\u00e9cia (103%).<\/p>\n<p>Em 20 pa\u00edses as pens\u00f5es n\u00e3o cobrem o custo de vida total, ainda que em alguns superem 80% do valor, como Eslov\u00e9nia (95%), Eslov\u00e1quia (94%), Est\u00f3nia (91%), Portugal (90%), Montenegro (89%), Litu\u00e2nia (85%), Cro\u00e1cia (82%) e Hungria (81%).<\/p>\n<p>Caso contr\u00e1rio, Alb\u00e2nia (29%), Ucr\u00e2nia (29%) e Mold\u00e1via (42%) apresentam as fraquezas mais acentuadas, com cobertura inferior a 50%. Ge\u00f3rgia fecha o grupo com 22%.<\/p>\n<p>A B\u00f3snia e Herzegovina fica com 53%, Chipre 58%, Maced\u00f3nia do Norte 61%, Turquia 64% e Let\u00f3nia 65%.<\/p>\n<p>Noel Whiteside, da Universidade de Oxford, aponta que alguns pa\u00edses da UE s\u00e3o mais pobres e obrigam as fam\u00edlias a subsidiar as pens\u00f5es de idosos.<\/p>\n<h3>Diferen\u00e7as regionais<\/h3>\n<p>As tend\u00eancias geogr\u00e1ficas s\u00e3o evidentes. Na Europa do Norte e Ocidental, as pens\u00f5es costumam cobrir o custo de vida b\u00e1sico. J\u00e1 na Europa Central, a cobertura \u00e9 mais moderada e, na regi\u00e3o oriental e Balc\u00e3s, permanece muitas vezes limitada.<\/p>\n<p>A Euronews Business calculou a despesa m\u00e9dia com pens\u00f5es por benefici\u00e1rio, com base em Eurostat, contrastando com a metodologia da Moorepay que usa fontes nacionais.<\/p>\n<p>Segundo a OCDE, dois ter\u00e7os do rendimento de pessoas com 65 anos ou mais prov\u00e9m de transfer\u00eancias p\u00fablicas.<\/p>\n","protected":false},"excerpt":{"rendered":"<ul>\n<li>O estudo, at\u00e9 ao final de outubro de 2025, mostra que as pens\u00f5es do Estado cobrem entre 22% e 225% do custo de vida na Europa (sem contar renda).<\/li>\n<li>Em vinte pa\u00edses, as pens\u00f5es n\u00e3o chegam para cobrir o custo de vida total.<\/li>\n<li>Os pagamentos mais altos aparecem em Luxemburgo (225%), It\u00e1lia (210%) e Finl\u00e2ndia (208%); Espanha (199%) e Dinamarca (189%) tamb\u00e9m ficam perto desses n\u00edveis.<\/li>\n<li>Entre 150% e 180% situam\u2011se Isl\u00e2ndia (179%), Noruega (178%), Alemanha (176%), B\u00e9lgica (170%), \u00c1ustria (165%), Fran\u00e7a (160%), Pa\u00edses Baixos (159%) e Su\u00e9cia (158%).<\/li>\n<li>Entre 100% e 150% est\u00e3o Su\u00ed\u00e7a (131%), Irlanda (126%), Reino Unido (120%), Pol\u00f3nia (112%), Rep\u00fablica Checa (108%) e Gr\u00e9cia (103%); no extremo baixo, Ge\u00f3rgia (22%), Alb\u00e2nia (29%), Ucr\u00e2nia (29%) e Moldova (42%).<\/li>\n<\/ul>\n","protected":false},"author":2,"featured_media":420503,"comment_status":"closed","ping_status":"closed","sticky":false,"template":"","format":"standard","meta":{"footnotes":""},"categories":[2,6871],"tags":[6115,190,28,2487,3319,1014],"class_list":["post-420495","post","type-post","status-publish","format-standard","has-post-thumbnail","hentry","category-economia","category-sociedade","tag-_economia","tag-desenvolvimento-economico","tag-economia","tag-europa","tag-europa-central","tag-portugal"],"yoast_head":"<!-- This site is optimized with the Yoast SEO plugin v27.2 - https:\/\/yoast.com\/product\/yoast-seo-wordpress\/ -->\n<title>Quais pa\u00edses europeus a reforma cobre melhor o custo de vida - Portal Tela Portugal<\/title>\n<meta name=\"robots\" content=\"index, follow, max-snippet:-1, max-image-preview:large, max-video-preview:-1\" \/>\n<meta property=\"og:locale\" content=\"pt_PT\" \/>\n<meta property=\"og:type\" content=\"article\" \/>\n<meta property=\"og:title\" content=\"Quais pa\u00edses europeus a reforma cobre melhor o custo de vida - Portal Tela Portugal\" \/>\n<meta property=\"og:description\" content=\"O estudo, at\u00e9 ao final de outubro de 2025, mostra que as pens\u00f5es do Estado cobrem entre 22% e 225% do custo de vida na Europa (sem contar renda). Em vinte pa\u00edses, as pens\u00f5es n\u00e3o chegam para cobrir o custo de vida total. Os pagamentos mais altos aparecem em Luxemburgo (225%), It\u00e1lia (210%) e Finl\u00e2ndia (208%); Espanha (199%) e Dinamarca (189%) tamb\u00e9m ficam perto desses n\u00edveis. Entre 150% e 180% situam\u2011se Isl\u00e2ndia (179%), Noruega (178%), Alemanha (176%), B\u00e9lgica (170%), \u00c1ustria (165%), Fran\u00e7a (160%), Pa\u00edses Baixos (159%) e Su\u00e9cia (158%). Entre 100% e 150% est\u00e3o Su\u00ed\u00e7a (131%), Irlanda (126%), Reino Unido (120%), Pol\u00f3nia (112%), Rep\u00fablica Checa (108%) e Gr\u00e9cia (103%); no extremo baixo, Ge\u00f3rgia (22%), Alb\u00e2nia (29%), Ucr\u00e2nia (29%) e Moldova (42%).\" \/>\n<meta property=\"og:url\" content=\"https:\/\/portaltela.pt\/noticias\/2026\/03\/25\/quais-paises-europeus-a-reforma-cobre-melhor-o-custo-de-vida\/\" \/>\n<meta property=\"og:site_name\" content=\"Portal Tela Portugal\" \/>\n<meta property=\"article:published_time\" content=\"2026-03-25T09:02:40+00:00\" \/>\n<meta name=\"author\" content=\"Telinha\" \/>\n<meta name=\"twitter:card\" content=\"summary_large_image\" \/>\n<meta name=\"twitter:label1\" content=\"Escrito por\" \/>\n\t<meta name=\"twitter:data1\" content=\"Telinha\" \/>\n\t<meta name=\"twitter:label2\" content=\"Tempo estimado de leitura\" \/>\n\t<meta name=\"twitter:data2\" content=\"2 minutos\" \/>\n<script type=\"application\/ld+json\" class=\"yoast-schema-graph\">{\"@context\":\"https:\/\/schema.org\",\"@graph\":[{\"@type\":\"Article\",\"@id\":\"https:\/\/portaltela.pt\/noticias\/2026\/03\/25\/quais-paises-europeus-a-reforma-cobre-melhor-o-custo-de-vida\/#article\",\"isPartOf\":{\"@id\":\"https:\/\/portaltela.pt\/noticias\/2026\/03\/25\/quais-paises-europeus-a-reforma-cobre-melhor-o-custo-de-vida\/\"},\"author\":{\"name\":\"Telinha\",\"@id\":\"https:\/\/portaltela.pt\/#\/schema\/person\/c4278d4a6028830caff9ee44b42d32ed\"},\"headline\":\"Quais pa\u00edses europeus a reforma cobre melhor o custo de vida\",\"datePublished\":\"2026-03-25T09:02:40+00:00\",\"mainEntityOfPage\":{\"@id\":\"https:\/\/portaltela.pt\/noticias\/2026\/03\/25\/quais-paises-europeus-a-reforma-cobre-melhor-o-custo-de-vida\/\"},\"wordCount\":414,\"image\":{\"@id\":\"https:\/\/portaltela.pt\/noticias\/2026\/03\/25\/quais-paises-europeus-a-reforma-cobre-melhor-o-custo-de-vida\/#primaryimage\"},\"thumbnailUrl\":\"https:\/\/portaltela.pt\/s.01k8rhncp4jt1\/2026\/03\/1536x864_cmsv2_cfa170f5-bd24-5e2b-bd3b-d915d523428e-9683057.jpg\",\"keywords\":[\"_economia\",\"Desenvolvimento econ\u00f3mico\",\"economia\",\"Europa\",\"Europa Central\",\"Portugal\"],\"articleSection\":[\"Economia\",\"Sociedade\"],\"inLanguage\":\"pt-PT\"},{\"@type\":\"WebPage\",\"@id\":\"https:\/\/portaltela.pt\/noticias\/2026\/03\/25\/quais-paises-europeus-a-reforma-cobre-melhor-o-custo-de-vida\/\",\"url\":\"https:\/\/portaltela.pt\/noticias\/2026\/03\/25\/quais-paises-europeus-a-reforma-cobre-melhor-o-custo-de-vida\/\",\"name\":\"Quais pa\u00edses europeus a reforma cobre melhor o custo de vida - Portal Tela Portugal\",\"isPartOf\":{\"@id\":\"https:\/\/portaltela.pt\/#website\"},\"primaryImageOfPage\":{\"@id\":\"https:\/\/portaltela.pt\/noticias\/2026\/03\/25\/quais-paises-europeus-a-reforma-cobre-melhor-o-custo-de-vida\/#primaryimage\"},\"image\":{\"@id\":\"https:\/\/portaltela.pt\/noticias\/2026\/03\/25\/quais-paises-europeus-a-reforma-cobre-melhor-o-custo-de-vida\/#primaryimage\"},\"thumbnailUrl\":\"https:\/\/portaltela.pt\/s.01k8rhncp4jt1\/2026\/03\/1536x864_cmsv2_cfa170f5-bd24-5e2b-bd3b-d915d523428e-9683057.jpg\",\"datePublished\":\"2026-03-25T09:02:40+00:00\",\"author\":{\"@id\":\"https:\/\/portaltela.pt\/#\/schema\/person\/c4278d4a6028830caff9ee44b42d32ed\"},\"breadcrumb\":{\"@id\":\"https:\/\/portaltela.pt\/noticias\/2026\/03\/25\/quais-paises-europeus-a-reforma-cobre-melhor-o-custo-de-vida\/#breadcrumb\"},\"inLanguage\":\"pt-PT\",\"potentialAction\":[{\"@type\":\"ReadAction\",\"target\":[\"https:\/\/portaltela.pt\/noticias\/2026\/03\/25\/quais-paises-europeus-a-reforma-cobre-melhor-o-custo-de-vida\/\"]}]},{\"@type\":\"ImageObject\",\"inLanguage\":\"pt-PT\",\"@id\":\"https:\/\/portaltela.pt\/noticias\/2026\/03\/25\/quais-paises-europeus-a-reforma-cobre-melhor-o-custo-de-vida\/#primaryimage\",\"url\":\"https:\/\/portaltela.pt\/s.01k8rhncp4jt1\/2026\/03\/1536x864_cmsv2_cfa170f5-bd24-5e2b-bd3b-d915d523428e-9683057.jpg\",\"contentUrl\":\"https:\/\/portaltela.pt\/s.01k8rhncp4jt1\/2026\/03\/1536x864_cmsv2_cfa170f5-bd24-5e2b-bd3b-d915d523428e-9683057.jpg\",\"width\":796,\"height\":448,\"caption\":\"Crise financeira de Portugal em 2013\"},{\"@type\":\"BreadcrumbList\",\"@id\":\"https:\/\/portaltela.pt\/noticias\/2026\/03\/25\/quais-paises-europeus-a-reforma-cobre-melhor-o-custo-de-vida\/#breadcrumb\",\"itemListElement\":[{\"@type\":\"ListItem\",\"position\":1,\"name\":\"In\u00edcio\",\"item\":\"https:\/\/portaltela.pt\/\"},{\"@type\":\"ListItem\",\"position\":2,\"name\":\"Quais pa\u00edses europeus a reforma cobre melhor o custo de vida\"}]},{\"@type\":\"WebSite\",\"@id\":\"https:\/\/portaltela.pt\/#website\",\"url\":\"https:\/\/portaltela.pt\/\",\"name\":\"Portal Tela Portugal\",\"description\":\"\",\"potentialAction\":[{\"@type\":\"SearchAction\",\"target\":{\"@type\":\"EntryPoint\",\"urlTemplate\":\"https:\/\/portaltela.pt\/?s={search_term_string}\"},\"query-input\":{\"@type\":\"PropertyValueSpecification\",\"valueRequired\":true,\"valueName\":\"search_term_string\"}}],\"inLanguage\":\"pt-PT\"},{\"@type\":\"Person\",\"@id\":\"https:\/\/portaltela.pt\/#\/schema\/person\/c4278d4a6028830caff9ee44b42d32ed\",\"name\":\"Telinha\",\"image\":{\"@type\":\"ImageObject\",\"inLanguage\":\"pt-PT\",\"@id\":\"https:\/\/portaltela.pt\/s.01k8rhncp4jt1\/2025\/11\/talking-bot-125x125.png\",\"url\":\"https:\/\/portaltela.pt\/s.01k8rhncp4jt1\/2025\/11\/talking-bot-125x125.png\",\"contentUrl\":\"https:\/\/portaltela.pt\/s.01k8rhncp4jt1\/2025\/11\/talking-bot-125x125.png\",\"caption\":\"Telinha\"},\"sameAs\":[\"https:\/\/portaltela.pt\/\"],\"url\":\"https:\/\/portaltela.pt\/por\/367410592786\/\"}]}<\/script>\n<!-- \/ Yoast SEO plugin. -->","yoast_head_json":{"title":"Quais pa\u00edses europeus a reforma cobre melhor o custo de vida - Portal Tela Portugal","robots":{"index":"index","follow":"follow","max-snippet":"max-snippet:-1","max-image-preview":"max-image-preview:large","max-video-preview":"max-video-preview:-1"},"og_locale":"pt_PT","og_type":"article","og_title":"Quais pa\u00edses europeus a reforma cobre melhor o custo de vida - Portal Tela Portugal","og_description":"O estudo, at\u00e9 ao final de outubro de 2025, mostra que as pens\u00f5es do Estado cobrem entre 22% e 225% do custo de vida na Europa (sem contar renda). Em vinte pa\u00edses, as pens\u00f5es n\u00e3o chegam para cobrir o custo de vida total. Os pagamentos mais altos aparecem em Luxemburgo (225%), It\u00e1lia (210%) e Finl\u00e2ndia (208%); Espanha (199%) e Dinamarca (189%) tamb\u00e9m ficam perto desses n\u00edveis. Entre 150% e 180% situam\u2011se Isl\u00e2ndia (179%), Noruega (178%), Alemanha (176%), B\u00e9lgica (170%), \u00c1ustria (165%), Fran\u00e7a (160%), Pa\u00edses Baixos (159%) e Su\u00e9cia (158%). Entre 100% e 150% est\u00e3o Su\u00ed\u00e7a (131%), Irlanda (126%), Reino Unido (120%), Pol\u00f3nia (112%), Rep\u00fablica Checa (108%) e Gr\u00e9cia (103%); no extremo baixo, Ge\u00f3rgia (22%), Alb\u00e2nia (29%), Ucr\u00e2nia (29%) e Moldova (42%).","og_url":"https:\/\/portaltela.pt\/noticias\/2026\/03\/25\/quais-paises-europeus-a-reforma-cobre-melhor-o-custo-de-vida\/","og_site_name":"Portal Tela Portugal","article_published_time":"2026-03-25T09:02:40+00:00","author":"Telinha","twitter_card":"summary_large_image","twitter_misc":{"Escrito por":"Telinha","Tempo estimado de leitura":"2 minutos"},"schema":{"@context":"https:\/\/schema.org","@graph":[{"@type":"Article","@id":"https:\/\/portaltela.pt\/noticias\/2026\/03\/25\/quais-paises-europeus-a-reforma-cobre-melhor-o-custo-de-vida\/#article","isPartOf":{"@id":"https:\/\/portaltela.pt\/noticias\/2026\/03\/25\/quais-paises-europeus-a-reforma-cobre-melhor-o-custo-de-vida\/"},"author":{"name":"Telinha","@id":"https:\/\/portaltela.pt\/#\/schema\/person\/c4278d4a6028830caff9ee44b42d32ed"},"headline":"Quais pa\u00edses europeus a reforma cobre melhor o custo de vida","datePublished":"2026-03-25T09:02:40+00:00","mainEntityOfPage":{"@id":"https:\/\/portaltela.pt\/noticias\/2026\/03\/25\/quais-paises-europeus-a-reforma-cobre-melhor-o-custo-de-vida\/"},"wordCount":414,"image":{"@id":"https:\/\/portaltela.pt\/noticias\/2026\/03\/25\/quais-paises-europeus-a-reforma-cobre-melhor-o-custo-de-vida\/#primaryimage"},"thumbnailUrl":"https:\/\/portaltela.pt\/s.01k8rhncp4jt1\/2026\/03\/1536x864_cmsv2_cfa170f5-bd24-5e2b-bd3b-d915d523428e-9683057.jpg","keywords":["_economia","Desenvolvimento econ\u00f3mico","economia","Europa","Europa Central","Portugal"],"articleSection":["Economia","Sociedade"],"inLanguage":"pt-PT"},{"@type":"WebPage","@id":"https:\/\/portaltela.pt\/noticias\/2026\/03\/25\/quais-paises-europeus-a-reforma-cobre-melhor-o-custo-de-vida\/","url":"https:\/\/portaltela.pt\/noticias\/2026\/03\/25\/quais-paises-europeus-a-reforma-cobre-melhor-o-custo-de-vida\/","name":"Quais pa\u00edses europeus a reforma cobre melhor o custo de vida - Portal Tela Portugal","isPartOf":{"@id":"https:\/\/portaltela.pt\/#website"},"primaryImageOfPage":{"@id":"https:\/\/portaltela.pt\/noticias\/2026\/03\/25\/quais-paises-europeus-a-reforma-cobre-melhor-o-custo-de-vida\/#primaryimage"},"image":{"@id":"https:\/\/portaltela.pt\/noticias\/2026\/03\/25\/quais-paises-europeus-a-reforma-cobre-melhor-o-custo-de-vida\/#primaryimage"},"thumbnailUrl":"https:\/\/portaltela.pt\/s.01k8rhncp4jt1\/2026\/03\/1536x864_cmsv2_cfa170f5-bd24-5e2b-bd3b-d915d523428e-9683057.jpg","datePublished":"2026-03-25T09:02:40+00:00","author":{"@id":"https:\/\/portaltela.pt\/#\/schema\/person\/c4278d4a6028830caff9ee44b42d32ed"},"breadcrumb":{"@id":"https:\/\/portaltela.pt\/noticias\/2026\/03\/25\/quais-paises-europeus-a-reforma-cobre-melhor-o-custo-de-vida\/#breadcrumb"},"inLanguage":"pt-PT","potentialAction":[{"@type":"ReadAction","target":["https:\/\/portaltela.pt\/noticias\/2026\/03\/25\/quais-paises-europeus-a-reforma-cobre-melhor-o-custo-de-vida\/"]}]},{"@type":"ImageObject","inLanguage":"pt-PT","@id":"https:\/\/portaltela.pt\/noticias\/2026\/03\/25\/quais-paises-europeus-a-reforma-cobre-melhor-o-custo-de-vida\/#primaryimage","url":"https:\/\/portaltela.pt\/s.01k8rhncp4jt1\/2026\/03\/1536x864_cmsv2_cfa170f5-bd24-5e2b-bd3b-d915d523428e-9683057.jpg","contentUrl":"https:\/\/portaltela.pt\/s.01k8rhncp4jt1\/2026\/03\/1536x864_cmsv2_cfa170f5-bd24-5e2b-bd3b-d915d523428e-9683057.jpg","width":796,"height":448,"caption":"Crise financeira de Portugal em 2013"},{"@type":"BreadcrumbList","@id":"https:\/\/portaltela.pt\/noticias\/2026\/03\/25\/quais-paises-europeus-a-reforma-cobre-melhor-o-custo-de-vida\/#breadcrumb","itemListElement":[{"@type":"ListItem","position":1,"name":"In\u00edcio","item":"https:\/\/portaltela.pt\/"},{"@type":"ListItem","position":2,"name":"Quais pa\u00edses europeus a reforma cobre melhor o custo de vida"}]},{"@type":"WebSite","@id":"https:\/\/portaltela.pt\/#website","url":"https:\/\/portaltela.pt\/","name":"Portal Tela Portugal","description":"","potentialAction":[{"@type":"SearchAction","target":{"@type":"EntryPoint","urlTemplate":"https:\/\/portaltela.pt\/?s={search_term_string}"},"query-input":{"@type":"PropertyValueSpecification","valueRequired":true,"valueName":"search_term_string"}}],"inLanguage":"pt-PT"},{"@type":"Person","@id":"https:\/\/portaltela.pt\/#\/schema\/person\/c4278d4a6028830caff9ee44b42d32ed","name":"Telinha","image":{"@type":"ImageObject","inLanguage":"pt-PT","@id":"https:\/\/portaltela.pt\/s.01k8rhncp4jt1\/2025\/11\/talking-bot-125x125.png","url":"https:\/\/portaltela.pt\/s.01k8rhncp4jt1\/2025\/11\/talking-bot-125x125.png","contentUrl":"https:\/\/portaltela.pt\/s.01k8rhncp4jt1\/2025\/11\/talking-bot-125x125.png","caption":"Telinha"},"sameAs":["https:\/\/portaltela.pt\/"],"url":"https:\/\/portaltela.pt\/por\/367410592786\/"}]}},"_links":{"self":[{"href":"https:\/\/portaltela.pt\/api\/wp\/v2\/posts\/420495","targetHints":{"allow":["GET"]}}],"collection":[{"href":"https:\/\/portaltela.pt\/api\/wp\/v2\/posts"}],"about":[{"href":"https:\/\/portaltela.pt\/api\/wp\/v2\/types\/post"}],"author":[{"embeddable":true,"href":"https:\/\/portaltela.pt\/api\/wp\/v2\/users\/2"}],"replies":[{"embeddable":true,"href":"https:\/\/portaltela.pt\/api\/wp\/v2\/comments?post=420495"}],"version-history":[{"count":0,"href":"https:\/\/portaltela.pt\/api\/wp\/v2\/posts\/420495\/revisions"}],"wp:featuredmedia":[{"embeddable":true,"href":"https:\/\/portaltela.pt\/api\/wp\/v2\/media\/420503"}],"wp:attachment":[{"href":"https:\/\/portaltela.pt\/api\/wp\/v2\/media?parent=420495"}],"wp:term":[{"taxonomy":"category","embeddable":true,"href":"https:\/\/portaltela.pt\/api\/wp\/v2\/categories?post=420495"},{"taxonomy":"post_tag","embeddable":true,"href":"https:\/\/portaltela.pt\/api\/wp\/v2\/tags?post=420495"}],"curies":[{"name":"wp","href":"https:\/\/api.w.org\/{rel}","templated":true}]}}