{"id":420493,"date":"2026-03-25T06:00:00","date_gmt":"2026-03-25T09:00:00","guid":{"rendered":"https:\/\/portaltela.pt\/noticias\/2026\/03\/25\/madalena-costa-conquista-titulo-mundial-de-patinagem-livre\/"},"modified":"2026-03-25T06:00:00","modified_gmt":"2026-03-25T09:00:00","slug":"madalena-costa-conquista-titulo-mundial-de-patinagem-livre","status":"publish","type":"post","link":"https:\/\/portaltela.pt\/desporto\/futebol\/2026\/03\/25\/madalena-costa-conquista-titulo-mundial-de-patinagem-livre\/","title":{"rendered":"Madalena Costa conquista t\u00edtulo mundial de patinagem livre"},"content":{"rendered":"<p>Madalena Costa, 17 anos, natural da Madeira, tornou-se campe\u00e3 mundial s\u00eanior de patinagem livre em 2025. O feito marca a primeira vit\u00f3ria mundial da modalidade em Portugal.<\/p>\n<p>A jovem j\u00e1 era campe\u00e3 europeia e, agora, soma o t\u00edtulo mundial, consolidando o seu lugar na hist\u00f3ria do desporto portugu\u00eas. O feito destaca-se pela dimens\u00e3o hist\u00f3rica para a patinagem nacional.<\/p>\n<p>A atleta visitou a reda\u00e7\u00e3o da Medialivre, onde recebeu o Record de Ouro e mostrou alguns exerc\u00edcios que demonstram o seu n\u00edvel t\u00e9cnico. O momento foi seguido pela equipa de reportagem da publica\u00e7\u00e3o.<\/p>\n<h3>Trajet\u00f3ria e impacto<\/h3>\n<p>Em termos de impacto, o t\u00edtulo mundial refor\u00e7a o potencial da patinagem livre em Portugal e pode estimular novas gera\u00e7\u00f5es, sobretudo no arquip\u00e9lago da Madeira.<\/p>\n<p>Costa revelou, em tom objetivo, que o sucesso resulta de muitos anos de treino dedicado, com apoio de treinadores e familiares. O caminho at\u00e9 o t\u00edtulo exige continuidade e disciplina.<\/p>\n","protected":false},"excerpt":{"rendered":"<ul>\n<li>A jovem madeirense Madalena Costa, 17 anos, tornou-se campe\u00e3 mundial s\u00e9nior de patinagem livre em 2025, o primeiro t\u00edtulo nesta modalidade em Portugal.<\/li>\n<li>Ela \u00e9 tamb\u00e9m detentora do t\u00edtulo europeu na mesma disciplina.<\/li>\n<li>Costa esteve na reda\u00e7\u00e3o da Medialivre, recebeu o Record de Ouro e, de seguida, cal\u00e7ou os patins para mostrar alguns dos seus exerc\u00edcios.<\/li>\n<li>A conquista \u00e9 um marco hist\u00f3rico para o desporto portugu\u00eas.<\/li>\n<li>A atleta destaca a import\u00e2ncia de anos de treino e dedica\u00e7\u00e3o para atingir o topo mundial.<\/li>\n<\/ul>\n","protected":false},"author":2,"featured_media":420496,"comment_status":"closed","ping_status":"closed","sticky":false,"template":"","format":"standard","meta":{"footnotes":""},"categories":[21,24],"tags":[152,1242,859,47,1864,1014],"class_list":["post-420493","post","type-post","status-publish","format-standard","has-post-thumbnail","hentry","category-desporto","category-futebol","tag-desporto","tag-feminino","tag-madeira","tag-mundial","tag-patinagem","tag-portugal"],"yoast_head":"<!-- This site is optimized with the Yoast SEO plugin v27.2 - https:\/\/yoast.com\/product\/yoast-seo-wordpress\/ -->\n<title>Madalena Costa conquista t\u00edtulo mundial de patinagem livre - Portal Tela Portugal<\/title>\n<meta name=\"robots\" content=\"index, follow, max-snippet:-1, max-image-preview:large, max-video-preview:-1\" \/>\n<meta property=\"og:locale\" content=\"pt_PT\" \/>\n<meta property=\"og:type\" content=\"article\" \/>\n<meta property=\"og:title\" content=\"Madalena Costa conquista t\u00edtulo mundial de patinagem livre - Portal Tela Portugal\" \/>\n<meta property=\"og:description\" content=\"A jovem madeirense Madalena Costa, 17 anos, tornou-se campe\u00e3 mundial s\u00e9nior de patinagem livre em 2025, o primeiro t\u00edtulo nesta modalidade em Portugal. Ela \u00e9 tamb\u00e9m detentora do t\u00edtulo europeu na mesma disciplina. Costa esteve na reda\u00e7\u00e3o da Medialivre, recebeu o Record de Ouro e, de seguida, cal\u00e7ou os patins para mostrar alguns dos seus exerc\u00edcios. A conquista \u00e9 um marco hist\u00f3rico para o desporto portugu\u00eas. A atleta destaca a import\u00e2ncia de anos de treino e dedica\u00e7\u00e3o para atingir o topo mundial.\" \/>\n<meta property=\"og:url\" content=\"https:\/\/portaltela.pt\/noticias\/2026\/03\/25\/madalena-costa-conquista-titulo-mundial-de-patinagem-livre\/\" \/>\n<meta property=\"og:site_name\" content=\"Portal Tela Portugal\" \/>\n<meta property=\"article:published_time\" content=\"2026-03-25T09:00:00+00:00\" \/>\n<meta name=\"author\" content=\"Telinha\" \/>\n<meta name=\"twitter:card\" content=\"summary_large_image\" \/>\n<meta name=\"twitter:label1\" content=\"Escrito por\" \/>\n\t<meta name=\"twitter:data1\" content=\"Telinha\" \/>\n\t<meta name=\"twitter:label2\" content=\"Tempo estimado de leitura\" \/>\n\t<meta name=\"twitter:data2\" content=\"1 minuto\" \/>\n<script type=\"application\/ld+json\" class=\"yoast-schema-graph\">{\"@context\":\"https:\/\/schema.org\",\"@graph\":[{\"@type\":\"Article\",\"@id\":\"https:\/\/portaltela.pt\/noticias\/2026\/03\/25\/madalena-costa-conquista-titulo-mundial-de-patinagem-livre\/#article\",\"isPartOf\":{\"@id\":\"https:\/\/portaltela.pt\/noticias\/2026\/03\/25\/madalena-costa-conquista-titulo-mundial-de-patinagem-livre\/\"},\"author\":{\"name\":\"Telinha\",\"@id\":\"https:\/\/portaltela.pt\/#\/schema\/person\/c4278d4a6028830caff9ee44b42d32ed\"},\"headline\":\"Madalena Costa conquista t\u00edtulo mundial de patinagem livre\",\"datePublished\":\"2026-03-25T09:00:00+00:00\",\"mainEntityOfPage\":{\"@id\":\"https:\/\/portaltela.pt\/noticias\/2026\/03\/25\/madalena-costa-conquista-titulo-mundial-de-patinagem-livre\/\"},\"wordCount\":174,\"image\":{\"@id\":\"https:\/\/portaltela.pt\/noticias\/2026\/03\/25\/madalena-costa-conquista-titulo-mundial-de-patinagem-livre\/#primaryimage\"},\"thumbnailUrl\":\"https:\/\/portaltela.pt\/s.01k8rhncp4jt1\/2026\/03\/img_920x518uu2026-03-23-22-11-51-2428993.jpg\",\"keywords\":[\"desporto\",\"feminino\",\"Madeira\",\"mundial\",\"patinagem\",\"Portugal\"],\"articleSection\":[\"Desporto\",\"Futebol\"],\"inLanguage\":\"pt-PT\"},{\"@type\":\"WebPage\",\"@id\":\"https:\/\/portaltela.pt\/noticias\/2026\/03\/25\/madalena-costa-conquista-titulo-mundial-de-patinagem-livre\/\",\"url\":\"https:\/\/portaltela.pt\/noticias\/2026\/03\/25\/madalena-costa-conquista-titulo-mundial-de-patinagem-livre\/\",\"name\":\"Madalena Costa conquista t\u00edtulo mundial de patinagem livre - Portal Tela Portugal\",\"isPartOf\":{\"@id\":\"https:\/\/portaltela.pt\/#website\"},\"primaryImageOfPage\":{\"@id\":\"https:\/\/portaltela.pt\/noticias\/2026\/03\/25\/madalena-costa-conquista-titulo-mundial-de-patinagem-livre\/#primaryimage\"},\"image\":{\"@id\":\"https:\/\/portaltela.pt\/noticias\/2026\/03\/25\/madalena-costa-conquista-titulo-mundial-de-patinagem-livre\/#primaryimage\"},\"thumbnailUrl\":\"https:\/\/portaltela.pt\/s.01k8rhncp4jt1\/2026\/03\/img_920x518uu2026-03-23-22-11-51-2428993.jpg\",\"datePublished\":\"2026-03-25T09:00:00+00:00\",\"author\":{\"@id\":\"https:\/\/portaltela.pt\/#\/schema\/person\/c4278d4a6028830caff9ee44b42d32ed\"},\"breadcrumb\":{\"@id\":\"https:\/\/portaltela.pt\/noticias\/2026\/03\/25\/madalena-costa-conquista-titulo-mundial-de-patinagem-livre\/#breadcrumb\"},\"inLanguage\":\"pt-PT\",\"potentialAction\":[{\"@type\":\"ReadAction\",\"target\":[\"https:\/\/portaltela.pt\/noticias\/2026\/03\/25\/madalena-costa-conquista-titulo-mundial-de-patinagem-livre\/\"]}]},{\"@type\":\"ImageObject\",\"inLanguage\":\"pt-PT\",\"@id\":\"https:\/\/portaltela.pt\/noticias\/2026\/03\/25\/madalena-costa-conquista-titulo-mundial-de-patinagem-livre\/#primaryimage\",\"url\":\"https:\/\/portaltela.pt\/s.01k8rhncp4jt1\/2026\/03\/img_920x518uu2026-03-23-22-11-51-2428993.jpg\",\"contentUrl\":\"https:\/\/portaltela.pt\/s.01k8rhncp4jt1\/2026\/03\/img_920x518uu2026-03-23-22-11-51-2428993.jpg\",\"width\":796,\"height\":448,\"caption\":\"Madalena Costa na reda\u00e7\u00e3o\"},{\"@type\":\"BreadcrumbList\",\"@id\":\"https:\/\/portaltela.pt\/noticias\/2026\/03\/25\/madalena-costa-conquista-titulo-mundial-de-patinagem-livre\/#breadcrumb\",\"itemListElement\":[{\"@type\":\"ListItem\",\"position\":1,\"name\":\"In\u00edcio\",\"item\":\"https:\/\/portaltela.pt\/\"},{\"@type\":\"ListItem\",\"position\":2,\"name\":\"Madalena Costa conquista t\u00edtulo mundial de patinagem livre\"}]},{\"@type\":\"WebSite\",\"@id\":\"https:\/\/portaltela.pt\/#website\",\"url\":\"https:\/\/portaltela.pt\/\",\"name\":\"Portal Tela Portugal\",\"description\":\"\",\"potentialAction\":[{\"@type\":\"SearchAction\",\"target\":{\"@type\":\"EntryPoint\",\"urlTemplate\":\"https:\/\/portaltela.pt\/?s={search_term_string}\"},\"query-input\":{\"@type\":\"PropertyValueSpecification\",\"valueRequired\":true,\"valueName\":\"search_term_string\"}}],\"inLanguage\":\"pt-PT\"},{\"@type\":\"Person\",\"@id\":\"https:\/\/portaltela.pt\/#\/schema\/person\/c4278d4a6028830caff9ee44b42d32ed\",\"name\":\"Telinha\",\"image\":{\"@type\":\"ImageObject\",\"inLanguage\":\"pt-PT\",\"@id\":\"https:\/\/portaltela.pt\/s.01k8rhncp4jt1\/2025\/11\/talking-bot-125x125.png\",\"url\":\"https:\/\/portaltela.pt\/s.01k8rhncp4jt1\/2025\/11\/talking-bot-125x125.png\",\"contentUrl\":\"https:\/\/portaltela.pt\/s.01k8rhncp4jt1\/2025\/11\/talking-bot-125x125.png\",\"caption\":\"Telinha\"},\"sameAs\":[\"https:\/\/portaltela.pt\/\"],\"url\":\"https:\/\/portaltela.pt\/por\/367410592786\/\"}]}<\/script>\n<!-- \/ Yoast SEO plugin. -->","yoast_head_json":{"title":"Madalena Costa conquista t\u00edtulo mundial de patinagem livre - Portal Tela Portugal","robots":{"index":"index","follow":"follow","max-snippet":"max-snippet:-1","max-image-preview":"max-image-preview:large","max-video-preview":"max-video-preview:-1"},"og_locale":"pt_PT","og_type":"article","og_title":"Madalena Costa conquista t\u00edtulo mundial de patinagem livre - Portal Tela Portugal","og_description":"A jovem madeirense Madalena Costa, 17 anos, tornou-se campe\u00e3 mundial s\u00e9nior de patinagem livre em 2025, o primeiro t\u00edtulo nesta modalidade em Portugal. Ela \u00e9 tamb\u00e9m detentora do t\u00edtulo europeu na mesma disciplina. Costa esteve na reda\u00e7\u00e3o da Medialivre, recebeu o Record de Ouro e, de seguida, cal\u00e7ou os patins para mostrar alguns dos seus exerc\u00edcios. A conquista \u00e9 um marco hist\u00f3rico para o desporto portugu\u00eas. A atleta destaca a import\u00e2ncia de anos de treino e dedica\u00e7\u00e3o para atingir o topo mundial.","og_url":"https:\/\/portaltela.pt\/noticias\/2026\/03\/25\/madalena-costa-conquista-titulo-mundial-de-patinagem-livre\/","og_site_name":"Portal Tela Portugal","article_published_time":"2026-03-25T09:00:00+00:00","author":"Telinha","twitter_card":"summary_large_image","twitter_misc":{"Escrito por":"Telinha","Tempo estimado de leitura":"1 minuto"},"schema":{"@context":"https:\/\/schema.org","@graph":[{"@type":"Article","@id":"https:\/\/portaltela.pt\/noticias\/2026\/03\/25\/madalena-costa-conquista-titulo-mundial-de-patinagem-livre\/#article","isPartOf":{"@id":"https:\/\/portaltela.pt\/noticias\/2026\/03\/25\/madalena-costa-conquista-titulo-mundial-de-patinagem-livre\/"},"author":{"name":"Telinha","@id":"https:\/\/portaltela.pt\/#\/schema\/person\/c4278d4a6028830caff9ee44b42d32ed"},"headline":"Madalena Costa conquista t\u00edtulo mundial de patinagem livre","datePublished":"2026-03-25T09:00:00+00:00","mainEntityOfPage":{"@id":"https:\/\/portaltela.pt\/noticias\/2026\/03\/25\/madalena-costa-conquista-titulo-mundial-de-patinagem-livre\/"},"wordCount":174,"image":{"@id":"https:\/\/portaltela.pt\/noticias\/2026\/03\/25\/madalena-costa-conquista-titulo-mundial-de-patinagem-livre\/#primaryimage"},"thumbnailUrl":"https:\/\/portaltela.pt\/s.01k8rhncp4jt1\/2026\/03\/img_920x518uu2026-03-23-22-11-51-2428993.jpg","keywords":["desporto","feminino","Madeira","mundial","patinagem","Portugal"],"articleSection":["Desporto","Futebol"],"inLanguage":"pt-PT"},{"@type":"WebPage","@id":"https:\/\/portaltela.pt\/noticias\/2026\/03\/25\/madalena-costa-conquista-titulo-mundial-de-patinagem-livre\/","url":"https:\/\/portaltela.pt\/noticias\/2026\/03\/25\/madalena-costa-conquista-titulo-mundial-de-patinagem-livre\/","name":"Madalena Costa conquista t\u00edtulo mundial de patinagem livre - Portal Tela Portugal","isPartOf":{"@id":"https:\/\/portaltela.pt\/#website"},"primaryImageOfPage":{"@id":"https:\/\/portaltela.pt\/noticias\/2026\/03\/25\/madalena-costa-conquista-titulo-mundial-de-patinagem-livre\/#primaryimage"},"image":{"@id":"https:\/\/portaltela.pt\/noticias\/2026\/03\/25\/madalena-costa-conquista-titulo-mundial-de-patinagem-livre\/#primaryimage"},"thumbnailUrl":"https:\/\/portaltela.pt\/s.01k8rhncp4jt1\/2026\/03\/img_920x518uu2026-03-23-22-11-51-2428993.jpg","datePublished":"2026-03-25T09:00:00+00:00","author":{"@id":"https:\/\/portaltela.pt\/#\/schema\/person\/c4278d4a6028830caff9ee44b42d32ed"},"breadcrumb":{"@id":"https:\/\/portaltela.pt\/noticias\/2026\/03\/25\/madalena-costa-conquista-titulo-mundial-de-patinagem-livre\/#breadcrumb"},"inLanguage":"pt-PT","potentialAction":[{"@type":"ReadAction","target":["https:\/\/portaltela.pt\/noticias\/2026\/03\/25\/madalena-costa-conquista-titulo-mundial-de-patinagem-livre\/"]}]},{"@type":"ImageObject","inLanguage":"pt-PT","@id":"https:\/\/portaltela.pt\/noticias\/2026\/03\/25\/madalena-costa-conquista-titulo-mundial-de-patinagem-livre\/#primaryimage","url":"https:\/\/portaltela.pt\/s.01k8rhncp4jt1\/2026\/03\/img_920x518uu2026-03-23-22-11-51-2428993.jpg","contentUrl":"https:\/\/portaltela.pt\/s.01k8rhncp4jt1\/2026\/03\/img_920x518uu2026-03-23-22-11-51-2428993.jpg","width":796,"height":448,"caption":"Madalena Costa na reda\u00e7\u00e3o"},{"@type":"BreadcrumbList","@id":"https:\/\/portaltela.pt\/noticias\/2026\/03\/25\/madalena-costa-conquista-titulo-mundial-de-patinagem-livre\/#breadcrumb","itemListElement":[{"@type":"ListItem","position":1,"name":"In\u00edcio","item":"https:\/\/portaltela.pt\/"},{"@type":"ListItem","position":2,"name":"Madalena Costa conquista t\u00edtulo mundial de patinagem livre"}]},{"@type":"WebSite","@id":"https:\/\/portaltela.pt\/#website","url":"https:\/\/portaltela.pt\/","name":"Portal Tela Portugal","description":"","potentialAction":[{"@type":"SearchAction","target":{"@type":"EntryPoint","urlTemplate":"https:\/\/portaltela.pt\/?s={search_term_string}"},"query-input":{"@type":"PropertyValueSpecification","valueRequired":true,"valueName":"search_term_string"}}],"inLanguage":"pt-PT"},{"@type":"Person","@id":"https:\/\/portaltela.pt\/#\/schema\/person\/c4278d4a6028830caff9ee44b42d32ed","name":"Telinha","image":{"@type":"ImageObject","inLanguage":"pt-PT","@id":"https:\/\/portaltela.pt\/s.01k8rhncp4jt1\/2025\/11\/talking-bot-125x125.png","url":"https:\/\/portaltela.pt\/s.01k8rhncp4jt1\/2025\/11\/talking-bot-125x125.png","contentUrl":"https:\/\/portaltela.pt\/s.01k8rhncp4jt1\/2025\/11\/talking-bot-125x125.png","caption":"Telinha"},"sameAs":["https:\/\/portaltela.pt\/"],"url":"https:\/\/portaltela.pt\/por\/367410592786\/"}]}},"_links":{"self":[{"href":"https:\/\/portaltela.pt\/api\/wp\/v2\/posts\/420493","targetHints":{"allow":["GET"]}}],"collection":[{"href":"https:\/\/portaltela.pt\/api\/wp\/v2\/posts"}],"about":[{"href":"https:\/\/portaltela.pt\/api\/wp\/v2\/types\/post"}],"author":[{"embeddable":true,"href":"https:\/\/portaltela.pt\/api\/wp\/v2\/users\/2"}],"replies":[{"embeddable":true,"href":"https:\/\/portaltela.pt\/api\/wp\/v2\/comments?post=420493"}],"version-history":[{"count":0,"href":"https:\/\/portaltela.pt\/api\/wp\/v2\/posts\/420493\/revisions"}],"wp:featuredmedia":[{"embeddable":true,"href":"https:\/\/portaltela.pt\/api\/wp\/v2\/media\/420496"}],"wp:attachment":[{"href":"https:\/\/portaltela.pt\/api\/wp\/v2\/media?parent=420493"}],"wp:term":[{"taxonomy":"category","embeddable":true,"href":"https:\/\/portaltela.pt\/api\/wp\/v2\/categories?post=420493"},{"taxonomy":"post_tag","embeddable":true,"href":"https:\/\/portaltela.pt\/api\/wp\/v2\/tags?post=420493"}],"curies":[{"name":"wp","href":"https:\/\/api.w.org\/{rel}","templated":true}]}}