{"id":420491,"date":"2026-03-25T05:53:00","date_gmt":"2026-03-25T08:53:00","guid":{"rendered":"https:\/\/portaltela.pt\/noticias\/2026\/03\/25\/dois-suspeitos-de-incendio-antissemita-em-londres-detidos\/"},"modified":"2026-03-25T05:53:00","modified_gmt":"2026-03-25T08:53:00","slug":"dois-suspeitos-de-incendio-antissemita-em-londres-detidos","status":"publish","type":"post","link":"https:\/\/portaltela.pt\/noticias\/2026\/03\/25\/dois-suspeitos-de-incendio-antissemita-em-londres-detidos\/","title":{"rendered":"Dois suspeitos de inc\u00eandio antissemita em Londres detidos"},"content":{"rendered":"<p>Dois homens, com 45 e 47 anos, foram detidos pela unidade de antiterrorismo de Londres, sob suspeita de fogo posto com a inten\u00e7\u00e3o de p\u00f4r vidas em risco, no quadro de um inc\u00eandio a quatro ambul\u00e2ncias.<\/p>\n<p>As deten\u00e7\u00f5es ocorreram em duas moradas distintas na capital brit\u00e2nica, e as autoridades disseram que buscas est\u00e3o a decorrer nos locais. A investiga\u00e7\u00e3o continua sob a lideran\u00e7a policial.<\/p>\n<h3>Investiga\u00e7\u00e3o em curso<\/h3>\n<p>A chefe da Pol\u00edcia Antiterrorista de Londres, Helen Flanagan, afirmou que o caso representa um avan\u00e7o significativo, apesar de as imagens de c\u00e2maras sugerirem a presen\u00e7a de pelo menos mais uma pessoa envolvida.<\/p>\n<p>As autoridades n\u00e3o divulgaram mais detalhes sobre motiva\u00e7\u00f5es, apenas que o incidente envolve uma institui\u00e7\u00e3o judaica e ocorreu na segunda-feira. As investiga\u00e7\u00f5es v\u00e3o esclarecer a participa\u00e7\u00e3o de terceiros.<\/p>\n","protected":false},"excerpt":{"rendered":"<ul>\n<li>Dois homens de 45 e 47 anos foram detidos pela unidade de antiterrorismo, sob suspeita de fogo posto com inten\u00e7\u00e3o de p\u00f4r vidas em perigo, em Londres.<\/li>\n<li>Est\u00e3o acusados de terem incendiado quatro ambul\u00e2ncias pertencentes a uma institui\u00e7\u00e3o judaica, numa ocorr\u00eancia ocorrida na segunda-feira.<\/li>\n<li>Os detidos ocorreram em duas moradas diferentes na capital brit\u00e2nica, e os agentes fazem buscas nos locais.<\/li>\n<li>As autoridades indicam que houve avan\u00e7o na investiga\u00e7\u00e3o, embora imagens de videovigil\u00e2ncia sugiram a poss\u00edvel participa\u00e7\u00e3o de, no m\u00ednimo, tr\u00eas pessoas.<\/li>\n<\/ul>\n","protected":false},"author":2,"featured_media":420500,"comment_status":"closed","ping_status":"closed","sticky":false,"template":"","format":"standard","meta":{"footnotes":""},"categories":[6907,1],"tags":[1617,147,1438,217,2376,4989],"class_list":["post-420491","post","type-post","status-publish","format-standard","has-post-thumbnail","hentry","category-crime","category-noticias","tag-antisemitismo","tag-crime","tag-incendio","tag-investigacao-criminal","tag-londres","tag-terrorismo"],"yoast_head":"<!-- This site is optimized with the Yoast SEO plugin v27.2 - https:\/\/yoast.com\/product\/yoast-seo-wordpress\/ -->\n<title>Dois suspeitos de inc\u00eandio antissemita em Londres detidos - Portal Tela Portugal<\/title>\n<meta name=\"robots\" content=\"index, follow, max-snippet:-1, max-image-preview:large, max-video-preview:-1\" \/>\n<meta property=\"og:locale\" content=\"pt_PT\" \/>\n<meta property=\"og:type\" content=\"article\" \/>\n<meta property=\"og:title\" content=\"Dois suspeitos de inc\u00eandio antissemita em Londres detidos - Portal Tela Portugal\" \/>\n<meta property=\"og:description\" content=\"Dois homens de 45 e 47 anos foram detidos pela unidade de antiterrorismo, sob suspeita de fogo posto com inten\u00e7\u00e3o de p\u00f4r vidas em perigo, em Londres. Est\u00e3o acusados de terem incendiado quatro ambul\u00e2ncias pertencentes a uma institui\u00e7\u00e3o judaica, numa ocorr\u00eancia ocorrida na segunda-feira. Os detidos ocorreram em duas moradas diferentes na capital brit\u00e2nica, e os agentes fazem buscas nos locais. As autoridades indicam que houve avan\u00e7o na investiga\u00e7\u00e3o, embora imagens de videovigil\u00e2ncia sugiram a poss\u00edvel participa\u00e7\u00e3o de, no m\u00ednimo, tr\u00eas pessoas.\" \/>\n<meta property=\"og:url\" content=\"https:\/\/portaltela.pt\/noticias\/2026\/03\/25\/dois-suspeitos-de-incendio-antissemita-em-londres-detidos\/\" \/>\n<meta property=\"og:site_name\" content=\"Portal Tela Portugal\" \/>\n<meta property=\"article:published_time\" content=\"2026-03-25T08:53:00+00:00\" \/>\n<meta name=\"author\" content=\"Telinha\" \/>\n<meta name=\"twitter:card\" content=\"summary_large_image\" \/>\n<meta name=\"twitter:label1\" content=\"Escrito por\" \/>\n\t<meta name=\"twitter:data1\" content=\"Telinha\" \/>\n\t<meta name=\"twitter:label2\" content=\"Tempo estimado de leitura\" \/>\n\t<meta name=\"twitter:data2\" content=\"1 minuto\" \/>\n<script type=\"application\/ld+json\" class=\"yoast-schema-graph\">{\"@context\":\"https:\/\/schema.org\",\"@graph\":[{\"@type\":\"Article\",\"@id\":\"https:\/\/portaltela.pt\/noticias\/2026\/03\/25\/dois-suspeitos-de-incendio-antissemita-em-londres-detidos\/#article\",\"isPartOf\":{\"@id\":\"https:\/\/portaltela.pt\/noticias\/2026\/03\/25\/dois-suspeitos-de-incendio-antissemita-em-londres-detidos\/\"},\"author\":{\"name\":\"Telinha\",\"@id\":\"https:\/\/portaltela.pt\/#\/schema\/person\/c4278d4a6028830caff9ee44b42d32ed\"},\"headline\":\"Dois suspeitos de inc\u00eandio antissemita em Londres detidos\",\"datePublished\":\"2026-03-25T08:53:00+00:00\",\"mainEntityOfPage\":{\"@id\":\"https:\/\/portaltela.pt\/noticias\/2026\/03\/25\/dois-suspeitos-de-incendio-antissemita-em-londres-detidos\/\"},\"wordCount\":155,\"image\":{\"@id\":\"https:\/\/portaltela.pt\/noticias\/2026\/03\/25\/dois-suspeitos-de-incendio-antissemita-em-londres-detidos\/#primaryimage\"},\"thumbnailUrl\":\"https:\/\/portaltela.pt\/s.01k8rhncp4jt1\/2026\/03\/img_1500x1000uu2026-03-23-17-06-44-2274325.jpg\",\"keywords\":[\"antisemitismo\",\"crime\",\"inc\u00eandio\",\"investiga\u00e7\u00e3o criminal\",\"Londres\",\"terrorismo\"],\"articleSection\":[\"Crime\",\"Not\u00edcias\"],\"inLanguage\":\"pt-PT\"},{\"@type\":\"WebPage\",\"@id\":\"https:\/\/portaltela.pt\/noticias\/2026\/03\/25\/dois-suspeitos-de-incendio-antissemita-em-londres-detidos\/\",\"url\":\"https:\/\/portaltela.pt\/noticias\/2026\/03\/25\/dois-suspeitos-de-incendio-antissemita-em-londres-detidos\/\",\"name\":\"Dois suspeitos de inc\u00eandio antissemita em Londres detidos - Portal Tela Portugal\",\"isPartOf\":{\"@id\":\"https:\/\/portaltela.pt\/#website\"},\"primaryImageOfPage\":{\"@id\":\"https:\/\/portaltela.pt\/noticias\/2026\/03\/25\/dois-suspeitos-de-incendio-antissemita-em-londres-detidos\/#primaryimage\"},\"image\":{\"@id\":\"https:\/\/portaltela.pt\/noticias\/2026\/03\/25\/dois-suspeitos-de-incendio-antissemita-em-londres-detidos\/#primaryimage\"},\"thumbnailUrl\":\"https:\/\/portaltela.pt\/s.01k8rhncp4jt1\/2026\/03\/img_1500x1000uu2026-03-23-17-06-44-2274325.jpg\",\"datePublished\":\"2026-03-25T08:53:00+00:00\",\"author\":{\"@id\":\"https:\/\/portaltela.pt\/#\/schema\/person\/c4278d4a6028830caff9ee44b42d32ed\"},\"breadcrumb\":{\"@id\":\"https:\/\/portaltela.pt\/noticias\/2026\/03\/25\/dois-suspeitos-de-incendio-antissemita-em-londres-detidos\/#breadcrumb\"},\"inLanguage\":\"pt-PT\",\"potentialAction\":[{\"@type\":\"ReadAction\",\"target\":[\"https:\/\/portaltela.pt\/noticias\/2026\/03\/25\/dois-suspeitos-de-incendio-antissemita-em-londres-detidos\/\"]}]},{\"@type\":\"ImageObject\",\"inLanguage\":\"pt-PT\",\"@id\":\"https:\/\/portaltela.pt\/noticias\/2026\/03\/25\/dois-suspeitos-de-incendio-antissemita-em-londres-detidos\/#primaryimage\",\"url\":\"https:\/\/portaltela.pt\/s.01k8rhncp4jt1\/2026\/03\/img_1500x1000uu2026-03-23-17-06-44-2274325.jpg\",\"contentUrl\":\"https:\/\/portaltela.pt\/s.01k8rhncp4jt1\/2026\/03\/img_1500x1000uu2026-03-23-17-06-44-2274325.jpg\",\"width\":796,\"height\":448,\"caption\":\"Ambul\u00e2ncia destru\u00edda ap\u00f3s poss\u00edvel ataque antissemita em Londres\"},{\"@type\":\"BreadcrumbList\",\"@id\":\"https:\/\/portaltela.pt\/noticias\/2026\/03\/25\/dois-suspeitos-de-incendio-antissemita-em-londres-detidos\/#breadcrumb\",\"itemListElement\":[{\"@type\":\"ListItem\",\"position\":1,\"name\":\"In\u00edcio\",\"item\":\"https:\/\/portaltela.pt\/\"},{\"@type\":\"ListItem\",\"position\":2,\"name\":\"Dois suspeitos de inc\u00eandio antissemita em Londres detidos\"}]},{\"@type\":\"WebSite\",\"@id\":\"https:\/\/portaltela.pt\/#website\",\"url\":\"https:\/\/portaltela.pt\/\",\"name\":\"Portal Tela Portugal\",\"description\":\"\",\"potentialAction\":[{\"@type\":\"SearchAction\",\"target\":{\"@type\":\"EntryPoint\",\"urlTemplate\":\"https:\/\/portaltela.pt\/?s={search_term_string}\"},\"query-input\":{\"@type\":\"PropertyValueSpecification\",\"valueRequired\":true,\"valueName\":\"search_term_string\"}}],\"inLanguage\":\"pt-PT\"},{\"@type\":\"Person\",\"@id\":\"https:\/\/portaltela.pt\/#\/schema\/person\/c4278d4a6028830caff9ee44b42d32ed\",\"name\":\"Telinha\",\"image\":{\"@type\":\"ImageObject\",\"inLanguage\":\"pt-PT\",\"@id\":\"https:\/\/portaltela.pt\/s.01k8rhncp4jt1\/2025\/11\/talking-bot-125x125.png\",\"url\":\"https:\/\/portaltela.pt\/s.01k8rhncp4jt1\/2025\/11\/talking-bot-125x125.png\",\"contentUrl\":\"https:\/\/portaltela.pt\/s.01k8rhncp4jt1\/2025\/11\/talking-bot-125x125.png\",\"caption\":\"Telinha\"},\"sameAs\":[\"https:\/\/portaltela.pt\/\"],\"url\":\"https:\/\/portaltela.pt\/por\/367410592786\/\"}]}<\/script>\n<!-- \/ Yoast SEO plugin. -->","yoast_head_json":{"title":"Dois suspeitos de inc\u00eandio antissemita em Londres detidos - Portal Tela Portugal","robots":{"index":"index","follow":"follow","max-snippet":"max-snippet:-1","max-image-preview":"max-image-preview:large","max-video-preview":"max-video-preview:-1"},"og_locale":"pt_PT","og_type":"article","og_title":"Dois suspeitos de inc\u00eandio antissemita em Londres detidos - Portal Tela Portugal","og_description":"Dois homens de 45 e 47 anos foram detidos pela unidade de antiterrorismo, sob suspeita de fogo posto com inten\u00e7\u00e3o de p\u00f4r vidas em perigo, em Londres. Est\u00e3o acusados de terem incendiado quatro ambul\u00e2ncias pertencentes a uma institui\u00e7\u00e3o judaica, numa ocorr\u00eancia ocorrida na segunda-feira. Os detidos ocorreram em duas moradas diferentes na capital brit\u00e2nica, e os agentes fazem buscas nos locais. As autoridades indicam que houve avan\u00e7o na investiga\u00e7\u00e3o, embora imagens de videovigil\u00e2ncia sugiram a poss\u00edvel participa\u00e7\u00e3o de, no m\u00ednimo, tr\u00eas pessoas.","og_url":"https:\/\/portaltela.pt\/noticias\/2026\/03\/25\/dois-suspeitos-de-incendio-antissemita-em-londres-detidos\/","og_site_name":"Portal Tela Portugal","article_published_time":"2026-03-25T08:53:00+00:00","author":"Telinha","twitter_card":"summary_large_image","twitter_misc":{"Escrito por":"Telinha","Tempo estimado de leitura":"1 minuto"},"schema":{"@context":"https:\/\/schema.org","@graph":[{"@type":"Article","@id":"https:\/\/portaltela.pt\/noticias\/2026\/03\/25\/dois-suspeitos-de-incendio-antissemita-em-londres-detidos\/#article","isPartOf":{"@id":"https:\/\/portaltela.pt\/noticias\/2026\/03\/25\/dois-suspeitos-de-incendio-antissemita-em-londres-detidos\/"},"author":{"name":"Telinha","@id":"https:\/\/portaltela.pt\/#\/schema\/person\/c4278d4a6028830caff9ee44b42d32ed"},"headline":"Dois suspeitos de inc\u00eandio antissemita em Londres detidos","datePublished":"2026-03-25T08:53:00+00:00","mainEntityOfPage":{"@id":"https:\/\/portaltela.pt\/noticias\/2026\/03\/25\/dois-suspeitos-de-incendio-antissemita-em-londres-detidos\/"},"wordCount":155,"image":{"@id":"https:\/\/portaltela.pt\/noticias\/2026\/03\/25\/dois-suspeitos-de-incendio-antissemita-em-londres-detidos\/#primaryimage"},"thumbnailUrl":"https:\/\/portaltela.pt\/s.01k8rhncp4jt1\/2026\/03\/img_1500x1000uu2026-03-23-17-06-44-2274325.jpg","keywords":["antisemitismo","crime","inc\u00eandio","investiga\u00e7\u00e3o criminal","Londres","terrorismo"],"articleSection":["Crime","Not\u00edcias"],"inLanguage":"pt-PT"},{"@type":"WebPage","@id":"https:\/\/portaltela.pt\/noticias\/2026\/03\/25\/dois-suspeitos-de-incendio-antissemita-em-londres-detidos\/","url":"https:\/\/portaltela.pt\/noticias\/2026\/03\/25\/dois-suspeitos-de-incendio-antissemita-em-londres-detidos\/","name":"Dois suspeitos de inc\u00eandio antissemita em Londres detidos - Portal Tela Portugal","isPartOf":{"@id":"https:\/\/portaltela.pt\/#website"},"primaryImageOfPage":{"@id":"https:\/\/portaltela.pt\/noticias\/2026\/03\/25\/dois-suspeitos-de-incendio-antissemita-em-londres-detidos\/#primaryimage"},"image":{"@id":"https:\/\/portaltela.pt\/noticias\/2026\/03\/25\/dois-suspeitos-de-incendio-antissemita-em-londres-detidos\/#primaryimage"},"thumbnailUrl":"https:\/\/portaltela.pt\/s.01k8rhncp4jt1\/2026\/03\/img_1500x1000uu2026-03-23-17-06-44-2274325.jpg","datePublished":"2026-03-25T08:53:00+00:00","author":{"@id":"https:\/\/portaltela.pt\/#\/schema\/person\/c4278d4a6028830caff9ee44b42d32ed"},"breadcrumb":{"@id":"https:\/\/portaltela.pt\/noticias\/2026\/03\/25\/dois-suspeitos-de-incendio-antissemita-em-londres-detidos\/#breadcrumb"},"inLanguage":"pt-PT","potentialAction":[{"@type":"ReadAction","target":["https:\/\/portaltela.pt\/noticias\/2026\/03\/25\/dois-suspeitos-de-incendio-antissemita-em-londres-detidos\/"]}]},{"@type":"ImageObject","inLanguage":"pt-PT","@id":"https:\/\/portaltela.pt\/noticias\/2026\/03\/25\/dois-suspeitos-de-incendio-antissemita-em-londres-detidos\/#primaryimage","url":"https:\/\/portaltela.pt\/s.01k8rhncp4jt1\/2026\/03\/img_1500x1000uu2026-03-23-17-06-44-2274325.jpg","contentUrl":"https:\/\/portaltela.pt\/s.01k8rhncp4jt1\/2026\/03\/img_1500x1000uu2026-03-23-17-06-44-2274325.jpg","width":796,"height":448,"caption":"Ambul\u00e2ncia destru\u00edda ap\u00f3s poss\u00edvel ataque antissemita em Londres"},{"@type":"BreadcrumbList","@id":"https:\/\/portaltela.pt\/noticias\/2026\/03\/25\/dois-suspeitos-de-incendio-antissemita-em-londres-detidos\/#breadcrumb","itemListElement":[{"@type":"ListItem","position":1,"name":"In\u00edcio","item":"https:\/\/portaltela.pt\/"},{"@type":"ListItem","position":2,"name":"Dois suspeitos de inc\u00eandio antissemita em Londres detidos"}]},{"@type":"WebSite","@id":"https:\/\/portaltela.pt\/#website","url":"https:\/\/portaltela.pt\/","name":"Portal Tela Portugal","description":"","potentialAction":[{"@type":"SearchAction","target":{"@type":"EntryPoint","urlTemplate":"https:\/\/portaltela.pt\/?s={search_term_string}"},"query-input":{"@type":"PropertyValueSpecification","valueRequired":true,"valueName":"search_term_string"}}],"inLanguage":"pt-PT"},{"@type":"Person","@id":"https:\/\/portaltela.pt\/#\/schema\/person\/c4278d4a6028830caff9ee44b42d32ed","name":"Telinha","image":{"@type":"ImageObject","inLanguage":"pt-PT","@id":"https:\/\/portaltela.pt\/s.01k8rhncp4jt1\/2025\/11\/talking-bot-125x125.png","url":"https:\/\/portaltela.pt\/s.01k8rhncp4jt1\/2025\/11\/talking-bot-125x125.png","contentUrl":"https:\/\/portaltela.pt\/s.01k8rhncp4jt1\/2025\/11\/talking-bot-125x125.png","caption":"Telinha"},"sameAs":["https:\/\/portaltela.pt\/"],"url":"https:\/\/portaltela.pt\/por\/367410592786\/"}]}},"_links":{"self":[{"href":"https:\/\/portaltela.pt\/api\/wp\/v2\/posts\/420491","targetHints":{"allow":["GET"]}}],"collection":[{"href":"https:\/\/portaltela.pt\/api\/wp\/v2\/posts"}],"about":[{"href":"https:\/\/portaltela.pt\/api\/wp\/v2\/types\/post"}],"author":[{"embeddable":true,"href":"https:\/\/portaltela.pt\/api\/wp\/v2\/users\/2"}],"replies":[{"embeddable":true,"href":"https:\/\/portaltela.pt\/api\/wp\/v2\/comments?post=420491"}],"version-history":[{"count":0,"href":"https:\/\/portaltela.pt\/api\/wp\/v2\/posts\/420491\/revisions"}],"wp:featuredmedia":[{"embeddable":true,"href":"https:\/\/portaltela.pt\/api\/wp\/v2\/media\/420500"}],"wp:attachment":[{"href":"https:\/\/portaltela.pt\/api\/wp\/v2\/media?parent=420491"}],"wp:term":[{"taxonomy":"category","embeddable":true,"href":"https:\/\/portaltela.pt\/api\/wp\/v2\/categories?post=420491"},{"taxonomy":"post_tag","embeddable":true,"href":"https:\/\/portaltela.pt\/api\/wp\/v2\/tags?post=420491"}],"curies":[{"name":"wp","href":"https:\/\/api.w.org\/{rel}","templated":true}]}}