{"id":420490,"date":"2026-03-25T05:59:00","date_gmt":"2026-03-25T08:59:00","guid":{"rendered":"https:\/\/portaltela.pt\/noticias\/2026\/03\/25\/dois-suspeitos-detidos-por-incendio-antissemita-em-londres\/"},"modified":"2026-03-25T05:59:00","modified_gmt":"2026-03-25T08:59:00","slug":"dois-suspeitos-detidos-por-incendio-antissemita-em-londres","status":"publish","type":"post","link":"https:\/\/portaltela.pt\/policia\/2026\/03\/25\/dois-suspeitos-detidos-por-incendio-antissemita-em-londres\/","title":{"rendered":"Dois suspeitos detidos por inc\u00eandio antissemita em Londres"},"content":{"rendered":"<p>Dois homens, com 45 e 47 anos, foram detidos pela unidade de antiterrorismo da pol\u00edcia de Londres por alegado fogo posto contra quatro ambul\u00e2ncias da Hatzola Northwest, em Golders Green. O incidente ocorreu durante a madrugada de segunda-feira, em Londres, com o objetivo identificado pela investiga\u00e7\u00e3o como colocar vidas em perigo.<\/p>\n<p>As autoridades anunciaram que as viaturas sofreram graves danos no parque de estacionamento de uma sinagoga. Ningu\u00e9m ficou ferido, mas houve explos\u00f5es de botijas de oxig\u00e9nio que partiram janelas de casas vizinhas.<\/p>\n<p>Os detidos est\u00e3o a ser interrogados em duas moradas na capital, e buscas est\u00e3o a decorrer nesses locais. A pol\u00edcia afirma que, apesar do avan\u00e7o, h\u00e1 indica\u00e7\u00f5es de que tr\u00eas pessoas participaram no ataque, captadas por videovigil\u00e2ncia.<\/p>\n<h3>Investiga\u00e7\u00e3o em curso<\/h3>\n<p>A investiga\u00e7\u00e3o foi inicialmente tratada como crime de \u00f3dio antissemita, mas foi transferida para a unidade de antiterrorismo devido \u00e0s circunst\u00e2ncias e \u00e0s compet\u00eancias especializadas.<\/p>\n<p>Exames de imagens j\u00e1 foram analisados para confirmar a identidade dos suspeitos e o modo de atua\u00e7\u00e3o.<\/p>\n<p>As autoridades tentam tamb\u00e9m confirmar se houve uma reivindica\u00e7\u00e3o associada a grupos com liga\u00e7\u00f5es ao Ir\u00e3o.<\/p>\n","protected":false},"excerpt":{"rendered":"<ul>\n<li>Dois homens, de 45 e 47 anos, foram detidos por suspeita de fogo posto relacionado com o inc\u00eandio a quatro ambul\u00e2ncias da Hatzola Northwest em Londres, ocorrida na madrugada de segunda-feira.<\/li>\n<li>As deten\u00e7\u00f5es foram efetuadas pela unidade de antiterrorismo, em duas moradas diferentes na capital brit\u00e2nica, com buscas em curso nos locais.<\/li>\n<li>As autoridades j\u00e1 indicaram que, apesar do avan\u00e7o, as imagens de videovigil\u00e2ncia sugerem a presen\u00e7a de pelo menos tr\u00eas pessoas envolvidas no ataque.<\/li>\n<li>O incident ocorreu em Golders Green, bairro com elevada comunidade judaica, e as ambul\u00e2ncias ficaram reduzidas a carca\u00e7as ap\u00f3s um inc\u00eandio criminoso no parque de estacionamento de uma sinagoga.<\/li>\n<li>N\u00e3o houve feridos; explos\u00f5es das botijas de oxig\u00e9nio partiramjanelas de vizinhos e os investigadores estudam a poss\u00edvel reivindica\u00e7\u00e3o de autoria por grupo alegadamente ligado ao Ir\u00e3o.<\/li>\n<\/ul>\n","protected":false},"author":2,"featured_media":420501,"comment_status":"closed","ping_status":"closed","sticky":false,"template":"","format":"standard","meta":{"footnotes":""},"categories":[6907,6781],"tags":[1617,3696,1438,2376,4536,4989],"class_list":["post-420490","post","type-post","status-publish","format-standard","has-post-thumbnail","hentry","category-crime","category-policia","tag-antisemitismo","tag-crime-de-odio","tag-incendio","tag-londres","tag-seguranca","tag-terrorismo"],"yoast_head":"<!-- This site is optimized with the Yoast SEO plugin v27.2 - https:\/\/yoast.com\/product\/yoast-seo-wordpress\/ -->\n<title>Dois suspeitos detidos por inc\u00eandio antissemita em Londres - Portal Tela Portugal<\/title>\n<meta name=\"robots\" content=\"index, follow, max-snippet:-1, max-image-preview:large, max-video-preview:-1\" \/>\n<meta property=\"og:locale\" content=\"pt_PT\" \/>\n<meta property=\"og:type\" content=\"article\" \/>\n<meta property=\"og:title\" content=\"Dois suspeitos detidos por inc\u00eandio antissemita em Londres - Portal Tela Portugal\" \/>\n<meta property=\"og:description\" content=\"Dois homens, de 45 e 47 anos, foram detidos por suspeita de fogo posto relacionado com o inc\u00eandio a quatro ambul\u00e2ncias da Hatzola Northwest em Londres, ocorrida na madrugada de segunda-feira. As deten\u00e7\u00f5es foram efetuadas pela unidade de antiterrorismo, em duas moradas diferentes na capital brit\u00e2nica, com buscas em curso nos locais. As autoridades j\u00e1 indicaram que, apesar do avan\u00e7o, as imagens de videovigil\u00e2ncia sugerem a presen\u00e7a de pelo menos tr\u00eas pessoas envolvidas no ataque. O incident ocorreu em Golders Green, bairro com elevada comunidade judaica, e as ambul\u00e2ncias ficaram reduzidas a carca\u00e7as ap\u00f3s um inc\u00eandio criminoso no parque de estacionamento de uma sinagoga. N\u00e3o houve feridos; explos\u00f5es das botijas de oxig\u00e9nio partiramjanelas de vizinhos e os investigadores estudam a poss\u00edvel reivindica\u00e7\u00e3o de autoria por grupo alegadamente ligado ao Ir\u00e3o.\" \/>\n<meta property=\"og:url\" content=\"https:\/\/portaltela.pt\/noticias\/2026\/03\/25\/dois-suspeitos-detidos-por-incendio-antissemita-em-londres\/\" \/>\n<meta property=\"og:site_name\" content=\"Portal Tela Portugal\" \/>\n<meta property=\"article:published_time\" content=\"2026-03-25T08:59:00+00:00\" \/>\n<meta name=\"author\" content=\"Telinha\" \/>\n<meta name=\"twitter:card\" content=\"summary_large_image\" \/>\n<meta name=\"twitter:label1\" content=\"Escrito por\" \/>\n\t<meta name=\"twitter:data1\" content=\"Telinha\" \/>\n\t<meta name=\"twitter:label2\" content=\"Tempo estimado de leitura\" \/>\n\t<meta name=\"twitter:data2\" content=\"1 minuto\" \/>\n<script type=\"application\/ld+json\" class=\"yoast-schema-graph\">{\"@context\":\"https:\/\/schema.org\",\"@graph\":[{\"@type\":\"Article\",\"@id\":\"https:\/\/portaltela.pt\/noticias\/2026\/03\/25\/dois-suspeitos-detidos-por-incendio-antissemita-em-londres\/#article\",\"isPartOf\":{\"@id\":\"https:\/\/portaltela.pt\/noticias\/2026\/03\/25\/dois-suspeitos-detidos-por-incendio-antissemita-em-londres\/\"},\"author\":{\"name\":\"Telinha\",\"@id\":\"https:\/\/portaltela.pt\/#\/schema\/person\/c4278d4a6028830caff9ee44b42d32ed\"},\"headline\":\"Dois suspeitos detidos por inc\u00eandio antissemita em Londres\",\"datePublished\":\"2026-03-25T08:59:00+00:00\",\"mainEntityOfPage\":{\"@id\":\"https:\/\/portaltela.pt\/noticias\/2026\/03\/25\/dois-suspeitos-detidos-por-incendio-antissemita-em-londres\/\"},\"wordCount\":210,\"image\":{\"@id\":\"https:\/\/portaltela.pt\/noticias\/2026\/03\/25\/dois-suspeitos-detidos-por-incendio-antissemita-em-londres\/#primaryimage\"},\"thumbnailUrl\":\"https:\/\/portaltela.pt\/s.01k8rhncp4jt1\/2026\/03\/image-1480.jpg\",\"keywords\":[\"antisemitismo\",\"crime de \u00f3dio\",\"inc\u00eandio\",\"Londres\",\"seguran\u00e7a\",\"terrorismo\"],\"articleSection\":[\"Crime\",\"Pol\u00edcia\"],\"inLanguage\":\"pt-PT\"},{\"@type\":\"WebPage\",\"@id\":\"https:\/\/portaltela.pt\/noticias\/2026\/03\/25\/dois-suspeitos-detidos-por-incendio-antissemita-em-londres\/\",\"url\":\"https:\/\/portaltela.pt\/noticias\/2026\/03\/25\/dois-suspeitos-detidos-por-incendio-antissemita-em-londres\/\",\"name\":\"Dois suspeitos detidos por inc\u00eandio antissemita em Londres - Portal Tela Portugal\",\"isPartOf\":{\"@id\":\"https:\/\/portaltela.pt\/#website\"},\"primaryImageOfPage\":{\"@id\":\"https:\/\/portaltela.pt\/noticias\/2026\/03\/25\/dois-suspeitos-detidos-por-incendio-antissemita-em-londres\/#primaryimage\"},\"image\":{\"@id\":\"https:\/\/portaltela.pt\/noticias\/2026\/03\/25\/dois-suspeitos-detidos-por-incendio-antissemita-em-londres\/#primaryimage\"},\"thumbnailUrl\":\"https:\/\/portaltela.pt\/s.01k8rhncp4jt1\/2026\/03\/image-1480.jpg\",\"datePublished\":\"2026-03-25T08:59:00+00:00\",\"author\":{\"@id\":\"https:\/\/portaltela.pt\/#\/schema\/person\/c4278d4a6028830caff9ee44b42d32ed\"},\"breadcrumb\":{\"@id\":\"https:\/\/portaltela.pt\/noticias\/2026\/03\/25\/dois-suspeitos-detidos-por-incendio-antissemita-em-londres\/#breadcrumb\"},\"inLanguage\":\"pt-PT\",\"potentialAction\":[{\"@type\":\"ReadAction\",\"target\":[\"https:\/\/portaltela.pt\/noticias\/2026\/03\/25\/dois-suspeitos-detidos-por-incendio-antissemita-em-londres\/\"]}]},{\"@type\":\"ImageObject\",\"inLanguage\":\"pt-PT\",\"@id\":\"https:\/\/portaltela.pt\/noticias\/2026\/03\/25\/dois-suspeitos-detidos-por-incendio-antissemita-em-londres\/#primaryimage\",\"url\":\"https:\/\/portaltela.pt\/s.01k8rhncp4jt1\/2026\/03\/image-1480.jpg\",\"contentUrl\":\"https:\/\/portaltela.pt\/s.01k8rhncp4jt1\/2026\/03\/image-1480.jpg\",\"width\":796,\"height\":448,\"caption\":\"Foram incendiadas v\u00e1rias ambul\u00e2ncias no parque de estacionamento de uma sinagoga\"},{\"@type\":\"BreadcrumbList\",\"@id\":\"https:\/\/portaltela.pt\/noticias\/2026\/03\/25\/dois-suspeitos-detidos-por-incendio-antissemita-em-londres\/#breadcrumb\",\"itemListElement\":[{\"@type\":\"ListItem\",\"position\":1,\"name\":\"In\u00edcio\",\"item\":\"https:\/\/portaltela.pt\/\"},{\"@type\":\"ListItem\",\"position\":2,\"name\":\"Dois suspeitos detidos por inc\u00eandio antissemita em Londres\"}]},{\"@type\":\"WebSite\",\"@id\":\"https:\/\/portaltela.pt\/#website\",\"url\":\"https:\/\/portaltela.pt\/\",\"name\":\"Portal Tela Portugal\",\"description\":\"\",\"potentialAction\":[{\"@type\":\"SearchAction\",\"target\":{\"@type\":\"EntryPoint\",\"urlTemplate\":\"https:\/\/portaltela.pt\/?s={search_term_string}\"},\"query-input\":{\"@type\":\"PropertyValueSpecification\",\"valueRequired\":true,\"valueName\":\"search_term_string\"}}],\"inLanguage\":\"pt-PT\"},{\"@type\":\"Person\",\"@id\":\"https:\/\/portaltela.pt\/#\/schema\/person\/c4278d4a6028830caff9ee44b42d32ed\",\"name\":\"Telinha\",\"image\":{\"@type\":\"ImageObject\",\"inLanguage\":\"pt-PT\",\"@id\":\"https:\/\/portaltela.pt\/s.01k8rhncp4jt1\/2025\/11\/talking-bot-125x125.png\",\"url\":\"https:\/\/portaltela.pt\/s.01k8rhncp4jt1\/2025\/11\/talking-bot-125x125.png\",\"contentUrl\":\"https:\/\/portaltela.pt\/s.01k8rhncp4jt1\/2025\/11\/talking-bot-125x125.png\",\"caption\":\"Telinha\"},\"sameAs\":[\"https:\/\/portaltela.pt\/\"],\"url\":\"https:\/\/portaltela.pt\/por\/367410592786\/\"}]}<\/script>\n<!-- \/ Yoast SEO plugin. -->","yoast_head_json":{"title":"Dois suspeitos detidos por inc\u00eandio antissemita em Londres - Portal Tela Portugal","robots":{"index":"index","follow":"follow","max-snippet":"max-snippet:-1","max-image-preview":"max-image-preview:large","max-video-preview":"max-video-preview:-1"},"og_locale":"pt_PT","og_type":"article","og_title":"Dois suspeitos detidos por inc\u00eandio antissemita em Londres - Portal Tela Portugal","og_description":"Dois homens, de 45 e 47 anos, foram detidos por suspeita de fogo posto relacionado com o inc\u00eandio a quatro ambul\u00e2ncias da Hatzola Northwest em Londres, ocorrida na madrugada de segunda-feira. As deten\u00e7\u00f5es foram efetuadas pela unidade de antiterrorismo, em duas moradas diferentes na capital brit\u00e2nica, com buscas em curso nos locais. As autoridades j\u00e1 indicaram que, apesar do avan\u00e7o, as imagens de videovigil\u00e2ncia sugerem a presen\u00e7a de pelo menos tr\u00eas pessoas envolvidas no ataque. O incident ocorreu em Golders Green, bairro com elevada comunidade judaica, e as ambul\u00e2ncias ficaram reduzidas a carca\u00e7as ap\u00f3s um inc\u00eandio criminoso no parque de estacionamento de uma sinagoga. N\u00e3o houve feridos; explos\u00f5es das botijas de oxig\u00e9nio partiramjanelas de vizinhos e os investigadores estudam a poss\u00edvel reivindica\u00e7\u00e3o de autoria por grupo alegadamente ligado ao Ir\u00e3o.","og_url":"https:\/\/portaltela.pt\/noticias\/2026\/03\/25\/dois-suspeitos-detidos-por-incendio-antissemita-em-londres\/","og_site_name":"Portal Tela Portugal","article_published_time":"2026-03-25T08:59:00+00:00","author":"Telinha","twitter_card":"summary_large_image","twitter_misc":{"Escrito por":"Telinha","Tempo estimado de leitura":"1 minuto"},"schema":{"@context":"https:\/\/schema.org","@graph":[{"@type":"Article","@id":"https:\/\/portaltela.pt\/noticias\/2026\/03\/25\/dois-suspeitos-detidos-por-incendio-antissemita-em-londres\/#article","isPartOf":{"@id":"https:\/\/portaltela.pt\/noticias\/2026\/03\/25\/dois-suspeitos-detidos-por-incendio-antissemita-em-londres\/"},"author":{"name":"Telinha","@id":"https:\/\/portaltela.pt\/#\/schema\/person\/c4278d4a6028830caff9ee44b42d32ed"},"headline":"Dois suspeitos detidos por inc\u00eandio antissemita em Londres","datePublished":"2026-03-25T08:59:00+00:00","mainEntityOfPage":{"@id":"https:\/\/portaltela.pt\/noticias\/2026\/03\/25\/dois-suspeitos-detidos-por-incendio-antissemita-em-londres\/"},"wordCount":210,"image":{"@id":"https:\/\/portaltela.pt\/noticias\/2026\/03\/25\/dois-suspeitos-detidos-por-incendio-antissemita-em-londres\/#primaryimage"},"thumbnailUrl":"https:\/\/portaltela.pt\/s.01k8rhncp4jt1\/2026\/03\/image-1480.jpg","keywords":["antisemitismo","crime de \u00f3dio","inc\u00eandio","Londres","seguran\u00e7a","terrorismo"],"articleSection":["Crime","Pol\u00edcia"],"inLanguage":"pt-PT"},{"@type":"WebPage","@id":"https:\/\/portaltela.pt\/noticias\/2026\/03\/25\/dois-suspeitos-detidos-por-incendio-antissemita-em-londres\/","url":"https:\/\/portaltela.pt\/noticias\/2026\/03\/25\/dois-suspeitos-detidos-por-incendio-antissemita-em-londres\/","name":"Dois suspeitos detidos por inc\u00eandio antissemita em Londres - Portal Tela Portugal","isPartOf":{"@id":"https:\/\/portaltela.pt\/#website"},"primaryImageOfPage":{"@id":"https:\/\/portaltela.pt\/noticias\/2026\/03\/25\/dois-suspeitos-detidos-por-incendio-antissemita-em-londres\/#primaryimage"},"image":{"@id":"https:\/\/portaltela.pt\/noticias\/2026\/03\/25\/dois-suspeitos-detidos-por-incendio-antissemita-em-londres\/#primaryimage"},"thumbnailUrl":"https:\/\/portaltela.pt\/s.01k8rhncp4jt1\/2026\/03\/image-1480.jpg","datePublished":"2026-03-25T08:59:00+00:00","author":{"@id":"https:\/\/portaltela.pt\/#\/schema\/person\/c4278d4a6028830caff9ee44b42d32ed"},"breadcrumb":{"@id":"https:\/\/portaltela.pt\/noticias\/2026\/03\/25\/dois-suspeitos-detidos-por-incendio-antissemita-em-londres\/#breadcrumb"},"inLanguage":"pt-PT","potentialAction":[{"@type":"ReadAction","target":["https:\/\/portaltela.pt\/noticias\/2026\/03\/25\/dois-suspeitos-detidos-por-incendio-antissemita-em-londres\/"]}]},{"@type":"ImageObject","inLanguage":"pt-PT","@id":"https:\/\/portaltela.pt\/noticias\/2026\/03\/25\/dois-suspeitos-detidos-por-incendio-antissemita-em-londres\/#primaryimage","url":"https:\/\/portaltela.pt\/s.01k8rhncp4jt1\/2026\/03\/image-1480.jpg","contentUrl":"https:\/\/portaltela.pt\/s.01k8rhncp4jt1\/2026\/03\/image-1480.jpg","width":796,"height":448,"caption":"Foram incendiadas v\u00e1rias ambul\u00e2ncias no parque de estacionamento de uma sinagoga"},{"@type":"BreadcrumbList","@id":"https:\/\/portaltela.pt\/noticias\/2026\/03\/25\/dois-suspeitos-detidos-por-incendio-antissemita-em-londres\/#breadcrumb","itemListElement":[{"@type":"ListItem","position":1,"name":"In\u00edcio","item":"https:\/\/portaltela.pt\/"},{"@type":"ListItem","position":2,"name":"Dois suspeitos detidos por inc\u00eandio antissemita em Londres"}]},{"@type":"WebSite","@id":"https:\/\/portaltela.pt\/#website","url":"https:\/\/portaltela.pt\/","name":"Portal Tela Portugal","description":"","potentialAction":[{"@type":"SearchAction","target":{"@type":"EntryPoint","urlTemplate":"https:\/\/portaltela.pt\/?s={search_term_string}"},"query-input":{"@type":"PropertyValueSpecification","valueRequired":true,"valueName":"search_term_string"}}],"inLanguage":"pt-PT"},{"@type":"Person","@id":"https:\/\/portaltela.pt\/#\/schema\/person\/c4278d4a6028830caff9ee44b42d32ed","name":"Telinha","image":{"@type":"ImageObject","inLanguage":"pt-PT","@id":"https:\/\/portaltela.pt\/s.01k8rhncp4jt1\/2025\/11\/talking-bot-125x125.png","url":"https:\/\/portaltela.pt\/s.01k8rhncp4jt1\/2025\/11\/talking-bot-125x125.png","contentUrl":"https:\/\/portaltela.pt\/s.01k8rhncp4jt1\/2025\/11\/talking-bot-125x125.png","caption":"Telinha"},"sameAs":["https:\/\/portaltela.pt\/"],"url":"https:\/\/portaltela.pt\/por\/367410592786\/"}]}},"_links":{"self":[{"href":"https:\/\/portaltela.pt\/api\/wp\/v2\/posts\/420490","targetHints":{"allow":["GET"]}}],"collection":[{"href":"https:\/\/portaltela.pt\/api\/wp\/v2\/posts"}],"about":[{"href":"https:\/\/portaltela.pt\/api\/wp\/v2\/types\/post"}],"author":[{"embeddable":true,"href":"https:\/\/portaltela.pt\/api\/wp\/v2\/users\/2"}],"replies":[{"embeddable":true,"href":"https:\/\/portaltela.pt\/api\/wp\/v2\/comments?post=420490"}],"version-history":[{"count":0,"href":"https:\/\/portaltela.pt\/api\/wp\/v2\/posts\/420490\/revisions"}],"wp:featuredmedia":[{"embeddable":true,"href":"https:\/\/portaltela.pt\/api\/wp\/v2\/media\/420501"}],"wp:attachment":[{"href":"https:\/\/portaltela.pt\/api\/wp\/v2\/media?parent=420490"}],"wp:term":[{"taxonomy":"category","embeddable":true,"href":"https:\/\/portaltela.pt\/api\/wp\/v2\/categories?post=420490"},{"taxonomy":"post_tag","embeddable":true,"href":"https:\/\/portaltela.pt\/api\/wp\/v2\/tags?post=420490"}],"curies":[{"name":"wp","href":"https:\/\/api.w.org\/{rel}","templated":true}]}}