{"id":420489,"date":"2026-03-25T05:59:16","date_gmt":"2026-03-25T08:59:16","guid":{"rendered":"https:\/\/portaltela.pt\/noticias\/2026\/03\/25\/empresario-extraditado-de-portugal-para-maputo-em-megaprocesso-de-branqueamento\/"},"modified":"2026-03-25T05:59:16","modified_gmt":"2026-03-25T08:59:16","slug":"empresario-extraditado-de-portugal-para-maputo-em-megaprocesso-de-branqueamento","status":"publish","type":"post","link":"https:\/\/portaltela.pt\/criminalidade\/2026\/03\/25\/empresario-extraditado-de-portugal-para-maputo-em-megaprocesso-de-branqueamento\/","title":{"rendered":"Empres\u00e1rio extraditado de Portugal para Maputo em megaprocesso de branqueamento"},"content":{"rendered":"<p>Abdul Gafar Gulam chegou a Maputo esta quarta-feira, tendo sido extraditado de Portugal no \u00e2mbito de um megaprocesso de branqueamento de capitais, fraude fiscal e associa\u00e7\u00e3o criminosa. O processo 3\/GCCCOT\/22, tamb\u00e9m conhecido como opera\u00e7\u00e3o stop branqueamento, envolve 40 arguidos e 32 sociedades comerciais. A extradi\u00e7\u00e3o foi solicitada pelas autoridades mo\u00e7ambicanas.<\/p>\n<p>Segundo fonte ligada ao caso, Gulam foi localizado em Lisboa, onde permaneceu detido desde 2025 at\u00e9 \u00e0 conclus\u00e3o do pedido de extradi\u00e7\u00e3o, autorizado pelo Tribunal da Rela\u00e7\u00e3o de Lisboa. O empres\u00e1rio ser\u00e1 presente quinta-feira perante o Juiz da Instru\u00e7\u00e3o Criminal, em Maputo, para o primeiro interrogat\u00f3rio judicial de arguido preso.<\/p>\n<p>A investiga\u00e7\u00e3o aponta para a cria\u00e7\u00e3o de v\u00e1rias empresas de fachada por meio de testa de ferro, com contas abertas em bancos nacionais. As transac\u00e7\u00f5es envolvem dezenas de milh\u00f5es de d\u00f3lares, movimenta\u00e7\u00f5es em diversas jurisdi\u00e7\u00f5es estrangeiras e documentos simulados para justificar os pagamentos.<\/p>\n<h3>Outros arguidos<\/h3>\n<p>Hussen Gulam Mahomed, tamb\u00e9m envolvido no processo, permanece em pris\u00e3o preventiva desde 31 de julho de 2025 e foi extraditado dos Emirados \u00c1rabes Unidos para Maputo nesse m\u00eas. O irm\u00e3o de Mahomed, Norolamin Gulam, encontra-se nos Estados Unidos sob a suspeita de tr\u00e1fico internacional de droga e \u00e9 alegado no mesmo processo.<\/p>\n<p>Entre 2019 e 2022, o grupo teria transferido para o estrangeiro cerca de 140 milh\u00f5es de d\u00f3lares, alegadamente para a compra de mercadorias que nunca desembarcaram em territ\u00f3rio mo\u00e7ambicano. A investiga\u00e7\u00e3o sustenta que as empresas de fachada n\u00e3o exerciam atividade comercial, n\u00e3o tinham trabalhadores nem opera\u00e7\u00f5es reais, prejudicando o Estado.<\/p>\n<p>A acusa\u00e7\u00e3o aponta ainda a utiliza\u00e7\u00e3o de termas de compromisso de intermedia\u00e7\u00e3o banc\u00e1ria, faturas proformas e documentos aduaneiros falsos para justificar as transfer\u00eancias. A opera\u00e7\u00e3o visou desvirar recursos para jurisdi\u00e7\u00f5es como Portugal, Turquia, China, Hong Kong, Maur\u00edcias, Tail\u00e2ndia, Jap\u00e3o, Emirados \u00c1rabes Unidos e Mal\u00e1sia.<\/p>\n","protected":false},"excerpt":{"rendered":"<ul>\n<li>Abdul Gafar Gulam foi extraditado de Portugal para Maputo no \u00e2mbito do megaprocesso de branqueamento de capitais, fraude fiscal e associa\u00e7\u00e3o criminosa em Mo\u00e7ambique.<\/li>\n<li>A investiga\u00e7\u00e3o aponta para a cria\u00e7\u00e3o de pelo menos oito empresas de fachada, uso de terceiros como testa-de-ferro e emiss\u00e3o de faturas falsas para justificar transfer\u00eancias no estrangeiro, sem entrada de mercadorias em territ\u00f3rio mo\u00e7ambicano.<\/li>\n<li>Entre 2019 e 2022, o investigado transferiu ao estrangeiro cerca de 140 milh\u00f5es de dollars, alegadamente para pagamento de mercadorias que nunca chegaram a ser desembara\u00e7adas em Mo\u00e7ambique.<\/li>\n<li>A extradi\u00e7\u00e3o, solicitada pelas autoridades mo\u00e7ambicanas e autorizada pelo Tribunal da Rela\u00e7\u00e3o de Lisboa, ocorreu depois de Gulam ter sido detido em Portugal desde 2025; ter\u00e1 primeiro interrogat\u00f3rio judicial em Maputo.<\/li>\n<li>Outros arguidos no processo 3\/GCCCOT\/22 incluem Hussen Gulam Mahomed, extraditado de Emirados \u00c1rabes Unidos, e Norolamin Gulam, detido nos Estados Unidos por tr\u00e1fico de droga.<\/li>\n<\/ul>\n","protected":false},"author":2,"featured_media":420499,"comment_status":"closed","ping_status":"closed","sticky":false,"template":"","format":"standard","meta":{"footnotes":""},"categories":[6907,7374],"tags":[1151,191,5833,95,1911,1014],"class_list":["post-420489","post","type-post","status-publish","format-standard","has-post-thumbnail","hentry","category-crime","category-criminalidade","tag-associacao-criminosa","tag-branqueamento-de-capitais","tag-extradicoes","tag-fraude-fiscal","tag-mocambique","tag-portugal"],"yoast_head":"<!-- This site is optimized with the Yoast SEO plugin v27.2 - https:\/\/yoast.com\/product\/yoast-seo-wordpress\/ -->\n<title>Empres\u00e1rio extraditado de Portugal para Maputo em megaprocesso de branqueamento - Portal Tela Portugal<\/title>\n<meta name=\"robots\" content=\"index, follow, max-snippet:-1, max-image-preview:large, max-video-preview:-1\" \/>\n<meta property=\"og:locale\" content=\"pt_PT\" \/>\n<meta property=\"og:type\" content=\"article\" \/>\n<meta property=\"og:title\" content=\"Empres\u00e1rio extraditado de Portugal para Maputo em megaprocesso de branqueamento - Portal Tela Portugal\" \/>\n<meta property=\"og:description\" content=\"Abdul Gafar Gulam foi extraditado de Portugal para Maputo no \u00e2mbito do megaprocesso de branqueamento de capitais, fraude fiscal e associa\u00e7\u00e3o criminosa em Mo\u00e7ambique. A investiga\u00e7\u00e3o aponta para a cria\u00e7\u00e3o de pelo menos oito empresas de fachada, uso de terceiros como testa-de-ferro e emiss\u00e3o de faturas falsas para justificar transfer\u00eancias no estrangeiro, sem entrada de mercadorias em territ\u00f3rio mo\u00e7ambicano. Entre 2019 e 2022, o investigado transferiu ao estrangeiro cerca de 140 milh\u00f5es de dollars, alegadamente para pagamento de mercadorias que nunca chegaram a ser desembara\u00e7adas em Mo\u00e7ambique. A extradi\u00e7\u00e3o, solicitada pelas autoridades mo\u00e7ambicanas e autorizada pelo Tribunal da Rela\u00e7\u00e3o de Lisboa, ocorreu depois de Gulam ter sido detido em Portugal desde 2025; ter\u00e1 primeiro interrogat\u00f3rio judicial em Maputo. Outros arguidos no processo 3\/GCCCOT\/22 incluem Hussen Gulam Mahomed, extraditado de Emirados \u00c1rabes Unidos, e Norolamin Gulam, detido nos Estados Unidos por tr\u00e1fico de droga.\" \/>\n<meta property=\"og:url\" content=\"https:\/\/portaltela.pt\/noticias\/2026\/03\/25\/empresario-extraditado-de-portugal-para-maputo-em-megaprocesso-de-branqueamento\/\" \/>\n<meta property=\"og:site_name\" content=\"Portal Tela Portugal\" \/>\n<meta property=\"article:published_time\" content=\"2026-03-25T08:59:16+00:00\" \/>\n<meta name=\"author\" content=\"Telinha\" \/>\n<meta name=\"twitter:card\" content=\"summary_large_image\" \/>\n<meta name=\"twitter:label1\" content=\"Escrito por\" \/>\n\t<meta name=\"twitter:data1\" content=\"Telinha\" \/>\n\t<meta name=\"twitter:label2\" content=\"Tempo estimado de leitura\" \/>\n\t<meta name=\"twitter:data2\" content=\"2 minutos\" \/>\n<script type=\"application\/ld+json\" class=\"yoast-schema-graph\">{\"@context\":\"https:\/\/schema.org\",\"@graph\":[{\"@type\":\"Article\",\"@id\":\"https:\/\/portaltela.pt\/noticias\/2026\/03\/25\/empresario-extraditado-de-portugal-para-maputo-em-megaprocesso-de-branqueamento\/#article\",\"isPartOf\":{\"@id\":\"https:\/\/portaltela.pt\/noticias\/2026\/03\/25\/empresario-extraditado-de-portugal-para-maputo-em-megaprocesso-de-branqueamento\/\"},\"author\":{\"name\":\"Telinha\",\"@id\":\"https:\/\/portaltela.pt\/#\/schema\/person\/c4278d4a6028830caff9ee44b42d32ed\"},\"headline\":\"Empres\u00e1rio extraditado de Portugal para Maputo em megaprocesso de branqueamento\",\"datePublished\":\"2026-03-25T08:59:16+00:00\",\"mainEntityOfPage\":{\"@id\":\"https:\/\/portaltela.pt\/noticias\/2026\/03\/25\/empresario-extraditado-de-portugal-para-maputo-em-megaprocesso-de-branqueamento\/\"},\"wordCount\":335,\"image\":{\"@id\":\"https:\/\/portaltela.pt\/noticias\/2026\/03\/25\/empresario-extraditado-de-portugal-para-maputo-em-megaprocesso-de-branqueamento\/#primaryimage\"},\"thumbnailUrl\":\"https:\/\/portaltela.pt\/s.01k8rhncp4jt1\/2026\/03\/img_1500x1000uu2018-12-30-15-07-02-809578.jpg\",\"keywords\":[\"associa\u00e7\u00e3o criminosa\",\"branqueamento de capitais\",\"extradi\u00e7\u00f5es\",\"fraude fiscal\",\"Mo\u00e7ambique\",\"Portugal\"],\"articleSection\":[\"Crime\",\"Criminalidade\"],\"inLanguage\":\"pt-PT\"},{\"@type\":\"WebPage\",\"@id\":\"https:\/\/portaltela.pt\/noticias\/2026\/03\/25\/empresario-extraditado-de-portugal-para-maputo-em-megaprocesso-de-branqueamento\/\",\"url\":\"https:\/\/portaltela.pt\/noticias\/2026\/03\/25\/empresario-extraditado-de-portugal-para-maputo-em-megaprocesso-de-branqueamento\/\",\"name\":\"Empres\u00e1rio extraditado de Portugal para Maputo em megaprocesso de branqueamento - Portal Tela Portugal\",\"isPartOf\":{\"@id\":\"https:\/\/portaltela.pt\/#website\"},\"primaryImageOfPage\":{\"@id\":\"https:\/\/portaltela.pt\/noticias\/2026\/03\/25\/empresario-extraditado-de-portugal-para-maputo-em-megaprocesso-de-branqueamento\/#primaryimage\"},\"image\":{\"@id\":\"https:\/\/portaltela.pt\/noticias\/2026\/03\/25\/empresario-extraditado-de-portugal-para-maputo-em-megaprocesso-de-branqueamento\/#primaryimage\"},\"thumbnailUrl\":\"https:\/\/portaltela.pt\/s.01k8rhncp4jt1\/2026\/03\/img_1500x1000uu2018-12-30-15-07-02-809578.jpg\",\"datePublished\":\"2026-03-25T08:59:16+00:00\",\"author\":{\"@id\":\"https:\/\/portaltela.pt\/#\/schema\/person\/c4278d4a6028830caff9ee44b42d32ed\"},\"breadcrumb\":{\"@id\":\"https:\/\/portaltela.pt\/noticias\/2026\/03\/25\/empresario-extraditado-de-portugal-para-maputo-em-megaprocesso-de-branqueamento\/#breadcrumb\"},\"inLanguage\":\"pt-PT\",\"potentialAction\":[{\"@type\":\"ReadAction\",\"target\":[\"https:\/\/portaltela.pt\/noticias\/2026\/03\/25\/empresario-extraditado-de-portugal-para-maputo-em-megaprocesso-de-branqueamento\/\"]}]},{\"@type\":\"ImageObject\",\"inLanguage\":\"pt-PT\",\"@id\":\"https:\/\/portaltela.pt\/noticias\/2026\/03\/25\/empresario-extraditado-de-portugal-para-maputo-em-megaprocesso-de-branqueamento\/#primaryimage\",\"url\":\"https:\/\/portaltela.pt\/s.01k8rhncp4jt1\/2026\/03\/img_1500x1000uu2018-12-30-15-07-02-809578.jpg\",\"contentUrl\":\"https:\/\/portaltela.pt\/s.01k8rhncp4jt1\/2026\/03\/img_1500x1000uu2018-12-30-15-07-02-809578.jpg\",\"width\":796,\"height\":448,\"caption\":\"Empres\u00e1rio em megaprocesso de branqueamento extraditado por Portugal para Maputo\"},{\"@type\":\"BreadcrumbList\",\"@id\":\"https:\/\/portaltela.pt\/noticias\/2026\/03\/25\/empresario-extraditado-de-portugal-para-maputo-em-megaprocesso-de-branqueamento\/#breadcrumb\",\"itemListElement\":[{\"@type\":\"ListItem\",\"position\":1,\"name\":\"In\u00edcio\",\"item\":\"https:\/\/portaltela.pt\/\"},{\"@type\":\"ListItem\",\"position\":2,\"name\":\"Empres\u00e1rio extraditado de Portugal para Maputo em megaprocesso de branqueamento\"}]},{\"@type\":\"WebSite\",\"@id\":\"https:\/\/portaltela.pt\/#website\",\"url\":\"https:\/\/portaltela.pt\/\",\"name\":\"Portal Tela Portugal\",\"description\":\"\",\"potentialAction\":[{\"@type\":\"SearchAction\",\"target\":{\"@type\":\"EntryPoint\",\"urlTemplate\":\"https:\/\/portaltela.pt\/?s={search_term_string}\"},\"query-input\":{\"@type\":\"PropertyValueSpecification\",\"valueRequired\":true,\"valueName\":\"search_term_string\"}}],\"inLanguage\":\"pt-PT\"},{\"@type\":\"Person\",\"@id\":\"https:\/\/portaltela.pt\/#\/schema\/person\/c4278d4a6028830caff9ee44b42d32ed\",\"name\":\"Telinha\",\"image\":{\"@type\":\"ImageObject\",\"inLanguage\":\"pt-PT\",\"@id\":\"https:\/\/portaltela.pt\/s.01k8rhncp4jt1\/2025\/11\/talking-bot-125x125.png\",\"url\":\"https:\/\/portaltela.pt\/s.01k8rhncp4jt1\/2025\/11\/talking-bot-125x125.png\",\"contentUrl\":\"https:\/\/portaltela.pt\/s.01k8rhncp4jt1\/2025\/11\/talking-bot-125x125.png\",\"caption\":\"Telinha\"},\"sameAs\":[\"https:\/\/portaltela.pt\/\"],\"url\":\"https:\/\/portaltela.pt\/por\/367410592786\/\"}]}<\/script>\n<!-- \/ Yoast SEO plugin. -->","yoast_head_json":{"title":"Empres\u00e1rio extraditado de Portugal para Maputo em megaprocesso de branqueamento - Portal Tela Portugal","robots":{"index":"index","follow":"follow","max-snippet":"max-snippet:-1","max-image-preview":"max-image-preview:large","max-video-preview":"max-video-preview:-1"},"og_locale":"pt_PT","og_type":"article","og_title":"Empres\u00e1rio extraditado de Portugal para Maputo em megaprocesso de branqueamento - Portal Tela Portugal","og_description":"Abdul Gafar Gulam foi extraditado de Portugal para Maputo no \u00e2mbito do megaprocesso de branqueamento de capitais, fraude fiscal e associa\u00e7\u00e3o criminosa em Mo\u00e7ambique. A investiga\u00e7\u00e3o aponta para a cria\u00e7\u00e3o de pelo menos oito empresas de fachada, uso de terceiros como testa-de-ferro e emiss\u00e3o de faturas falsas para justificar transfer\u00eancias no estrangeiro, sem entrada de mercadorias em territ\u00f3rio mo\u00e7ambicano. Entre 2019 e 2022, o investigado transferiu ao estrangeiro cerca de 140 milh\u00f5es de dollars, alegadamente para pagamento de mercadorias que nunca chegaram a ser desembara\u00e7adas em Mo\u00e7ambique. A extradi\u00e7\u00e3o, solicitada pelas autoridades mo\u00e7ambicanas e autorizada pelo Tribunal da Rela\u00e7\u00e3o de Lisboa, ocorreu depois de Gulam ter sido detido em Portugal desde 2025; ter\u00e1 primeiro interrogat\u00f3rio judicial em Maputo. Outros arguidos no processo 3\/GCCCOT\/22 incluem Hussen Gulam Mahomed, extraditado de Emirados \u00c1rabes Unidos, e Norolamin Gulam, detido nos Estados Unidos por tr\u00e1fico de droga.","og_url":"https:\/\/portaltela.pt\/noticias\/2026\/03\/25\/empresario-extraditado-de-portugal-para-maputo-em-megaprocesso-de-branqueamento\/","og_site_name":"Portal Tela Portugal","article_published_time":"2026-03-25T08:59:16+00:00","author":"Telinha","twitter_card":"summary_large_image","twitter_misc":{"Escrito por":"Telinha","Tempo estimado de leitura":"2 minutos"},"schema":{"@context":"https:\/\/schema.org","@graph":[{"@type":"Article","@id":"https:\/\/portaltela.pt\/noticias\/2026\/03\/25\/empresario-extraditado-de-portugal-para-maputo-em-megaprocesso-de-branqueamento\/#article","isPartOf":{"@id":"https:\/\/portaltela.pt\/noticias\/2026\/03\/25\/empresario-extraditado-de-portugal-para-maputo-em-megaprocesso-de-branqueamento\/"},"author":{"name":"Telinha","@id":"https:\/\/portaltela.pt\/#\/schema\/person\/c4278d4a6028830caff9ee44b42d32ed"},"headline":"Empres\u00e1rio extraditado de Portugal para Maputo em megaprocesso de branqueamento","datePublished":"2026-03-25T08:59:16+00:00","mainEntityOfPage":{"@id":"https:\/\/portaltela.pt\/noticias\/2026\/03\/25\/empresario-extraditado-de-portugal-para-maputo-em-megaprocesso-de-branqueamento\/"},"wordCount":335,"image":{"@id":"https:\/\/portaltela.pt\/noticias\/2026\/03\/25\/empresario-extraditado-de-portugal-para-maputo-em-megaprocesso-de-branqueamento\/#primaryimage"},"thumbnailUrl":"https:\/\/portaltela.pt\/s.01k8rhncp4jt1\/2026\/03\/img_1500x1000uu2018-12-30-15-07-02-809578.jpg","keywords":["associa\u00e7\u00e3o criminosa","branqueamento de capitais","extradi\u00e7\u00f5es","fraude fiscal","Mo\u00e7ambique","Portugal"],"articleSection":["Crime","Criminalidade"],"inLanguage":"pt-PT"},{"@type":"WebPage","@id":"https:\/\/portaltela.pt\/noticias\/2026\/03\/25\/empresario-extraditado-de-portugal-para-maputo-em-megaprocesso-de-branqueamento\/","url":"https:\/\/portaltela.pt\/noticias\/2026\/03\/25\/empresario-extraditado-de-portugal-para-maputo-em-megaprocesso-de-branqueamento\/","name":"Empres\u00e1rio extraditado de Portugal para Maputo em megaprocesso de branqueamento - Portal Tela Portugal","isPartOf":{"@id":"https:\/\/portaltela.pt\/#website"},"primaryImageOfPage":{"@id":"https:\/\/portaltela.pt\/noticias\/2026\/03\/25\/empresario-extraditado-de-portugal-para-maputo-em-megaprocesso-de-branqueamento\/#primaryimage"},"image":{"@id":"https:\/\/portaltela.pt\/noticias\/2026\/03\/25\/empresario-extraditado-de-portugal-para-maputo-em-megaprocesso-de-branqueamento\/#primaryimage"},"thumbnailUrl":"https:\/\/portaltela.pt\/s.01k8rhncp4jt1\/2026\/03\/img_1500x1000uu2018-12-30-15-07-02-809578.jpg","datePublished":"2026-03-25T08:59:16+00:00","author":{"@id":"https:\/\/portaltela.pt\/#\/schema\/person\/c4278d4a6028830caff9ee44b42d32ed"},"breadcrumb":{"@id":"https:\/\/portaltela.pt\/noticias\/2026\/03\/25\/empresario-extraditado-de-portugal-para-maputo-em-megaprocesso-de-branqueamento\/#breadcrumb"},"inLanguage":"pt-PT","potentialAction":[{"@type":"ReadAction","target":["https:\/\/portaltela.pt\/noticias\/2026\/03\/25\/empresario-extraditado-de-portugal-para-maputo-em-megaprocesso-de-branqueamento\/"]}]},{"@type":"ImageObject","inLanguage":"pt-PT","@id":"https:\/\/portaltela.pt\/noticias\/2026\/03\/25\/empresario-extraditado-de-portugal-para-maputo-em-megaprocesso-de-branqueamento\/#primaryimage","url":"https:\/\/portaltela.pt\/s.01k8rhncp4jt1\/2026\/03\/img_1500x1000uu2018-12-30-15-07-02-809578.jpg","contentUrl":"https:\/\/portaltela.pt\/s.01k8rhncp4jt1\/2026\/03\/img_1500x1000uu2018-12-30-15-07-02-809578.jpg","width":796,"height":448,"caption":"Empres\u00e1rio em megaprocesso de branqueamento extraditado por Portugal para Maputo"},{"@type":"BreadcrumbList","@id":"https:\/\/portaltela.pt\/noticias\/2026\/03\/25\/empresario-extraditado-de-portugal-para-maputo-em-megaprocesso-de-branqueamento\/#breadcrumb","itemListElement":[{"@type":"ListItem","position":1,"name":"In\u00edcio","item":"https:\/\/portaltela.pt\/"},{"@type":"ListItem","position":2,"name":"Empres\u00e1rio extraditado de Portugal para Maputo em megaprocesso de branqueamento"}]},{"@type":"WebSite","@id":"https:\/\/portaltela.pt\/#website","url":"https:\/\/portaltela.pt\/","name":"Portal Tela Portugal","description":"","potentialAction":[{"@type":"SearchAction","target":{"@type":"EntryPoint","urlTemplate":"https:\/\/portaltela.pt\/?s={search_term_string}"},"query-input":{"@type":"PropertyValueSpecification","valueRequired":true,"valueName":"search_term_string"}}],"inLanguage":"pt-PT"},{"@type":"Person","@id":"https:\/\/portaltela.pt\/#\/schema\/person\/c4278d4a6028830caff9ee44b42d32ed","name":"Telinha","image":{"@type":"ImageObject","inLanguage":"pt-PT","@id":"https:\/\/portaltela.pt\/s.01k8rhncp4jt1\/2025\/11\/talking-bot-125x125.png","url":"https:\/\/portaltela.pt\/s.01k8rhncp4jt1\/2025\/11\/talking-bot-125x125.png","contentUrl":"https:\/\/portaltela.pt\/s.01k8rhncp4jt1\/2025\/11\/talking-bot-125x125.png","caption":"Telinha"},"sameAs":["https:\/\/portaltela.pt\/"],"url":"https:\/\/portaltela.pt\/por\/367410592786\/"}]}},"_links":{"self":[{"href":"https:\/\/portaltela.pt\/api\/wp\/v2\/posts\/420489","targetHints":{"allow":["GET"]}}],"collection":[{"href":"https:\/\/portaltela.pt\/api\/wp\/v2\/posts"}],"about":[{"href":"https:\/\/portaltela.pt\/api\/wp\/v2\/types\/post"}],"author":[{"embeddable":true,"href":"https:\/\/portaltela.pt\/api\/wp\/v2\/users\/2"}],"replies":[{"embeddable":true,"href":"https:\/\/portaltela.pt\/api\/wp\/v2\/comments?post=420489"}],"version-history":[{"count":0,"href":"https:\/\/portaltela.pt\/api\/wp\/v2\/posts\/420489\/revisions"}],"wp:featuredmedia":[{"embeddable":true,"href":"https:\/\/portaltela.pt\/api\/wp\/v2\/media\/420499"}],"wp:attachment":[{"href":"https:\/\/portaltela.pt\/api\/wp\/v2\/media?parent=420489"}],"wp:term":[{"taxonomy":"category","embeddable":true,"href":"https:\/\/portaltela.pt\/api\/wp\/v2\/categories?post=420489"},{"taxonomy":"post_tag","embeddable":true,"href":"https:\/\/portaltela.pt\/api\/wp\/v2\/tags?post=420489"}],"curies":[{"name":"wp","href":"https:\/\/api.w.org\/{rel}","templated":true}]}}