{"id":420463,"date":"2026-03-25T05:32:07","date_gmt":"2026-03-25T08:32:07","guid":{"rendered":"https:\/\/portaltela.pt\/noticias\/2026\/03\/25\/cern-leva-antimateria-para-fora-do-laboratorio-pela-primeira-vez\/"},"modified":"2026-03-25T05:32:07","modified_gmt":"2026-03-25T08:32:07","slug":"cern-leva-antimateria-para-fora-do-laboratorio-pela-primeira-vez","status":"publish","type":"post","link":"https:\/\/portaltela.pt\/tecnologia\/2026\/03\/25\/cern-leva-antimateria-para-fora-do-laboratorio-pela-primeira-vez\/","title":{"rendered":"CERN leva antimat\u00e9ria para fora do laborat\u00f3rio pela primeira vez"},"content":{"rendered":"<p>CERN transporta antimat\u00e9ria para al\u00e9m do laborat\u00f3rio pela primeira vez, numa experi\u00eancia controlada que durou quatro horas. Cerca de 100 antiprot\u00f5es foram contidos numa armadilha transport\u00e1vel sob condi\u00e7\u00f5es extremas, sem contacto com mat\u00e9ria normal.<\/p>\n<p>O teste ocorreu na F\u00e1brica de Antimat\u00e9ria do CERN, perto de Genebra, com um cami\u00e3o que transportou o contentor especialmente concebido. A miss\u00e3o visou confirmar que as part\u00edculas podem deslocar-se em seguran\u00e7a at\u00e9 laborat\u00f3rio externo, sem risco de libertar energia repentina.<\/p>\n<p>A armadilha mant\u00e9m os antiprot\u00f5es suspensos num v\u00e1cuo, a temperaturas perto do zero absoluto, sem tocar nas paredes de material. O transporte foi feito sob supervis\u00e3o rigorosa para evitar qualquer contacto com mat\u00e9ria.<\/p>\n<h3>Porqu\u00ea transportar antimat\u00e9ria?<\/h3>\n<p>A antimat\u00e9ria \u00e9 extremamente rara e fr\u00e1gil; contacto com mat\u00e9ria comum provoca aniquila\u00e7\u00e3o instant\u00e2nea. Estudar estas part\u00edculas pode responder a perguntas sobre a exist\u00eancia do universo tal como o conhecemos.<\/p>\n<p>A equipa de investigadores e especialistas explicou que o desafio principal \u00e9 manter as part\u00edculas confinadas fora do ambiente de laborat\u00f3rio. A tecnologia envolve campos el\u00e9tricos e magn\u00e9ticos fortes e frio extremo para evitar choques com as paredes.<\/p>\n<h3>Perspetivas futuras e pr\u00f3ximos passos<\/h3>\n<p>A experi\u00eancia \u00e9 vista como um passo pioneiro para desloca\u00e7\u00f5es futuras de antiprot\u00f5es entre laborat\u00f3rios europeus, incluindo D\u00fcsseldorf, onde medi\u00e7\u00f5es de maior precis\u00e3o podem ocorrer. A ideia \u00e9 estudar antimat\u00e9ria sem interfer\u00eancias externas.<\/p>\n<p>Especialistas destacam que, apesar de a demonstra\u00e7\u00e3o ser promissora, ainda existem limita\u00e7\u00f5es. A armadilha atual tem autonomia de cerca de quatro horas e a desloca\u00e7\u00e3o at\u00e9 D\u00fcsseldorf levaria o dobro do tempo, exigindo avan\u00e7os tecnol\u00f3gicos adicionais.<\/p>\n","protected":false},"excerpt":{"rendered":"<ul>\n<li>Cientistas do CERN transportaram cerca de 100 antiprot\u00f5es para fora do laborat\u00f3rio, num cami\u00e3o, dentro de uma armadilha transport\u00e1vel de antiprot\u00f5es.<\/li>\n<li>A opera\u00e7\u00e3o visou testar se as part\u00edculas fr\u00e1gil podem manter-se confinadas fora do ambiente controlado, durante uma viagem de cerca de meia hora.<\/li>\n<li>A armadilha mant\u00e9m os antiprot\u00f5es suspensos num v\u00e1cuo, a temperaturas ultrafrias de -269 graus Celsius, evitando que entrem em contacto com mat\u00e9ria normal.<\/li>\n<li>O objetivo \u00e9 permitir, no futuro, desloca\u00e7\u00f5es at\u00e9 laborat\u00f3rios em outros locais da Europa, como a Universidade Heinrich Heine, em D\u00fcsseldorf, para medi\u00e7\u00f5es de alta precis\u00e3o.<\/li>\n<li>A antimat\u00e9ria \u00e9 extremamente rara e, ao contactar com mat\u00e9ria, aniquila-se, o que torna estes comandos de transporte um desafio t\u00e9cnico crucial para o estudo das antiprot\u00f5es.<\/li>\n<\/ul>\n","protected":false},"author":2,"featured_media":420469,"comment_status":"closed","ping_status":"closed","sticky":false,"template":"","format":"standard","meta":{"footnotes":""},"categories":[6716],"tags":[1992,54,2487,215,1014],"class_list":["post-420463","post","type-post","status-publish","format-standard","has-post-thumbnail","hentry","category-tecnologia","tag-ciencia","tag-descobertas","tag-europa","tag-investigacao","tag-portugal"],"yoast_head":"<!-- This site is optimized with the Yoast SEO plugin v27.2 - https:\/\/yoast.com\/product\/yoast-seo-wordpress\/ -->\n<title>CERN leva antimat\u00e9ria para fora do laborat\u00f3rio pela primeira vez - Portal Tela Portugal<\/title>\n<meta name=\"robots\" content=\"index, follow, max-snippet:-1, max-image-preview:large, max-video-preview:-1\" \/>\n<meta property=\"og:locale\" content=\"pt_PT\" \/>\n<meta property=\"og:type\" content=\"article\" \/>\n<meta property=\"og:title\" content=\"CERN leva antimat\u00e9ria para fora do laborat\u00f3rio pela primeira vez - Portal Tela Portugal\" \/>\n<meta property=\"og:description\" content=\"Cientistas do CERN transportaram cerca de 100 antiprot\u00f5es para fora do laborat\u00f3rio, num cami\u00e3o, dentro de uma armadilha transport\u00e1vel de antiprot\u00f5es. A opera\u00e7\u00e3o visou testar se as part\u00edculas fr\u00e1gil podem manter-se confinadas fora do ambiente controlado, durante uma viagem de cerca de meia hora. A armadilha mant\u00e9m os antiprot\u00f5es suspensos num v\u00e1cuo, a temperaturas ultrafrias de -269 graus Celsius, evitando que entrem em contacto com mat\u00e9ria normal. O objetivo \u00e9 permitir, no futuro, desloca\u00e7\u00f5es at\u00e9 laborat\u00f3rios em outros locais da Europa, como a Universidade Heinrich Heine, em D\u00fcsseldorf, para medi\u00e7\u00f5es de alta precis\u00e3o. A antimat\u00e9ria \u00e9 extremamente rara e, ao contactar com mat\u00e9ria, aniquila-se, o que torna estes comandos de transporte um desafio t\u00e9cnico crucial para o estudo das antiprot\u00f5es.\" \/>\n<meta property=\"og:url\" content=\"https:\/\/portaltela.pt\/noticias\/2026\/03\/25\/cern-leva-antimateria-para-fora-do-laboratorio-pela-primeira-vez\/\" \/>\n<meta property=\"og:site_name\" content=\"Portal Tela Portugal\" \/>\n<meta property=\"article:published_time\" content=\"2026-03-25T08:32:07+00:00\" \/>\n<meta name=\"author\" content=\"Telinha\" \/>\n<meta name=\"twitter:card\" content=\"summary_large_image\" \/>\n<meta name=\"twitter:label1\" content=\"Escrito por\" \/>\n\t<meta name=\"twitter:data1\" content=\"Telinha\" \/>\n\t<meta name=\"twitter:label2\" content=\"Tempo estimado de leitura\" \/>\n\t<meta name=\"twitter:data2\" content=\"1 minuto\" \/>\n<script type=\"application\/ld+json\" class=\"yoast-schema-graph\">{\"@context\":\"https:\/\/schema.org\",\"@graph\":[{\"@type\":\"Article\",\"@id\":\"https:\/\/portaltela.pt\/noticias\/2026\/03\/25\/cern-leva-antimateria-para-fora-do-laboratorio-pela-primeira-vez\/#article\",\"isPartOf\":{\"@id\":\"https:\/\/portaltela.pt\/noticias\/2026\/03\/25\/cern-leva-antimateria-para-fora-do-laboratorio-pela-primeira-vez\/\"},\"author\":{\"name\":\"Telinha\",\"@id\":\"https:\/\/portaltela.pt\/#\/schema\/person\/c4278d4a6028830caff9ee44b42d32ed\"},\"headline\":\"CERN leva antimat\u00e9ria para fora do laborat\u00f3rio pela primeira vez\",\"datePublished\":\"2026-03-25T08:32:07+00:00\",\"mainEntityOfPage\":{\"@id\":\"https:\/\/portaltela.pt\/noticias\/2026\/03\/25\/cern-leva-antimateria-para-fora-do-laboratorio-pela-primeira-vez\/\"},\"wordCount\":308,\"image\":{\"@id\":\"https:\/\/portaltela.pt\/noticias\/2026\/03\/25\/cern-leva-antimateria-para-fora-do-laboratorio-pela-primeira-vez\/#primaryimage\"},\"thumbnailUrl\":\"https:\/\/portaltela.pt\/s.01k8rhncp4jt1\/2026\/03\/1536x864_cmsv2_714536f0-c641-541b-b4c1-bc20367cfd86-9696683.jpg\",\"keywords\":[\"ci\u00eancia\",\"descobertas\",\"Europa\",\"investiga\u00e7\u00e3o\",\"Portugal\"],\"articleSection\":[\"Tecnologia\"],\"inLanguage\":\"pt-PT\"},{\"@type\":\"WebPage\",\"@id\":\"https:\/\/portaltela.pt\/noticias\/2026\/03\/25\/cern-leva-antimateria-para-fora-do-laboratorio-pela-primeira-vez\/\",\"url\":\"https:\/\/portaltela.pt\/noticias\/2026\/03\/25\/cern-leva-antimateria-para-fora-do-laboratorio-pela-primeira-vez\/\",\"name\":\"CERN leva antimat\u00e9ria para fora do laborat\u00f3rio pela primeira vez - Portal Tela Portugal\",\"isPartOf\":{\"@id\":\"https:\/\/portaltela.pt\/#website\"},\"primaryImageOfPage\":{\"@id\":\"https:\/\/portaltela.pt\/noticias\/2026\/03\/25\/cern-leva-antimateria-para-fora-do-laboratorio-pela-primeira-vez\/#primaryimage\"},\"image\":{\"@id\":\"https:\/\/portaltela.pt\/noticias\/2026\/03\/25\/cern-leva-antimateria-para-fora-do-laboratorio-pela-primeira-vez\/#primaryimage\"},\"thumbnailUrl\":\"https:\/\/portaltela.pt\/s.01k8rhncp4jt1\/2026\/03\/1536x864_cmsv2_714536f0-c641-541b-b4c1-bc20367cfd86-9696683.jpg\",\"datePublished\":\"2026-03-25T08:32:07+00:00\",\"author\":{\"@id\":\"https:\/\/portaltela.pt\/#\/schema\/person\/c4278d4a6028830caff9ee44b42d32ed\"},\"breadcrumb\":{\"@id\":\"https:\/\/portaltela.pt\/noticias\/2026\/03\/25\/cern-leva-antimateria-para-fora-do-laboratorio-pela-primeira-vez\/#breadcrumb\"},\"inLanguage\":\"pt-PT\",\"potentialAction\":[{\"@type\":\"ReadAction\",\"target\":[\"https:\/\/portaltela.pt\/noticias\/2026\/03\/25\/cern-leva-antimateria-para-fora-do-laboratorio-pela-primeira-vez\/\"]}]},{\"@type\":\"ImageObject\",\"inLanguage\":\"pt-PT\",\"@id\":\"https:\/\/portaltela.pt\/noticias\/2026\/03\/25\/cern-leva-antimateria-para-fora-do-laboratorio-pela-primeira-vez\/#primaryimage\",\"url\":\"https:\/\/portaltela.pt\/s.01k8rhncp4jt1\/2026\/03\/1536x864_cmsv2_714536f0-c641-541b-b4c1-bc20367cfd86-9696683.jpg\",\"contentUrl\":\"https:\/\/portaltela.pt\/s.01k8rhncp4jt1\/2026\/03\/1536x864_cmsv2_714536f0-c641-541b-b4c1-bc20367cfd86-9696683.jpg\",\"width\":796,\"height\":448,\"caption\":\"CERN realiza teste delicado ao transporte de antimat\u00e9ria\"},{\"@type\":\"BreadcrumbList\",\"@id\":\"https:\/\/portaltela.pt\/noticias\/2026\/03\/25\/cern-leva-antimateria-para-fora-do-laboratorio-pela-primeira-vez\/#breadcrumb\",\"itemListElement\":[{\"@type\":\"ListItem\",\"position\":1,\"name\":\"In\u00edcio\",\"item\":\"https:\/\/portaltela.pt\/\"},{\"@type\":\"ListItem\",\"position\":2,\"name\":\"CERN leva antimat\u00e9ria para fora do laborat\u00f3rio pela primeira vez\"}]},{\"@type\":\"WebSite\",\"@id\":\"https:\/\/portaltela.pt\/#website\",\"url\":\"https:\/\/portaltela.pt\/\",\"name\":\"Portal Tela Portugal\",\"description\":\"\",\"potentialAction\":[{\"@type\":\"SearchAction\",\"target\":{\"@type\":\"EntryPoint\",\"urlTemplate\":\"https:\/\/portaltela.pt\/?s={search_term_string}\"},\"query-input\":{\"@type\":\"PropertyValueSpecification\",\"valueRequired\":true,\"valueName\":\"search_term_string\"}}],\"inLanguage\":\"pt-PT\"},{\"@type\":\"Person\",\"@id\":\"https:\/\/portaltela.pt\/#\/schema\/person\/c4278d4a6028830caff9ee44b42d32ed\",\"name\":\"Telinha\",\"image\":{\"@type\":\"ImageObject\",\"inLanguage\":\"pt-PT\",\"@id\":\"https:\/\/portaltela.pt\/s.01k8rhncp4jt1\/2025\/11\/talking-bot-125x125.png\",\"url\":\"https:\/\/portaltela.pt\/s.01k8rhncp4jt1\/2025\/11\/talking-bot-125x125.png\",\"contentUrl\":\"https:\/\/portaltela.pt\/s.01k8rhncp4jt1\/2025\/11\/talking-bot-125x125.png\",\"caption\":\"Telinha\"},\"sameAs\":[\"https:\/\/portaltela.pt\/\"],\"url\":\"https:\/\/portaltela.pt\/por\/367410592786\/\"}]}<\/script>\n<!-- \/ Yoast SEO plugin. -->","yoast_head_json":{"title":"CERN leva antimat\u00e9ria para fora do laborat\u00f3rio pela primeira vez - Portal Tela Portugal","robots":{"index":"index","follow":"follow","max-snippet":"max-snippet:-1","max-image-preview":"max-image-preview:large","max-video-preview":"max-video-preview:-1"},"og_locale":"pt_PT","og_type":"article","og_title":"CERN leva antimat\u00e9ria para fora do laborat\u00f3rio pela primeira vez - Portal Tela Portugal","og_description":"Cientistas do CERN transportaram cerca de 100 antiprot\u00f5es para fora do laborat\u00f3rio, num cami\u00e3o, dentro de uma armadilha transport\u00e1vel de antiprot\u00f5es. A opera\u00e7\u00e3o visou testar se as part\u00edculas fr\u00e1gil podem manter-se confinadas fora do ambiente controlado, durante uma viagem de cerca de meia hora. A armadilha mant\u00e9m os antiprot\u00f5es suspensos num v\u00e1cuo, a temperaturas ultrafrias de -269 graus Celsius, evitando que entrem em contacto com mat\u00e9ria normal. O objetivo \u00e9 permitir, no futuro, desloca\u00e7\u00f5es at\u00e9 laborat\u00f3rios em outros locais da Europa, como a Universidade Heinrich Heine, em D\u00fcsseldorf, para medi\u00e7\u00f5es de alta precis\u00e3o. A antimat\u00e9ria \u00e9 extremamente rara e, ao contactar com mat\u00e9ria, aniquila-se, o que torna estes comandos de transporte um desafio t\u00e9cnico crucial para o estudo das antiprot\u00f5es.","og_url":"https:\/\/portaltela.pt\/noticias\/2026\/03\/25\/cern-leva-antimateria-para-fora-do-laboratorio-pela-primeira-vez\/","og_site_name":"Portal Tela Portugal","article_published_time":"2026-03-25T08:32:07+00:00","author":"Telinha","twitter_card":"summary_large_image","twitter_misc":{"Escrito por":"Telinha","Tempo estimado de leitura":"1 minuto"},"schema":{"@context":"https:\/\/schema.org","@graph":[{"@type":"Article","@id":"https:\/\/portaltela.pt\/noticias\/2026\/03\/25\/cern-leva-antimateria-para-fora-do-laboratorio-pela-primeira-vez\/#article","isPartOf":{"@id":"https:\/\/portaltela.pt\/noticias\/2026\/03\/25\/cern-leva-antimateria-para-fora-do-laboratorio-pela-primeira-vez\/"},"author":{"name":"Telinha","@id":"https:\/\/portaltela.pt\/#\/schema\/person\/c4278d4a6028830caff9ee44b42d32ed"},"headline":"CERN leva antimat\u00e9ria para fora do laborat\u00f3rio pela primeira vez","datePublished":"2026-03-25T08:32:07+00:00","mainEntityOfPage":{"@id":"https:\/\/portaltela.pt\/noticias\/2026\/03\/25\/cern-leva-antimateria-para-fora-do-laboratorio-pela-primeira-vez\/"},"wordCount":308,"image":{"@id":"https:\/\/portaltela.pt\/noticias\/2026\/03\/25\/cern-leva-antimateria-para-fora-do-laboratorio-pela-primeira-vez\/#primaryimage"},"thumbnailUrl":"https:\/\/portaltela.pt\/s.01k8rhncp4jt1\/2026\/03\/1536x864_cmsv2_714536f0-c641-541b-b4c1-bc20367cfd86-9696683.jpg","keywords":["ci\u00eancia","descobertas","Europa","investiga\u00e7\u00e3o","Portugal"],"articleSection":["Tecnologia"],"inLanguage":"pt-PT"},{"@type":"WebPage","@id":"https:\/\/portaltela.pt\/noticias\/2026\/03\/25\/cern-leva-antimateria-para-fora-do-laboratorio-pela-primeira-vez\/","url":"https:\/\/portaltela.pt\/noticias\/2026\/03\/25\/cern-leva-antimateria-para-fora-do-laboratorio-pela-primeira-vez\/","name":"CERN leva antimat\u00e9ria para fora do laborat\u00f3rio pela primeira vez - Portal Tela Portugal","isPartOf":{"@id":"https:\/\/portaltela.pt\/#website"},"primaryImageOfPage":{"@id":"https:\/\/portaltela.pt\/noticias\/2026\/03\/25\/cern-leva-antimateria-para-fora-do-laboratorio-pela-primeira-vez\/#primaryimage"},"image":{"@id":"https:\/\/portaltela.pt\/noticias\/2026\/03\/25\/cern-leva-antimateria-para-fora-do-laboratorio-pela-primeira-vez\/#primaryimage"},"thumbnailUrl":"https:\/\/portaltela.pt\/s.01k8rhncp4jt1\/2026\/03\/1536x864_cmsv2_714536f0-c641-541b-b4c1-bc20367cfd86-9696683.jpg","datePublished":"2026-03-25T08:32:07+00:00","author":{"@id":"https:\/\/portaltela.pt\/#\/schema\/person\/c4278d4a6028830caff9ee44b42d32ed"},"breadcrumb":{"@id":"https:\/\/portaltela.pt\/noticias\/2026\/03\/25\/cern-leva-antimateria-para-fora-do-laboratorio-pela-primeira-vez\/#breadcrumb"},"inLanguage":"pt-PT","potentialAction":[{"@type":"ReadAction","target":["https:\/\/portaltela.pt\/noticias\/2026\/03\/25\/cern-leva-antimateria-para-fora-do-laboratorio-pela-primeira-vez\/"]}]},{"@type":"ImageObject","inLanguage":"pt-PT","@id":"https:\/\/portaltela.pt\/noticias\/2026\/03\/25\/cern-leva-antimateria-para-fora-do-laboratorio-pela-primeira-vez\/#primaryimage","url":"https:\/\/portaltela.pt\/s.01k8rhncp4jt1\/2026\/03\/1536x864_cmsv2_714536f0-c641-541b-b4c1-bc20367cfd86-9696683.jpg","contentUrl":"https:\/\/portaltela.pt\/s.01k8rhncp4jt1\/2026\/03\/1536x864_cmsv2_714536f0-c641-541b-b4c1-bc20367cfd86-9696683.jpg","width":796,"height":448,"caption":"CERN realiza teste delicado ao transporte de antimat\u00e9ria"},{"@type":"BreadcrumbList","@id":"https:\/\/portaltela.pt\/noticias\/2026\/03\/25\/cern-leva-antimateria-para-fora-do-laboratorio-pela-primeira-vez\/#breadcrumb","itemListElement":[{"@type":"ListItem","position":1,"name":"In\u00edcio","item":"https:\/\/portaltela.pt\/"},{"@type":"ListItem","position":2,"name":"CERN leva antimat\u00e9ria para fora do laborat\u00f3rio pela primeira vez"}]},{"@type":"WebSite","@id":"https:\/\/portaltela.pt\/#website","url":"https:\/\/portaltela.pt\/","name":"Portal Tela Portugal","description":"","potentialAction":[{"@type":"SearchAction","target":{"@type":"EntryPoint","urlTemplate":"https:\/\/portaltela.pt\/?s={search_term_string}"},"query-input":{"@type":"PropertyValueSpecification","valueRequired":true,"valueName":"search_term_string"}}],"inLanguage":"pt-PT"},{"@type":"Person","@id":"https:\/\/portaltela.pt\/#\/schema\/person\/c4278d4a6028830caff9ee44b42d32ed","name":"Telinha","image":{"@type":"ImageObject","inLanguage":"pt-PT","@id":"https:\/\/portaltela.pt\/s.01k8rhncp4jt1\/2025\/11\/talking-bot-125x125.png","url":"https:\/\/portaltela.pt\/s.01k8rhncp4jt1\/2025\/11\/talking-bot-125x125.png","contentUrl":"https:\/\/portaltela.pt\/s.01k8rhncp4jt1\/2025\/11\/talking-bot-125x125.png","caption":"Telinha"},"sameAs":["https:\/\/portaltela.pt\/"],"url":"https:\/\/portaltela.pt\/por\/367410592786\/"}]}},"_links":{"self":[{"href":"https:\/\/portaltela.pt\/api\/wp\/v2\/posts\/420463","targetHints":{"allow":["GET"]}}],"collection":[{"href":"https:\/\/portaltela.pt\/api\/wp\/v2\/posts"}],"about":[{"href":"https:\/\/portaltela.pt\/api\/wp\/v2\/types\/post"}],"author":[{"embeddable":true,"href":"https:\/\/portaltela.pt\/api\/wp\/v2\/users\/2"}],"replies":[{"embeddable":true,"href":"https:\/\/portaltela.pt\/api\/wp\/v2\/comments?post=420463"}],"version-history":[{"count":0,"href":"https:\/\/portaltela.pt\/api\/wp\/v2\/posts\/420463\/revisions"}],"wp:featuredmedia":[{"embeddable":true,"href":"https:\/\/portaltela.pt\/api\/wp\/v2\/media\/420469"}],"wp:attachment":[{"href":"https:\/\/portaltela.pt\/api\/wp\/v2\/media?parent=420463"}],"wp:term":[{"taxonomy":"category","embeddable":true,"href":"https:\/\/portaltela.pt\/api\/wp\/v2\/categories?post=420463"},{"taxonomy":"post_tag","embeddable":true,"href":"https:\/\/portaltela.pt\/api\/wp\/v2\/tags?post=420463"}],"curies":[{"name":"wp","href":"https:\/\/api.w.org\/{rel}","templated":true}]}}