{"id":420456,"date":"2026-03-25T05:10:00","date_gmt":"2026-03-25T08:10:00","guid":{"rendered":"https:\/\/portaltela.pt\/noticias\/2026\/03\/25\/genetica-esclarece-a-historia-do-declinio-dos-neandertais\/"},"modified":"2026-03-25T05:10:00","modified_gmt":"2026-03-25T08:10:00","slug":"genetica-esclarece-a-historia-do-declinio-dos-neandertais","status":"publish","type":"post","link":"https:\/\/portaltela.pt\/curiosidades\/2026\/03\/25\/genetica-esclarece-a-historia-do-declinio-dos-neandertais\/","title":{"rendered":"Gen\u00e9tica esclarece a hist\u00f3ria do decl\u00ednio dos neandertais"},"content":{"rendered":"<p>Ao longo de dois estudos publicados recentemente, investigadores analisaram a hist\u00f3ria demogr\u00e1fica dos neandertais na Europa e a sua estrutura populacional. A pesquisa utiliza ADN antigo para compreender as mudan\u00e7as ao longo do tempo e os fatores que poder\u00e3o ter acelerado o desaparecimento destes ancestrais.<\/p>\n<p>Os trabalhos descrevem um processo de estrangulamento gen\u00e9tico que remodelou a popula\u00e7\u00e3o neandertal muito antes do seu extin\u00e7\u00e3o. A abordagem gen\u00e9tica permitiu reconstruir padr\u00f5es de diversidade e de tamanho populacional em diferentes regi\u00f5es e per\u00edodos.<\/p>\n<h3>Estudos sobre demografia e estrutura populacional<\/h3>\n<p>Os dois estudos recorrem a amostras de ADN antigo de restos de neandertais para estimar a varia\u00e7\u00e3o gen\u00e9tica ao longo do tempo. Os resultados sugerem redu\u00e7\u00f5es significativas na diversidade gen\u00e9tica antes do desaparecimento final.<\/p>\n<p>As pesquisas destacam que mudan\u00e7as clim\u00e1ticas e desloca\u00e7\u00f5es populacionais podem ter contribu\u00eddo para o estrangulamento gen\u00e9tico. Os autores indicam a necessidade de mais dados para confirmar as hip\u00f3teses e entender o timing preciso das altera\u00e7\u00f5es.<\/p>\n","protected":false},"excerpt":{"rendered":"<ul>\n<li>Dois estudos analisam a demografia dos neandertais na Europa e a sua estrutura populacional.<\/li>\n<li>Ao sequenciarem o ADN antigo a partir de restos de neandartais, os investigadores obtiveram dados sobre a hist\u00f3ria da esp\u00e9cie.<\/li>\n<li>Concluem que houve um estrangulamento gen\u00e9tico (gargalo populacional) que moldou a trajet\u00f3ria dos neandertais.<\/li>\n<li>Este gargalo ocorreu muito tempo antes do desaparecimento, sugerindo que fatores gen\u00e9ticos contribu\u00edram para o decl\u00ednio.<\/li>\n<li>Os resultados destacam o papel da gen\u00e9tica na compreens\u00e3o da hist\u00f3ria de popula\u00e7\u00f5es antigas.<\/li>\n<\/ul>\n","protected":false},"author":2,"featured_media":420458,"comment_status":"closed","ping_status":"closed","sticky":false,"template":"","format":"standard","meta":{"footnotes":""},"categories":[7384],"tags":[4277,6825,4947,2487,2628,299],"class_list":["post-420456","post","type-post","status-publish","format-standard","has-post-thumbnail","hentry","category-curiosidades","tag-adn","tag-antropologia","tag-demografia","tag-europa","tag-genetica","tag-historia"],"yoast_head":"<!-- This site is optimized with the Yoast SEO plugin v27.2 - https:\/\/yoast.com\/product\/yoast-seo-wordpress\/ -->\n<title>Gen\u00e9tica esclarece a hist\u00f3ria do decl\u00ednio dos neandertais - Portal Tela Portugal<\/title>\n<meta name=\"robots\" content=\"index, follow, max-snippet:-1, max-image-preview:large, max-video-preview:-1\" \/>\n<meta property=\"og:locale\" content=\"pt_PT\" \/>\n<meta property=\"og:type\" content=\"article\" \/>\n<meta property=\"og:title\" content=\"Gen\u00e9tica esclarece a hist\u00f3ria do decl\u00ednio dos neandertais - Portal Tela Portugal\" \/>\n<meta property=\"og:description\" content=\"Dois estudos analisam a demografia dos neandertais na Europa e a sua estrutura populacional. Ao sequenciarem o ADN antigo a partir de restos de neandartais, os investigadores obtiveram dados sobre a hist\u00f3ria da esp\u00e9cie. Concluem que houve um estrangulamento gen\u00e9tico (gargalo populacional) que moldou a trajet\u00f3ria dos neandertais. Este gargalo ocorreu muito tempo antes do desaparecimento, sugerindo que fatores gen\u00e9ticos contribu\u00edram para o decl\u00ednio. Os resultados destacam o papel da gen\u00e9tica na compreens\u00e3o da hist\u00f3ria de popula\u00e7\u00f5es antigas.\" \/>\n<meta property=\"og:url\" content=\"https:\/\/portaltela.pt\/noticias\/2026\/03\/25\/genetica-esclarece-a-historia-do-declinio-dos-neandertais\/\" \/>\n<meta property=\"og:site_name\" content=\"Portal Tela Portugal\" \/>\n<meta property=\"article:published_time\" content=\"2026-03-25T08:10:00+00:00\" \/>\n<meta name=\"author\" content=\"Telinha\" \/>\n<meta name=\"twitter:card\" content=\"summary_large_image\" \/>\n<meta name=\"twitter:label1\" content=\"Escrito por\" \/>\n\t<meta name=\"twitter:data1\" content=\"Telinha\" \/>\n\t<meta name=\"twitter:label2\" content=\"Tempo estimado de leitura\" \/>\n\t<meta name=\"twitter:data2\" content=\"1 minuto\" \/>\n<script type=\"application\/ld+json\" class=\"yoast-schema-graph\">{\"@context\":\"https:\/\/schema.org\",\"@graph\":[{\"@type\":\"Article\",\"@id\":\"https:\/\/portaltela.pt\/noticias\/2026\/03\/25\/genetica-esclarece-a-historia-do-declinio-dos-neandertais\/#article\",\"isPartOf\":{\"@id\":\"https:\/\/portaltela.pt\/noticias\/2026\/03\/25\/genetica-esclarece-a-historia-do-declinio-dos-neandertais\/\"},\"author\":{\"name\":\"Telinha\",\"@id\":\"https:\/\/portaltela.pt\/#\/schema\/person\/c4278d4a6028830caff9ee44b42d32ed\"},\"headline\":\"Gen\u00e9tica esclarece a hist\u00f3ria do decl\u00ednio dos neandertais\",\"datePublished\":\"2026-03-25T08:10:00+00:00\",\"mainEntityOfPage\":{\"@id\":\"https:\/\/portaltela.pt\/noticias\/2026\/03\/25\/genetica-esclarece-a-historia-do-declinio-dos-neandertais\/\"},\"wordCount\":188,\"image\":{\"@id\":\"https:\/\/portaltela.pt\/noticias\/2026\/03\/25\/genetica-esclarece-a-historia-do-declinio-dos-neandertais\/#primaryimage\"},\"thumbnailUrl\":\"https:\/\/portaltela.pt\/s.01k8rhncp4jt1\/2026\/03\/2076582.jpg\",\"keywords\":[\"ADN\",\"antropologia\",\"demografia\",\"Europa\",\"gen\u00e9tica\",\"hist\u00f3ria\"],\"articleSection\":[\"Curiosidades\"],\"inLanguage\":\"pt-PT\"},{\"@type\":\"WebPage\",\"@id\":\"https:\/\/portaltela.pt\/noticias\/2026\/03\/25\/genetica-esclarece-a-historia-do-declinio-dos-neandertais\/\",\"url\":\"https:\/\/portaltela.pt\/noticias\/2026\/03\/25\/genetica-esclarece-a-historia-do-declinio-dos-neandertais\/\",\"name\":\"Gen\u00e9tica esclarece a hist\u00f3ria do decl\u00ednio dos neandertais - Portal Tela Portugal\",\"isPartOf\":{\"@id\":\"https:\/\/portaltela.pt\/#website\"},\"primaryImageOfPage\":{\"@id\":\"https:\/\/portaltela.pt\/noticias\/2026\/03\/25\/genetica-esclarece-a-historia-do-declinio-dos-neandertais\/#primaryimage\"},\"image\":{\"@id\":\"https:\/\/portaltela.pt\/noticias\/2026\/03\/25\/genetica-esclarece-a-historia-do-declinio-dos-neandertais\/#primaryimage\"},\"thumbnailUrl\":\"https:\/\/portaltela.pt\/s.01k8rhncp4jt1\/2026\/03\/2076582.jpg\",\"datePublished\":\"2026-03-25T08:10:00+00:00\",\"author\":{\"@id\":\"https:\/\/portaltela.pt\/#\/schema\/person\/c4278d4a6028830caff9ee44b42d32ed\"},\"breadcrumb\":{\"@id\":\"https:\/\/portaltela.pt\/noticias\/2026\/03\/25\/genetica-esclarece-a-historia-do-declinio-dos-neandertais\/#breadcrumb\"},\"inLanguage\":\"pt-PT\",\"potentialAction\":[{\"@type\":\"ReadAction\",\"target\":[\"https:\/\/portaltela.pt\/noticias\/2026\/03\/25\/genetica-esclarece-a-historia-do-declinio-dos-neandertais\/\"]}]},{\"@type\":\"ImageObject\",\"inLanguage\":\"pt-PT\",\"@id\":\"https:\/\/portaltela.pt\/noticias\/2026\/03\/25\/genetica-esclarece-a-historia-do-declinio-dos-neandertais\/#primaryimage\",\"url\":\"https:\/\/portaltela.pt\/s.01k8rhncp4jt1\/2026\/03\/2076582.jpg\",\"contentUrl\":\"https:\/\/portaltela.pt\/s.01k8rhncp4jt1\/2026\/03\/2076582.jpg\",\"width\":796,\"height\":448,\"caption\":\"An\u00e1lise laboratorial do f\u00e9mur de um feto de neandertal do qual foi recolhida uma amostra de ADN antigo\"},{\"@type\":\"BreadcrumbList\",\"@id\":\"https:\/\/portaltela.pt\/noticias\/2026\/03\/25\/genetica-esclarece-a-historia-do-declinio-dos-neandertais\/#breadcrumb\",\"itemListElement\":[{\"@type\":\"ListItem\",\"position\":1,\"name\":\"In\u00edcio\",\"item\":\"https:\/\/portaltela.pt\/\"},{\"@type\":\"ListItem\",\"position\":2,\"name\":\"Gen\u00e9tica esclarece a hist\u00f3ria do decl\u00ednio dos neandertais\"}]},{\"@type\":\"WebSite\",\"@id\":\"https:\/\/portaltela.pt\/#website\",\"url\":\"https:\/\/portaltela.pt\/\",\"name\":\"Portal Tela Portugal\",\"description\":\"\",\"potentialAction\":[{\"@type\":\"SearchAction\",\"target\":{\"@type\":\"EntryPoint\",\"urlTemplate\":\"https:\/\/portaltela.pt\/?s={search_term_string}\"},\"query-input\":{\"@type\":\"PropertyValueSpecification\",\"valueRequired\":true,\"valueName\":\"search_term_string\"}}],\"inLanguage\":\"pt-PT\"},{\"@type\":\"Person\",\"@id\":\"https:\/\/portaltela.pt\/#\/schema\/person\/c4278d4a6028830caff9ee44b42d32ed\",\"name\":\"Telinha\",\"image\":{\"@type\":\"ImageObject\",\"inLanguage\":\"pt-PT\",\"@id\":\"https:\/\/portaltela.pt\/s.01k8rhncp4jt1\/2025\/11\/talking-bot-125x125.png\",\"url\":\"https:\/\/portaltela.pt\/s.01k8rhncp4jt1\/2025\/11\/talking-bot-125x125.png\",\"contentUrl\":\"https:\/\/portaltela.pt\/s.01k8rhncp4jt1\/2025\/11\/talking-bot-125x125.png\",\"caption\":\"Telinha\"},\"sameAs\":[\"https:\/\/portaltela.pt\/\"],\"url\":\"https:\/\/portaltela.pt\/por\/367410592786\/\"}]}<\/script>\n<!-- \/ Yoast SEO plugin. -->","yoast_head_json":{"title":"Gen\u00e9tica esclarece a hist\u00f3ria do decl\u00ednio dos neandertais - Portal Tela Portugal","robots":{"index":"index","follow":"follow","max-snippet":"max-snippet:-1","max-image-preview":"max-image-preview:large","max-video-preview":"max-video-preview:-1"},"og_locale":"pt_PT","og_type":"article","og_title":"Gen\u00e9tica esclarece a hist\u00f3ria do decl\u00ednio dos neandertais - Portal Tela Portugal","og_description":"Dois estudos analisam a demografia dos neandertais na Europa e a sua estrutura populacional. Ao sequenciarem o ADN antigo a partir de restos de neandartais, os investigadores obtiveram dados sobre a hist\u00f3ria da esp\u00e9cie. Concluem que houve um estrangulamento gen\u00e9tico (gargalo populacional) que moldou a trajet\u00f3ria dos neandertais. Este gargalo ocorreu muito tempo antes do desaparecimento, sugerindo que fatores gen\u00e9ticos contribu\u00edram para o decl\u00ednio. Os resultados destacam o papel da gen\u00e9tica na compreens\u00e3o da hist\u00f3ria de popula\u00e7\u00f5es antigas.","og_url":"https:\/\/portaltela.pt\/noticias\/2026\/03\/25\/genetica-esclarece-a-historia-do-declinio-dos-neandertais\/","og_site_name":"Portal Tela Portugal","article_published_time":"2026-03-25T08:10:00+00:00","author":"Telinha","twitter_card":"summary_large_image","twitter_misc":{"Escrito por":"Telinha","Tempo estimado de leitura":"1 minuto"},"schema":{"@context":"https:\/\/schema.org","@graph":[{"@type":"Article","@id":"https:\/\/portaltela.pt\/noticias\/2026\/03\/25\/genetica-esclarece-a-historia-do-declinio-dos-neandertais\/#article","isPartOf":{"@id":"https:\/\/portaltela.pt\/noticias\/2026\/03\/25\/genetica-esclarece-a-historia-do-declinio-dos-neandertais\/"},"author":{"name":"Telinha","@id":"https:\/\/portaltela.pt\/#\/schema\/person\/c4278d4a6028830caff9ee44b42d32ed"},"headline":"Gen\u00e9tica esclarece a hist\u00f3ria do decl\u00ednio dos neandertais","datePublished":"2026-03-25T08:10:00+00:00","mainEntityOfPage":{"@id":"https:\/\/portaltela.pt\/noticias\/2026\/03\/25\/genetica-esclarece-a-historia-do-declinio-dos-neandertais\/"},"wordCount":188,"image":{"@id":"https:\/\/portaltela.pt\/noticias\/2026\/03\/25\/genetica-esclarece-a-historia-do-declinio-dos-neandertais\/#primaryimage"},"thumbnailUrl":"https:\/\/portaltela.pt\/s.01k8rhncp4jt1\/2026\/03\/2076582.jpg","keywords":["ADN","antropologia","demografia","Europa","gen\u00e9tica","hist\u00f3ria"],"articleSection":["Curiosidades"],"inLanguage":"pt-PT"},{"@type":"WebPage","@id":"https:\/\/portaltela.pt\/noticias\/2026\/03\/25\/genetica-esclarece-a-historia-do-declinio-dos-neandertais\/","url":"https:\/\/portaltela.pt\/noticias\/2026\/03\/25\/genetica-esclarece-a-historia-do-declinio-dos-neandertais\/","name":"Gen\u00e9tica esclarece a hist\u00f3ria do decl\u00ednio dos neandertais - Portal Tela Portugal","isPartOf":{"@id":"https:\/\/portaltela.pt\/#website"},"primaryImageOfPage":{"@id":"https:\/\/portaltela.pt\/noticias\/2026\/03\/25\/genetica-esclarece-a-historia-do-declinio-dos-neandertais\/#primaryimage"},"image":{"@id":"https:\/\/portaltela.pt\/noticias\/2026\/03\/25\/genetica-esclarece-a-historia-do-declinio-dos-neandertais\/#primaryimage"},"thumbnailUrl":"https:\/\/portaltela.pt\/s.01k8rhncp4jt1\/2026\/03\/2076582.jpg","datePublished":"2026-03-25T08:10:00+00:00","author":{"@id":"https:\/\/portaltela.pt\/#\/schema\/person\/c4278d4a6028830caff9ee44b42d32ed"},"breadcrumb":{"@id":"https:\/\/portaltela.pt\/noticias\/2026\/03\/25\/genetica-esclarece-a-historia-do-declinio-dos-neandertais\/#breadcrumb"},"inLanguage":"pt-PT","potentialAction":[{"@type":"ReadAction","target":["https:\/\/portaltela.pt\/noticias\/2026\/03\/25\/genetica-esclarece-a-historia-do-declinio-dos-neandertais\/"]}]},{"@type":"ImageObject","inLanguage":"pt-PT","@id":"https:\/\/portaltela.pt\/noticias\/2026\/03\/25\/genetica-esclarece-a-historia-do-declinio-dos-neandertais\/#primaryimage","url":"https:\/\/portaltela.pt\/s.01k8rhncp4jt1\/2026\/03\/2076582.jpg","contentUrl":"https:\/\/portaltela.pt\/s.01k8rhncp4jt1\/2026\/03\/2076582.jpg","width":796,"height":448,"caption":"An\u00e1lise laboratorial do f\u00e9mur de um feto de neandertal do qual foi recolhida uma amostra de ADN antigo"},{"@type":"BreadcrumbList","@id":"https:\/\/portaltela.pt\/noticias\/2026\/03\/25\/genetica-esclarece-a-historia-do-declinio-dos-neandertais\/#breadcrumb","itemListElement":[{"@type":"ListItem","position":1,"name":"In\u00edcio","item":"https:\/\/portaltela.pt\/"},{"@type":"ListItem","position":2,"name":"Gen\u00e9tica esclarece a hist\u00f3ria do decl\u00ednio dos neandertais"}]},{"@type":"WebSite","@id":"https:\/\/portaltela.pt\/#website","url":"https:\/\/portaltela.pt\/","name":"Portal Tela Portugal","description":"","potentialAction":[{"@type":"SearchAction","target":{"@type":"EntryPoint","urlTemplate":"https:\/\/portaltela.pt\/?s={search_term_string}"},"query-input":{"@type":"PropertyValueSpecification","valueRequired":true,"valueName":"search_term_string"}}],"inLanguage":"pt-PT"},{"@type":"Person","@id":"https:\/\/portaltela.pt\/#\/schema\/person\/c4278d4a6028830caff9ee44b42d32ed","name":"Telinha","image":{"@type":"ImageObject","inLanguage":"pt-PT","@id":"https:\/\/portaltela.pt\/s.01k8rhncp4jt1\/2025\/11\/talking-bot-125x125.png","url":"https:\/\/portaltela.pt\/s.01k8rhncp4jt1\/2025\/11\/talking-bot-125x125.png","contentUrl":"https:\/\/portaltela.pt\/s.01k8rhncp4jt1\/2025\/11\/talking-bot-125x125.png","caption":"Telinha"},"sameAs":["https:\/\/portaltela.pt\/"],"url":"https:\/\/portaltela.pt\/por\/367410592786\/"}]}},"_links":{"self":[{"href":"https:\/\/portaltela.pt\/api\/wp\/v2\/posts\/420456","targetHints":{"allow":["GET"]}}],"collection":[{"href":"https:\/\/portaltela.pt\/api\/wp\/v2\/posts"}],"about":[{"href":"https:\/\/portaltela.pt\/api\/wp\/v2\/types\/post"}],"author":[{"embeddable":true,"href":"https:\/\/portaltela.pt\/api\/wp\/v2\/users\/2"}],"replies":[{"embeddable":true,"href":"https:\/\/portaltela.pt\/api\/wp\/v2\/comments?post=420456"}],"version-history":[{"count":0,"href":"https:\/\/portaltela.pt\/api\/wp\/v2\/posts\/420456\/revisions"}],"wp:featuredmedia":[{"embeddable":true,"href":"https:\/\/portaltela.pt\/api\/wp\/v2\/media\/420458"}],"wp:attachment":[{"href":"https:\/\/portaltela.pt\/api\/wp\/v2\/media?parent=420456"}],"wp:term":[{"taxonomy":"category","embeddable":true,"href":"https:\/\/portaltela.pt\/api\/wp\/v2\/categories?post=420456"},{"taxonomy":"post_tag","embeddable":true,"href":"https:\/\/portaltela.pt\/api\/wp\/v2\/tags?post=420456"}],"curies":[{"name":"wp","href":"https:\/\/api.w.org\/{rel}","templated":true}]}}