{"id":420452,"date":"2026-03-25T04:00:00","date_gmt":"2026-03-25T07:00:00","guid":{"rendered":"https:\/\/portaltela.pt\/noticias\/2026\/03\/25\/sociedades-cientificas-alertam-para-mais-doentes-sem-adesao-a-medicacao\/"},"modified":"2026-03-25T04:00:00","modified_gmt":"2026-03-25T07:00:00","slug":"sociedades-cientificas-alertam-para-mais-doentes-sem-adesao-a-medicacao","status":"publish","type":"post","link":"https:\/\/portaltela.pt\/noticias\/2026\/03\/25\/sociedades-cientificas-alertam-para-mais-doentes-sem-adesao-a-medicacao\/","title":{"rendered":"Sociedades cient\u00edficas alertam para mais doentes sem ades\u00e3o \u00e0 medica\u00e7\u00e3o"},"content":{"rendered":"<p>Diversas sociedades cient\u00edficas alertaram hoje para um aumento de doentes que n\u00e3o cumprem a medica\u00e7\u00e3o e que omitem a informa\u00e7\u00e3o aos m\u00e9dicos. A comunica\u00e7\u00e3o privilegiada aos profissionais de sa\u00fade \u00e9 citada como essencial para evitar riscos na gest\u00e3o terap\u00eautica.<\/p>\n<p>Segundo as entidades, o fen\u00f3meno \u00e9 mais evidente entre os pacientes mais jovens, que julgam ter menor risco de complica\u00e7\u00f5es. O n\u00e3o cumprimento pode comprometer a efic\u00e1cia dos tratamentos e agravar condi\u00e7\u00f5es j\u00e1 existentes, dizem os especialistas.<\/p>\n<p>As organiza\u00e7\u00f5es destacam ainda a necessidade de refor\u00e7ar a literacia em sa\u00fade. A educa\u00e7\u00e3o cont\u00ednua para interpretar indica\u00e7\u00f5es terap\u00eauticas, efeitos adversos e a import\u00e2ncia de partilhar informa\u00e7\u00f5es com equipas m\u00e9dicas \u00e9 apresentada como prioridade para reduzir falhas no tratamento.<\/p>\n<p>Os autores do alerta pedem estrat\u00e9gias que promovam a ades\u00e3o, incluindo comunica\u00e7\u00e3o mais clara sobre regimes terap\u00eauticos, lembran\u00e7as de toma de medica\u00e7\u00e3o e envolvimento ativo dos doentes na decis\u00e3o cl\u00ednica. Tudo aponta para uma melhoria global da seguran\u00e7a terap\u00eautica.<\/p>\n","protected":false},"excerpt":{"rendered":"<ul>\n<li>Diversas sociedades cient\u00edficas alertaram para o aumento de doentes que n\u00e3o cumprem a medica\u00e7\u00e3o e omitem informa\u00e7\u00f5es ao m\u00e9dico.<\/li>\n<li>O fen\u00f3meno \u00e9 mais evidente entre os mais jovens, que julgam ter menor risco.<\/li>\n<li>As entidades pedem maior aposta na literacia em sa\u00fade para combater a n\u00e3o ades\u00e3o ao tratamento.<\/li>\n<li>A falta de ades\u00e3o pode comprometer a efic\u00e1cia terap\u00eautica e a avalia\u00e7\u00e3o cl\u00ednica.<\/li>\n<li>N\u00e3o h\u00e1 indica\u00e7\u00e3o de dados adicionais ou prazos no texto original.<\/li>\n<\/ul>\n","protected":false},"author":2,"featured_media":420453,"comment_status":"closed","ping_status":"closed","sticky":false,"template":"","format":"standard","meta":{"footnotes":""},"categories":[7371,1],"tags":[5764,5804,6282,5087,972,172],"class_list":["post-420452","post","type-post","status-publish","format-standard","has-post-thumbnail","hentry","category-medicina","category-noticias","tag-assistencia-de-saude","tag-comunicacao-institucional","tag-doentes","tag-educacao-para-a-saude","tag-literacia-em-saude","tag-saude"],"yoast_head":"<!-- This site is optimized with the Yoast SEO plugin v27.2 - https:\/\/yoast.com\/product\/yoast-seo-wordpress\/ -->\n<title>Sociedades cient\u00edficas alertam para mais doentes sem ades\u00e3o \u00e0 medica\u00e7\u00e3o - Portal Tela Portugal<\/title>\n<meta name=\"robots\" content=\"index, follow, max-snippet:-1, max-image-preview:large, max-video-preview:-1\" \/>\n<meta property=\"og:locale\" content=\"pt_PT\" \/>\n<meta property=\"og:type\" content=\"article\" \/>\n<meta property=\"og:title\" content=\"Sociedades cient\u00edficas alertam para mais doentes sem ades\u00e3o \u00e0 medica\u00e7\u00e3o - Portal Tela Portugal\" \/>\n<meta property=\"og:description\" content=\"Diversas sociedades cient\u00edficas alertaram para o aumento de doentes que n\u00e3o cumprem a medica\u00e7\u00e3o e omitem informa\u00e7\u00f5es ao m\u00e9dico. O fen\u00f3meno \u00e9 mais evidente entre os mais jovens, que julgam ter menor risco. As entidades pedem maior aposta na literacia em sa\u00fade para combater a n\u00e3o ades\u00e3o ao tratamento. A falta de ades\u00e3o pode comprometer a efic\u00e1cia terap\u00eautica e a avalia\u00e7\u00e3o cl\u00ednica. N\u00e3o h\u00e1 indica\u00e7\u00e3o de dados adicionais ou prazos no texto original.\" \/>\n<meta property=\"og:url\" content=\"https:\/\/portaltela.pt\/noticias\/2026\/03\/25\/sociedades-cientificas-alertam-para-mais-doentes-sem-adesao-a-medicacao\/\" \/>\n<meta property=\"og:site_name\" content=\"Portal Tela Portugal\" \/>\n<meta property=\"article:published_time\" content=\"2026-03-25T07:00:00+00:00\" \/>\n<meta name=\"author\" content=\"Telinha\" \/>\n<meta name=\"twitter:card\" content=\"summary_large_image\" \/>\n<meta name=\"twitter:label1\" content=\"Escrito por\" \/>\n\t<meta name=\"twitter:data1\" content=\"Telinha\" \/>\n\t<meta name=\"twitter:label2\" content=\"Tempo estimado de leitura\" \/>\n\t<meta name=\"twitter:data2\" content=\"1 minuto\" \/>\n<script type=\"application\/ld+json\" class=\"yoast-schema-graph\">{\"@context\":\"https:\/\/schema.org\",\"@graph\":[{\"@type\":\"Article\",\"@id\":\"https:\/\/portaltela.pt\/noticias\/2026\/03\/25\/sociedades-cientificas-alertam-para-mais-doentes-sem-adesao-a-medicacao\/#article\",\"isPartOf\":{\"@id\":\"https:\/\/portaltela.pt\/noticias\/2026\/03\/25\/sociedades-cientificas-alertam-para-mais-doentes-sem-adesao-a-medicacao\/\"},\"author\":{\"name\":\"Telinha\",\"@id\":\"https:\/\/portaltela.pt\/#\/schema\/person\/c4278d4a6028830caff9ee44b42d32ed\"},\"headline\":\"Sociedades cient\u00edficas alertam para mais doentes sem ades\u00e3o \u00e0 medica\u00e7\u00e3o\",\"datePublished\":\"2026-03-25T07:00:00+00:00\",\"mainEntityOfPage\":{\"@id\":\"https:\/\/portaltela.pt\/noticias\/2026\/03\/25\/sociedades-cientificas-alertam-para-mais-doentes-sem-adesao-a-medicacao\/\"},\"wordCount\":197,\"image\":{\"@id\":\"https:\/\/portaltela.pt\/noticias\/2026\/03\/25\/sociedades-cientificas-alertam-para-mais-doentes-sem-adesao-a-medicacao\/#primaryimage\"},\"thumbnailUrl\":\"https:\/\/portaltela.pt\/s.01k8rhncp4jt1\/2026\/03\/CACHE_780X1200_ANALOG_WATERMARKED_17366138_2206240_10042019091131-1.jpg\",\"keywords\":[\"assist\u00eancia de sa\u00fade\",\"comunica\u00e7\u00e3o institucional\",\"doentes\",\"educa\u00e7\u00e3o para a sa\u00fade\",\"literacia em sa\u00fade\",\"sa\u00fade\"],\"articleSection\":[\"Medicina\",\"Not\u00edcias\"],\"inLanguage\":\"pt-PT\"},{\"@type\":\"WebPage\",\"@id\":\"https:\/\/portaltela.pt\/noticias\/2026\/03\/25\/sociedades-cientificas-alertam-para-mais-doentes-sem-adesao-a-medicacao\/\",\"url\":\"https:\/\/portaltela.pt\/noticias\/2026\/03\/25\/sociedades-cientificas-alertam-para-mais-doentes-sem-adesao-a-medicacao\/\",\"name\":\"Sociedades cient\u00edficas alertam para mais doentes sem ades\u00e3o \u00e0 medica\u00e7\u00e3o - Portal Tela Portugal\",\"isPartOf\":{\"@id\":\"https:\/\/portaltela.pt\/#website\"},\"primaryImageOfPage\":{\"@id\":\"https:\/\/portaltela.pt\/noticias\/2026\/03\/25\/sociedades-cientificas-alertam-para-mais-doentes-sem-adesao-a-medicacao\/#primaryimage\"},\"image\":{\"@id\":\"https:\/\/portaltela.pt\/noticias\/2026\/03\/25\/sociedades-cientificas-alertam-para-mais-doentes-sem-adesao-a-medicacao\/#primaryimage\"},\"thumbnailUrl\":\"https:\/\/portaltela.pt\/s.01k8rhncp4jt1\/2026\/03\/CACHE_780X1200_ANALOG_WATERMARKED_17366138_2206240_10042019091131-1.jpg\",\"datePublished\":\"2026-03-25T07:00:00+00:00\",\"author\":{\"@id\":\"https:\/\/portaltela.pt\/#\/schema\/person\/c4278d4a6028830caff9ee44b42d32ed\"},\"breadcrumb\":{\"@id\":\"https:\/\/portaltela.pt\/noticias\/2026\/03\/25\/sociedades-cientificas-alertam-para-mais-doentes-sem-adesao-a-medicacao\/#breadcrumb\"},\"inLanguage\":\"pt-PT\",\"potentialAction\":[{\"@type\":\"ReadAction\",\"target\":[\"https:\/\/portaltela.pt\/noticias\/2026\/03\/25\/sociedades-cientificas-alertam-para-mais-doentes-sem-adesao-a-medicacao\/\"]}]},{\"@type\":\"ImageObject\",\"inLanguage\":\"pt-PT\",\"@id\":\"https:\/\/portaltela.pt\/noticias\/2026\/03\/25\/sociedades-cientificas-alertam-para-mais-doentes-sem-adesao-a-medicacao\/#primaryimage\",\"url\":\"https:\/\/portaltela.pt\/s.01k8rhncp4jt1\/2026\/03\/CACHE_780X1200_ANALOG_WATERMARKED_17366138_2206240_10042019091131-1.jpg\",\"contentUrl\":\"https:\/\/portaltela.pt\/s.01k8rhncp4jt1\/2026\/03\/CACHE_780X1200_ANALOG_WATERMARKED_17366138_2206240_10042019091131-1.jpg\",\"width\":768,\"height\":512,\"caption\":\"Sociedades cient\u00edficas alertam para aumento de doentes que n\u00e3o cumprem medica\u00e7\u00e3o\"},{\"@type\":\"BreadcrumbList\",\"@id\":\"https:\/\/portaltela.pt\/noticias\/2026\/03\/25\/sociedades-cientificas-alertam-para-mais-doentes-sem-adesao-a-medicacao\/#breadcrumb\",\"itemListElement\":[{\"@type\":\"ListItem\",\"position\":1,\"name\":\"In\u00edcio\",\"item\":\"https:\/\/portaltela.pt\/\"},{\"@type\":\"ListItem\",\"position\":2,\"name\":\"Sociedades cient\u00edficas alertam para mais doentes sem ades\u00e3o \u00e0 medica\u00e7\u00e3o\"}]},{\"@type\":\"WebSite\",\"@id\":\"https:\/\/portaltela.pt\/#website\",\"url\":\"https:\/\/portaltela.pt\/\",\"name\":\"Portal Tela Portugal\",\"description\":\"\",\"potentialAction\":[{\"@type\":\"SearchAction\",\"target\":{\"@type\":\"EntryPoint\",\"urlTemplate\":\"https:\/\/portaltela.pt\/?s={search_term_string}\"},\"query-input\":{\"@type\":\"PropertyValueSpecification\",\"valueRequired\":true,\"valueName\":\"search_term_string\"}}],\"inLanguage\":\"pt-PT\"},{\"@type\":\"Person\",\"@id\":\"https:\/\/portaltela.pt\/#\/schema\/person\/c4278d4a6028830caff9ee44b42d32ed\",\"name\":\"Telinha\",\"image\":{\"@type\":\"ImageObject\",\"inLanguage\":\"pt-PT\",\"@id\":\"https:\/\/portaltela.pt\/s.01k8rhncp4jt1\/2025\/11\/talking-bot-125x125.png\",\"url\":\"https:\/\/portaltela.pt\/s.01k8rhncp4jt1\/2025\/11\/talking-bot-125x125.png\",\"contentUrl\":\"https:\/\/portaltela.pt\/s.01k8rhncp4jt1\/2025\/11\/talking-bot-125x125.png\",\"caption\":\"Telinha\"},\"sameAs\":[\"https:\/\/portaltela.pt\/\"],\"url\":\"https:\/\/portaltela.pt\/por\/367410592786\/\"}]}<\/script>\n<!-- \/ Yoast SEO plugin. -->","yoast_head_json":{"title":"Sociedades cient\u00edficas alertam para mais doentes sem ades\u00e3o \u00e0 medica\u00e7\u00e3o - Portal Tela Portugal","robots":{"index":"index","follow":"follow","max-snippet":"max-snippet:-1","max-image-preview":"max-image-preview:large","max-video-preview":"max-video-preview:-1"},"og_locale":"pt_PT","og_type":"article","og_title":"Sociedades cient\u00edficas alertam para mais doentes sem ades\u00e3o \u00e0 medica\u00e7\u00e3o - Portal Tela Portugal","og_description":"Diversas sociedades cient\u00edficas alertaram para o aumento de doentes que n\u00e3o cumprem a medica\u00e7\u00e3o e omitem informa\u00e7\u00f5es ao m\u00e9dico. O fen\u00f3meno \u00e9 mais evidente entre os mais jovens, que julgam ter menor risco. As entidades pedem maior aposta na literacia em sa\u00fade para combater a n\u00e3o ades\u00e3o ao tratamento. A falta de ades\u00e3o pode comprometer a efic\u00e1cia terap\u00eautica e a avalia\u00e7\u00e3o cl\u00ednica. N\u00e3o h\u00e1 indica\u00e7\u00e3o de dados adicionais ou prazos no texto original.","og_url":"https:\/\/portaltela.pt\/noticias\/2026\/03\/25\/sociedades-cientificas-alertam-para-mais-doentes-sem-adesao-a-medicacao\/","og_site_name":"Portal Tela Portugal","article_published_time":"2026-03-25T07:00:00+00:00","author":"Telinha","twitter_card":"summary_large_image","twitter_misc":{"Escrito por":"Telinha","Tempo estimado de leitura":"1 minuto"},"schema":{"@context":"https:\/\/schema.org","@graph":[{"@type":"Article","@id":"https:\/\/portaltela.pt\/noticias\/2026\/03\/25\/sociedades-cientificas-alertam-para-mais-doentes-sem-adesao-a-medicacao\/#article","isPartOf":{"@id":"https:\/\/portaltela.pt\/noticias\/2026\/03\/25\/sociedades-cientificas-alertam-para-mais-doentes-sem-adesao-a-medicacao\/"},"author":{"name":"Telinha","@id":"https:\/\/portaltela.pt\/#\/schema\/person\/c4278d4a6028830caff9ee44b42d32ed"},"headline":"Sociedades cient\u00edficas alertam para mais doentes sem ades\u00e3o \u00e0 medica\u00e7\u00e3o","datePublished":"2026-03-25T07:00:00+00:00","mainEntityOfPage":{"@id":"https:\/\/portaltela.pt\/noticias\/2026\/03\/25\/sociedades-cientificas-alertam-para-mais-doentes-sem-adesao-a-medicacao\/"},"wordCount":197,"image":{"@id":"https:\/\/portaltela.pt\/noticias\/2026\/03\/25\/sociedades-cientificas-alertam-para-mais-doentes-sem-adesao-a-medicacao\/#primaryimage"},"thumbnailUrl":"https:\/\/portaltela.pt\/s.01k8rhncp4jt1\/2026\/03\/CACHE_780X1200_ANALOG_WATERMARKED_17366138_2206240_10042019091131-1.jpg","keywords":["assist\u00eancia de sa\u00fade","comunica\u00e7\u00e3o institucional","doentes","educa\u00e7\u00e3o para a sa\u00fade","literacia em sa\u00fade","sa\u00fade"],"articleSection":["Medicina","Not\u00edcias"],"inLanguage":"pt-PT"},{"@type":"WebPage","@id":"https:\/\/portaltela.pt\/noticias\/2026\/03\/25\/sociedades-cientificas-alertam-para-mais-doentes-sem-adesao-a-medicacao\/","url":"https:\/\/portaltela.pt\/noticias\/2026\/03\/25\/sociedades-cientificas-alertam-para-mais-doentes-sem-adesao-a-medicacao\/","name":"Sociedades cient\u00edficas alertam para mais doentes sem ades\u00e3o \u00e0 medica\u00e7\u00e3o - Portal Tela Portugal","isPartOf":{"@id":"https:\/\/portaltela.pt\/#website"},"primaryImageOfPage":{"@id":"https:\/\/portaltela.pt\/noticias\/2026\/03\/25\/sociedades-cientificas-alertam-para-mais-doentes-sem-adesao-a-medicacao\/#primaryimage"},"image":{"@id":"https:\/\/portaltela.pt\/noticias\/2026\/03\/25\/sociedades-cientificas-alertam-para-mais-doentes-sem-adesao-a-medicacao\/#primaryimage"},"thumbnailUrl":"https:\/\/portaltela.pt\/s.01k8rhncp4jt1\/2026\/03\/CACHE_780X1200_ANALOG_WATERMARKED_17366138_2206240_10042019091131-1.jpg","datePublished":"2026-03-25T07:00:00+00:00","author":{"@id":"https:\/\/portaltela.pt\/#\/schema\/person\/c4278d4a6028830caff9ee44b42d32ed"},"breadcrumb":{"@id":"https:\/\/portaltela.pt\/noticias\/2026\/03\/25\/sociedades-cientificas-alertam-para-mais-doentes-sem-adesao-a-medicacao\/#breadcrumb"},"inLanguage":"pt-PT","potentialAction":[{"@type":"ReadAction","target":["https:\/\/portaltela.pt\/noticias\/2026\/03\/25\/sociedades-cientificas-alertam-para-mais-doentes-sem-adesao-a-medicacao\/"]}]},{"@type":"ImageObject","inLanguage":"pt-PT","@id":"https:\/\/portaltela.pt\/noticias\/2026\/03\/25\/sociedades-cientificas-alertam-para-mais-doentes-sem-adesao-a-medicacao\/#primaryimage","url":"https:\/\/portaltela.pt\/s.01k8rhncp4jt1\/2026\/03\/CACHE_780X1200_ANALOG_WATERMARKED_17366138_2206240_10042019091131-1.jpg","contentUrl":"https:\/\/portaltela.pt\/s.01k8rhncp4jt1\/2026\/03\/CACHE_780X1200_ANALOG_WATERMARKED_17366138_2206240_10042019091131-1.jpg","width":768,"height":512,"caption":"Sociedades cient\u00edficas alertam para aumento de doentes que n\u00e3o cumprem medica\u00e7\u00e3o"},{"@type":"BreadcrumbList","@id":"https:\/\/portaltela.pt\/noticias\/2026\/03\/25\/sociedades-cientificas-alertam-para-mais-doentes-sem-adesao-a-medicacao\/#breadcrumb","itemListElement":[{"@type":"ListItem","position":1,"name":"In\u00edcio","item":"https:\/\/portaltela.pt\/"},{"@type":"ListItem","position":2,"name":"Sociedades cient\u00edficas alertam para mais doentes sem ades\u00e3o \u00e0 medica\u00e7\u00e3o"}]},{"@type":"WebSite","@id":"https:\/\/portaltela.pt\/#website","url":"https:\/\/portaltela.pt\/","name":"Portal Tela Portugal","description":"","potentialAction":[{"@type":"SearchAction","target":{"@type":"EntryPoint","urlTemplate":"https:\/\/portaltela.pt\/?s={search_term_string}"},"query-input":{"@type":"PropertyValueSpecification","valueRequired":true,"valueName":"search_term_string"}}],"inLanguage":"pt-PT"},{"@type":"Person","@id":"https:\/\/portaltela.pt\/#\/schema\/person\/c4278d4a6028830caff9ee44b42d32ed","name":"Telinha","image":{"@type":"ImageObject","inLanguage":"pt-PT","@id":"https:\/\/portaltela.pt\/s.01k8rhncp4jt1\/2025\/11\/talking-bot-125x125.png","url":"https:\/\/portaltela.pt\/s.01k8rhncp4jt1\/2025\/11\/talking-bot-125x125.png","contentUrl":"https:\/\/portaltela.pt\/s.01k8rhncp4jt1\/2025\/11\/talking-bot-125x125.png","caption":"Telinha"},"sameAs":["https:\/\/portaltela.pt\/"],"url":"https:\/\/portaltela.pt\/por\/367410592786\/"}]}},"_links":{"self":[{"href":"https:\/\/portaltela.pt\/api\/wp\/v2\/posts\/420452","targetHints":{"allow":["GET"]}}],"collection":[{"href":"https:\/\/portaltela.pt\/api\/wp\/v2\/posts"}],"about":[{"href":"https:\/\/portaltela.pt\/api\/wp\/v2\/types\/post"}],"author":[{"embeddable":true,"href":"https:\/\/portaltela.pt\/api\/wp\/v2\/users\/2"}],"replies":[{"embeddable":true,"href":"https:\/\/portaltela.pt\/api\/wp\/v2\/comments?post=420452"}],"version-history":[{"count":0,"href":"https:\/\/portaltela.pt\/api\/wp\/v2\/posts\/420452\/revisions"}],"wp:featuredmedia":[{"embeddable":true,"href":"https:\/\/portaltela.pt\/api\/wp\/v2\/media\/420453"}],"wp:attachment":[{"href":"https:\/\/portaltela.pt\/api\/wp\/v2\/media?parent=420452"}],"wp:term":[{"taxonomy":"category","embeddable":true,"href":"https:\/\/portaltela.pt\/api\/wp\/v2\/categories?post=420452"},{"taxonomy":"post_tag","embeddable":true,"href":"https:\/\/portaltela.pt\/api\/wp\/v2\/tags?post=420452"}],"curies":[{"name":"wp","href":"https:\/\/api.w.org\/{rel}","templated":true}]}}