{"id":420446,"date":"2026-03-25T05:10:00","date_gmt":"2026-03-25T08:10:00","guid":{"rendered":"https:\/\/portaltela.pt\/noticias\/2026\/03\/25\/bebe-nasce-em-ambulancia-dos-bombeiros-de-camarate\/"},"modified":"2026-03-25T05:10:00","modified_gmt":"2026-03-25T08:10:00","slug":"bebe-nasce-em-ambulancia-dos-bombeiros-de-camarate","status":"publish","type":"post","link":"https:\/\/portaltela.pt\/sociedade\/2026\/03\/25\/bebe-nasce-em-ambulancia-dos-bombeiros-de-camarate\/","title":{"rendered":"Beb\u00e9 nasce em ambul\u00e2ncia dos bombeiros de Camarate"},"content":{"rendered":"<p>O nascimento ocorreu nesta quarta-feira, junto \u00e0 entrada do Hospital de Santa Maria, em Lisboa. O parto deu-se na ambul\u00e2ncia dos Bombeiros Volunt\u00e1rios de Camarate, durante a madrugada em Loures, j\u00e1 a caminho do hospital. A crian\u00e7a nasceu por volta das 6h00, antes de ingressar na unidade m\u00e9dica.<\/p>\n<p>Conforme a institui\u00e7\u00e3o, a equipa composta pelos bombeiros Nuno Melo e C\u00edntia avaliou a situa\u00e7\u00e3o e iniciou o transporte para o Hospital de Santa Maria. O parto aconteceu ainda fora do interior da cl\u00ednica, com os profissionais a acompanhar todo o procedimento.<\/p>\n<p>M\u00e3e e filho encontram-se em bom estado de sa\u00fade, segundo os bombeiros. Ambos foram entregues aos cuidados da equipa hospitalar assim que chegaram \u00e0 entrada da unidade. N\u00e3o s\u00e3o avan\u00e7adas informa\u00e7\u00f5es adicionais sobre a identifica\u00e7\u00e3o das pessoas envolvidas.<\/p>\n<h3>Interven\u00e7\u00e3o dos Bombeiros<\/h3>\n<p>A corpora\u00e7\u00e3o de Camarate detalha que a atua\u00e7\u00e3o teve como objetivo assegurar a seguran\u00e7a da m\u00e3e e da crian\u00e7a durante o transporte. Os profissionais mantiveram comunica\u00e7\u00e3o com a equipa do hospital para coordenar a entrada e o seguimento do parto.<\/p>\n<h3>Estado de Sa\u00fade e Seguimento<\/h3>\n<p>A autoridade hospitalar dever\u00e1 acompanhar a recupera\u00e7\u00e3o da m\u00e3e e do beb\u00e9, que permanecem est\u00e1veis. N\u00e3o foram reportadas complica\u00e7\u00f5es durante o parto. O caso integra o conjunto de atendimentos de urg\u00eancia realizados pela corpora\u00e7\u00e3o.<\/p>\n","protected":false},"excerpt":{"rendered":"<ul>\n<li>Uma mulher deu \u00e0 luz na ambul\u00e2ncia dos Bombeiros Volunt\u00e1rios de Camarate, j\u00e1 \u00e0 entrada do Hospital de Santa Maria, em Lisboa.<\/li>\n<li>O parto ocorreu por volta das 6h00, antes de a m\u00e3e entrar na unidade hospitalar.<\/li>\n<li>Segundo os bombeiros, a m\u00e3e entrou em trabalho de parto durante a madrugada em Loures.<\/li>\n<li>A equipa foi composta pelos bombeiros Nuno Melo e C\u00edntia, que prestaram os primeiros socorros e acompanharam o transporte.<\/li>\n<li>m\u00e3e e beb\u00e9 est\u00e3o em bom estado de sa\u00fade e foram entregues aos cuidados do hospital.<\/li>\n<\/ul>\n","protected":false},"author":2,"featured_media":420447,"comment_status":"closed","ping_status":"closed","sticky":false,"template":"","format":"standard","meta":{"footnotes":""},"categories":[6745,6871],"tags":[971,4351,7238,981,4737,1899],"class_list":["post-420446","post","type-post","status-publish","format-standard","has-post-thumbnail","hentry","category-saude","category-sociedade","tag-bombeiros","tag-bombeiros-voluntarios","tag-camarate","tag-lisboa","tag-partos","tag-urgencias"],"yoast_head":"<!-- This site is optimized with the Yoast SEO plugin v27.2 - https:\/\/yoast.com\/product\/yoast-seo-wordpress\/ -->\n<title>Beb\u00e9 nasce em ambul\u00e2ncia dos bombeiros de Camarate - Portal Tela Portugal<\/title>\n<meta name=\"robots\" content=\"index, follow, max-snippet:-1, max-image-preview:large, max-video-preview:-1\" \/>\n<meta property=\"og:locale\" content=\"pt_PT\" \/>\n<meta property=\"og:type\" content=\"article\" \/>\n<meta property=\"og:title\" content=\"Beb\u00e9 nasce em ambul\u00e2ncia dos bombeiros de Camarate - Portal Tela Portugal\" \/>\n<meta property=\"og:description\" content=\"Uma mulher deu \u00e0 luz na ambul\u00e2ncia dos Bombeiros Volunt\u00e1rios de Camarate, j\u00e1 \u00e0 entrada do Hospital de Santa Maria, em Lisboa. O parto ocorreu por volta das 6h00, antes de a m\u00e3e entrar na unidade hospitalar. Segundo os bombeiros, a m\u00e3e entrou em trabalho de parto durante a madrugada em Loures. A equipa foi composta pelos bombeiros Nuno Melo e C\u00edntia, que prestaram os primeiros socorros e acompanharam o transporte. m\u00e3e e beb\u00e9 est\u00e3o em bom estado de sa\u00fade e foram entregues aos cuidados do hospital.\" \/>\n<meta property=\"og:url\" content=\"https:\/\/portaltela.pt\/noticias\/2026\/03\/25\/bebe-nasce-em-ambulancia-dos-bombeiros-de-camarate\/\" \/>\n<meta property=\"og:site_name\" content=\"Portal Tela Portugal\" \/>\n<meta property=\"article:published_time\" content=\"2026-03-25T08:10:00+00:00\" \/>\n<meta name=\"author\" content=\"Telinha\" \/>\n<meta name=\"twitter:card\" content=\"summary_large_image\" \/>\n<meta name=\"twitter:label1\" content=\"Escrito por\" \/>\n\t<meta name=\"twitter:data1\" content=\"Telinha\" \/>\n\t<meta name=\"twitter:label2\" content=\"Tempo estimado de leitura\" \/>\n\t<meta name=\"twitter:data2\" content=\"1 minuto\" \/>\n<script type=\"application\/ld+json\" class=\"yoast-schema-graph\">{\"@context\":\"https:\/\/schema.org\",\"@graph\":[{\"@type\":\"Article\",\"@id\":\"https:\/\/portaltela.pt\/noticias\/2026\/03\/25\/bebe-nasce-em-ambulancia-dos-bombeiros-de-camarate\/#article\",\"isPartOf\":{\"@id\":\"https:\/\/portaltela.pt\/noticias\/2026\/03\/25\/bebe-nasce-em-ambulancia-dos-bombeiros-de-camarate\/\"},\"author\":{\"name\":\"Telinha\",\"@id\":\"https:\/\/portaltela.pt\/#\/schema\/person\/c4278d4a6028830caff9ee44b42d32ed\"},\"headline\":\"Beb\u00e9 nasce em ambul\u00e2ncia dos bombeiros de Camarate\",\"datePublished\":\"2026-03-25T08:10:00+00:00\",\"mainEntityOfPage\":{\"@id\":\"https:\/\/portaltela.pt\/noticias\/2026\/03\/25\/bebe-nasce-em-ambulancia-dos-bombeiros-de-camarate\/\"},\"wordCount\":247,\"image\":{\"@id\":\"https:\/\/portaltela.pt\/noticias\/2026\/03\/25\/bebe-nasce-em-ambulancia-dos-bombeiros-de-camarate\/#primaryimage\"},\"thumbnailUrl\":\"https:\/\/portaltela.pt\/s.01k8rhncp4jt1\/2026\/03\/img_1500x1000uu2026-03-25-08-06-06-2274669-im-639100228103153435.jpg\",\"keywords\":[\"bombeiros\",\"Bombeiros Volunt\u00e1rios\",\"Camarate\",\"Lisboa\",\"Partos\",\"urg\u00eancias\"],\"articleSection\":[\"Sa\u00fade\",\"Sociedade\"],\"inLanguage\":\"pt-PT\"},{\"@type\":\"WebPage\",\"@id\":\"https:\/\/portaltela.pt\/noticias\/2026\/03\/25\/bebe-nasce-em-ambulancia-dos-bombeiros-de-camarate\/\",\"url\":\"https:\/\/portaltela.pt\/noticias\/2026\/03\/25\/bebe-nasce-em-ambulancia-dos-bombeiros-de-camarate\/\",\"name\":\"Beb\u00e9 nasce em ambul\u00e2ncia dos bombeiros de Camarate - Portal Tela Portugal\",\"isPartOf\":{\"@id\":\"https:\/\/portaltela.pt\/#website\"},\"primaryImageOfPage\":{\"@id\":\"https:\/\/portaltela.pt\/noticias\/2026\/03\/25\/bebe-nasce-em-ambulancia-dos-bombeiros-de-camarate\/#primaryimage\"},\"image\":{\"@id\":\"https:\/\/portaltela.pt\/noticias\/2026\/03\/25\/bebe-nasce-em-ambulancia-dos-bombeiros-de-camarate\/#primaryimage\"},\"thumbnailUrl\":\"https:\/\/portaltela.pt\/s.01k8rhncp4jt1\/2026\/03\/img_1500x1000uu2026-03-25-08-06-06-2274669-im-639100228103153435.jpg\",\"datePublished\":\"2026-03-25T08:10:00+00:00\",\"author\":{\"@id\":\"https:\/\/portaltela.pt\/#\/schema\/person\/c4278d4a6028830caff9ee44b42d32ed\"},\"breadcrumb\":{\"@id\":\"https:\/\/portaltela.pt\/noticias\/2026\/03\/25\/bebe-nasce-em-ambulancia-dos-bombeiros-de-camarate\/#breadcrumb\"},\"inLanguage\":\"pt-PT\",\"potentialAction\":[{\"@type\":\"ReadAction\",\"target\":[\"https:\/\/portaltela.pt\/noticias\/2026\/03\/25\/bebe-nasce-em-ambulancia-dos-bombeiros-de-camarate\/\"]}]},{\"@type\":\"ImageObject\",\"inLanguage\":\"pt-PT\",\"@id\":\"https:\/\/portaltela.pt\/noticias\/2026\/03\/25\/bebe-nasce-em-ambulancia-dos-bombeiros-de-camarate\/#primaryimage\",\"url\":\"https:\/\/portaltela.pt\/s.01k8rhncp4jt1\/2026\/03\/img_1500x1000uu2026-03-25-08-06-06-2274669-im-639100228103153435.jpg\",\"contentUrl\":\"https:\/\/portaltela.pt\/s.01k8rhncp4jt1\/2026\/03\/img_1500x1000uu2026-03-25-08-06-06-2274669-im-639100228103153435.jpg\",\"width\":796,\"height\":448,\"caption\":\"Beb\u00e9 nasce em ambul\u00e2ncia dos bombeiros de Camarate\"},{\"@type\":\"BreadcrumbList\",\"@id\":\"https:\/\/portaltela.pt\/noticias\/2026\/03\/25\/bebe-nasce-em-ambulancia-dos-bombeiros-de-camarate\/#breadcrumb\",\"itemListElement\":[{\"@type\":\"ListItem\",\"position\":1,\"name\":\"In\u00edcio\",\"item\":\"https:\/\/portaltela.pt\/\"},{\"@type\":\"ListItem\",\"position\":2,\"name\":\"Beb\u00e9 nasce em ambul\u00e2ncia dos bombeiros de Camarate\"}]},{\"@type\":\"WebSite\",\"@id\":\"https:\/\/portaltela.pt\/#website\",\"url\":\"https:\/\/portaltela.pt\/\",\"name\":\"Portal Tela Portugal\",\"description\":\"\",\"potentialAction\":[{\"@type\":\"SearchAction\",\"target\":{\"@type\":\"EntryPoint\",\"urlTemplate\":\"https:\/\/portaltela.pt\/?s={search_term_string}\"},\"query-input\":{\"@type\":\"PropertyValueSpecification\",\"valueRequired\":true,\"valueName\":\"search_term_string\"}}],\"inLanguage\":\"pt-PT\"},{\"@type\":\"Person\",\"@id\":\"https:\/\/portaltela.pt\/#\/schema\/person\/c4278d4a6028830caff9ee44b42d32ed\",\"name\":\"Telinha\",\"image\":{\"@type\":\"ImageObject\",\"inLanguage\":\"pt-PT\",\"@id\":\"https:\/\/portaltela.pt\/s.01k8rhncp4jt1\/2025\/11\/talking-bot-125x125.png\",\"url\":\"https:\/\/portaltela.pt\/s.01k8rhncp4jt1\/2025\/11\/talking-bot-125x125.png\",\"contentUrl\":\"https:\/\/portaltela.pt\/s.01k8rhncp4jt1\/2025\/11\/talking-bot-125x125.png\",\"caption\":\"Telinha\"},\"sameAs\":[\"https:\/\/portaltela.pt\/\"],\"url\":\"https:\/\/portaltela.pt\/por\/367410592786\/\"}]}<\/script>\n<!-- \/ Yoast SEO plugin. -->","yoast_head_json":{"title":"Beb\u00e9 nasce em ambul\u00e2ncia dos bombeiros de Camarate - Portal Tela Portugal","robots":{"index":"index","follow":"follow","max-snippet":"max-snippet:-1","max-image-preview":"max-image-preview:large","max-video-preview":"max-video-preview:-1"},"og_locale":"pt_PT","og_type":"article","og_title":"Beb\u00e9 nasce em ambul\u00e2ncia dos bombeiros de Camarate - Portal Tela Portugal","og_description":"Uma mulher deu \u00e0 luz na ambul\u00e2ncia dos Bombeiros Volunt\u00e1rios de Camarate, j\u00e1 \u00e0 entrada do Hospital de Santa Maria, em Lisboa. O parto ocorreu por volta das 6h00, antes de a m\u00e3e entrar na unidade hospitalar. Segundo os bombeiros, a m\u00e3e entrou em trabalho de parto durante a madrugada em Loures. A equipa foi composta pelos bombeiros Nuno Melo e C\u00edntia, que prestaram os primeiros socorros e acompanharam o transporte. m\u00e3e e beb\u00e9 est\u00e3o em bom estado de sa\u00fade e foram entregues aos cuidados do hospital.","og_url":"https:\/\/portaltela.pt\/noticias\/2026\/03\/25\/bebe-nasce-em-ambulancia-dos-bombeiros-de-camarate\/","og_site_name":"Portal Tela Portugal","article_published_time":"2026-03-25T08:10:00+00:00","author":"Telinha","twitter_card":"summary_large_image","twitter_misc":{"Escrito por":"Telinha","Tempo estimado de leitura":"1 minuto"},"schema":{"@context":"https:\/\/schema.org","@graph":[{"@type":"Article","@id":"https:\/\/portaltela.pt\/noticias\/2026\/03\/25\/bebe-nasce-em-ambulancia-dos-bombeiros-de-camarate\/#article","isPartOf":{"@id":"https:\/\/portaltela.pt\/noticias\/2026\/03\/25\/bebe-nasce-em-ambulancia-dos-bombeiros-de-camarate\/"},"author":{"name":"Telinha","@id":"https:\/\/portaltela.pt\/#\/schema\/person\/c4278d4a6028830caff9ee44b42d32ed"},"headline":"Beb\u00e9 nasce em ambul\u00e2ncia dos bombeiros de Camarate","datePublished":"2026-03-25T08:10:00+00:00","mainEntityOfPage":{"@id":"https:\/\/portaltela.pt\/noticias\/2026\/03\/25\/bebe-nasce-em-ambulancia-dos-bombeiros-de-camarate\/"},"wordCount":247,"image":{"@id":"https:\/\/portaltela.pt\/noticias\/2026\/03\/25\/bebe-nasce-em-ambulancia-dos-bombeiros-de-camarate\/#primaryimage"},"thumbnailUrl":"https:\/\/portaltela.pt\/s.01k8rhncp4jt1\/2026\/03\/img_1500x1000uu2026-03-25-08-06-06-2274669-im-639100228103153435.jpg","keywords":["bombeiros","Bombeiros Volunt\u00e1rios","Camarate","Lisboa","Partos","urg\u00eancias"],"articleSection":["Sa\u00fade","Sociedade"],"inLanguage":"pt-PT"},{"@type":"WebPage","@id":"https:\/\/portaltela.pt\/noticias\/2026\/03\/25\/bebe-nasce-em-ambulancia-dos-bombeiros-de-camarate\/","url":"https:\/\/portaltela.pt\/noticias\/2026\/03\/25\/bebe-nasce-em-ambulancia-dos-bombeiros-de-camarate\/","name":"Beb\u00e9 nasce em ambul\u00e2ncia dos bombeiros de Camarate - Portal Tela Portugal","isPartOf":{"@id":"https:\/\/portaltela.pt\/#website"},"primaryImageOfPage":{"@id":"https:\/\/portaltela.pt\/noticias\/2026\/03\/25\/bebe-nasce-em-ambulancia-dos-bombeiros-de-camarate\/#primaryimage"},"image":{"@id":"https:\/\/portaltela.pt\/noticias\/2026\/03\/25\/bebe-nasce-em-ambulancia-dos-bombeiros-de-camarate\/#primaryimage"},"thumbnailUrl":"https:\/\/portaltela.pt\/s.01k8rhncp4jt1\/2026\/03\/img_1500x1000uu2026-03-25-08-06-06-2274669-im-639100228103153435.jpg","datePublished":"2026-03-25T08:10:00+00:00","author":{"@id":"https:\/\/portaltela.pt\/#\/schema\/person\/c4278d4a6028830caff9ee44b42d32ed"},"breadcrumb":{"@id":"https:\/\/portaltela.pt\/noticias\/2026\/03\/25\/bebe-nasce-em-ambulancia-dos-bombeiros-de-camarate\/#breadcrumb"},"inLanguage":"pt-PT","potentialAction":[{"@type":"ReadAction","target":["https:\/\/portaltela.pt\/noticias\/2026\/03\/25\/bebe-nasce-em-ambulancia-dos-bombeiros-de-camarate\/"]}]},{"@type":"ImageObject","inLanguage":"pt-PT","@id":"https:\/\/portaltela.pt\/noticias\/2026\/03\/25\/bebe-nasce-em-ambulancia-dos-bombeiros-de-camarate\/#primaryimage","url":"https:\/\/portaltela.pt\/s.01k8rhncp4jt1\/2026\/03\/img_1500x1000uu2026-03-25-08-06-06-2274669-im-639100228103153435.jpg","contentUrl":"https:\/\/portaltela.pt\/s.01k8rhncp4jt1\/2026\/03\/img_1500x1000uu2026-03-25-08-06-06-2274669-im-639100228103153435.jpg","width":796,"height":448,"caption":"Beb\u00e9 nasce em ambul\u00e2ncia dos bombeiros de Camarate"},{"@type":"BreadcrumbList","@id":"https:\/\/portaltela.pt\/noticias\/2026\/03\/25\/bebe-nasce-em-ambulancia-dos-bombeiros-de-camarate\/#breadcrumb","itemListElement":[{"@type":"ListItem","position":1,"name":"In\u00edcio","item":"https:\/\/portaltela.pt\/"},{"@type":"ListItem","position":2,"name":"Beb\u00e9 nasce em ambul\u00e2ncia dos bombeiros de Camarate"}]},{"@type":"WebSite","@id":"https:\/\/portaltela.pt\/#website","url":"https:\/\/portaltela.pt\/","name":"Portal Tela Portugal","description":"","potentialAction":[{"@type":"SearchAction","target":{"@type":"EntryPoint","urlTemplate":"https:\/\/portaltela.pt\/?s={search_term_string}"},"query-input":{"@type":"PropertyValueSpecification","valueRequired":true,"valueName":"search_term_string"}}],"inLanguage":"pt-PT"},{"@type":"Person","@id":"https:\/\/portaltela.pt\/#\/schema\/person\/c4278d4a6028830caff9ee44b42d32ed","name":"Telinha","image":{"@type":"ImageObject","inLanguage":"pt-PT","@id":"https:\/\/portaltela.pt\/s.01k8rhncp4jt1\/2025\/11\/talking-bot-125x125.png","url":"https:\/\/portaltela.pt\/s.01k8rhncp4jt1\/2025\/11\/talking-bot-125x125.png","contentUrl":"https:\/\/portaltela.pt\/s.01k8rhncp4jt1\/2025\/11\/talking-bot-125x125.png","caption":"Telinha"},"sameAs":["https:\/\/portaltela.pt\/"],"url":"https:\/\/portaltela.pt\/por\/367410592786\/"}]}},"_links":{"self":[{"href":"https:\/\/portaltela.pt\/api\/wp\/v2\/posts\/420446","targetHints":{"allow":["GET"]}}],"collection":[{"href":"https:\/\/portaltela.pt\/api\/wp\/v2\/posts"}],"about":[{"href":"https:\/\/portaltela.pt\/api\/wp\/v2\/types\/post"}],"author":[{"embeddable":true,"href":"https:\/\/portaltela.pt\/api\/wp\/v2\/users\/2"}],"replies":[{"embeddable":true,"href":"https:\/\/portaltela.pt\/api\/wp\/v2\/comments?post=420446"}],"version-history":[{"count":0,"href":"https:\/\/portaltela.pt\/api\/wp\/v2\/posts\/420446\/revisions"}],"wp:featuredmedia":[{"embeddable":true,"href":"https:\/\/portaltela.pt\/api\/wp\/v2\/media\/420447"}],"wp:attachment":[{"href":"https:\/\/portaltela.pt\/api\/wp\/v2\/media?parent=420446"}],"wp:term":[{"taxonomy":"category","embeddable":true,"href":"https:\/\/portaltela.pt\/api\/wp\/v2\/categories?post=420446"},{"taxonomy":"post_tag","embeddable":true,"href":"https:\/\/portaltela.pt\/api\/wp\/v2\/tags?post=420446"}],"curies":[{"name":"wp","href":"https:\/\/api.w.org\/{rel}","templated":true}]}}