{"id":420433,"date":"2026-03-25T05:02:27","date_gmt":"2026-03-25T08:02:27","guid":{"rendered":"https:\/\/portaltela.pt\/noticias\/2026\/03\/25\/flotilha-ativista-nuestra-america-chega-a-cuba-com-toneladas-de-alimentos\/"},"modified":"2026-03-25T05:02:27","modified_gmt":"2026-03-25T08:02:27","slug":"flotilha-ativista-nuestra-america-chega-a-cuba-com-toneladas-de-alimentos","status":"publish","type":"post","link":"https:\/\/portaltela.pt\/internacionais\/2026\/03\/25\/flotilha-ativista-nuestra-america-chega-a-cuba-com-toneladas-de-alimentos\/","title":{"rendered":"Flotilha ativista Nuestra Am\u00e9rica chega a Cuba com toneladas de alimentos"},"content":{"rendered":"<p>O navio principal da flotilha, o Granma 2.0 ou Maguro, chegou na costa de Cuba, em Havana, com 30 toneladas de ajuda humanit\u00e1ria ap\u00f3s uma viagem de seis dias. A embarca\u00e7\u00e3o partiu de Progreso, no Yucat\u00e1n, M\u00e9xico, na quinta-feira. O comboio incluiu 14 toneladas de alimentos e medicamentos, 73 pain\u00e9is solares e uma d\u00fazia de bicicletas.<\/p>\n<p>A bordo seguiam 32 tripulantes de 10 pa\u00edses. A chegada foi recebida pelo Instituto Cubano de Amizade com os Povos por volta das 08:00 locais. Entre os presentes estiveram dirigentes de esquerda que viajaram para Havana, como ex-vice-presidente espanhol Pablo Iglesias, al\u00e9m de deputados Pablo S\u00e1nchez, Gerardo Pisarello e outros eurodeputados.<\/p>\n<p>A Greenpeace e outras vozes associadas \u00e0 a\u00e7\u00e3o descrevem a iniciativa como uma den\u00fancia da emerg\u00eancia econ\u00f4mica de Cuba, agravada pelo embargo norte-americano. O embargo foi mencionado como ilegal pela ONU em termos de direito internacional. O Maguro foi seguido por dois veleiros, que partiram de Isla Mujeres, M\u00e9xico, na mesma opera\u00e7\u00e3o, tendo enfrentado mau tempo no Mar das Cara\u00edbas.<\/p>\n<p>Participantes e objetivo<\/p>\n<p>Diversos pol\u00edticos de esquerda estiveram na cerim\u00f4nia de rece\u00e7\u00e3o, incluindo Jeremy Corbyn, Clara L\u00f3pez e David Adler. Outros presentes foram os eurodeputados Marc Botenga, Emma Fourreau e Domenico Lucano, bem como a independente Illaria Salis. Thiago Silva, ativista brasileiro que j\u00e1 integrou a flotilha Alma com Greta Thunberg, explicou \u00e0 imprensa o car\u00e1ter simb\u00f3lico da miss\u00e3o, embora reconhecesse a limita\u00e7\u00e3o da ajuda.<\/p>\n<p>Contexto e rea\u00e7\u00e3o internacional<\/p>\n<p>Organiza\u00e7\u00f5es de direitos humanos, como a Human Rights Watch, voltaram a denunciar deten\u00e7\u00f5es arbitr\u00e1rias e presumed torturas de cr\u00edticos em Cuba. Segundo relatos, o governo cubano manteria mais de 1.000 presos pol\u00edticos, incluindo 30 menores de idade. A institui\u00e7\u00e3o ressalta preocupa\u00e7\u00f5es sobre a situa\u00e7\u00e3o de opositores, sob a gest\u00e3o do regime cubano.<\/p>\n","protected":false},"excerpt":{"rendered":"<ul>\n<li>A flotilha Nuestra Am\u00e9rica, com o Granma 2.0 (Maguro) a Centro Havana, chegou a Cuba com 30 toneladas de ajuda humanit\u00e1ria ap\u00f3s seis dias de viagem desde Progreso de Castro, M\u00e9xico.<\/li>\n<li>Em barco seguiam 32 tripulantes de 10 pa\u00edses; partiu na quinta-feira e trazia 14 toneladas de alimentos e medicamentos, 73 pain\u00e9is solares e uma d\u00fazia de bicicletas.<\/li>\n<li>Na chegada, receberam os respons\u00e1veis do Instituto Cubano de Amizade com os Povos; entre os convidados estavam Jeremy Corbyn, Clara L\u00f3pez e Gerardo Pisarello.<\/li>\n<li>O objetivo \u00e9 denunciar a crise econ\u00f3mica e humanit\u00e1ria cubana, agravada pelo bloqueio dos Estados Unidos, considerado pela ONU contr\u00e1ria ao direito internacional; dois veleiros seguiram o Maguro.<\/li>\n<li>Organiza\u00e7\u00f5es de direitos humanos, como a Human Rights Watch, acusam o governo cubano de deten\u00e7\u00f5es arbitr\u00e1rias; estima-se que existam mais de 1.000 presos pol\u00edticos, incluindo 30 menores.<\/li>\n<\/ul>\n","protected":false},"author":2,"featured_media":420435,"comment_status":"closed","ping_status":"closed","sticky":false,"template":"","format":"standard","meta":{"footnotes":""},"categories":[6912],"tags":[5747,6636,2633,2846,5123,2023],"class_list":["post-420433","post","type-post","status-publish","format-standard","has-post-thumbnail","hentry","category-internacionais","tag-ajuda-humanitaria","tag-cuba","tag-direitos-humanos","tag-human-rights-watch","tag-onu","tag-organizacoes-internacionais"],"yoast_head":"<!-- This site is optimized with the Yoast SEO plugin v27.2 - https:\/\/yoast.com\/product\/yoast-seo-wordpress\/ -->\n<title>Flotilha ativista Nuestra Am\u00e9rica chega a Cuba com toneladas de alimentos - Portal Tela Portugal<\/title>\n<meta name=\"robots\" content=\"index, follow, max-snippet:-1, max-image-preview:large, max-video-preview:-1\" \/>\n<meta property=\"og:locale\" content=\"pt_PT\" \/>\n<meta property=\"og:type\" content=\"article\" \/>\n<meta property=\"og:title\" content=\"Flotilha ativista Nuestra Am\u00e9rica chega a Cuba com toneladas de alimentos - Portal Tela Portugal\" \/>\n<meta property=\"og:description\" content=\"A flotilha Nuestra Am\u00e9rica, com o Granma 2.0 (Maguro) a Centro Havana, chegou a Cuba com 30 toneladas de ajuda humanit\u00e1ria ap\u00f3s seis dias de viagem desde Progreso de Castro, M\u00e9xico. Em barco seguiam 32 tripulantes de 10 pa\u00edses; partiu na quinta-feira e trazia 14 toneladas de alimentos e medicamentos, 73 pain\u00e9is solares e uma d\u00fazia de bicicletas. Na chegada, receberam os respons\u00e1veis do Instituto Cubano de Amizade com os Povos; entre os convidados estavam Jeremy Corbyn, Clara L\u00f3pez e Gerardo Pisarello. O objetivo \u00e9 denunciar a crise econ\u00f3mica e humanit\u00e1ria cubana, agravada pelo bloqueio dos Estados Unidos, considerado pela ONU contr\u00e1ria ao direito internacional; dois veleiros seguiram o Maguro. Organiza\u00e7\u00f5es de direitos humanos, como a Human Rights Watch, acusam o governo cubano de deten\u00e7\u00f5es arbitr\u00e1rias; estima-se que existam mais de 1.000 presos pol\u00edticos, incluindo 30 menores.\" \/>\n<meta property=\"og:url\" content=\"https:\/\/portaltela.pt\/noticias\/2026\/03\/25\/flotilha-ativista-nuestra-america-chega-a-cuba-com-toneladas-de-alimentos\/\" \/>\n<meta property=\"og:site_name\" content=\"Portal Tela Portugal\" \/>\n<meta property=\"article:published_time\" content=\"2026-03-25T08:02:27+00:00\" \/>\n<meta name=\"author\" content=\"Telinha\" \/>\n<meta name=\"twitter:card\" content=\"summary_large_image\" \/>\n<meta name=\"twitter:label1\" content=\"Escrito por\" \/>\n\t<meta name=\"twitter:data1\" content=\"Telinha\" \/>\n\t<meta name=\"twitter:label2\" content=\"Tempo estimado de leitura\" \/>\n\t<meta name=\"twitter:data2\" content=\"2 minutos\" \/>\n<script type=\"application\/ld+json\" class=\"yoast-schema-graph\">{\"@context\":\"https:\/\/schema.org\",\"@graph\":[{\"@type\":\"Article\",\"@id\":\"https:\/\/portaltela.pt\/noticias\/2026\/03\/25\/flotilha-ativista-nuestra-america-chega-a-cuba-com-toneladas-de-alimentos\/#article\",\"isPartOf\":{\"@id\":\"https:\/\/portaltela.pt\/noticias\/2026\/03\/25\/flotilha-ativista-nuestra-america-chega-a-cuba-com-toneladas-de-alimentos\/\"},\"author\":{\"name\":\"Telinha\",\"@id\":\"https:\/\/portaltela.pt\/#\/schema\/person\/c4278d4a6028830caff9ee44b42d32ed\"},\"headline\":\"Flotilha ativista Nuestra Am\u00e9rica chega a Cuba com toneladas de alimentos\",\"datePublished\":\"2026-03-25T08:02:27+00:00\",\"mainEntityOfPage\":{\"@id\":\"https:\/\/portaltela.pt\/noticias\/2026\/03\/25\/flotilha-ativista-nuestra-america-chega-a-cuba-com-toneladas-de-alimentos\/\"},\"wordCount\":324,\"image\":{\"@id\":\"https:\/\/portaltela.pt\/noticias\/2026\/03\/25\/flotilha-ativista-nuestra-america-chega-a-cuba-com-toneladas-de-alimentos\/#primaryimage\"},\"thumbnailUrl\":\"https:\/\/portaltela.pt\/s.01k8rhncp4jt1\/2026\/03\/1536x864_cmsv2_a32bf1e3-a139-5c91-adab-56aa7844a719-9696898.jpg\",\"keywords\":[\"ajuda humanit\u00e1ria\",\"Cuba\",\"direitos humanos\",\"Human Rights Watch\",\"ONU\",\"organiza\u00e7\u00f5es internacionais\"],\"articleSection\":[\"Internacionais\"],\"inLanguage\":\"pt-PT\"},{\"@type\":\"WebPage\",\"@id\":\"https:\/\/portaltela.pt\/noticias\/2026\/03\/25\/flotilha-ativista-nuestra-america-chega-a-cuba-com-toneladas-de-alimentos\/\",\"url\":\"https:\/\/portaltela.pt\/noticias\/2026\/03\/25\/flotilha-ativista-nuestra-america-chega-a-cuba-com-toneladas-de-alimentos\/\",\"name\":\"Flotilha ativista Nuestra Am\u00e9rica chega a Cuba com toneladas de alimentos - Portal Tela Portugal\",\"isPartOf\":{\"@id\":\"https:\/\/portaltela.pt\/#website\"},\"primaryImageOfPage\":{\"@id\":\"https:\/\/portaltela.pt\/noticias\/2026\/03\/25\/flotilha-ativista-nuestra-america-chega-a-cuba-com-toneladas-de-alimentos\/#primaryimage\"},\"image\":{\"@id\":\"https:\/\/portaltela.pt\/noticias\/2026\/03\/25\/flotilha-ativista-nuestra-america-chega-a-cuba-com-toneladas-de-alimentos\/#primaryimage\"},\"thumbnailUrl\":\"https:\/\/portaltela.pt\/s.01k8rhncp4jt1\/2026\/03\/1536x864_cmsv2_a32bf1e3-a139-5c91-adab-56aa7844a719-9696898.jpg\",\"datePublished\":\"2026-03-25T08:02:27+00:00\",\"author\":{\"@id\":\"https:\/\/portaltela.pt\/#\/schema\/person\/c4278d4a6028830caff9ee44b42d32ed\"},\"breadcrumb\":{\"@id\":\"https:\/\/portaltela.pt\/noticias\/2026\/03\/25\/flotilha-ativista-nuestra-america-chega-a-cuba-com-toneladas-de-alimentos\/#breadcrumb\"},\"inLanguage\":\"pt-PT\",\"potentialAction\":[{\"@type\":\"ReadAction\",\"target\":[\"https:\/\/portaltela.pt\/noticias\/2026\/03\/25\/flotilha-ativista-nuestra-america-chega-a-cuba-com-toneladas-de-alimentos\/\"]}]},{\"@type\":\"ImageObject\",\"inLanguage\":\"pt-PT\",\"@id\":\"https:\/\/portaltela.pt\/noticias\/2026\/03\/25\/flotilha-ativista-nuestra-america-chega-a-cuba-com-toneladas-de-alimentos\/#primaryimage\",\"url\":\"https:\/\/portaltela.pt\/s.01k8rhncp4jt1\/2026\/03\/1536x864_cmsv2_a32bf1e3-a139-5c91-adab-56aa7844a719-9696898.jpg\",\"contentUrl\":\"https:\/\/portaltela.pt\/s.01k8rhncp4jt1\/2026\/03\/1536x864_cmsv2_a32bf1e3-a139-5c91-adab-56aa7844a719-9696898.jpg\",\"width\":796,\"height\":448,\"caption\":\"O Maguro ou Granma 2.0, que faz parte da flotilha de activistas, chega \u00e0 costa de Cuba com 30 toneladas de ajuda humanit\u00e1ria.\"},{\"@type\":\"BreadcrumbList\",\"@id\":\"https:\/\/portaltela.pt\/noticias\/2026\/03\/25\/flotilha-ativista-nuestra-america-chega-a-cuba-com-toneladas-de-alimentos\/#breadcrumb\",\"itemListElement\":[{\"@type\":\"ListItem\",\"position\":1,\"name\":\"In\u00edcio\",\"item\":\"https:\/\/portaltela.pt\/\"},{\"@type\":\"ListItem\",\"position\":2,\"name\":\"Flotilha ativista Nuestra Am\u00e9rica chega a Cuba com toneladas de alimentos\"}]},{\"@type\":\"WebSite\",\"@id\":\"https:\/\/portaltela.pt\/#website\",\"url\":\"https:\/\/portaltela.pt\/\",\"name\":\"Portal Tela Portugal\",\"description\":\"\",\"potentialAction\":[{\"@type\":\"SearchAction\",\"target\":{\"@type\":\"EntryPoint\",\"urlTemplate\":\"https:\/\/portaltela.pt\/?s={search_term_string}\"},\"query-input\":{\"@type\":\"PropertyValueSpecification\",\"valueRequired\":true,\"valueName\":\"search_term_string\"}}],\"inLanguage\":\"pt-PT\"},{\"@type\":\"Person\",\"@id\":\"https:\/\/portaltela.pt\/#\/schema\/person\/c4278d4a6028830caff9ee44b42d32ed\",\"name\":\"Telinha\",\"image\":{\"@type\":\"ImageObject\",\"inLanguage\":\"pt-PT\",\"@id\":\"https:\/\/portaltela.pt\/s.01k8rhncp4jt1\/2025\/11\/talking-bot-125x125.png\",\"url\":\"https:\/\/portaltela.pt\/s.01k8rhncp4jt1\/2025\/11\/talking-bot-125x125.png\",\"contentUrl\":\"https:\/\/portaltela.pt\/s.01k8rhncp4jt1\/2025\/11\/talking-bot-125x125.png\",\"caption\":\"Telinha\"},\"sameAs\":[\"https:\/\/portaltela.pt\/\"],\"url\":\"https:\/\/portaltela.pt\/por\/367410592786\/\"}]}<\/script>\n<!-- \/ Yoast SEO plugin. -->","yoast_head_json":{"title":"Flotilha ativista Nuestra Am\u00e9rica chega a Cuba com toneladas de alimentos - Portal Tela Portugal","robots":{"index":"index","follow":"follow","max-snippet":"max-snippet:-1","max-image-preview":"max-image-preview:large","max-video-preview":"max-video-preview:-1"},"og_locale":"pt_PT","og_type":"article","og_title":"Flotilha ativista Nuestra Am\u00e9rica chega a Cuba com toneladas de alimentos - Portal Tela Portugal","og_description":"A flotilha Nuestra Am\u00e9rica, com o Granma 2.0 (Maguro) a Centro Havana, chegou a Cuba com 30 toneladas de ajuda humanit\u00e1ria ap\u00f3s seis dias de viagem desde Progreso de Castro, M\u00e9xico. Em barco seguiam 32 tripulantes de 10 pa\u00edses; partiu na quinta-feira e trazia 14 toneladas de alimentos e medicamentos, 73 pain\u00e9is solares e uma d\u00fazia de bicicletas. Na chegada, receberam os respons\u00e1veis do Instituto Cubano de Amizade com os Povos; entre os convidados estavam Jeremy Corbyn, Clara L\u00f3pez e Gerardo Pisarello. O objetivo \u00e9 denunciar a crise econ\u00f3mica e humanit\u00e1ria cubana, agravada pelo bloqueio dos Estados Unidos, considerado pela ONU contr\u00e1ria ao direito internacional; dois veleiros seguiram o Maguro. Organiza\u00e7\u00f5es de direitos humanos, como a Human Rights Watch, acusam o governo cubano de deten\u00e7\u00f5es arbitr\u00e1rias; estima-se que existam mais de 1.000 presos pol\u00edticos, incluindo 30 menores.","og_url":"https:\/\/portaltela.pt\/noticias\/2026\/03\/25\/flotilha-ativista-nuestra-america-chega-a-cuba-com-toneladas-de-alimentos\/","og_site_name":"Portal Tela Portugal","article_published_time":"2026-03-25T08:02:27+00:00","author":"Telinha","twitter_card":"summary_large_image","twitter_misc":{"Escrito por":"Telinha","Tempo estimado de leitura":"2 minutos"},"schema":{"@context":"https:\/\/schema.org","@graph":[{"@type":"Article","@id":"https:\/\/portaltela.pt\/noticias\/2026\/03\/25\/flotilha-ativista-nuestra-america-chega-a-cuba-com-toneladas-de-alimentos\/#article","isPartOf":{"@id":"https:\/\/portaltela.pt\/noticias\/2026\/03\/25\/flotilha-ativista-nuestra-america-chega-a-cuba-com-toneladas-de-alimentos\/"},"author":{"name":"Telinha","@id":"https:\/\/portaltela.pt\/#\/schema\/person\/c4278d4a6028830caff9ee44b42d32ed"},"headline":"Flotilha ativista Nuestra Am\u00e9rica chega a Cuba com toneladas de alimentos","datePublished":"2026-03-25T08:02:27+00:00","mainEntityOfPage":{"@id":"https:\/\/portaltela.pt\/noticias\/2026\/03\/25\/flotilha-ativista-nuestra-america-chega-a-cuba-com-toneladas-de-alimentos\/"},"wordCount":324,"image":{"@id":"https:\/\/portaltela.pt\/noticias\/2026\/03\/25\/flotilha-ativista-nuestra-america-chega-a-cuba-com-toneladas-de-alimentos\/#primaryimage"},"thumbnailUrl":"https:\/\/portaltela.pt\/s.01k8rhncp4jt1\/2026\/03\/1536x864_cmsv2_a32bf1e3-a139-5c91-adab-56aa7844a719-9696898.jpg","keywords":["ajuda humanit\u00e1ria","Cuba","direitos humanos","Human Rights Watch","ONU","organiza\u00e7\u00f5es internacionais"],"articleSection":["Internacionais"],"inLanguage":"pt-PT"},{"@type":"WebPage","@id":"https:\/\/portaltela.pt\/noticias\/2026\/03\/25\/flotilha-ativista-nuestra-america-chega-a-cuba-com-toneladas-de-alimentos\/","url":"https:\/\/portaltela.pt\/noticias\/2026\/03\/25\/flotilha-ativista-nuestra-america-chega-a-cuba-com-toneladas-de-alimentos\/","name":"Flotilha ativista Nuestra Am\u00e9rica chega a Cuba com toneladas de alimentos - Portal Tela Portugal","isPartOf":{"@id":"https:\/\/portaltela.pt\/#website"},"primaryImageOfPage":{"@id":"https:\/\/portaltela.pt\/noticias\/2026\/03\/25\/flotilha-ativista-nuestra-america-chega-a-cuba-com-toneladas-de-alimentos\/#primaryimage"},"image":{"@id":"https:\/\/portaltela.pt\/noticias\/2026\/03\/25\/flotilha-ativista-nuestra-america-chega-a-cuba-com-toneladas-de-alimentos\/#primaryimage"},"thumbnailUrl":"https:\/\/portaltela.pt\/s.01k8rhncp4jt1\/2026\/03\/1536x864_cmsv2_a32bf1e3-a139-5c91-adab-56aa7844a719-9696898.jpg","datePublished":"2026-03-25T08:02:27+00:00","author":{"@id":"https:\/\/portaltela.pt\/#\/schema\/person\/c4278d4a6028830caff9ee44b42d32ed"},"breadcrumb":{"@id":"https:\/\/portaltela.pt\/noticias\/2026\/03\/25\/flotilha-ativista-nuestra-america-chega-a-cuba-com-toneladas-de-alimentos\/#breadcrumb"},"inLanguage":"pt-PT","potentialAction":[{"@type":"ReadAction","target":["https:\/\/portaltela.pt\/noticias\/2026\/03\/25\/flotilha-ativista-nuestra-america-chega-a-cuba-com-toneladas-de-alimentos\/"]}]},{"@type":"ImageObject","inLanguage":"pt-PT","@id":"https:\/\/portaltela.pt\/noticias\/2026\/03\/25\/flotilha-ativista-nuestra-america-chega-a-cuba-com-toneladas-de-alimentos\/#primaryimage","url":"https:\/\/portaltela.pt\/s.01k8rhncp4jt1\/2026\/03\/1536x864_cmsv2_a32bf1e3-a139-5c91-adab-56aa7844a719-9696898.jpg","contentUrl":"https:\/\/portaltela.pt\/s.01k8rhncp4jt1\/2026\/03\/1536x864_cmsv2_a32bf1e3-a139-5c91-adab-56aa7844a719-9696898.jpg","width":796,"height":448,"caption":"O Maguro ou Granma 2.0, que faz parte da flotilha de activistas, chega \u00e0 costa de Cuba com 30 toneladas de ajuda humanit\u00e1ria."},{"@type":"BreadcrumbList","@id":"https:\/\/portaltela.pt\/noticias\/2026\/03\/25\/flotilha-ativista-nuestra-america-chega-a-cuba-com-toneladas-de-alimentos\/#breadcrumb","itemListElement":[{"@type":"ListItem","position":1,"name":"In\u00edcio","item":"https:\/\/portaltela.pt\/"},{"@type":"ListItem","position":2,"name":"Flotilha ativista Nuestra Am\u00e9rica chega a Cuba com toneladas de alimentos"}]},{"@type":"WebSite","@id":"https:\/\/portaltela.pt\/#website","url":"https:\/\/portaltela.pt\/","name":"Portal Tela Portugal","description":"","potentialAction":[{"@type":"SearchAction","target":{"@type":"EntryPoint","urlTemplate":"https:\/\/portaltela.pt\/?s={search_term_string}"},"query-input":{"@type":"PropertyValueSpecification","valueRequired":true,"valueName":"search_term_string"}}],"inLanguage":"pt-PT"},{"@type":"Person","@id":"https:\/\/portaltela.pt\/#\/schema\/person\/c4278d4a6028830caff9ee44b42d32ed","name":"Telinha","image":{"@type":"ImageObject","inLanguage":"pt-PT","@id":"https:\/\/portaltela.pt\/s.01k8rhncp4jt1\/2025\/11\/talking-bot-125x125.png","url":"https:\/\/portaltela.pt\/s.01k8rhncp4jt1\/2025\/11\/talking-bot-125x125.png","contentUrl":"https:\/\/portaltela.pt\/s.01k8rhncp4jt1\/2025\/11\/talking-bot-125x125.png","caption":"Telinha"},"sameAs":["https:\/\/portaltela.pt\/"],"url":"https:\/\/portaltela.pt\/por\/367410592786\/"}]}},"_links":{"self":[{"href":"https:\/\/portaltela.pt\/api\/wp\/v2\/posts\/420433","targetHints":{"allow":["GET"]}}],"collection":[{"href":"https:\/\/portaltela.pt\/api\/wp\/v2\/posts"}],"about":[{"href":"https:\/\/portaltela.pt\/api\/wp\/v2\/types\/post"}],"author":[{"embeddable":true,"href":"https:\/\/portaltela.pt\/api\/wp\/v2\/users\/2"}],"replies":[{"embeddable":true,"href":"https:\/\/portaltela.pt\/api\/wp\/v2\/comments?post=420433"}],"version-history":[{"count":0,"href":"https:\/\/portaltela.pt\/api\/wp\/v2\/posts\/420433\/revisions"}],"wp:featuredmedia":[{"embeddable":true,"href":"https:\/\/portaltela.pt\/api\/wp\/v2\/media\/420435"}],"wp:attachment":[{"href":"https:\/\/portaltela.pt\/api\/wp\/v2\/media?parent=420433"}],"wp:term":[{"taxonomy":"category","embeddable":true,"href":"https:\/\/portaltela.pt\/api\/wp\/v2\/categories?post=420433"},{"taxonomy":"post_tag","embeddable":true,"href":"https:\/\/portaltela.pt\/api\/wp\/v2\/tags?post=420433"}],"curies":[{"name":"wp","href":"https:\/\/api.w.org\/{rel}","templated":true}]}}