{"id":420430,"date":"2026-03-25T04:46:00","date_gmt":"2026-03-25T07:46:00","guid":{"rendered":"https:\/\/portaltela.pt\/noticias\/2026\/03\/25\/despiste-de-camiao-deixa-ferido-grave-e-interrompe-a19\/"},"modified":"2026-03-25T04:46:00","modified_gmt":"2026-03-25T07:46:00","slug":"despiste-de-camiao-deixa-ferido-grave-e-interrompe-a19","status":"publish","type":"post","link":"https:\/\/portaltela.pt\/noticias\/2026\/03\/25\/despiste-de-camiao-deixa-ferido-grave-e-interrompe-a19\/","title":{"rendered":"Despiste de cami\u00e3o deixa ferido grave e interrompe A19"},"content":{"rendered":"<p>O despiste de um cami\u00e3o na Autoestrada 19 (A19), na regi\u00e3o de Leiria, provocou ferimentos graves e interrompeu a circula\u00e7\u00e3o em ambos os sentidos. A ocorr\u00eancia aconteceu naquela zona da via, junto ao shopping de Leiria, ainda segundo a Prote\u00e7\u00e3o Civil.<\/p>\n<p>Segundo a fonte, o cami\u00e3o tombou e ficou a obstruir os sentidos sul-norte e norte-sul, mantendo-se interdito no local. O acidente envolveu um ve\u00edculo de mercadorias e ocorreu perto do centro comercial da cidade.<\/p>\n<p>Um ferido grave foi encaminhado para o hospital, confirmou a Prote\u00e7\u00e3o Civil. O alerta foi dado \u00e0s 00:59 e, \u00e0s 6:00, a opera\u00e7\u00e3o permanecia em curso com cinco operacionais e tr\u00eas viaturas no local, dedicadas \u00e0 remo\u00e7\u00e3o do cami\u00e3o e \u00e0 limpeza da via.<\/p>\n","protected":false},"excerpt":{"rendered":"<ul>\n<li>Despiste de um cami\u00e3o na Autoestrada 19 (A19), nos arredores de Leiria, deixou um ferido grave.<\/li>\n<li>A circula\u00e7\u00e3o ficou interrompida em ambos os sentidos, com o cami\u00e3o a obstruir os sentidos sul-norte e norte-sul.<\/li>\n<li>O acidente ocorreu mesmo \u00e0 frente do shopping de Leiria; o ferido foi encaminhado para o hospital.<\/li>\n<li>O alerta foi dado \u00e0s 00.59 horas; \u00e0s 6.00 horas ainda estavam no local cinco operacionais apoiados por tr\u00eas viaturas, a remover o cami\u00e3o e a limpar a via.<\/li>\n<li>A via permanece interditada enquanto decorrem os trabalhos de remo\u00e7\u00e3o e limpeza.<\/li>\n<\/ul>\n","protected":false},"author":2,"featured_media":420432,"comment_status":"closed","ping_status":"closed","sticky":false,"template":"","format":"standard","meta":{"footnotes":""},"categories":[6849,1],"tags":[5487,4169,3764,1385,192,6622],"class_list":["post-420430","post","type-post","status-publish","format-standard","has-post-thumbnail","hentry","category-acidentes","category-noticias","tag-acidente","tag-acidente-rodoviario","tag-feridos-graves","tag-leiria","tag-transporte","tag-veiculos"],"yoast_head":"<!-- This site is optimized with the Yoast SEO plugin v27.2 - https:\/\/yoast.com\/product\/yoast-seo-wordpress\/ -->\n<title>Despiste de cami\u00e3o deixa ferido grave e interrompe A19 - Portal Tela Portugal<\/title>\n<meta name=\"robots\" content=\"index, follow, max-snippet:-1, max-image-preview:large, max-video-preview:-1\" \/>\n<meta property=\"og:locale\" content=\"pt_PT\" \/>\n<meta property=\"og:type\" content=\"article\" \/>\n<meta property=\"og:title\" content=\"Despiste de cami\u00e3o deixa ferido grave e interrompe A19 - Portal Tela Portugal\" \/>\n<meta property=\"og:description\" content=\"Despiste de um cami\u00e3o na Autoestrada 19 (A19), nos arredores de Leiria, deixou um ferido grave. A circula\u00e7\u00e3o ficou interrompida em ambos os sentidos, com o cami\u00e3o a obstruir os sentidos sul-norte e norte-sul. O acidente ocorreu mesmo \u00e0 frente do shopping de Leiria; o ferido foi encaminhado para o hospital. O alerta foi dado \u00e0s 00.59 horas; \u00e0s 6.00 horas ainda estavam no local cinco operacionais apoiados por tr\u00eas viaturas, a remover o cami\u00e3o e a limpar a via. A via permanece interditada enquanto decorrem os trabalhos de remo\u00e7\u00e3o e limpeza.\" \/>\n<meta property=\"og:url\" content=\"https:\/\/portaltela.pt\/noticias\/2026\/03\/25\/despiste-de-camiao-deixa-ferido-grave-e-interrompe-a19\/\" \/>\n<meta property=\"og:site_name\" content=\"Portal Tela Portugal\" \/>\n<meta property=\"article:published_time\" content=\"2026-03-25T07:46:00+00:00\" \/>\n<meta name=\"author\" content=\"Telinha\" \/>\n<meta name=\"twitter:card\" content=\"summary_large_image\" \/>\n<meta name=\"twitter:label1\" content=\"Escrito por\" \/>\n\t<meta name=\"twitter:data1\" content=\"Telinha\" \/>\n\t<meta name=\"twitter:label2\" content=\"Tempo estimado de leitura\" \/>\n\t<meta name=\"twitter:data2\" content=\"1 minuto\" \/>\n<script type=\"application\/ld+json\" class=\"yoast-schema-graph\">{\"@context\":\"https:\/\/schema.org\",\"@graph\":[{\"@type\":\"Article\",\"@id\":\"https:\/\/portaltela.pt\/noticias\/2026\/03\/25\/despiste-de-camiao-deixa-ferido-grave-e-interrompe-a19\/#article\",\"isPartOf\":{\"@id\":\"https:\/\/portaltela.pt\/noticias\/2026\/03\/25\/despiste-de-camiao-deixa-ferido-grave-e-interrompe-a19\/\"},\"author\":{\"name\":\"Telinha\",\"@id\":\"https:\/\/portaltela.pt\/#\/schema\/person\/c4278d4a6028830caff9ee44b42d32ed\"},\"headline\":\"Despiste de cami\u00e3o deixa ferido grave e interrompe A19\",\"datePublished\":\"2026-03-25T07:46:00+00:00\",\"mainEntityOfPage\":{\"@id\":\"https:\/\/portaltela.pt\/noticias\/2026\/03\/25\/despiste-de-camiao-deixa-ferido-grave-e-interrompe-a19\/\"},\"wordCount\":136,\"image\":{\"@id\":\"https:\/\/portaltela.pt\/noticias\/2026\/03\/25\/despiste-de-camiao-deixa-ferido-grave-e-interrompe-a19\/#primaryimage\"},\"thumbnailUrl\":\"https:\/\/portaltela.pt\/s.01k8rhncp4jt1\/2026\/03\/image-1476.jpg\",\"keywords\":[\"acidente\",\"acidente rodovi\u00e1rio\",\"feridos graves\",\"Leiria\",\"transporte\",\"ve\u00edculos\"],\"articleSection\":[\"Acidentes\",\"Not\u00edcias\"],\"inLanguage\":\"pt-PT\"},{\"@type\":\"WebPage\",\"@id\":\"https:\/\/portaltela.pt\/noticias\/2026\/03\/25\/despiste-de-camiao-deixa-ferido-grave-e-interrompe-a19\/\",\"url\":\"https:\/\/portaltela.pt\/noticias\/2026\/03\/25\/despiste-de-camiao-deixa-ferido-grave-e-interrompe-a19\/\",\"name\":\"Despiste de cami\u00e3o deixa ferido grave e interrompe A19 - Portal Tela Portugal\",\"isPartOf\":{\"@id\":\"https:\/\/portaltela.pt\/#website\"},\"primaryImageOfPage\":{\"@id\":\"https:\/\/portaltela.pt\/noticias\/2026\/03\/25\/despiste-de-camiao-deixa-ferido-grave-e-interrompe-a19\/#primaryimage\"},\"image\":{\"@id\":\"https:\/\/portaltela.pt\/noticias\/2026\/03\/25\/despiste-de-camiao-deixa-ferido-grave-e-interrompe-a19\/#primaryimage\"},\"thumbnailUrl\":\"https:\/\/portaltela.pt\/s.01k8rhncp4jt1\/2026\/03\/image-1476.jpg\",\"datePublished\":\"2026-03-25T07:46:00+00:00\",\"author\":{\"@id\":\"https:\/\/portaltela.pt\/#\/schema\/person\/c4278d4a6028830caff9ee44b42d32ed\"},\"breadcrumb\":{\"@id\":\"https:\/\/portaltela.pt\/noticias\/2026\/03\/25\/despiste-de-camiao-deixa-ferido-grave-e-interrompe-a19\/#breadcrumb\"},\"inLanguage\":\"pt-PT\",\"potentialAction\":[{\"@type\":\"ReadAction\",\"target\":[\"https:\/\/portaltela.pt\/noticias\/2026\/03\/25\/despiste-de-camiao-deixa-ferido-grave-e-interrompe-a19\/\"]}]},{\"@type\":\"ImageObject\",\"inLanguage\":\"pt-PT\",\"@id\":\"https:\/\/portaltela.pt\/noticias\/2026\/03\/25\/despiste-de-camiao-deixa-ferido-grave-e-interrompe-a19\/#primaryimage\",\"url\":\"https:\/\/portaltela.pt\/s.01k8rhncp4jt1\/2026\/03\/image-1476.jpg\",\"contentUrl\":\"https:\/\/portaltela.pt\/s.01k8rhncp4jt1\/2026\/03\/image-1476.jpg\",\"width\":796,\"height\":448,\"caption\":\"Do acidente resultou um ferido grave, que foi transportado para o hospital\"},{\"@type\":\"BreadcrumbList\",\"@id\":\"https:\/\/portaltela.pt\/noticias\/2026\/03\/25\/despiste-de-camiao-deixa-ferido-grave-e-interrompe-a19\/#breadcrumb\",\"itemListElement\":[{\"@type\":\"ListItem\",\"position\":1,\"name\":\"In\u00edcio\",\"item\":\"https:\/\/portaltela.pt\/\"},{\"@type\":\"ListItem\",\"position\":2,\"name\":\"Despiste de cami\u00e3o deixa ferido grave e interrompe A19\"}]},{\"@type\":\"WebSite\",\"@id\":\"https:\/\/portaltela.pt\/#website\",\"url\":\"https:\/\/portaltela.pt\/\",\"name\":\"Portal Tela Portugal\",\"description\":\"\",\"potentialAction\":[{\"@type\":\"SearchAction\",\"target\":{\"@type\":\"EntryPoint\",\"urlTemplate\":\"https:\/\/portaltela.pt\/?s={search_term_string}\"},\"query-input\":{\"@type\":\"PropertyValueSpecification\",\"valueRequired\":true,\"valueName\":\"search_term_string\"}}],\"inLanguage\":\"pt-PT\"},{\"@type\":\"Person\",\"@id\":\"https:\/\/portaltela.pt\/#\/schema\/person\/c4278d4a6028830caff9ee44b42d32ed\",\"name\":\"Telinha\",\"image\":{\"@type\":\"ImageObject\",\"inLanguage\":\"pt-PT\",\"@id\":\"https:\/\/portaltela.pt\/s.01k8rhncp4jt1\/2025\/11\/talking-bot-125x125.png\",\"url\":\"https:\/\/portaltela.pt\/s.01k8rhncp4jt1\/2025\/11\/talking-bot-125x125.png\",\"contentUrl\":\"https:\/\/portaltela.pt\/s.01k8rhncp4jt1\/2025\/11\/talking-bot-125x125.png\",\"caption\":\"Telinha\"},\"sameAs\":[\"https:\/\/portaltela.pt\/\"],\"url\":\"https:\/\/portaltela.pt\/por\/367410592786\/\"}]}<\/script>\n<!-- \/ Yoast SEO plugin. -->","yoast_head_json":{"title":"Despiste de cami\u00e3o deixa ferido grave e interrompe A19 - Portal Tela Portugal","robots":{"index":"index","follow":"follow","max-snippet":"max-snippet:-1","max-image-preview":"max-image-preview:large","max-video-preview":"max-video-preview:-1"},"og_locale":"pt_PT","og_type":"article","og_title":"Despiste de cami\u00e3o deixa ferido grave e interrompe A19 - Portal Tela Portugal","og_description":"Despiste de um cami\u00e3o na Autoestrada 19 (A19), nos arredores de Leiria, deixou um ferido grave. A circula\u00e7\u00e3o ficou interrompida em ambos os sentidos, com o cami\u00e3o a obstruir os sentidos sul-norte e norte-sul. O acidente ocorreu mesmo \u00e0 frente do shopping de Leiria; o ferido foi encaminhado para o hospital. O alerta foi dado \u00e0s 00.59 horas; \u00e0s 6.00 horas ainda estavam no local cinco operacionais apoiados por tr\u00eas viaturas, a remover o cami\u00e3o e a limpar a via. A via permanece interditada enquanto decorrem os trabalhos de remo\u00e7\u00e3o e limpeza.","og_url":"https:\/\/portaltela.pt\/noticias\/2026\/03\/25\/despiste-de-camiao-deixa-ferido-grave-e-interrompe-a19\/","og_site_name":"Portal Tela Portugal","article_published_time":"2026-03-25T07:46:00+00:00","author":"Telinha","twitter_card":"summary_large_image","twitter_misc":{"Escrito por":"Telinha","Tempo estimado de leitura":"1 minuto"},"schema":{"@context":"https:\/\/schema.org","@graph":[{"@type":"Article","@id":"https:\/\/portaltela.pt\/noticias\/2026\/03\/25\/despiste-de-camiao-deixa-ferido-grave-e-interrompe-a19\/#article","isPartOf":{"@id":"https:\/\/portaltela.pt\/noticias\/2026\/03\/25\/despiste-de-camiao-deixa-ferido-grave-e-interrompe-a19\/"},"author":{"name":"Telinha","@id":"https:\/\/portaltela.pt\/#\/schema\/person\/c4278d4a6028830caff9ee44b42d32ed"},"headline":"Despiste de cami\u00e3o deixa ferido grave e interrompe A19","datePublished":"2026-03-25T07:46:00+00:00","mainEntityOfPage":{"@id":"https:\/\/portaltela.pt\/noticias\/2026\/03\/25\/despiste-de-camiao-deixa-ferido-grave-e-interrompe-a19\/"},"wordCount":136,"image":{"@id":"https:\/\/portaltela.pt\/noticias\/2026\/03\/25\/despiste-de-camiao-deixa-ferido-grave-e-interrompe-a19\/#primaryimage"},"thumbnailUrl":"https:\/\/portaltela.pt\/s.01k8rhncp4jt1\/2026\/03\/image-1476.jpg","keywords":["acidente","acidente rodovi\u00e1rio","feridos graves","Leiria","transporte","ve\u00edculos"],"articleSection":["Acidentes","Not\u00edcias"],"inLanguage":"pt-PT"},{"@type":"WebPage","@id":"https:\/\/portaltela.pt\/noticias\/2026\/03\/25\/despiste-de-camiao-deixa-ferido-grave-e-interrompe-a19\/","url":"https:\/\/portaltela.pt\/noticias\/2026\/03\/25\/despiste-de-camiao-deixa-ferido-grave-e-interrompe-a19\/","name":"Despiste de cami\u00e3o deixa ferido grave e interrompe A19 - Portal Tela Portugal","isPartOf":{"@id":"https:\/\/portaltela.pt\/#website"},"primaryImageOfPage":{"@id":"https:\/\/portaltela.pt\/noticias\/2026\/03\/25\/despiste-de-camiao-deixa-ferido-grave-e-interrompe-a19\/#primaryimage"},"image":{"@id":"https:\/\/portaltela.pt\/noticias\/2026\/03\/25\/despiste-de-camiao-deixa-ferido-grave-e-interrompe-a19\/#primaryimage"},"thumbnailUrl":"https:\/\/portaltela.pt\/s.01k8rhncp4jt1\/2026\/03\/image-1476.jpg","datePublished":"2026-03-25T07:46:00+00:00","author":{"@id":"https:\/\/portaltela.pt\/#\/schema\/person\/c4278d4a6028830caff9ee44b42d32ed"},"breadcrumb":{"@id":"https:\/\/portaltela.pt\/noticias\/2026\/03\/25\/despiste-de-camiao-deixa-ferido-grave-e-interrompe-a19\/#breadcrumb"},"inLanguage":"pt-PT","potentialAction":[{"@type":"ReadAction","target":["https:\/\/portaltela.pt\/noticias\/2026\/03\/25\/despiste-de-camiao-deixa-ferido-grave-e-interrompe-a19\/"]}]},{"@type":"ImageObject","inLanguage":"pt-PT","@id":"https:\/\/portaltela.pt\/noticias\/2026\/03\/25\/despiste-de-camiao-deixa-ferido-grave-e-interrompe-a19\/#primaryimage","url":"https:\/\/portaltela.pt\/s.01k8rhncp4jt1\/2026\/03\/image-1476.jpg","contentUrl":"https:\/\/portaltela.pt\/s.01k8rhncp4jt1\/2026\/03\/image-1476.jpg","width":796,"height":448,"caption":"Do acidente resultou um ferido grave, que foi transportado para o hospital"},{"@type":"BreadcrumbList","@id":"https:\/\/portaltela.pt\/noticias\/2026\/03\/25\/despiste-de-camiao-deixa-ferido-grave-e-interrompe-a19\/#breadcrumb","itemListElement":[{"@type":"ListItem","position":1,"name":"In\u00edcio","item":"https:\/\/portaltela.pt\/"},{"@type":"ListItem","position":2,"name":"Despiste de cami\u00e3o deixa ferido grave e interrompe A19"}]},{"@type":"WebSite","@id":"https:\/\/portaltela.pt\/#website","url":"https:\/\/portaltela.pt\/","name":"Portal Tela Portugal","description":"","potentialAction":[{"@type":"SearchAction","target":{"@type":"EntryPoint","urlTemplate":"https:\/\/portaltela.pt\/?s={search_term_string}"},"query-input":{"@type":"PropertyValueSpecification","valueRequired":true,"valueName":"search_term_string"}}],"inLanguage":"pt-PT"},{"@type":"Person","@id":"https:\/\/portaltela.pt\/#\/schema\/person\/c4278d4a6028830caff9ee44b42d32ed","name":"Telinha","image":{"@type":"ImageObject","inLanguage":"pt-PT","@id":"https:\/\/portaltela.pt\/s.01k8rhncp4jt1\/2025\/11\/talking-bot-125x125.png","url":"https:\/\/portaltela.pt\/s.01k8rhncp4jt1\/2025\/11\/talking-bot-125x125.png","contentUrl":"https:\/\/portaltela.pt\/s.01k8rhncp4jt1\/2025\/11\/talking-bot-125x125.png","caption":"Telinha"},"sameAs":["https:\/\/portaltela.pt\/"],"url":"https:\/\/portaltela.pt\/por\/367410592786\/"}]}},"_links":{"self":[{"href":"https:\/\/portaltela.pt\/api\/wp\/v2\/posts\/420430","targetHints":{"allow":["GET"]}}],"collection":[{"href":"https:\/\/portaltela.pt\/api\/wp\/v2\/posts"}],"about":[{"href":"https:\/\/portaltela.pt\/api\/wp\/v2\/types\/post"}],"author":[{"embeddable":true,"href":"https:\/\/portaltela.pt\/api\/wp\/v2\/users\/2"}],"replies":[{"embeddable":true,"href":"https:\/\/portaltela.pt\/api\/wp\/v2\/comments?post=420430"}],"version-history":[{"count":0,"href":"https:\/\/portaltela.pt\/api\/wp\/v2\/posts\/420430\/revisions"}],"wp:featuredmedia":[{"embeddable":true,"href":"https:\/\/portaltela.pt\/api\/wp\/v2\/media\/420432"}],"wp:attachment":[{"href":"https:\/\/portaltela.pt\/api\/wp\/v2\/media?parent=420430"}],"wp:term":[{"taxonomy":"category","embeddable":true,"href":"https:\/\/portaltela.pt\/api\/wp\/v2\/categories?post=420430"},{"taxonomy":"post_tag","embeddable":true,"href":"https:\/\/portaltela.pt\/api\/wp\/v2\/tags?post=420430"}],"curies":[{"name":"wp","href":"https:\/\/api.w.org\/{rel}","templated":true}]}}