{"id":420426,"date":"2026-03-25T04:55:00","date_gmt":"2026-03-25T07:55:00","guid":{"rendered":"https:\/\/portaltela.pt\/noticias\/2026\/03\/25\/ue-escolhe-hoje-sede-da-autoridade-aduaneira-porto-entre-candidatas\/"},"modified":"2026-03-25T04:55:00","modified_gmt":"2026-03-25T07:55:00","slug":"ue-escolhe-hoje-sede-da-autoridade-aduaneira-porto-entre-candidatas","status":"publish","type":"post","link":"https:\/\/portaltela.pt\/politica-internacional\/2026\/03\/25\/ue-escolhe-hoje-sede-da-autoridade-aduaneira-porto-entre-candidatas\/","title":{"rendered":"UE escolhe hoje sede da autoridade aduaneira; Porto entre candidatas"},"content":{"rendered":"<p>O Conselho da Uni\u00e3o Europeia e o Parlamento Europeu v\u00e3o escolher hoje, em Bruxelas, a sede da nova Autoridade Aduaneira da UE (EUCA). O Porto est\u00e1 entre as nove candidatas em competi\u00e7\u00e3o.<\/p>\n<p>O processo come\u00e7a \u00e0s 9h00 locais, com vota\u00e7\u00f5es para definir duas listas de cidades favoritas para Estados-membros e eurodeputados, at\u00e9 se obtiverem duas finalistas.<\/p>\n<p>\u00c0s 11h00, as listas confidenciais de finalistas s\u00e3o votadas conjuntamente no edif\u00edcio do Conselho, eliminando as restantes candidatas.<\/p>\n<h3>Candidatas e fun\u00e7\u00e3o da EUCA<\/h3>\n<p>Al\u00e9m do Porto, concorrem Bucareste, Haia, Li\u00e8ge (B\u00e9lgica), Lille (Fran\u00e7a), M\u00e1laga (Espanha), Roma, Vars\u00f3via e Zagreb.<\/p>\n<p>A EUCA ir\u00e1 apoiar as autoridades aduaneiras nacionais e assegurar a aplica\u00e7\u00e3o de encargos alfandeg\u00e1rios para os or\u00e7amentos nacionais e do bloco, visando proteger o com\u00e9rcio e o mercado \u00fanico.<\/p>\n<p>A UE conta com mais de 30 ag\u00eancias descentralizadas; em Lisboa est\u00e3o sediadas a Ag\u00eancia Europeia da Seguran\u00e7a Mar\u00edtima e a Ag\u00eancia da UE sobre Drogas.<\/p>\n","protected":false},"excerpt":{"rendered":"<ul>\n<li>O Conselho Europeu e o Parlamento Europeu escolhem esta quarta-feira, em Bruxelas, a sede da nova Autoridade Aduaneira da UE (EUCA), com o Porto entre as nove cidades candidatas.<\/li>\n<li>O processo come\u00e7a \u00e0s 9h00 (8h00 de Lisboa) com vota\u00e7\u00f5es para definir duas listas de cidades favoritas para Estados-membros e eurodeputados.<\/li>\n<li>\u00c0s 11h00, as listas finalistas s\u00e3o votadas conjuntamente; se n\u00e3o houver vit\u00f3ria clara, inicia-se vota\u00e7\u00e3o secreta at\u00e9 haver vencedora.<\/li>\n<li>Al\u00e9m do Porto, concorrem Bucareste, Haia, Li\u00e8ge, Lille, M\u00e1laga, Roma, Vars\u00f3via e Zagreb.<\/li>\n<li>A EUCA tem como miss\u00e3o apoiar autoridades aduaneiras nacionais e garantir a cobran\u00e7a de encargos alfandeg\u00e1rios, protegendo o com\u00e9rcio e o mercado \u00fanico.<\/li>\n<\/ul>\n","protected":false},"author":2,"featured_media":420429,"comment_status":"closed","ping_status":"closed","sticky":false,"template":"","format":"standard","meta":{"footnotes":""},"categories":[1,7127],"tags":[6305,3161,982,1014,2055],"class_list":["post-420426","post","type-post","status-publish","format-standard","has-post-thumbnail","hentry","category-noticias","category-politica-internacional","tag-aduaneiros","tag-bruxelas","tag-porto","tag-portugal","tag-uniao-europeia"],"yoast_head":"<!-- This site is optimized with the Yoast SEO plugin v27.2 - https:\/\/yoast.com\/product\/yoast-seo-wordpress\/ -->\n<title>UE escolhe hoje sede da autoridade aduaneira; Porto entre candidatas - Portal Tela Portugal<\/title>\n<meta name=\"robots\" content=\"index, follow, max-snippet:-1, max-image-preview:large, max-video-preview:-1\" \/>\n<meta property=\"og:locale\" content=\"pt_PT\" \/>\n<meta property=\"og:type\" content=\"article\" \/>\n<meta property=\"og:title\" content=\"UE escolhe hoje sede da autoridade aduaneira; Porto entre candidatas - Portal Tela Portugal\" \/>\n<meta property=\"og:description\" content=\"O Conselho Europeu e o Parlamento Europeu escolhem esta quarta-feira, em Bruxelas, a sede da nova Autoridade Aduaneira da UE (EUCA), com o Porto entre as nove cidades candidatas. O processo come\u00e7a \u00e0s 9h00 (8h00 de Lisboa) com vota\u00e7\u00f5es para definir duas listas de cidades favoritas para Estados-membros e eurodeputados. \u00c0s 11h00, as listas finalistas s\u00e3o votadas conjuntamente; se n\u00e3o houver vit\u00f3ria clara, inicia-se vota\u00e7\u00e3o secreta at\u00e9 haver vencedora. Al\u00e9m do Porto, concorrem Bucareste, Haia, Li\u00e8ge, Lille, M\u00e1laga, Roma, Vars\u00f3via e Zagreb. A EUCA tem como miss\u00e3o apoiar autoridades aduaneiras nacionais e garantir a cobran\u00e7a de encargos alfandeg\u00e1rios, protegendo o com\u00e9rcio e o mercado \u00fanico.\" \/>\n<meta property=\"og:url\" content=\"https:\/\/portaltela.pt\/noticias\/2026\/03\/25\/ue-escolhe-hoje-sede-da-autoridade-aduaneira-porto-entre-candidatas\/\" \/>\n<meta property=\"og:site_name\" content=\"Portal Tela Portugal\" \/>\n<meta property=\"article:published_time\" content=\"2026-03-25T07:55:00+00:00\" \/>\n<meta name=\"author\" content=\"Telinha\" \/>\n<meta name=\"twitter:card\" content=\"summary_large_image\" \/>\n<meta name=\"twitter:label1\" content=\"Escrito por\" \/>\n\t<meta name=\"twitter:data1\" content=\"Telinha\" \/>\n\t<meta name=\"twitter:label2\" content=\"Tempo estimado de leitura\" \/>\n\t<meta name=\"twitter:data2\" content=\"1 minuto\" \/>\n<script type=\"application\/ld+json\" class=\"yoast-schema-graph\">{\"@context\":\"https:\/\/schema.org\",\"@graph\":[{\"@type\":\"Article\",\"@id\":\"https:\/\/portaltela.pt\/noticias\/2026\/03\/25\/ue-escolhe-hoje-sede-da-autoridade-aduaneira-porto-entre-candidatas\/#article\",\"isPartOf\":{\"@id\":\"https:\/\/portaltela.pt\/noticias\/2026\/03\/25\/ue-escolhe-hoje-sede-da-autoridade-aduaneira-porto-entre-candidatas\/\"},\"author\":{\"name\":\"Telinha\",\"@id\":\"https:\/\/portaltela.pt\/#\/schema\/person\/c4278d4a6028830caff9ee44b42d32ed\"},\"headline\":\"UE escolhe hoje sede da autoridade aduaneira; Porto entre candidatas\",\"datePublished\":\"2026-03-25T07:55:00+00:00\",\"mainEntityOfPage\":{\"@id\":\"https:\/\/portaltela.pt\/noticias\/2026\/03\/25\/ue-escolhe-hoje-sede-da-autoridade-aduaneira-porto-entre-candidatas\/\"},\"wordCount\":184,\"image\":{\"@id\":\"https:\/\/portaltela.pt\/noticias\/2026\/03\/25\/ue-escolhe-hoje-sede-da-autoridade-aduaneira-porto-entre-candidatas\/#primaryimage\"},\"thumbnailUrl\":\"https:\/\/portaltela.pt\/s.01k8rhncp4jt1\/2026\/03\/img_1500x1000uu2017-01-17-22-02-00-591026.jpg\",\"keywords\":[\"aduaneiros\",\"Bruxelas\",\"Porto\",\"Portugal\",\"Uni\u00e3o Europeia\"],\"articleSection\":[\"Not\u00edcias\",\"Pol\u00edtica Internacional\"],\"inLanguage\":\"pt-PT\"},{\"@type\":\"WebPage\",\"@id\":\"https:\/\/portaltela.pt\/noticias\/2026\/03\/25\/ue-escolhe-hoje-sede-da-autoridade-aduaneira-porto-entre-candidatas\/\",\"url\":\"https:\/\/portaltela.pt\/noticias\/2026\/03\/25\/ue-escolhe-hoje-sede-da-autoridade-aduaneira-porto-entre-candidatas\/\",\"name\":\"UE escolhe hoje sede da autoridade aduaneira; Porto entre candidatas - Portal Tela Portugal\",\"isPartOf\":{\"@id\":\"https:\/\/portaltela.pt\/#website\"},\"primaryImageOfPage\":{\"@id\":\"https:\/\/portaltela.pt\/noticias\/2026\/03\/25\/ue-escolhe-hoje-sede-da-autoridade-aduaneira-porto-entre-candidatas\/#primaryimage\"},\"image\":{\"@id\":\"https:\/\/portaltela.pt\/noticias\/2026\/03\/25\/ue-escolhe-hoje-sede-da-autoridade-aduaneira-porto-entre-candidatas\/#primaryimage\"},\"thumbnailUrl\":\"https:\/\/portaltela.pt\/s.01k8rhncp4jt1\/2026\/03\/img_1500x1000uu2017-01-17-22-02-00-591026.jpg\",\"datePublished\":\"2026-03-25T07:55:00+00:00\",\"author\":{\"@id\":\"https:\/\/portaltela.pt\/#\/schema\/person\/c4278d4a6028830caff9ee44b42d32ed\"},\"breadcrumb\":{\"@id\":\"https:\/\/portaltela.pt\/noticias\/2026\/03\/25\/ue-escolhe-hoje-sede-da-autoridade-aduaneira-porto-entre-candidatas\/#breadcrumb\"},\"inLanguage\":\"pt-PT\",\"potentialAction\":[{\"@type\":\"ReadAction\",\"target\":[\"https:\/\/portaltela.pt\/noticias\/2026\/03\/25\/ue-escolhe-hoje-sede-da-autoridade-aduaneira-porto-entre-candidatas\/\"]}]},{\"@type\":\"ImageObject\",\"inLanguage\":\"pt-PT\",\"@id\":\"https:\/\/portaltela.pt\/noticias\/2026\/03\/25\/ue-escolhe-hoje-sede-da-autoridade-aduaneira-porto-entre-candidatas\/#primaryimage\",\"url\":\"https:\/\/portaltela.pt\/s.01k8rhncp4jt1\/2026\/03\/img_1500x1000uu2017-01-17-22-02-00-591026.jpg\",\"contentUrl\":\"https:\/\/portaltela.pt\/s.01k8rhncp4jt1\/2026\/03\/img_1500x1000uu2017-01-17-22-02-00-591026.jpg\",\"width\":796,\"height\":448,\"caption\":\"Uni\u00e3o Europeia escolhe esta quarta-feira sede da autoridade aduaneira com Porto entre cidades candidatas\"},{\"@type\":\"BreadcrumbList\",\"@id\":\"https:\/\/portaltela.pt\/noticias\/2026\/03\/25\/ue-escolhe-hoje-sede-da-autoridade-aduaneira-porto-entre-candidatas\/#breadcrumb\",\"itemListElement\":[{\"@type\":\"ListItem\",\"position\":1,\"name\":\"In\u00edcio\",\"item\":\"https:\/\/portaltela.pt\/\"},{\"@type\":\"ListItem\",\"position\":2,\"name\":\"UE escolhe hoje sede da autoridade aduaneira; Porto entre candidatas\"}]},{\"@type\":\"WebSite\",\"@id\":\"https:\/\/portaltela.pt\/#website\",\"url\":\"https:\/\/portaltela.pt\/\",\"name\":\"Portal Tela Portugal\",\"description\":\"\",\"potentialAction\":[{\"@type\":\"SearchAction\",\"target\":{\"@type\":\"EntryPoint\",\"urlTemplate\":\"https:\/\/portaltela.pt\/?s={search_term_string}\"},\"query-input\":{\"@type\":\"PropertyValueSpecification\",\"valueRequired\":true,\"valueName\":\"search_term_string\"}}],\"inLanguage\":\"pt-PT\"},{\"@type\":\"Person\",\"@id\":\"https:\/\/portaltela.pt\/#\/schema\/person\/c4278d4a6028830caff9ee44b42d32ed\",\"name\":\"Telinha\",\"image\":{\"@type\":\"ImageObject\",\"inLanguage\":\"pt-PT\",\"@id\":\"https:\/\/portaltela.pt\/s.01k8rhncp4jt1\/2025\/11\/talking-bot-125x125.png\",\"url\":\"https:\/\/portaltela.pt\/s.01k8rhncp4jt1\/2025\/11\/talking-bot-125x125.png\",\"contentUrl\":\"https:\/\/portaltela.pt\/s.01k8rhncp4jt1\/2025\/11\/talking-bot-125x125.png\",\"caption\":\"Telinha\"},\"sameAs\":[\"https:\/\/portaltela.pt\/\"],\"url\":\"https:\/\/portaltela.pt\/por\/367410592786\/\"}]}<\/script>\n<!-- \/ Yoast SEO plugin. -->","yoast_head_json":{"title":"UE escolhe hoje sede da autoridade aduaneira; Porto entre candidatas - Portal Tela Portugal","robots":{"index":"index","follow":"follow","max-snippet":"max-snippet:-1","max-image-preview":"max-image-preview:large","max-video-preview":"max-video-preview:-1"},"og_locale":"pt_PT","og_type":"article","og_title":"UE escolhe hoje sede da autoridade aduaneira; Porto entre candidatas - Portal Tela Portugal","og_description":"O Conselho Europeu e o Parlamento Europeu escolhem esta quarta-feira, em Bruxelas, a sede da nova Autoridade Aduaneira da UE (EUCA), com o Porto entre as nove cidades candidatas. O processo come\u00e7a \u00e0s 9h00 (8h00 de Lisboa) com vota\u00e7\u00f5es para definir duas listas de cidades favoritas para Estados-membros e eurodeputados. \u00c0s 11h00, as listas finalistas s\u00e3o votadas conjuntamente; se n\u00e3o houver vit\u00f3ria clara, inicia-se vota\u00e7\u00e3o secreta at\u00e9 haver vencedora. Al\u00e9m do Porto, concorrem Bucareste, Haia, Li\u00e8ge, Lille, M\u00e1laga, Roma, Vars\u00f3via e Zagreb. A EUCA tem como miss\u00e3o apoiar autoridades aduaneiras nacionais e garantir a cobran\u00e7a de encargos alfandeg\u00e1rios, protegendo o com\u00e9rcio e o mercado \u00fanico.","og_url":"https:\/\/portaltela.pt\/noticias\/2026\/03\/25\/ue-escolhe-hoje-sede-da-autoridade-aduaneira-porto-entre-candidatas\/","og_site_name":"Portal Tela Portugal","article_published_time":"2026-03-25T07:55:00+00:00","author":"Telinha","twitter_card":"summary_large_image","twitter_misc":{"Escrito por":"Telinha","Tempo estimado de leitura":"1 minuto"},"schema":{"@context":"https:\/\/schema.org","@graph":[{"@type":"Article","@id":"https:\/\/portaltela.pt\/noticias\/2026\/03\/25\/ue-escolhe-hoje-sede-da-autoridade-aduaneira-porto-entre-candidatas\/#article","isPartOf":{"@id":"https:\/\/portaltela.pt\/noticias\/2026\/03\/25\/ue-escolhe-hoje-sede-da-autoridade-aduaneira-porto-entre-candidatas\/"},"author":{"name":"Telinha","@id":"https:\/\/portaltela.pt\/#\/schema\/person\/c4278d4a6028830caff9ee44b42d32ed"},"headline":"UE escolhe hoje sede da autoridade aduaneira; Porto entre candidatas","datePublished":"2026-03-25T07:55:00+00:00","mainEntityOfPage":{"@id":"https:\/\/portaltela.pt\/noticias\/2026\/03\/25\/ue-escolhe-hoje-sede-da-autoridade-aduaneira-porto-entre-candidatas\/"},"wordCount":184,"image":{"@id":"https:\/\/portaltela.pt\/noticias\/2026\/03\/25\/ue-escolhe-hoje-sede-da-autoridade-aduaneira-porto-entre-candidatas\/#primaryimage"},"thumbnailUrl":"https:\/\/portaltela.pt\/s.01k8rhncp4jt1\/2026\/03\/img_1500x1000uu2017-01-17-22-02-00-591026.jpg","keywords":["aduaneiros","Bruxelas","Porto","Portugal","Uni\u00e3o Europeia"],"articleSection":["Not\u00edcias","Pol\u00edtica Internacional"],"inLanguage":"pt-PT"},{"@type":"WebPage","@id":"https:\/\/portaltela.pt\/noticias\/2026\/03\/25\/ue-escolhe-hoje-sede-da-autoridade-aduaneira-porto-entre-candidatas\/","url":"https:\/\/portaltela.pt\/noticias\/2026\/03\/25\/ue-escolhe-hoje-sede-da-autoridade-aduaneira-porto-entre-candidatas\/","name":"UE escolhe hoje sede da autoridade aduaneira; Porto entre candidatas - Portal Tela Portugal","isPartOf":{"@id":"https:\/\/portaltela.pt\/#website"},"primaryImageOfPage":{"@id":"https:\/\/portaltela.pt\/noticias\/2026\/03\/25\/ue-escolhe-hoje-sede-da-autoridade-aduaneira-porto-entre-candidatas\/#primaryimage"},"image":{"@id":"https:\/\/portaltela.pt\/noticias\/2026\/03\/25\/ue-escolhe-hoje-sede-da-autoridade-aduaneira-porto-entre-candidatas\/#primaryimage"},"thumbnailUrl":"https:\/\/portaltela.pt\/s.01k8rhncp4jt1\/2026\/03\/img_1500x1000uu2017-01-17-22-02-00-591026.jpg","datePublished":"2026-03-25T07:55:00+00:00","author":{"@id":"https:\/\/portaltela.pt\/#\/schema\/person\/c4278d4a6028830caff9ee44b42d32ed"},"breadcrumb":{"@id":"https:\/\/portaltela.pt\/noticias\/2026\/03\/25\/ue-escolhe-hoje-sede-da-autoridade-aduaneira-porto-entre-candidatas\/#breadcrumb"},"inLanguage":"pt-PT","potentialAction":[{"@type":"ReadAction","target":["https:\/\/portaltela.pt\/noticias\/2026\/03\/25\/ue-escolhe-hoje-sede-da-autoridade-aduaneira-porto-entre-candidatas\/"]}]},{"@type":"ImageObject","inLanguage":"pt-PT","@id":"https:\/\/portaltela.pt\/noticias\/2026\/03\/25\/ue-escolhe-hoje-sede-da-autoridade-aduaneira-porto-entre-candidatas\/#primaryimage","url":"https:\/\/portaltela.pt\/s.01k8rhncp4jt1\/2026\/03\/img_1500x1000uu2017-01-17-22-02-00-591026.jpg","contentUrl":"https:\/\/portaltela.pt\/s.01k8rhncp4jt1\/2026\/03\/img_1500x1000uu2017-01-17-22-02-00-591026.jpg","width":796,"height":448,"caption":"Uni\u00e3o Europeia escolhe esta quarta-feira sede da autoridade aduaneira com Porto entre cidades candidatas"},{"@type":"BreadcrumbList","@id":"https:\/\/portaltela.pt\/noticias\/2026\/03\/25\/ue-escolhe-hoje-sede-da-autoridade-aduaneira-porto-entre-candidatas\/#breadcrumb","itemListElement":[{"@type":"ListItem","position":1,"name":"In\u00edcio","item":"https:\/\/portaltela.pt\/"},{"@type":"ListItem","position":2,"name":"UE escolhe hoje sede da autoridade aduaneira; Porto entre candidatas"}]},{"@type":"WebSite","@id":"https:\/\/portaltela.pt\/#website","url":"https:\/\/portaltela.pt\/","name":"Portal Tela Portugal","description":"","potentialAction":[{"@type":"SearchAction","target":{"@type":"EntryPoint","urlTemplate":"https:\/\/portaltela.pt\/?s={search_term_string}"},"query-input":{"@type":"PropertyValueSpecification","valueRequired":true,"valueName":"search_term_string"}}],"inLanguage":"pt-PT"},{"@type":"Person","@id":"https:\/\/portaltela.pt\/#\/schema\/person\/c4278d4a6028830caff9ee44b42d32ed","name":"Telinha","image":{"@type":"ImageObject","inLanguage":"pt-PT","@id":"https:\/\/portaltela.pt\/s.01k8rhncp4jt1\/2025\/11\/talking-bot-125x125.png","url":"https:\/\/portaltela.pt\/s.01k8rhncp4jt1\/2025\/11\/talking-bot-125x125.png","contentUrl":"https:\/\/portaltela.pt\/s.01k8rhncp4jt1\/2025\/11\/talking-bot-125x125.png","caption":"Telinha"},"sameAs":["https:\/\/portaltela.pt\/"],"url":"https:\/\/portaltela.pt\/por\/367410592786\/"}]}},"_links":{"self":[{"href":"https:\/\/portaltela.pt\/api\/wp\/v2\/posts\/420426","targetHints":{"allow":["GET"]}}],"collection":[{"href":"https:\/\/portaltela.pt\/api\/wp\/v2\/posts"}],"about":[{"href":"https:\/\/portaltela.pt\/api\/wp\/v2\/types\/post"}],"author":[{"embeddable":true,"href":"https:\/\/portaltela.pt\/api\/wp\/v2\/users\/2"}],"replies":[{"embeddable":true,"href":"https:\/\/portaltela.pt\/api\/wp\/v2\/comments?post=420426"}],"version-history":[{"count":0,"href":"https:\/\/portaltela.pt\/api\/wp\/v2\/posts\/420426\/revisions"}],"wp:featuredmedia":[{"embeddable":true,"href":"https:\/\/portaltela.pt\/api\/wp\/v2\/media\/420429"}],"wp:attachment":[{"href":"https:\/\/portaltela.pt\/api\/wp\/v2\/media?parent=420426"}],"wp:term":[{"taxonomy":"category","embeddable":true,"href":"https:\/\/portaltela.pt\/api\/wp\/v2\/categories?post=420426"},{"taxonomy":"post_tag","embeddable":true,"href":"https:\/\/portaltela.pt\/api\/wp\/v2\/tags?post=420426"}],"curies":[{"name":"wp","href":"https:\/\/api.w.org\/{rel}","templated":true}]}}