{"id":420420,"date":"2026-03-25T04:47:05","date_gmt":"2026-03-25T07:47:05","guid":{"rendered":"https:\/\/portaltela.pt\/noticias\/2026\/03\/25\/lisboa-testa-sistema-de-evacuacao-apos-alerta-de-tsunami\/"},"modified":"2026-03-25T04:47:05","modified_gmt":"2026-03-25T07:47:05","slug":"lisboa-testa-sistema-de-evacuacao-apos-alerta-de-tsunami","status":"publish","type":"post","link":"https:\/\/portaltela.pt\/seguranca\/2026\/03\/25\/lisboa-testa-sistema-de-evacuacao-apos-alerta-de-tsunami\/","title":{"rendered":"Lisboa testa sistema de evacua\u00e7\u00e3o ap\u00f3s alerta de tsunami"},"content":{"rendered":"<p>Na zona ribeirinha de Lisboa foram activadas quatro sirenes de alerta de tsunami para testar os procedimentos de evacua\u00e7\u00e3o em caso de cat\u00e1strofe. O exerc\u00edcio, denominado LisbonWave2026, decorreu entre as 10:30 e as 12:00, com dura\u00e7\u00e3o prevista de 20 a 30 minutos.<\/p>\n<p>O teste verificou os sinais de alerta nas \u00e1reas da Pra\u00e7a do Imp\u00e9rio, Ribeira das Naus, Passeio Carlos do Carmo e Doca de Alc\u00e2ntara, locais pr\u00f3ximos ao rio que apresentam maior risco. Mensagens de voz indicaram o exerc\u00edcio em portugu\u00eas e ingl\u00eas, com instru\u00e7\u00f5es para dirigir-se a um ponto seguro.<\/p>\n<p>O evento \u00e9 organizado pela C\u00e2mara Municipal de Lisboa, em parceria com a Prote\u00e7\u00e3o Civil, no \u00e2mbito do Dia Internacional da Prote\u00e7\u00e3o Civil. A iniciativa sucede a testes anteriores, realizados em novembro e no dia 9 de mar\u00e7o.<\/p>\n<p>A ideia \u00e9 ampliar o sistema de alerta para dez sirenes at\u00e9 2029, assegurando cobertura ao longo de toda a frente ribeirinha. O nome LisbonWave26 foi escolhido por ser claro para turistas e residentes estrangeiros.<\/p>\n<h3>Prepara\u00e7\u00e3o e opini\u00e3o institucional<\/h3>\n<p>O presidente da C\u00e2mara, Carlos Moedas, ressaltou a import\u00e2ncia de exerc\u00edcios para aumentar a cultura de preven\u00e7\u00e3o e a prepara\u00e7\u00e3o da popula\u00e7\u00e3o. O diretor dos Servi\u00e7os Municipais de Prote\u00e7\u00e3o Civil explicou que, ap\u00f3s abalos s\u00edsmicos, deve-se afastar-se da zona ribeirinha e procurar local mais alto.<\/p>\n<p>Lisboa \u00e9 considerada zona com probabilidade s\u00edsmica relevante na Europa, o que refor\u00e7a a necessidade de planos de a\u00e7\u00e3o e de mapas de sobreviv\u00eancia. Actualmente, apenas algumas freguesias disp\u00f5em do Plano Local de Emerg\u00eancia ao p\u00fablico.<\/p>\n<p>Especialistas apontam que a sensibiliza\u00e7\u00e3o da popula\u00e7\u00e3o \u00e9 essencial face ao risco de fen\u00f3menos naturais. O Eurobar\u00f3metro indica elevada preocupa\u00e7\u00e3o dos portugueses com cat\u00e1strofes clim\u00e1ticas, refor\u00e7ando a import\u00e2ncia de informa\u00e7\u00e3o acess\u00edvel.<\/p>\n","protected":false},"excerpt":{"rendered":"<ul>\n<li>Lisboa realizou um exerc\u00edcio de alerta de tsunami, chamado LisbonWave2026, com quatro sirenes na frente ribeirinha entre as 10h30 e as 12h, com dura\u00e7\u00e3o de 20 a 30 minutos.<\/li>\n<li>As zonas onde soaram os alertas foram Pra\u00e7a do Imp\u00e9rio, Ribeira das Naus, Passeio Carlos do Carmo e Doca de Alc\u00e2ntara, com mensagens de voz em portugu\u00eas e ingl\u00eas a orientar a evacua\u00e7\u00e3o.<\/li>\n<li>O objetivo \u00e9 testar procedimentos de evacua\u00e7\u00e3o; j\u00e1 houve testes de fuga em novembro e outro em mar\u00e7o, e o sistema dever\u00e1 ter dez sirenes at\u00e9 2029.<\/li>\n<li>O nome LisbonWave26 foi escolhido por ser compreens\u00edvel tamb\u00e9m para turistas e residentes estrangeiros; o exerc\u00edcio foi organizado pela C\u00e2mara Municipal de Lisboa, em articula\u00e7\u00e3o com a Prote\u00e7\u00e3o Civil, no \u00e2mbito do Dia Internacional da Prote\u00e7\u00e3o Civil.<\/li>\n<li>Lisboa \u00e9 considerada zona de probabilidade s\u00edsmica relevante; o estudo europeu coloca a cidade em \u00e1rea de risco moderado, sendo necess\u00e1rio divulgar planos de preven\u00e7\u00e3o (Plano Local de Emerg\u00eancia) e manter mapas atualizados.<\/li>\n<\/ul>\n","protected":false},"author":2,"featured_media":420422,"comment_status":"closed","ping_status":"closed","sticky":false,"template":"","format":"standard","meta":{"footnotes":""},"categories":[1,6779],"tags":[4132,5215,2938,981,45,320],"class_list":["post-420420","post","type-post","status-publish","format-standard","has-post-thumbnail","hentry","category-noticias","category-seguranca","tag-area-metropolitana-de-lisboa","tag-catastrofes-naturais","tag-evacuacao","tag-lisboa","tag-meio-ambiente","tag-protecao-civil"],"yoast_head":"<!-- This site is optimized with the Yoast SEO plugin v27.2 - https:\/\/yoast.com\/product\/yoast-seo-wordpress\/ -->\n<title>Lisboa testa sistema de evacua\u00e7\u00e3o ap\u00f3s alerta de tsunami - Portal Tela Portugal<\/title>\n<meta name=\"robots\" content=\"index, follow, max-snippet:-1, max-image-preview:large, max-video-preview:-1\" \/>\n<meta property=\"og:locale\" content=\"pt_PT\" \/>\n<meta property=\"og:type\" content=\"article\" \/>\n<meta property=\"og:title\" content=\"Lisboa testa sistema de evacua\u00e7\u00e3o ap\u00f3s alerta de tsunami - Portal Tela Portugal\" \/>\n<meta property=\"og:description\" content=\"Lisboa realizou um exerc\u00edcio de alerta de tsunami, chamado LisbonWave2026, com quatro sirenes na frente ribeirinha entre as 10h30 e as 12h, com dura\u00e7\u00e3o de 20 a 30 minutos. As zonas onde soaram os alertas foram Pra\u00e7a do Imp\u00e9rio, Ribeira das Naus, Passeio Carlos do Carmo e Doca de Alc\u00e2ntara, com mensagens de voz em portugu\u00eas e ingl\u00eas a orientar a evacua\u00e7\u00e3o. O objetivo \u00e9 testar procedimentos de evacua\u00e7\u00e3o; j\u00e1 houve testes de fuga em novembro e outro em mar\u00e7o, e o sistema dever\u00e1 ter dez sirenes at\u00e9 2029. O nome LisbonWave26 foi escolhido por ser compreens\u00edvel tamb\u00e9m para turistas e residentes estrangeiros; o exerc\u00edcio foi organizado pela C\u00e2mara Municipal de Lisboa, em articula\u00e7\u00e3o com a Prote\u00e7\u00e3o Civil, no \u00e2mbito do Dia Internacional da Prote\u00e7\u00e3o Civil. Lisboa \u00e9 considerada zona de probabilidade s\u00edsmica relevante; o estudo europeu coloca a cidade em \u00e1rea de risco moderado, sendo necess\u00e1rio divulgar planos de preven\u00e7\u00e3o (Plano Local de Emerg\u00eancia) e manter mapas atualizados.\" \/>\n<meta property=\"og:url\" content=\"https:\/\/portaltela.pt\/noticias\/2026\/03\/25\/lisboa-testa-sistema-de-evacuacao-apos-alerta-de-tsunami\/\" \/>\n<meta property=\"og:site_name\" content=\"Portal Tela Portugal\" \/>\n<meta property=\"article:published_time\" content=\"2026-03-25T07:47:05+00:00\" \/>\n<meta name=\"author\" content=\"Telinha\" \/>\n<meta name=\"twitter:card\" content=\"summary_large_image\" \/>\n<meta name=\"twitter:label1\" content=\"Escrito por\" \/>\n\t<meta name=\"twitter:data1\" content=\"Telinha\" \/>\n\t<meta name=\"twitter:label2\" content=\"Tempo estimado de leitura\" \/>\n\t<meta name=\"twitter:data2\" content=\"2 minutos\" \/>\n<script type=\"application\/ld+json\" class=\"yoast-schema-graph\">{\"@context\":\"https:\/\/schema.org\",\"@graph\":[{\"@type\":\"Article\",\"@id\":\"https:\/\/portaltela.pt\/noticias\/2026\/03\/25\/lisboa-testa-sistema-de-evacuacao-apos-alerta-de-tsunami\/#article\",\"isPartOf\":{\"@id\":\"https:\/\/portaltela.pt\/noticias\/2026\/03\/25\/lisboa-testa-sistema-de-evacuacao-apos-alerta-de-tsunami\/\"},\"author\":{\"name\":\"Telinha\",\"@id\":\"https:\/\/portaltela.pt\/#\/schema\/person\/c4278d4a6028830caff9ee44b42d32ed\"},\"headline\":\"Lisboa testa sistema de evacua\u00e7\u00e3o ap\u00f3s alerta de tsunami\",\"datePublished\":\"2026-03-25T07:47:05+00:00\",\"mainEntityOfPage\":{\"@id\":\"https:\/\/portaltela.pt\/noticias\/2026\/03\/25\/lisboa-testa-sistema-de-evacuacao-apos-alerta-de-tsunami\/\"},\"wordCount\":328,\"image\":{\"@id\":\"https:\/\/portaltela.pt\/noticias\/2026\/03\/25\/lisboa-testa-sistema-de-evacuacao-apos-alerta-de-tsunami\/#primaryimage\"},\"thumbnailUrl\":\"https:\/\/portaltela.pt\/s.01k8rhncp4jt1\/2026\/03\/1536x864_cmsv2_66e4de3b-2e9c-5685-a8fe-2d3176f929d6-9667859.jpg\",\"keywords\":[\"\u00c1rea Metropolitana de Lisboa\",\"cat\u00e1strofes naturais\",\"evacua\u00e7\u00e3o\",\"Lisboa\",\"meio-ambiente\",\"prote\u00e7\u00e3o civil\"],\"articleSection\":[\"Not\u00edcias\",\"Seguran\u00e7a\"],\"inLanguage\":\"pt-PT\"},{\"@type\":\"WebPage\",\"@id\":\"https:\/\/portaltela.pt\/noticias\/2026\/03\/25\/lisboa-testa-sistema-de-evacuacao-apos-alerta-de-tsunami\/\",\"url\":\"https:\/\/portaltela.pt\/noticias\/2026\/03\/25\/lisboa-testa-sistema-de-evacuacao-apos-alerta-de-tsunami\/\",\"name\":\"Lisboa testa sistema de evacua\u00e7\u00e3o ap\u00f3s alerta de tsunami - Portal Tela Portugal\",\"isPartOf\":{\"@id\":\"https:\/\/portaltela.pt\/#website\"},\"primaryImageOfPage\":{\"@id\":\"https:\/\/portaltela.pt\/noticias\/2026\/03\/25\/lisboa-testa-sistema-de-evacuacao-apos-alerta-de-tsunami\/#primaryimage\"},\"image\":{\"@id\":\"https:\/\/portaltela.pt\/noticias\/2026\/03\/25\/lisboa-testa-sistema-de-evacuacao-apos-alerta-de-tsunami\/#primaryimage\"},\"thumbnailUrl\":\"https:\/\/portaltela.pt\/s.01k8rhncp4jt1\/2026\/03\/1536x864_cmsv2_66e4de3b-2e9c-5685-a8fe-2d3176f929d6-9667859.jpg\",\"datePublished\":\"2026-03-25T07:47:05+00:00\",\"author\":{\"@id\":\"https:\/\/portaltela.pt\/#\/schema\/person\/c4278d4a6028830caff9ee44b42d32ed\"},\"breadcrumb\":{\"@id\":\"https:\/\/portaltela.pt\/noticias\/2026\/03\/25\/lisboa-testa-sistema-de-evacuacao-apos-alerta-de-tsunami\/#breadcrumb\"},\"inLanguage\":\"pt-PT\",\"potentialAction\":[{\"@type\":\"ReadAction\",\"target\":[\"https:\/\/portaltela.pt\/noticias\/2026\/03\/25\/lisboa-testa-sistema-de-evacuacao-apos-alerta-de-tsunami\/\"]}]},{\"@type\":\"ImageObject\",\"inLanguage\":\"pt-PT\",\"@id\":\"https:\/\/portaltela.pt\/noticias\/2026\/03\/25\/lisboa-testa-sistema-de-evacuacao-apos-alerta-de-tsunami\/#primaryimage\",\"url\":\"https:\/\/portaltela.pt\/s.01k8rhncp4jt1\/2026\/03\/1536x864_cmsv2_66e4de3b-2e9c-5685-a8fe-2d3176f929d6-9667859.jpg\",\"contentUrl\":\"https:\/\/portaltela.pt\/s.01k8rhncp4jt1\/2026\/03\/1536x864_cmsv2_66e4de3b-2e9c-5685-a8fe-2d3176f929d6-9667859.jpg\",\"width\":796,\"height\":448,\"caption\":\"Lisboa realiza exerc\u00edcio de alerta de tsunami\"},{\"@type\":\"BreadcrumbList\",\"@id\":\"https:\/\/portaltela.pt\/noticias\/2026\/03\/25\/lisboa-testa-sistema-de-evacuacao-apos-alerta-de-tsunami\/#breadcrumb\",\"itemListElement\":[{\"@type\":\"ListItem\",\"position\":1,\"name\":\"In\u00edcio\",\"item\":\"https:\/\/portaltela.pt\/\"},{\"@type\":\"ListItem\",\"position\":2,\"name\":\"Lisboa testa sistema de evacua\u00e7\u00e3o ap\u00f3s alerta de tsunami\"}]},{\"@type\":\"WebSite\",\"@id\":\"https:\/\/portaltela.pt\/#website\",\"url\":\"https:\/\/portaltela.pt\/\",\"name\":\"Portal Tela Portugal\",\"description\":\"\",\"potentialAction\":[{\"@type\":\"SearchAction\",\"target\":{\"@type\":\"EntryPoint\",\"urlTemplate\":\"https:\/\/portaltela.pt\/?s={search_term_string}\"},\"query-input\":{\"@type\":\"PropertyValueSpecification\",\"valueRequired\":true,\"valueName\":\"search_term_string\"}}],\"inLanguage\":\"pt-PT\"},{\"@type\":\"Person\",\"@id\":\"https:\/\/portaltela.pt\/#\/schema\/person\/c4278d4a6028830caff9ee44b42d32ed\",\"name\":\"Telinha\",\"image\":{\"@type\":\"ImageObject\",\"inLanguage\":\"pt-PT\",\"@id\":\"https:\/\/portaltela.pt\/s.01k8rhncp4jt1\/2025\/11\/talking-bot-125x125.png\",\"url\":\"https:\/\/portaltela.pt\/s.01k8rhncp4jt1\/2025\/11\/talking-bot-125x125.png\",\"contentUrl\":\"https:\/\/portaltela.pt\/s.01k8rhncp4jt1\/2025\/11\/talking-bot-125x125.png\",\"caption\":\"Telinha\"},\"sameAs\":[\"https:\/\/portaltela.pt\/\"],\"url\":\"https:\/\/portaltela.pt\/por\/367410592786\/\"}]}<\/script>\n<!-- \/ Yoast SEO plugin. -->","yoast_head_json":{"title":"Lisboa testa sistema de evacua\u00e7\u00e3o ap\u00f3s alerta de tsunami - Portal Tela Portugal","robots":{"index":"index","follow":"follow","max-snippet":"max-snippet:-1","max-image-preview":"max-image-preview:large","max-video-preview":"max-video-preview:-1"},"og_locale":"pt_PT","og_type":"article","og_title":"Lisboa testa sistema de evacua\u00e7\u00e3o ap\u00f3s alerta de tsunami - Portal Tela Portugal","og_description":"Lisboa realizou um exerc\u00edcio de alerta de tsunami, chamado LisbonWave2026, com quatro sirenes na frente ribeirinha entre as 10h30 e as 12h, com dura\u00e7\u00e3o de 20 a 30 minutos. As zonas onde soaram os alertas foram Pra\u00e7a do Imp\u00e9rio, Ribeira das Naus, Passeio Carlos do Carmo e Doca de Alc\u00e2ntara, com mensagens de voz em portugu\u00eas e ingl\u00eas a orientar a evacua\u00e7\u00e3o. O objetivo \u00e9 testar procedimentos de evacua\u00e7\u00e3o; j\u00e1 houve testes de fuga em novembro e outro em mar\u00e7o, e o sistema dever\u00e1 ter dez sirenes at\u00e9 2029. O nome LisbonWave26 foi escolhido por ser compreens\u00edvel tamb\u00e9m para turistas e residentes estrangeiros; o exerc\u00edcio foi organizado pela C\u00e2mara Municipal de Lisboa, em articula\u00e7\u00e3o com a Prote\u00e7\u00e3o Civil, no \u00e2mbito do Dia Internacional da Prote\u00e7\u00e3o Civil. Lisboa \u00e9 considerada zona de probabilidade s\u00edsmica relevante; o estudo europeu coloca a cidade em \u00e1rea de risco moderado, sendo necess\u00e1rio divulgar planos de preven\u00e7\u00e3o (Plano Local de Emerg\u00eancia) e manter mapas atualizados.","og_url":"https:\/\/portaltela.pt\/noticias\/2026\/03\/25\/lisboa-testa-sistema-de-evacuacao-apos-alerta-de-tsunami\/","og_site_name":"Portal Tela Portugal","article_published_time":"2026-03-25T07:47:05+00:00","author":"Telinha","twitter_card":"summary_large_image","twitter_misc":{"Escrito por":"Telinha","Tempo estimado de leitura":"2 minutos"},"schema":{"@context":"https:\/\/schema.org","@graph":[{"@type":"Article","@id":"https:\/\/portaltela.pt\/noticias\/2026\/03\/25\/lisboa-testa-sistema-de-evacuacao-apos-alerta-de-tsunami\/#article","isPartOf":{"@id":"https:\/\/portaltela.pt\/noticias\/2026\/03\/25\/lisboa-testa-sistema-de-evacuacao-apos-alerta-de-tsunami\/"},"author":{"name":"Telinha","@id":"https:\/\/portaltela.pt\/#\/schema\/person\/c4278d4a6028830caff9ee44b42d32ed"},"headline":"Lisboa testa sistema de evacua\u00e7\u00e3o ap\u00f3s alerta de tsunami","datePublished":"2026-03-25T07:47:05+00:00","mainEntityOfPage":{"@id":"https:\/\/portaltela.pt\/noticias\/2026\/03\/25\/lisboa-testa-sistema-de-evacuacao-apos-alerta-de-tsunami\/"},"wordCount":328,"image":{"@id":"https:\/\/portaltela.pt\/noticias\/2026\/03\/25\/lisboa-testa-sistema-de-evacuacao-apos-alerta-de-tsunami\/#primaryimage"},"thumbnailUrl":"https:\/\/portaltela.pt\/s.01k8rhncp4jt1\/2026\/03\/1536x864_cmsv2_66e4de3b-2e9c-5685-a8fe-2d3176f929d6-9667859.jpg","keywords":["\u00c1rea Metropolitana de Lisboa","cat\u00e1strofes naturais","evacua\u00e7\u00e3o","Lisboa","meio-ambiente","prote\u00e7\u00e3o civil"],"articleSection":["Not\u00edcias","Seguran\u00e7a"],"inLanguage":"pt-PT"},{"@type":"WebPage","@id":"https:\/\/portaltela.pt\/noticias\/2026\/03\/25\/lisboa-testa-sistema-de-evacuacao-apos-alerta-de-tsunami\/","url":"https:\/\/portaltela.pt\/noticias\/2026\/03\/25\/lisboa-testa-sistema-de-evacuacao-apos-alerta-de-tsunami\/","name":"Lisboa testa sistema de evacua\u00e7\u00e3o ap\u00f3s alerta de tsunami - Portal Tela Portugal","isPartOf":{"@id":"https:\/\/portaltela.pt\/#website"},"primaryImageOfPage":{"@id":"https:\/\/portaltela.pt\/noticias\/2026\/03\/25\/lisboa-testa-sistema-de-evacuacao-apos-alerta-de-tsunami\/#primaryimage"},"image":{"@id":"https:\/\/portaltela.pt\/noticias\/2026\/03\/25\/lisboa-testa-sistema-de-evacuacao-apos-alerta-de-tsunami\/#primaryimage"},"thumbnailUrl":"https:\/\/portaltela.pt\/s.01k8rhncp4jt1\/2026\/03\/1536x864_cmsv2_66e4de3b-2e9c-5685-a8fe-2d3176f929d6-9667859.jpg","datePublished":"2026-03-25T07:47:05+00:00","author":{"@id":"https:\/\/portaltela.pt\/#\/schema\/person\/c4278d4a6028830caff9ee44b42d32ed"},"breadcrumb":{"@id":"https:\/\/portaltela.pt\/noticias\/2026\/03\/25\/lisboa-testa-sistema-de-evacuacao-apos-alerta-de-tsunami\/#breadcrumb"},"inLanguage":"pt-PT","potentialAction":[{"@type":"ReadAction","target":["https:\/\/portaltela.pt\/noticias\/2026\/03\/25\/lisboa-testa-sistema-de-evacuacao-apos-alerta-de-tsunami\/"]}]},{"@type":"ImageObject","inLanguage":"pt-PT","@id":"https:\/\/portaltela.pt\/noticias\/2026\/03\/25\/lisboa-testa-sistema-de-evacuacao-apos-alerta-de-tsunami\/#primaryimage","url":"https:\/\/portaltela.pt\/s.01k8rhncp4jt1\/2026\/03\/1536x864_cmsv2_66e4de3b-2e9c-5685-a8fe-2d3176f929d6-9667859.jpg","contentUrl":"https:\/\/portaltela.pt\/s.01k8rhncp4jt1\/2026\/03\/1536x864_cmsv2_66e4de3b-2e9c-5685-a8fe-2d3176f929d6-9667859.jpg","width":796,"height":448,"caption":"Lisboa realiza exerc\u00edcio de alerta de tsunami"},{"@type":"BreadcrumbList","@id":"https:\/\/portaltela.pt\/noticias\/2026\/03\/25\/lisboa-testa-sistema-de-evacuacao-apos-alerta-de-tsunami\/#breadcrumb","itemListElement":[{"@type":"ListItem","position":1,"name":"In\u00edcio","item":"https:\/\/portaltela.pt\/"},{"@type":"ListItem","position":2,"name":"Lisboa testa sistema de evacua\u00e7\u00e3o ap\u00f3s alerta de tsunami"}]},{"@type":"WebSite","@id":"https:\/\/portaltela.pt\/#website","url":"https:\/\/portaltela.pt\/","name":"Portal Tela Portugal","description":"","potentialAction":[{"@type":"SearchAction","target":{"@type":"EntryPoint","urlTemplate":"https:\/\/portaltela.pt\/?s={search_term_string}"},"query-input":{"@type":"PropertyValueSpecification","valueRequired":true,"valueName":"search_term_string"}}],"inLanguage":"pt-PT"},{"@type":"Person","@id":"https:\/\/portaltela.pt\/#\/schema\/person\/c4278d4a6028830caff9ee44b42d32ed","name":"Telinha","image":{"@type":"ImageObject","inLanguage":"pt-PT","@id":"https:\/\/portaltela.pt\/s.01k8rhncp4jt1\/2025\/11\/talking-bot-125x125.png","url":"https:\/\/portaltela.pt\/s.01k8rhncp4jt1\/2025\/11\/talking-bot-125x125.png","contentUrl":"https:\/\/portaltela.pt\/s.01k8rhncp4jt1\/2025\/11\/talking-bot-125x125.png","caption":"Telinha"},"sameAs":["https:\/\/portaltela.pt\/"],"url":"https:\/\/portaltela.pt\/por\/367410592786\/"}]}},"_links":{"self":[{"href":"https:\/\/portaltela.pt\/api\/wp\/v2\/posts\/420420","targetHints":{"allow":["GET"]}}],"collection":[{"href":"https:\/\/portaltela.pt\/api\/wp\/v2\/posts"}],"about":[{"href":"https:\/\/portaltela.pt\/api\/wp\/v2\/types\/post"}],"author":[{"embeddable":true,"href":"https:\/\/portaltela.pt\/api\/wp\/v2\/users\/2"}],"replies":[{"embeddable":true,"href":"https:\/\/portaltela.pt\/api\/wp\/v2\/comments?post=420420"}],"version-history":[{"count":0,"href":"https:\/\/portaltela.pt\/api\/wp\/v2\/posts\/420420\/revisions"}],"wp:featuredmedia":[{"embeddable":true,"href":"https:\/\/portaltela.pt\/api\/wp\/v2\/media\/420422"}],"wp:attachment":[{"href":"https:\/\/portaltela.pt\/api\/wp\/v2\/media?parent=420420"}],"wp:term":[{"taxonomy":"category","embeddable":true,"href":"https:\/\/portaltela.pt\/api\/wp\/v2\/categories?post=420420"},{"taxonomy":"post_tag","embeddable":true,"href":"https:\/\/portaltela.pt\/api\/wp\/v2\/tags?post=420420"}],"curies":[{"name":"wp","href":"https:\/\/api.w.org\/{rel}","templated":true}]}}