{"id":420408,"date":"2026-03-25T04:32:07","date_gmt":"2026-03-25T07:32:07","guid":{"rendered":"https:\/\/portaltela.pt\/noticias\/2026\/03\/25\/acordo-ue-australia-desperta-criticas-de-agricultores-e-legisladores-europeus\/"},"modified":"2026-03-25T04:32:07","modified_gmt":"2026-03-25T07:32:07","slug":"acordo-ue-australia-desperta-criticas-de-agricultores-e-legisladores-europeus","status":"publish","type":"post","link":"https:\/\/portaltela.pt\/noticias\/economia\/2026\/03\/25\/acordo-ue-australia-desperta-criticas-de-agricultores-e-legisladores-europeus\/","title":{"rendered":"Acordo UE-Austr\u00e1lia desperta cr\u00edticas de agricultores e legisladores europeus"},"content":{"rendered":"<p>O acordo comercial entre a Uni\u00e3o Europeia (UE) e a Austr\u00e1lia gerou cr\u00edticas de agricultores e de deputados europeus. A contesta\u00e7\u00e3o centra-se nas concess\u00f5es da UE, que podem abrir portas a novas importa\u00e7\u00f5es de produtos sens\u00edveis. A discuss\u00e3o ocorre no contexto p\u00f3s-Mercosul.<\/p>\n<p>O Copa-Cogeca, grupo de press\u00e3o dos agricultores da UE, considera as concess\u00f5es inaceit\u00e1veis e afirma que n\u00e3o protegem suficientemente os agricultores europeus. O organismo aponta o impacto cumulativo de acordos comerciais como fator agravante.<\/p>\n<p>O acordo prev\u00ea quotas para carne bovina, carne ovina, a\u00e7\u00facar e arroz, com fases de entrada ao longo de 5 a 10 anos. As quotas j\u00e1 existem para Mercosul, elevando preocupa\u00e7\u00f5es sobre o peso total das importa\u00e7\u00f5es.<\/p>\n<h3>Repercuss\u00f5es pol\u00edticas e salvaguardas<\/h3>\n<p>Antes da ratifica\u00e7\u00e3o, o acordo precisa de aprova\u00e7\u00e3o dos Estados-Membros e do Parlamento Europeu, que j\u00e1 questionou legalidade de acordos anteriores com o Mercosul. Alguns eurodeputados manifestaram reservas quanto \u00e0 forma de negocia\u00e7\u00e3o.<\/p>\n<p>Alguns cr\u00edticos apontam que as salvaguardas previstas s\u00e3o limitadas. O mecanismo de prote\u00e7\u00e3o pode exigir medidas tempor\u00e1rias em caso de perturba\u00e7\u00e3o no mercado, mas \u00e9 considerado por alguns como lento a ativar.<\/p>\n<p>A prote\u00e7\u00e3o de Denomina\u00e7\u00f5es Geogr\u00e1ficas (IG) tamb\u00e9m est\u00e1 em debate. Gra\u00e7as ao acordo, 165 IG agro-alimentares e 231 IG de bebidas ficam protegidas, mas h\u00e1 exce\u00e7\u00f5es para certos queijos utilizados de boa f\u00e9 h\u00e1 anos. O caso do Prosecco \u00e9 uma das fontes de tens\u00e3o.<\/p>\n<p>Este entendimento est\u00e1 a suscitar rea\u00e7\u00f5es entre os produtores italianos, que veem riscos para o setor vitivin\u00edcola local. A negocia\u00e7\u00e3o envolve ainda a possibilidade de manter o uso de certas denomina\u00e7\u00f5es em importa\u00e7\u00f5es espec\u00edficas durante um per\u00edodo transit\u00f3rio.<\/p>\n","protected":false},"excerpt":{"rendered":"<ul>\n<li>O acordo comercial entre a Uni\u00e3o Europeia e a Austr\u00e1lia recebe cr\u00edticas de agricultores e deputados europeus, que dizem abrir portas a importa\u00e7\u00f5es adicionais de produtos sens\u00edveis, para al\u00e9m das j\u00e1 previstas com o Mercosul.<\/li>\n<li>O Copa-Cogeca considera as concess\u00f5es inaceit\u00e1veis e aponta a necessidade de salvaguardas eficazes; o acordo estabelece quotas para carne bovina (30.600 toneladas por ano, faseadas em dez anos), carne de ovino (25.000 t\/ano em sete anos), a\u00e7\u00facar (35.000 t) e arroz (8.500 t, faseadas em cinco anos).<\/li>\n<li>Estas quotas somam-se \u00e0s j\u00e1 em vigor para os pa\u00edses do Mercosul, incluindo 99.000 t de carne de bovino e quotas de a\u00e7\u00facar existentes com Brasil e Paraguai.<\/li>\n<li>O mecanismo de salvaguarda permite medidas tempor\u00e1rias nos primeiros sete anos, mas cr\u00edticos dizem que \u00e9 apenas uma ferramenta de comunica\u00e7\u00e3o e pode ser acionado com atraso em caso de crise de mercado.<\/li>\n<li>Existem preocupa\u00e7\u00f5es sobre a prote\u00e7\u00e3o das denomina\u00e7\u00f5es geogr\u00e1ficas; casos como Prosecco e queijos como Feta e Gruy\u00e8re levantam d\u00favidas, com debates sobre o uso por produtores australianos e potenciais impactos no setor vitivin\u00edcola italiano.<\/li>\n<\/ul>\n","protected":false},"author":2,"featured_media":420413,"comment_status":"closed","ping_status":"closed","sticky":false,"template":"","format":"standard","meta":{"footnotes":""},"categories":[2,6735],"tags":[6115,244,1957,4998,2055,5586],"class_list":["post-420408","post","type-post","status-publish","format-standard","has-post-thumbnail","hentry","category-economia","category-negocios","tag-_economia","tag-comercio","tag-importacoes","tag-mercosul","tag-uniao-europeia","tag-vinho"],"yoast_head":"<!-- This site is optimized with the Yoast SEO plugin v27.2 - https:\/\/yoast.com\/product\/yoast-seo-wordpress\/ -->\n<title>Acordo UE-Austr\u00e1lia desperta cr\u00edticas de agricultores e legisladores europeus - Portal Tela Portugal<\/title>\n<meta name=\"robots\" content=\"index, follow, max-snippet:-1, max-image-preview:large, max-video-preview:-1\" \/>\n<meta property=\"og:locale\" content=\"pt_PT\" \/>\n<meta property=\"og:type\" content=\"article\" \/>\n<meta property=\"og:title\" content=\"Acordo UE-Austr\u00e1lia desperta cr\u00edticas de agricultores e legisladores europeus - Portal Tela Portugal\" \/>\n<meta property=\"og:description\" content=\"O acordo comercial entre a Uni\u00e3o Europeia e a Austr\u00e1lia recebe cr\u00edticas de agricultores e deputados europeus, que dizem abrir portas a importa\u00e7\u00f5es adicionais de produtos sens\u00edveis, para al\u00e9m das j\u00e1 previstas com o Mercosul. O Copa-Cogeca considera as concess\u00f5es inaceit\u00e1veis e aponta a necessidade de salvaguardas eficazes; o acordo estabelece quotas para carne bovina (30.600 toneladas por ano, faseadas em dez anos), carne de ovino (25.000 t\/ano em sete anos), a\u00e7\u00facar (35.000 t) e arroz (8.500 t, faseadas em cinco anos). Estas quotas somam-se \u00e0s j\u00e1 em vigor para os pa\u00edses do Mercosul, incluindo 99.000 t de carne de bovino e quotas de a\u00e7\u00facar existentes com Brasil e Paraguai. O mecanismo de salvaguarda permite medidas tempor\u00e1rias nos primeiros sete anos, mas cr\u00edticos dizem que \u00e9 apenas uma ferramenta de comunica\u00e7\u00e3o e pode ser acionado com atraso em caso de crise de mercado. Existem preocupa\u00e7\u00f5es sobre a prote\u00e7\u00e3o das denomina\u00e7\u00f5es geogr\u00e1ficas; casos como Prosecco e queijos como Feta e Gruy\u00e8re levantam d\u00favidas, com debates sobre o uso por produtores australianos e potenciais impactos no setor vitivin\u00edcola italiano.\" \/>\n<meta property=\"og:url\" content=\"https:\/\/portaltela.pt\/noticias\/2026\/03\/25\/acordo-ue-australia-desperta-criticas-de-agricultores-e-legisladores-europeus\/\" \/>\n<meta property=\"og:site_name\" content=\"Portal Tela Portugal\" \/>\n<meta property=\"article:published_time\" content=\"2026-03-25T07:32:07+00:00\" \/>\n<meta name=\"author\" content=\"Telinha\" \/>\n<meta name=\"twitter:card\" content=\"summary_large_image\" \/>\n<meta name=\"twitter:label1\" content=\"Escrito por\" \/>\n\t<meta name=\"twitter:data1\" content=\"Telinha\" \/>\n\t<meta name=\"twitter:label2\" content=\"Tempo estimado de leitura\" \/>\n\t<meta name=\"twitter:data2\" content=\"1 minuto\" \/>\n<script type=\"application\/ld+json\" class=\"yoast-schema-graph\">{\"@context\":\"https:\/\/schema.org\",\"@graph\":[{\"@type\":\"Article\",\"@id\":\"https:\/\/portaltela.pt\/noticias\/2026\/03\/25\/acordo-ue-australia-desperta-criticas-de-agricultores-e-legisladores-europeus\/#article\",\"isPartOf\":{\"@id\":\"https:\/\/portaltela.pt\/noticias\/2026\/03\/25\/acordo-ue-australia-desperta-criticas-de-agricultores-e-legisladores-europeus\/\"},\"author\":{\"name\":\"Telinha\",\"@id\":\"https:\/\/portaltela.pt\/#\/schema\/person\/c4278d4a6028830caff9ee44b42d32ed\"},\"headline\":\"Acordo UE-Austr\u00e1lia desperta cr\u00edticas de agricultores e legisladores europeus\",\"datePublished\":\"2026-03-25T07:32:07+00:00\",\"mainEntityOfPage\":{\"@id\":\"https:\/\/portaltela.pt\/noticias\/2026\/03\/25\/acordo-ue-australia-desperta-criticas-de-agricultores-e-legisladores-europeus\/\"},\"wordCount\":310,\"image\":{\"@id\":\"https:\/\/portaltela.pt\/noticias\/2026\/03\/25\/acordo-ue-australia-desperta-criticas-de-agricultores-e-legisladores-europeus\/#primaryimage\"},\"thumbnailUrl\":\"https:\/\/portaltela.pt\/s.01k8rhncp4jt1\/2026\/03\/1536x864_cmsv2_786a8d49-d8c7-5097-821f-1fcbbbfc7c99-9696764.jpg\",\"keywords\":[\"_economia\",\"com\u00e9rcio\",\"importa\u00e7\u00f5es\",\"Mercosul\",\"Uni\u00e3o Europeia\",\"vinho\"],\"articleSection\":[\"Economia\",\"Neg\u00f3cios\"],\"inLanguage\":\"pt-PT\"},{\"@type\":\"WebPage\",\"@id\":\"https:\/\/portaltela.pt\/noticias\/2026\/03\/25\/acordo-ue-australia-desperta-criticas-de-agricultores-e-legisladores-europeus\/\",\"url\":\"https:\/\/portaltela.pt\/noticias\/2026\/03\/25\/acordo-ue-australia-desperta-criticas-de-agricultores-e-legisladores-europeus\/\",\"name\":\"Acordo UE-Austr\u00e1lia desperta cr\u00edticas de agricultores e legisladores europeus - Portal Tela Portugal\",\"isPartOf\":{\"@id\":\"https:\/\/portaltela.pt\/#website\"},\"primaryImageOfPage\":{\"@id\":\"https:\/\/portaltela.pt\/noticias\/2026\/03\/25\/acordo-ue-australia-desperta-criticas-de-agricultores-e-legisladores-europeus\/#primaryimage\"},\"image\":{\"@id\":\"https:\/\/portaltela.pt\/noticias\/2026\/03\/25\/acordo-ue-australia-desperta-criticas-de-agricultores-e-legisladores-europeus\/#primaryimage\"},\"thumbnailUrl\":\"https:\/\/portaltela.pt\/s.01k8rhncp4jt1\/2026\/03\/1536x864_cmsv2_786a8d49-d8c7-5097-821f-1fcbbbfc7c99-9696764.jpg\",\"datePublished\":\"2026-03-25T07:32:07+00:00\",\"author\":{\"@id\":\"https:\/\/portaltela.pt\/#\/schema\/person\/c4278d4a6028830caff9ee44b42d32ed\"},\"breadcrumb\":{\"@id\":\"https:\/\/portaltela.pt\/noticias\/2026\/03\/25\/acordo-ue-australia-desperta-criticas-de-agricultores-e-legisladores-europeus\/#breadcrumb\"},\"inLanguage\":\"pt-PT\",\"potentialAction\":[{\"@type\":\"ReadAction\",\"target\":[\"https:\/\/portaltela.pt\/noticias\/2026\/03\/25\/acordo-ue-australia-desperta-criticas-de-agricultores-e-legisladores-europeus\/\"]}]},{\"@type\":\"ImageObject\",\"inLanguage\":\"pt-PT\",\"@id\":\"https:\/\/portaltela.pt\/noticias\/2026\/03\/25\/acordo-ue-australia-desperta-criticas-de-agricultores-e-legisladores-europeus\/#primaryimage\",\"url\":\"https:\/\/portaltela.pt\/s.01k8rhncp4jt1\/2026\/03\/1536x864_cmsv2_786a8d49-d8c7-5097-821f-1fcbbbfc7c99-9696764.jpg\",\"contentUrl\":\"https:\/\/portaltela.pt\/s.01k8rhncp4jt1\/2026\/03\/1536x864_cmsv2_786a8d49-d8c7-5097-821f-1fcbbbfc7c99-9696764.jpg\",\"width\":796,\"height\":448,\"caption\":\"Agricultores protestam contra o acordo comercial entre a UE e a Am\u00e9rica do Sul no \u00e2mbito do Mercosul, que receiam amea\u00e7ar os seus meios de subsist\u00eancia, na ter\u00e7a-feira, 13 de janeiro de 2026, em Paris.\"},{\"@type\":\"BreadcrumbList\",\"@id\":\"https:\/\/portaltela.pt\/noticias\/2026\/03\/25\/acordo-ue-australia-desperta-criticas-de-agricultores-e-legisladores-europeus\/#breadcrumb\",\"itemListElement\":[{\"@type\":\"ListItem\",\"position\":1,\"name\":\"In\u00edcio\",\"item\":\"https:\/\/portaltela.pt\/\"},{\"@type\":\"ListItem\",\"position\":2,\"name\":\"Acordo UE-Austr\u00e1lia desperta cr\u00edticas de agricultores e legisladores europeus\"}]},{\"@type\":\"WebSite\",\"@id\":\"https:\/\/portaltela.pt\/#website\",\"url\":\"https:\/\/portaltela.pt\/\",\"name\":\"Portal Tela Portugal\",\"description\":\"\",\"potentialAction\":[{\"@type\":\"SearchAction\",\"target\":{\"@type\":\"EntryPoint\",\"urlTemplate\":\"https:\/\/portaltela.pt\/?s={search_term_string}\"},\"query-input\":{\"@type\":\"PropertyValueSpecification\",\"valueRequired\":true,\"valueName\":\"search_term_string\"}}],\"inLanguage\":\"pt-PT\"},{\"@type\":\"Person\",\"@id\":\"https:\/\/portaltela.pt\/#\/schema\/person\/c4278d4a6028830caff9ee44b42d32ed\",\"name\":\"Telinha\",\"image\":{\"@type\":\"ImageObject\",\"inLanguage\":\"pt-PT\",\"@id\":\"https:\/\/portaltela.pt\/s.01k8rhncp4jt1\/2025\/11\/talking-bot-125x125.png\",\"url\":\"https:\/\/portaltela.pt\/s.01k8rhncp4jt1\/2025\/11\/talking-bot-125x125.png\",\"contentUrl\":\"https:\/\/portaltela.pt\/s.01k8rhncp4jt1\/2025\/11\/talking-bot-125x125.png\",\"caption\":\"Telinha\"},\"sameAs\":[\"https:\/\/portaltela.pt\/\"],\"url\":\"https:\/\/portaltela.pt\/por\/367410592786\/\"}]}<\/script>\n<!-- \/ Yoast SEO plugin. -->","yoast_head_json":{"title":"Acordo UE-Austr\u00e1lia desperta cr\u00edticas de agricultores e legisladores europeus - Portal Tela Portugal","robots":{"index":"index","follow":"follow","max-snippet":"max-snippet:-1","max-image-preview":"max-image-preview:large","max-video-preview":"max-video-preview:-1"},"og_locale":"pt_PT","og_type":"article","og_title":"Acordo UE-Austr\u00e1lia desperta cr\u00edticas de agricultores e legisladores europeus - Portal Tela Portugal","og_description":"O acordo comercial entre a Uni\u00e3o Europeia e a Austr\u00e1lia recebe cr\u00edticas de agricultores e deputados europeus, que dizem abrir portas a importa\u00e7\u00f5es adicionais de produtos sens\u00edveis, para al\u00e9m das j\u00e1 previstas com o Mercosul. O Copa-Cogeca considera as concess\u00f5es inaceit\u00e1veis e aponta a necessidade de salvaguardas eficazes; o acordo estabelece quotas para carne bovina (30.600 toneladas por ano, faseadas em dez anos), carne de ovino (25.000 t\/ano em sete anos), a\u00e7\u00facar (35.000 t) e arroz (8.500 t, faseadas em cinco anos). Estas quotas somam-se \u00e0s j\u00e1 em vigor para os pa\u00edses do Mercosul, incluindo 99.000 t de carne de bovino e quotas de a\u00e7\u00facar existentes com Brasil e Paraguai. O mecanismo de salvaguarda permite medidas tempor\u00e1rias nos primeiros sete anos, mas cr\u00edticos dizem que \u00e9 apenas uma ferramenta de comunica\u00e7\u00e3o e pode ser acionado com atraso em caso de crise de mercado. Existem preocupa\u00e7\u00f5es sobre a prote\u00e7\u00e3o das denomina\u00e7\u00f5es geogr\u00e1ficas; casos como Prosecco e queijos como Feta e Gruy\u00e8re levantam d\u00favidas, com debates sobre o uso por produtores australianos e potenciais impactos no setor vitivin\u00edcola italiano.","og_url":"https:\/\/portaltela.pt\/noticias\/2026\/03\/25\/acordo-ue-australia-desperta-criticas-de-agricultores-e-legisladores-europeus\/","og_site_name":"Portal Tela Portugal","article_published_time":"2026-03-25T07:32:07+00:00","author":"Telinha","twitter_card":"summary_large_image","twitter_misc":{"Escrito por":"Telinha","Tempo estimado de leitura":"1 minuto"},"schema":{"@context":"https:\/\/schema.org","@graph":[{"@type":"Article","@id":"https:\/\/portaltela.pt\/noticias\/2026\/03\/25\/acordo-ue-australia-desperta-criticas-de-agricultores-e-legisladores-europeus\/#article","isPartOf":{"@id":"https:\/\/portaltela.pt\/noticias\/2026\/03\/25\/acordo-ue-australia-desperta-criticas-de-agricultores-e-legisladores-europeus\/"},"author":{"name":"Telinha","@id":"https:\/\/portaltela.pt\/#\/schema\/person\/c4278d4a6028830caff9ee44b42d32ed"},"headline":"Acordo UE-Austr\u00e1lia desperta cr\u00edticas de agricultores e legisladores europeus","datePublished":"2026-03-25T07:32:07+00:00","mainEntityOfPage":{"@id":"https:\/\/portaltela.pt\/noticias\/2026\/03\/25\/acordo-ue-australia-desperta-criticas-de-agricultores-e-legisladores-europeus\/"},"wordCount":310,"image":{"@id":"https:\/\/portaltela.pt\/noticias\/2026\/03\/25\/acordo-ue-australia-desperta-criticas-de-agricultores-e-legisladores-europeus\/#primaryimage"},"thumbnailUrl":"https:\/\/portaltela.pt\/s.01k8rhncp4jt1\/2026\/03\/1536x864_cmsv2_786a8d49-d8c7-5097-821f-1fcbbbfc7c99-9696764.jpg","keywords":["_economia","com\u00e9rcio","importa\u00e7\u00f5es","Mercosul","Uni\u00e3o Europeia","vinho"],"articleSection":["Economia","Neg\u00f3cios"],"inLanguage":"pt-PT"},{"@type":"WebPage","@id":"https:\/\/portaltela.pt\/noticias\/2026\/03\/25\/acordo-ue-australia-desperta-criticas-de-agricultores-e-legisladores-europeus\/","url":"https:\/\/portaltela.pt\/noticias\/2026\/03\/25\/acordo-ue-australia-desperta-criticas-de-agricultores-e-legisladores-europeus\/","name":"Acordo UE-Austr\u00e1lia desperta cr\u00edticas de agricultores e legisladores europeus - Portal Tela Portugal","isPartOf":{"@id":"https:\/\/portaltela.pt\/#website"},"primaryImageOfPage":{"@id":"https:\/\/portaltela.pt\/noticias\/2026\/03\/25\/acordo-ue-australia-desperta-criticas-de-agricultores-e-legisladores-europeus\/#primaryimage"},"image":{"@id":"https:\/\/portaltela.pt\/noticias\/2026\/03\/25\/acordo-ue-australia-desperta-criticas-de-agricultores-e-legisladores-europeus\/#primaryimage"},"thumbnailUrl":"https:\/\/portaltela.pt\/s.01k8rhncp4jt1\/2026\/03\/1536x864_cmsv2_786a8d49-d8c7-5097-821f-1fcbbbfc7c99-9696764.jpg","datePublished":"2026-03-25T07:32:07+00:00","author":{"@id":"https:\/\/portaltela.pt\/#\/schema\/person\/c4278d4a6028830caff9ee44b42d32ed"},"breadcrumb":{"@id":"https:\/\/portaltela.pt\/noticias\/2026\/03\/25\/acordo-ue-australia-desperta-criticas-de-agricultores-e-legisladores-europeus\/#breadcrumb"},"inLanguage":"pt-PT","potentialAction":[{"@type":"ReadAction","target":["https:\/\/portaltela.pt\/noticias\/2026\/03\/25\/acordo-ue-australia-desperta-criticas-de-agricultores-e-legisladores-europeus\/"]}]},{"@type":"ImageObject","inLanguage":"pt-PT","@id":"https:\/\/portaltela.pt\/noticias\/2026\/03\/25\/acordo-ue-australia-desperta-criticas-de-agricultores-e-legisladores-europeus\/#primaryimage","url":"https:\/\/portaltela.pt\/s.01k8rhncp4jt1\/2026\/03\/1536x864_cmsv2_786a8d49-d8c7-5097-821f-1fcbbbfc7c99-9696764.jpg","contentUrl":"https:\/\/portaltela.pt\/s.01k8rhncp4jt1\/2026\/03\/1536x864_cmsv2_786a8d49-d8c7-5097-821f-1fcbbbfc7c99-9696764.jpg","width":796,"height":448,"caption":"Agricultores protestam contra o acordo comercial entre a UE e a Am\u00e9rica do Sul no \u00e2mbito do Mercosul, que receiam amea\u00e7ar os seus meios de subsist\u00eancia, na ter\u00e7a-feira, 13 de janeiro de 2026, em Paris."},{"@type":"BreadcrumbList","@id":"https:\/\/portaltela.pt\/noticias\/2026\/03\/25\/acordo-ue-australia-desperta-criticas-de-agricultores-e-legisladores-europeus\/#breadcrumb","itemListElement":[{"@type":"ListItem","position":1,"name":"In\u00edcio","item":"https:\/\/portaltela.pt\/"},{"@type":"ListItem","position":2,"name":"Acordo UE-Austr\u00e1lia desperta cr\u00edticas de agricultores e legisladores europeus"}]},{"@type":"WebSite","@id":"https:\/\/portaltela.pt\/#website","url":"https:\/\/portaltela.pt\/","name":"Portal Tela Portugal","description":"","potentialAction":[{"@type":"SearchAction","target":{"@type":"EntryPoint","urlTemplate":"https:\/\/portaltela.pt\/?s={search_term_string}"},"query-input":{"@type":"PropertyValueSpecification","valueRequired":true,"valueName":"search_term_string"}}],"inLanguage":"pt-PT"},{"@type":"Person","@id":"https:\/\/portaltela.pt\/#\/schema\/person\/c4278d4a6028830caff9ee44b42d32ed","name":"Telinha","image":{"@type":"ImageObject","inLanguage":"pt-PT","@id":"https:\/\/portaltela.pt\/s.01k8rhncp4jt1\/2025\/11\/talking-bot-125x125.png","url":"https:\/\/portaltela.pt\/s.01k8rhncp4jt1\/2025\/11\/talking-bot-125x125.png","contentUrl":"https:\/\/portaltela.pt\/s.01k8rhncp4jt1\/2025\/11\/talking-bot-125x125.png","caption":"Telinha"},"sameAs":["https:\/\/portaltela.pt\/"],"url":"https:\/\/portaltela.pt\/por\/367410592786\/"}]}},"_links":{"self":[{"href":"https:\/\/portaltela.pt\/api\/wp\/v2\/posts\/420408","targetHints":{"allow":["GET"]}}],"collection":[{"href":"https:\/\/portaltela.pt\/api\/wp\/v2\/posts"}],"about":[{"href":"https:\/\/portaltela.pt\/api\/wp\/v2\/types\/post"}],"author":[{"embeddable":true,"href":"https:\/\/portaltela.pt\/api\/wp\/v2\/users\/2"}],"replies":[{"embeddable":true,"href":"https:\/\/portaltela.pt\/api\/wp\/v2\/comments?post=420408"}],"version-history":[{"count":0,"href":"https:\/\/portaltela.pt\/api\/wp\/v2\/posts\/420408\/revisions"}],"wp:featuredmedia":[{"embeddable":true,"href":"https:\/\/portaltela.pt\/api\/wp\/v2\/media\/420413"}],"wp:attachment":[{"href":"https:\/\/portaltela.pt\/api\/wp\/v2\/media?parent=420408"}],"wp:term":[{"taxonomy":"category","embeddable":true,"href":"https:\/\/portaltela.pt\/api\/wp\/v2\/categories?post=420408"},{"taxonomy":"post_tag","embeddable":true,"href":"https:\/\/portaltela.pt\/api\/wp\/v2\/tags?post=420408"}],"curies":[{"name":"wp","href":"https:\/\/api.w.org\/{rel}","templated":true}]}}