{"id":420399,"date":"2026-03-25T04:19:00","date_gmt":"2026-03-25T07:19:00","guid":{"rendered":"https:\/\/portaltela.pt\/noticias\/2026\/03\/25\/advogada-ameacada-pelo-namorado-preso-levou-droga-para-a-cadeia\/"},"modified":"2026-03-25T04:19:00","modified_gmt":"2026-03-25T07:19:00","slug":"advogada-ameacada-pelo-namorado-preso-levou-droga-para-a-cadeia","status":"publish","type":"post","link":"https:\/\/portaltela.pt\/justica\/2026\/03\/25\/advogada-ameacada-pelo-namorado-preso-levou-droga-para-a-cadeia\/","title":{"rendered":"Advogada amea\u00e7ada pelo namorado preso levou droga para a cadeia"},"content":{"rendered":"<p>Uma advogada cedeu \u00e0s amea\u00e7as do namorado, um recluso com quem mantinha relacionamento secreto, e levou droga para a cadeia. Cerca de meio quilo de haxixe e alguns gramas de coca\u00edna foram recolhidos num parque de estacionamento de um minimercado junto \u00e0 cadeia de Custoias, em Matosinhos.<\/p>\n<p>Ap\u00f3s o desmantelamento do esquema pelos guardas prisionais e pela Pol\u00edcia Judici\u00e1ria (PJ), S\u00f3nia Teixeira, 39 anos, voltou a sofrer amea\u00e7as. Em fevereiro, foi detida pela segunda vez por alegadamente ter passado droga a um preso numa esquadra.<\/p>\n<p>Em junho, S\u00f3nia Teixeira vai a julgamento por tr\u00e1fico de estupefacientes, numa a\u00e7\u00e3o que envolve a continuidade da investiga\u00e7\u00e3o sobre o caso e as circunst\u00e2ncias que levaram \u00e0 entrada de droga na cadeia.<\/p>\n<h3>Contexto judicial e investiga\u00e7\u00e3o<\/h3>\n<p>A PJ e os servi\u00e7os prisionais colaboraram na desarticula\u00e7\u00e3o do esquema, que envolvia a entrada de subst\u00e2ncias il\u00edcitas para os recintos prisionais. O processo encontra-se em fase de instru\u00e7\u00e3o e aguarda julgamento.<\/p>\n","protected":false},"excerpt":{"rendered":"<ul>\n<li>Advogada, namorada de um recluso, cedeu \u00e0s amea\u00e7as e levou cerca de meio quilo de haxixe e alguns gramas de coca\u00edna para a cadeia de Custoias, em Matosinhos, recolhidos no parque de estacionamento de um minimercado.<\/li>\n<li>Guardas prisionais e a Pol\u00edcia Judici\u00e1ria desmantelaram o esquema criminoso.<\/li>\n<li>A advogada, S\u00f3nia Teixeira, de 39 anos, voltou a sofrer amea\u00e7as.<\/li>\n<li>Em fevereiro, foi detida pela segunda vez por passar droga a um preso numa esquadra.<\/li>\n<li>Em junho ser\u00e1 julgada por tr\u00e1fico de estupefacientes.<\/li>\n<\/ul>\n","protected":false},"author":2,"featured_media":420400,"comment_status":"closed","ping_status":"closed","sticky":false,"template":"","format":"standard","meta":{"footnotes":""},"categories":[6907,6815],"tags":[147,3848,5849,1709,1802,1442],"class_list":["post-420399","post","type-post","status-publish","format-standard","has-post-thumbnail","hentry","category-crime","category-justica","tag-crime","tag-custoias","tag-droga","tag-matosinhos","tag-policia-judiciaria","tag-trafico-de-estupefacientes"],"yoast_head":"<!-- This site is optimized with the Yoast SEO plugin v27.2 - https:\/\/yoast.com\/product\/yoast-seo-wordpress\/ -->\n<title>Advogada amea\u00e7ada pelo namorado preso levou droga para a cadeia - Portal Tela Portugal<\/title>\n<meta name=\"robots\" content=\"index, follow, max-snippet:-1, max-image-preview:large, max-video-preview:-1\" \/>\n<meta property=\"og:locale\" content=\"pt_PT\" \/>\n<meta property=\"og:type\" content=\"article\" \/>\n<meta property=\"og:title\" content=\"Advogada amea\u00e7ada pelo namorado preso levou droga para a cadeia - Portal Tela Portugal\" \/>\n<meta property=\"og:description\" content=\"Advogada, namorada de um recluso, cedeu \u00e0s amea\u00e7as e levou cerca de meio quilo de haxixe e alguns gramas de coca\u00edna para a cadeia de Custoias, em Matosinhos, recolhidos no parque de estacionamento de um minimercado. Guardas prisionais e a Pol\u00edcia Judici\u00e1ria desmantelaram o esquema criminoso. A advogada, S\u00f3nia Teixeira, de 39 anos, voltou a sofrer amea\u00e7as. Em fevereiro, foi detida pela segunda vez por passar droga a um preso numa esquadra. Em junho ser\u00e1 julgada por tr\u00e1fico de estupefacientes.\" \/>\n<meta property=\"og:url\" content=\"https:\/\/portaltela.pt\/noticias\/2026\/03\/25\/advogada-ameacada-pelo-namorado-preso-levou-droga-para-a-cadeia\/\" \/>\n<meta property=\"og:site_name\" content=\"Portal Tela Portugal\" \/>\n<meta property=\"article:published_time\" content=\"2026-03-25T07:19:00+00:00\" \/>\n<meta name=\"author\" content=\"Telinha\" \/>\n<meta name=\"twitter:card\" content=\"summary_large_image\" \/>\n<meta name=\"twitter:label1\" content=\"Escrito por\" \/>\n\t<meta name=\"twitter:data1\" content=\"Telinha\" \/>\n\t<meta name=\"twitter:label2\" content=\"Tempo estimado de leitura\" \/>\n\t<meta name=\"twitter:data2\" content=\"1 minuto\" \/>\n<script type=\"application\/ld+json\" class=\"yoast-schema-graph\">{\"@context\":\"https:\/\/schema.org\",\"@graph\":[{\"@type\":\"Article\",\"@id\":\"https:\/\/portaltela.pt\/noticias\/2026\/03\/25\/advogada-ameacada-pelo-namorado-preso-levou-droga-para-a-cadeia\/#article\",\"isPartOf\":{\"@id\":\"https:\/\/portaltela.pt\/noticias\/2026\/03\/25\/advogada-ameacada-pelo-namorado-preso-levou-droga-para-a-cadeia\/\"},\"author\":{\"name\":\"Telinha\",\"@id\":\"https:\/\/portaltela.pt\/#\/schema\/person\/c4278d4a6028830caff9ee44b42d32ed\"},\"headline\":\"Advogada amea\u00e7ada pelo namorado preso levou droga para a cadeia\",\"datePublished\":\"2026-03-25T07:19:00+00:00\",\"mainEntityOfPage\":{\"@id\":\"https:\/\/portaltela.pt\/noticias\/2026\/03\/25\/advogada-ameacada-pelo-namorado-preso-levou-droga-para-a-cadeia\/\"},\"wordCount\":180,\"image\":{\"@id\":\"https:\/\/portaltela.pt\/noticias\/2026\/03\/25\/advogada-ameacada-pelo-namorado-preso-levou-droga-para-a-cadeia\/#primaryimage\"},\"thumbnailUrl\":\"https:\/\/portaltela.pt\/s.01k8rhncp4jt1\/2026\/03\/ee4a90e7-01be-470d-8b32-53da2a36dba9_1200x675.jpg\",\"keywords\":[\"crime\",\"Cust\u00f3ias\",\"droga\",\"Matosinhos\",\"Pol\u00edcia Judici\u00e1ria\",\"tr\u00e1fico de estupefacientes\"],\"articleSection\":[\"Crime\",\"Justi\u00e7a\"],\"inLanguage\":\"pt-PT\"},{\"@type\":\"WebPage\",\"@id\":\"https:\/\/portaltela.pt\/noticias\/2026\/03\/25\/advogada-ameacada-pelo-namorado-preso-levou-droga-para-a-cadeia\/\",\"url\":\"https:\/\/portaltela.pt\/noticias\/2026\/03\/25\/advogada-ameacada-pelo-namorado-preso-levou-droga-para-a-cadeia\/\",\"name\":\"Advogada amea\u00e7ada pelo namorado preso levou droga para a cadeia - Portal Tela Portugal\",\"isPartOf\":{\"@id\":\"https:\/\/portaltela.pt\/#website\"},\"primaryImageOfPage\":{\"@id\":\"https:\/\/portaltela.pt\/noticias\/2026\/03\/25\/advogada-ameacada-pelo-namorado-preso-levou-droga-para-a-cadeia\/#primaryimage\"},\"image\":{\"@id\":\"https:\/\/portaltela.pt\/noticias\/2026\/03\/25\/advogada-ameacada-pelo-namorado-preso-levou-droga-para-a-cadeia\/#primaryimage\"},\"thumbnailUrl\":\"https:\/\/portaltela.pt\/s.01k8rhncp4jt1\/2026\/03\/ee4a90e7-01be-470d-8b32-53da2a36dba9_1200x675.jpg\",\"datePublished\":\"2026-03-25T07:19:00+00:00\",\"author\":{\"@id\":\"https:\/\/portaltela.pt\/#\/schema\/person\/c4278d4a6028830caff9ee44b42d32ed\"},\"breadcrumb\":{\"@id\":\"https:\/\/portaltela.pt\/noticias\/2026\/03\/25\/advogada-ameacada-pelo-namorado-preso-levou-droga-para-a-cadeia\/#breadcrumb\"},\"inLanguage\":\"pt-PT\",\"potentialAction\":[{\"@type\":\"ReadAction\",\"target\":[\"https:\/\/portaltela.pt\/noticias\/2026\/03\/25\/advogada-ameacada-pelo-namorado-preso-levou-droga-para-a-cadeia\/\"]}]},{\"@type\":\"ImageObject\",\"inLanguage\":\"pt-PT\",\"@id\":\"https:\/\/portaltela.pt\/noticias\/2026\/03\/25\/advogada-ameacada-pelo-namorado-preso-levou-droga-para-a-cadeia\/#primaryimage\",\"url\":\"https:\/\/portaltela.pt\/s.01k8rhncp4jt1\/2026\/03\/ee4a90e7-01be-470d-8b32-53da2a36dba9_1200x675.jpg\",\"contentUrl\":\"https:\/\/portaltela.pt\/s.01k8rhncp4jt1\/2026\/03\/ee4a90e7-01be-470d-8b32-53da2a36dba9_1200x675.jpg\",\"width\":796,\"height\":448,\"caption\":\"Advogados n\u00e3o s\u00e3o revistados quando entram nas cadeias para visitar os reclusos\"},{\"@type\":\"BreadcrumbList\",\"@id\":\"https:\/\/portaltela.pt\/noticias\/2026\/03\/25\/advogada-ameacada-pelo-namorado-preso-levou-droga-para-a-cadeia\/#breadcrumb\",\"itemListElement\":[{\"@type\":\"ListItem\",\"position\":1,\"name\":\"In\u00edcio\",\"item\":\"https:\/\/portaltela.pt\/\"},{\"@type\":\"ListItem\",\"position\":2,\"name\":\"Advogada amea\u00e7ada pelo namorado preso levou droga para a cadeia\"}]},{\"@type\":\"WebSite\",\"@id\":\"https:\/\/portaltela.pt\/#website\",\"url\":\"https:\/\/portaltela.pt\/\",\"name\":\"Portal Tela Portugal\",\"description\":\"\",\"potentialAction\":[{\"@type\":\"SearchAction\",\"target\":{\"@type\":\"EntryPoint\",\"urlTemplate\":\"https:\/\/portaltela.pt\/?s={search_term_string}\"},\"query-input\":{\"@type\":\"PropertyValueSpecification\",\"valueRequired\":true,\"valueName\":\"search_term_string\"}}],\"inLanguage\":\"pt-PT\"},{\"@type\":\"Person\",\"@id\":\"https:\/\/portaltela.pt\/#\/schema\/person\/c4278d4a6028830caff9ee44b42d32ed\",\"name\":\"Telinha\",\"image\":{\"@type\":\"ImageObject\",\"inLanguage\":\"pt-PT\",\"@id\":\"https:\/\/portaltela.pt\/s.01k8rhncp4jt1\/2025\/11\/talking-bot-125x125.png\",\"url\":\"https:\/\/portaltela.pt\/s.01k8rhncp4jt1\/2025\/11\/talking-bot-125x125.png\",\"contentUrl\":\"https:\/\/portaltela.pt\/s.01k8rhncp4jt1\/2025\/11\/talking-bot-125x125.png\",\"caption\":\"Telinha\"},\"sameAs\":[\"https:\/\/portaltela.pt\/\"],\"url\":\"https:\/\/portaltela.pt\/por\/367410592786\/\"}]}<\/script>\n<!-- \/ Yoast SEO plugin. -->","yoast_head_json":{"title":"Advogada amea\u00e7ada pelo namorado preso levou droga para a cadeia - Portal Tela Portugal","robots":{"index":"index","follow":"follow","max-snippet":"max-snippet:-1","max-image-preview":"max-image-preview:large","max-video-preview":"max-video-preview:-1"},"og_locale":"pt_PT","og_type":"article","og_title":"Advogada amea\u00e7ada pelo namorado preso levou droga para a cadeia - Portal Tela Portugal","og_description":"Advogada, namorada de um recluso, cedeu \u00e0s amea\u00e7as e levou cerca de meio quilo de haxixe e alguns gramas de coca\u00edna para a cadeia de Custoias, em Matosinhos, recolhidos no parque de estacionamento de um minimercado. Guardas prisionais e a Pol\u00edcia Judici\u00e1ria desmantelaram o esquema criminoso. A advogada, S\u00f3nia Teixeira, de 39 anos, voltou a sofrer amea\u00e7as. Em fevereiro, foi detida pela segunda vez por passar droga a um preso numa esquadra. Em junho ser\u00e1 julgada por tr\u00e1fico de estupefacientes.","og_url":"https:\/\/portaltela.pt\/noticias\/2026\/03\/25\/advogada-ameacada-pelo-namorado-preso-levou-droga-para-a-cadeia\/","og_site_name":"Portal Tela Portugal","article_published_time":"2026-03-25T07:19:00+00:00","author":"Telinha","twitter_card":"summary_large_image","twitter_misc":{"Escrito por":"Telinha","Tempo estimado de leitura":"1 minuto"},"schema":{"@context":"https:\/\/schema.org","@graph":[{"@type":"Article","@id":"https:\/\/portaltela.pt\/noticias\/2026\/03\/25\/advogada-ameacada-pelo-namorado-preso-levou-droga-para-a-cadeia\/#article","isPartOf":{"@id":"https:\/\/portaltela.pt\/noticias\/2026\/03\/25\/advogada-ameacada-pelo-namorado-preso-levou-droga-para-a-cadeia\/"},"author":{"name":"Telinha","@id":"https:\/\/portaltela.pt\/#\/schema\/person\/c4278d4a6028830caff9ee44b42d32ed"},"headline":"Advogada amea\u00e7ada pelo namorado preso levou droga para a cadeia","datePublished":"2026-03-25T07:19:00+00:00","mainEntityOfPage":{"@id":"https:\/\/portaltela.pt\/noticias\/2026\/03\/25\/advogada-ameacada-pelo-namorado-preso-levou-droga-para-a-cadeia\/"},"wordCount":180,"image":{"@id":"https:\/\/portaltela.pt\/noticias\/2026\/03\/25\/advogada-ameacada-pelo-namorado-preso-levou-droga-para-a-cadeia\/#primaryimage"},"thumbnailUrl":"https:\/\/portaltela.pt\/s.01k8rhncp4jt1\/2026\/03\/ee4a90e7-01be-470d-8b32-53da2a36dba9_1200x675.jpg","keywords":["crime","Cust\u00f3ias","droga","Matosinhos","Pol\u00edcia Judici\u00e1ria","tr\u00e1fico de estupefacientes"],"articleSection":["Crime","Justi\u00e7a"],"inLanguage":"pt-PT"},{"@type":"WebPage","@id":"https:\/\/portaltela.pt\/noticias\/2026\/03\/25\/advogada-ameacada-pelo-namorado-preso-levou-droga-para-a-cadeia\/","url":"https:\/\/portaltela.pt\/noticias\/2026\/03\/25\/advogada-ameacada-pelo-namorado-preso-levou-droga-para-a-cadeia\/","name":"Advogada amea\u00e7ada pelo namorado preso levou droga para a cadeia - Portal Tela Portugal","isPartOf":{"@id":"https:\/\/portaltela.pt\/#website"},"primaryImageOfPage":{"@id":"https:\/\/portaltela.pt\/noticias\/2026\/03\/25\/advogada-ameacada-pelo-namorado-preso-levou-droga-para-a-cadeia\/#primaryimage"},"image":{"@id":"https:\/\/portaltela.pt\/noticias\/2026\/03\/25\/advogada-ameacada-pelo-namorado-preso-levou-droga-para-a-cadeia\/#primaryimage"},"thumbnailUrl":"https:\/\/portaltela.pt\/s.01k8rhncp4jt1\/2026\/03\/ee4a90e7-01be-470d-8b32-53da2a36dba9_1200x675.jpg","datePublished":"2026-03-25T07:19:00+00:00","author":{"@id":"https:\/\/portaltela.pt\/#\/schema\/person\/c4278d4a6028830caff9ee44b42d32ed"},"breadcrumb":{"@id":"https:\/\/portaltela.pt\/noticias\/2026\/03\/25\/advogada-ameacada-pelo-namorado-preso-levou-droga-para-a-cadeia\/#breadcrumb"},"inLanguage":"pt-PT","potentialAction":[{"@type":"ReadAction","target":["https:\/\/portaltela.pt\/noticias\/2026\/03\/25\/advogada-ameacada-pelo-namorado-preso-levou-droga-para-a-cadeia\/"]}]},{"@type":"ImageObject","inLanguage":"pt-PT","@id":"https:\/\/portaltela.pt\/noticias\/2026\/03\/25\/advogada-ameacada-pelo-namorado-preso-levou-droga-para-a-cadeia\/#primaryimage","url":"https:\/\/portaltela.pt\/s.01k8rhncp4jt1\/2026\/03\/ee4a90e7-01be-470d-8b32-53da2a36dba9_1200x675.jpg","contentUrl":"https:\/\/portaltela.pt\/s.01k8rhncp4jt1\/2026\/03\/ee4a90e7-01be-470d-8b32-53da2a36dba9_1200x675.jpg","width":796,"height":448,"caption":"Advogados n\u00e3o s\u00e3o revistados quando entram nas cadeias para visitar os reclusos"},{"@type":"BreadcrumbList","@id":"https:\/\/portaltela.pt\/noticias\/2026\/03\/25\/advogada-ameacada-pelo-namorado-preso-levou-droga-para-a-cadeia\/#breadcrumb","itemListElement":[{"@type":"ListItem","position":1,"name":"In\u00edcio","item":"https:\/\/portaltela.pt\/"},{"@type":"ListItem","position":2,"name":"Advogada amea\u00e7ada pelo namorado preso levou droga para a cadeia"}]},{"@type":"WebSite","@id":"https:\/\/portaltela.pt\/#website","url":"https:\/\/portaltela.pt\/","name":"Portal Tela Portugal","description":"","potentialAction":[{"@type":"SearchAction","target":{"@type":"EntryPoint","urlTemplate":"https:\/\/portaltela.pt\/?s={search_term_string}"},"query-input":{"@type":"PropertyValueSpecification","valueRequired":true,"valueName":"search_term_string"}}],"inLanguage":"pt-PT"},{"@type":"Person","@id":"https:\/\/portaltela.pt\/#\/schema\/person\/c4278d4a6028830caff9ee44b42d32ed","name":"Telinha","image":{"@type":"ImageObject","inLanguage":"pt-PT","@id":"https:\/\/portaltela.pt\/s.01k8rhncp4jt1\/2025\/11\/talking-bot-125x125.png","url":"https:\/\/portaltela.pt\/s.01k8rhncp4jt1\/2025\/11\/talking-bot-125x125.png","contentUrl":"https:\/\/portaltela.pt\/s.01k8rhncp4jt1\/2025\/11\/talking-bot-125x125.png","caption":"Telinha"},"sameAs":["https:\/\/portaltela.pt\/"],"url":"https:\/\/portaltela.pt\/por\/367410592786\/"}]}},"_links":{"self":[{"href":"https:\/\/portaltela.pt\/api\/wp\/v2\/posts\/420399","targetHints":{"allow":["GET"]}}],"collection":[{"href":"https:\/\/portaltela.pt\/api\/wp\/v2\/posts"}],"about":[{"href":"https:\/\/portaltela.pt\/api\/wp\/v2\/types\/post"}],"author":[{"embeddable":true,"href":"https:\/\/portaltela.pt\/api\/wp\/v2\/users\/2"}],"replies":[{"embeddable":true,"href":"https:\/\/portaltela.pt\/api\/wp\/v2\/comments?post=420399"}],"version-history":[{"count":0,"href":"https:\/\/portaltela.pt\/api\/wp\/v2\/posts\/420399\/revisions"}],"wp:featuredmedia":[{"embeddable":true,"href":"https:\/\/portaltela.pt\/api\/wp\/v2\/media\/420400"}],"wp:attachment":[{"href":"https:\/\/portaltela.pt\/api\/wp\/v2\/media?parent=420399"}],"wp:term":[{"taxonomy":"category","embeddable":true,"href":"https:\/\/portaltela.pt\/api\/wp\/v2\/categories?post=420399"},{"taxonomy":"post_tag","embeddable":true,"href":"https:\/\/portaltela.pt\/api\/wp\/v2\/tags?post=420399"}],"curies":[{"name":"wp","href":"https:\/\/api.w.org\/{rel}","templated":true}]}}