{"id":420381,"date":"2026-03-25T04:10:00","date_gmt":"2026-03-25T07:10:00","guid":{"rendered":"https:\/\/portaltela.pt\/noticias\/2026\/03\/25\/coimbra-exige-resposta-da-camara-sobre-anulacao-de-concurso-do-convento\/"},"modified":"2026-03-25T04:10:00","modified_gmt":"2026-03-25T07:10:00","slug":"coimbra-exige-resposta-da-camara-sobre-anulacao-de-concurso-do-convento","status":"publish","type":"post","link":"https:\/\/portaltela.pt\/noticias\/2026\/03\/25\/coimbra-exige-resposta-da-camara-sobre-anulacao-de-concurso-do-convento\/","title":{"rendered":"Coimbra exige resposta da C\u00e2mara sobre anula\u00e7\u00e3o de concurso do Convento"},"content":{"rendered":"<p>Micka\u00ebl de Oliveira foi o primeiro classificado num concurso p\u00fablico para dirigir o Convento S\u00e3o Francisco, em Coimbra, o primeiro desde a reabilita\u00e7\u00e3o do espa\u00e7o, em 2016. O dramaturgo, encenador e fundador do Festival END foi apontado pelo j\u00fari como diretor art\u00edstico.<\/p>\n<p>A C\u00e2mara Municipal de Coimbra decidiu anular o concurso, alegando a exist\u00eancia de uma situa\u00e7\u00e3o de calamidade no concelho e de despesas associadas aos eventos e obras p\u00fablicas. A decis\u00e3o surge num contexto de tempestades recentes que afetaram a cidade.<\/p>\n<p>A anula\u00e7\u00e3o cria incerteza sobre a gest\u00e3o futura do Convento S\u00e3o Francisco e acarreta impactos na programa\u00e7\u00e3o cultural prevista. A autarquia n\u00e3o divulgou dados sobre reavalia\u00e7\u00e3o de custos ou pr\u00f3ximos passos para a dire\u00e7\u00e3o art\u00edstica do espa\u00e7o.<\/p>\n","protected":false},"excerpt":{"rendered":"<ul>\n<li>Micka\u00ebl de Oliveira foi o vencedor do concurso p\u00fablico para dirigir o Convento S\u00e3o Francisco, o primeiro desde a reabilita\u00e7\u00e3o em 2016.<\/li>\n<li>O j\u00fari apontou-o como diretor art\u00edstico do espa\u00e7o.<\/li>\n<li>A C\u00e2mara Municipal de Coimbra decidiu anular o concurso, alegando a situa\u00e7\u00e3o de calamidade no concelho devido \u00e0s tempestades.<\/li>\n<li>A autarquia anunciou cortes significativos na programa\u00e7\u00e3o por causa dos preju\u00edzos causados pelos estragos.<\/li>\n<li>N\u00e3o \u00e9 especificado qual ser\u00e1 o desfecho imediato para a nomea\u00e7\u00e3o do vencedor.<\/li>\n<\/ul>\n","protected":false},"author":2,"featured_media":420389,"comment_status":"closed","ping_status":"closed","sticky":false,"template":"","format":"standard","meta":{"footnotes":""},"categories":[7375,1],"tags":[4687,1070,164,145,3731,1923],"class_list":["post-420381","post","type-post","status-publish","format-standard","has-post-thumbnail","hentry","category-cultura","category-noticias","tag-calamidade-publica","tag-coimbra","tag-concurso","tag-cultura","tag-eventos","tag-programacao"],"yoast_head":"<!-- This site is optimized with the Yoast SEO plugin v27.2 - https:\/\/yoast.com\/product\/yoast-seo-wordpress\/ -->\n<title>Coimbra exige resposta da C\u00e2mara sobre anula\u00e7\u00e3o de concurso do Convento - Portal Tela Portugal<\/title>\n<meta name=\"robots\" content=\"index, follow, max-snippet:-1, max-image-preview:large, max-video-preview:-1\" \/>\n<meta property=\"og:locale\" content=\"pt_PT\" \/>\n<meta property=\"og:type\" content=\"article\" \/>\n<meta property=\"og:title\" content=\"Coimbra exige resposta da C\u00e2mara sobre anula\u00e7\u00e3o de concurso do Convento - Portal Tela Portugal\" \/>\n<meta property=\"og:description\" content=\"Micka\u00ebl de Oliveira foi o vencedor do concurso p\u00fablico para dirigir o Convento S\u00e3o Francisco, o primeiro desde a reabilita\u00e7\u00e3o em 2016. O j\u00fari apontou-o como diretor art\u00edstico do espa\u00e7o. A C\u00e2mara Municipal de Coimbra decidiu anular o concurso, alegando a situa\u00e7\u00e3o de calamidade no concelho devido \u00e0s tempestades. A autarquia anunciou cortes significativos na programa\u00e7\u00e3o por causa dos preju\u00edzos causados pelos estragos. N\u00e3o \u00e9 especificado qual ser\u00e1 o desfecho imediato para a nomea\u00e7\u00e3o do vencedor.\" \/>\n<meta property=\"og:url\" content=\"https:\/\/portaltela.pt\/noticias\/2026\/03\/25\/coimbra-exige-resposta-da-camara-sobre-anulacao-de-concurso-do-convento\/\" \/>\n<meta property=\"og:site_name\" content=\"Portal Tela Portugal\" \/>\n<meta property=\"article:published_time\" content=\"2026-03-25T07:10:00+00:00\" \/>\n<meta name=\"author\" content=\"Telinha\" \/>\n<meta name=\"twitter:card\" content=\"summary_large_image\" \/>\n<meta name=\"twitter:label1\" content=\"Escrito por\" \/>\n\t<meta name=\"twitter:data1\" content=\"Telinha\" \/>\n\t<meta name=\"twitter:label2\" content=\"Tempo estimado de leitura\" \/>\n\t<meta name=\"twitter:data2\" content=\"1 minuto\" \/>\n<script type=\"application\/ld+json\" class=\"yoast-schema-graph\">{\"@context\":\"https:\/\/schema.org\",\"@graph\":[{\"@type\":\"Article\",\"@id\":\"https:\/\/portaltela.pt\/noticias\/2026\/03\/25\/coimbra-exige-resposta-da-camara-sobre-anulacao-de-concurso-do-convento\/#article\",\"isPartOf\":{\"@id\":\"https:\/\/portaltela.pt\/noticias\/2026\/03\/25\/coimbra-exige-resposta-da-camara-sobre-anulacao-de-concurso-do-convento\/\"},\"author\":{\"name\":\"Telinha\",\"@id\":\"https:\/\/portaltela.pt\/#\/schema\/person\/c4278d4a6028830caff9ee44b42d32ed\"},\"headline\":\"Coimbra exige resposta da C\u00e2mara sobre anula\u00e7\u00e3o de concurso do Convento\",\"datePublished\":\"2026-03-25T07:10:00+00:00\",\"mainEntityOfPage\":{\"@id\":\"https:\/\/portaltela.pt\/noticias\/2026\/03\/25\/coimbra-exige-resposta-da-camara-sobre-anulacao-de-concurso-do-convento\/\"},\"wordCount\":153,\"image\":{\"@id\":\"https:\/\/portaltela.pt\/noticias\/2026\/03\/25\/coimbra-exige-resposta-da-camara-sobre-anulacao-de-concurso-do-convento\/#primaryimage\"},\"thumbnailUrl\":\"https:\/\/portaltela.pt\/s.01k8rhncp4jt1\/2026\/03\/2076631.jpg\",\"keywords\":[\"calamidade p\u00fablica\",\"Coimbra\",\"concurso\",\"cultura\",\"eventos\",\"programa\u00e7\u00e3o\"],\"articleSection\":[\"Cultura\",\"Not\u00edcias\"],\"inLanguage\":\"pt-PT\"},{\"@type\":\"WebPage\",\"@id\":\"https:\/\/portaltela.pt\/noticias\/2026\/03\/25\/coimbra-exige-resposta-da-camara-sobre-anulacao-de-concurso-do-convento\/\",\"url\":\"https:\/\/portaltela.pt\/noticias\/2026\/03\/25\/coimbra-exige-resposta-da-camara-sobre-anulacao-de-concurso-do-convento\/\",\"name\":\"Coimbra exige resposta da C\u00e2mara sobre anula\u00e7\u00e3o de concurso do Convento - Portal Tela Portugal\",\"isPartOf\":{\"@id\":\"https:\/\/portaltela.pt\/#website\"},\"primaryImageOfPage\":{\"@id\":\"https:\/\/portaltela.pt\/noticias\/2026\/03\/25\/coimbra-exige-resposta-da-camara-sobre-anulacao-de-concurso-do-convento\/#primaryimage\"},\"image\":{\"@id\":\"https:\/\/portaltela.pt\/noticias\/2026\/03\/25\/coimbra-exige-resposta-da-camara-sobre-anulacao-de-concurso-do-convento\/#primaryimage\"},\"thumbnailUrl\":\"https:\/\/portaltela.pt\/s.01k8rhncp4jt1\/2026\/03\/2076631.jpg\",\"datePublished\":\"2026-03-25T07:10:00+00:00\",\"author\":{\"@id\":\"https:\/\/portaltela.pt\/#\/schema\/person\/c4278d4a6028830caff9ee44b42d32ed\"},\"breadcrumb\":{\"@id\":\"https:\/\/portaltela.pt\/noticias\/2026\/03\/25\/coimbra-exige-resposta-da-camara-sobre-anulacao-de-concurso-do-convento\/#breadcrumb\"},\"inLanguage\":\"pt-PT\",\"potentialAction\":[{\"@type\":\"ReadAction\",\"target\":[\"https:\/\/portaltela.pt\/noticias\/2026\/03\/25\/coimbra-exige-resposta-da-camara-sobre-anulacao-de-concurso-do-convento\/\"]}]},{\"@type\":\"ImageObject\",\"inLanguage\":\"pt-PT\",\"@id\":\"https:\/\/portaltela.pt\/noticias\/2026\/03\/25\/coimbra-exige-resposta-da-camara-sobre-anulacao-de-concurso-do-convento\/#primaryimage\",\"url\":\"https:\/\/portaltela.pt\/s.01k8rhncp4jt1\/2026\/03\/2076631.jpg\",\"contentUrl\":\"https:\/\/portaltela.pt\/s.01k8rhncp4jt1\/2026\/03\/2076631.jpg\",\"width\":796,\"height\":448,\"caption\":\"Convento S\u00e3o Francisco, em Coimbra, cumpre em Abril uma d\u00e9cada de actividade como equipamento cultural\"},{\"@type\":\"BreadcrumbList\",\"@id\":\"https:\/\/portaltela.pt\/noticias\/2026\/03\/25\/coimbra-exige-resposta-da-camara-sobre-anulacao-de-concurso-do-convento\/#breadcrumb\",\"itemListElement\":[{\"@type\":\"ListItem\",\"position\":1,\"name\":\"In\u00edcio\",\"item\":\"https:\/\/portaltela.pt\/\"},{\"@type\":\"ListItem\",\"position\":2,\"name\":\"Coimbra exige resposta da C\u00e2mara sobre anula\u00e7\u00e3o de concurso do Convento\"}]},{\"@type\":\"WebSite\",\"@id\":\"https:\/\/portaltela.pt\/#website\",\"url\":\"https:\/\/portaltela.pt\/\",\"name\":\"Portal Tela Portugal\",\"description\":\"\",\"potentialAction\":[{\"@type\":\"SearchAction\",\"target\":{\"@type\":\"EntryPoint\",\"urlTemplate\":\"https:\/\/portaltela.pt\/?s={search_term_string}\"},\"query-input\":{\"@type\":\"PropertyValueSpecification\",\"valueRequired\":true,\"valueName\":\"search_term_string\"}}],\"inLanguage\":\"pt-PT\"},{\"@type\":\"Person\",\"@id\":\"https:\/\/portaltela.pt\/#\/schema\/person\/c4278d4a6028830caff9ee44b42d32ed\",\"name\":\"Telinha\",\"image\":{\"@type\":\"ImageObject\",\"inLanguage\":\"pt-PT\",\"@id\":\"https:\/\/portaltela.pt\/s.01k8rhncp4jt1\/2025\/11\/talking-bot-125x125.png\",\"url\":\"https:\/\/portaltela.pt\/s.01k8rhncp4jt1\/2025\/11\/talking-bot-125x125.png\",\"contentUrl\":\"https:\/\/portaltela.pt\/s.01k8rhncp4jt1\/2025\/11\/talking-bot-125x125.png\",\"caption\":\"Telinha\"},\"sameAs\":[\"https:\/\/portaltela.pt\/\"],\"url\":\"https:\/\/portaltela.pt\/por\/367410592786\/\"}]}<\/script>\n<!-- \/ Yoast SEO plugin. -->","yoast_head_json":{"title":"Coimbra exige resposta da C\u00e2mara sobre anula\u00e7\u00e3o de concurso do Convento - Portal Tela Portugal","robots":{"index":"index","follow":"follow","max-snippet":"max-snippet:-1","max-image-preview":"max-image-preview:large","max-video-preview":"max-video-preview:-1"},"og_locale":"pt_PT","og_type":"article","og_title":"Coimbra exige resposta da C\u00e2mara sobre anula\u00e7\u00e3o de concurso do Convento - Portal Tela Portugal","og_description":"Micka\u00ebl de Oliveira foi o vencedor do concurso p\u00fablico para dirigir o Convento S\u00e3o Francisco, o primeiro desde a reabilita\u00e7\u00e3o em 2016. O j\u00fari apontou-o como diretor art\u00edstico do espa\u00e7o. A C\u00e2mara Municipal de Coimbra decidiu anular o concurso, alegando a situa\u00e7\u00e3o de calamidade no concelho devido \u00e0s tempestades. A autarquia anunciou cortes significativos na programa\u00e7\u00e3o por causa dos preju\u00edzos causados pelos estragos. N\u00e3o \u00e9 especificado qual ser\u00e1 o desfecho imediato para a nomea\u00e7\u00e3o do vencedor.","og_url":"https:\/\/portaltela.pt\/noticias\/2026\/03\/25\/coimbra-exige-resposta-da-camara-sobre-anulacao-de-concurso-do-convento\/","og_site_name":"Portal Tela Portugal","article_published_time":"2026-03-25T07:10:00+00:00","author":"Telinha","twitter_card":"summary_large_image","twitter_misc":{"Escrito por":"Telinha","Tempo estimado de leitura":"1 minuto"},"schema":{"@context":"https:\/\/schema.org","@graph":[{"@type":"Article","@id":"https:\/\/portaltela.pt\/noticias\/2026\/03\/25\/coimbra-exige-resposta-da-camara-sobre-anulacao-de-concurso-do-convento\/#article","isPartOf":{"@id":"https:\/\/portaltela.pt\/noticias\/2026\/03\/25\/coimbra-exige-resposta-da-camara-sobre-anulacao-de-concurso-do-convento\/"},"author":{"name":"Telinha","@id":"https:\/\/portaltela.pt\/#\/schema\/person\/c4278d4a6028830caff9ee44b42d32ed"},"headline":"Coimbra exige resposta da C\u00e2mara sobre anula\u00e7\u00e3o de concurso do Convento","datePublished":"2026-03-25T07:10:00+00:00","mainEntityOfPage":{"@id":"https:\/\/portaltela.pt\/noticias\/2026\/03\/25\/coimbra-exige-resposta-da-camara-sobre-anulacao-de-concurso-do-convento\/"},"wordCount":153,"image":{"@id":"https:\/\/portaltela.pt\/noticias\/2026\/03\/25\/coimbra-exige-resposta-da-camara-sobre-anulacao-de-concurso-do-convento\/#primaryimage"},"thumbnailUrl":"https:\/\/portaltela.pt\/s.01k8rhncp4jt1\/2026\/03\/2076631.jpg","keywords":["calamidade p\u00fablica","Coimbra","concurso","cultura","eventos","programa\u00e7\u00e3o"],"articleSection":["Cultura","Not\u00edcias"],"inLanguage":"pt-PT"},{"@type":"WebPage","@id":"https:\/\/portaltela.pt\/noticias\/2026\/03\/25\/coimbra-exige-resposta-da-camara-sobre-anulacao-de-concurso-do-convento\/","url":"https:\/\/portaltela.pt\/noticias\/2026\/03\/25\/coimbra-exige-resposta-da-camara-sobre-anulacao-de-concurso-do-convento\/","name":"Coimbra exige resposta da C\u00e2mara sobre anula\u00e7\u00e3o de concurso do Convento - Portal Tela Portugal","isPartOf":{"@id":"https:\/\/portaltela.pt\/#website"},"primaryImageOfPage":{"@id":"https:\/\/portaltela.pt\/noticias\/2026\/03\/25\/coimbra-exige-resposta-da-camara-sobre-anulacao-de-concurso-do-convento\/#primaryimage"},"image":{"@id":"https:\/\/portaltela.pt\/noticias\/2026\/03\/25\/coimbra-exige-resposta-da-camara-sobre-anulacao-de-concurso-do-convento\/#primaryimage"},"thumbnailUrl":"https:\/\/portaltela.pt\/s.01k8rhncp4jt1\/2026\/03\/2076631.jpg","datePublished":"2026-03-25T07:10:00+00:00","author":{"@id":"https:\/\/portaltela.pt\/#\/schema\/person\/c4278d4a6028830caff9ee44b42d32ed"},"breadcrumb":{"@id":"https:\/\/portaltela.pt\/noticias\/2026\/03\/25\/coimbra-exige-resposta-da-camara-sobre-anulacao-de-concurso-do-convento\/#breadcrumb"},"inLanguage":"pt-PT","potentialAction":[{"@type":"ReadAction","target":["https:\/\/portaltela.pt\/noticias\/2026\/03\/25\/coimbra-exige-resposta-da-camara-sobre-anulacao-de-concurso-do-convento\/"]}]},{"@type":"ImageObject","inLanguage":"pt-PT","@id":"https:\/\/portaltela.pt\/noticias\/2026\/03\/25\/coimbra-exige-resposta-da-camara-sobre-anulacao-de-concurso-do-convento\/#primaryimage","url":"https:\/\/portaltela.pt\/s.01k8rhncp4jt1\/2026\/03\/2076631.jpg","contentUrl":"https:\/\/portaltela.pt\/s.01k8rhncp4jt1\/2026\/03\/2076631.jpg","width":796,"height":448,"caption":"Convento S\u00e3o Francisco, em Coimbra, cumpre em Abril uma d\u00e9cada de actividade como equipamento cultural"},{"@type":"BreadcrumbList","@id":"https:\/\/portaltela.pt\/noticias\/2026\/03\/25\/coimbra-exige-resposta-da-camara-sobre-anulacao-de-concurso-do-convento\/#breadcrumb","itemListElement":[{"@type":"ListItem","position":1,"name":"In\u00edcio","item":"https:\/\/portaltela.pt\/"},{"@type":"ListItem","position":2,"name":"Coimbra exige resposta da C\u00e2mara sobre anula\u00e7\u00e3o de concurso do Convento"}]},{"@type":"WebSite","@id":"https:\/\/portaltela.pt\/#website","url":"https:\/\/portaltela.pt\/","name":"Portal Tela Portugal","description":"","potentialAction":[{"@type":"SearchAction","target":{"@type":"EntryPoint","urlTemplate":"https:\/\/portaltela.pt\/?s={search_term_string}"},"query-input":{"@type":"PropertyValueSpecification","valueRequired":true,"valueName":"search_term_string"}}],"inLanguage":"pt-PT"},{"@type":"Person","@id":"https:\/\/portaltela.pt\/#\/schema\/person\/c4278d4a6028830caff9ee44b42d32ed","name":"Telinha","image":{"@type":"ImageObject","inLanguage":"pt-PT","@id":"https:\/\/portaltela.pt\/s.01k8rhncp4jt1\/2025\/11\/talking-bot-125x125.png","url":"https:\/\/portaltela.pt\/s.01k8rhncp4jt1\/2025\/11\/talking-bot-125x125.png","contentUrl":"https:\/\/portaltela.pt\/s.01k8rhncp4jt1\/2025\/11\/talking-bot-125x125.png","caption":"Telinha"},"sameAs":["https:\/\/portaltela.pt\/"],"url":"https:\/\/portaltela.pt\/por\/367410592786\/"}]}},"_links":{"self":[{"href":"https:\/\/portaltela.pt\/api\/wp\/v2\/posts\/420381","targetHints":{"allow":["GET"]}}],"collection":[{"href":"https:\/\/portaltela.pt\/api\/wp\/v2\/posts"}],"about":[{"href":"https:\/\/portaltela.pt\/api\/wp\/v2\/types\/post"}],"author":[{"embeddable":true,"href":"https:\/\/portaltela.pt\/api\/wp\/v2\/users\/2"}],"replies":[{"embeddable":true,"href":"https:\/\/portaltela.pt\/api\/wp\/v2\/comments?post=420381"}],"version-history":[{"count":0,"href":"https:\/\/portaltela.pt\/api\/wp\/v2\/posts\/420381\/revisions"}],"wp:featuredmedia":[{"embeddable":true,"href":"https:\/\/portaltela.pt\/api\/wp\/v2\/media\/420389"}],"wp:attachment":[{"href":"https:\/\/portaltela.pt\/api\/wp\/v2\/media?parent=420381"}],"wp:term":[{"taxonomy":"category","embeddable":true,"href":"https:\/\/portaltela.pt\/api\/wp\/v2\/categories?post=420381"},{"taxonomy":"post_tag","embeddable":true,"href":"https:\/\/portaltela.pt\/api\/wp\/v2\/tags?post=420381"}],"curies":[{"name":"wp","href":"https:\/\/api.w.org\/{rel}","templated":true}]}}