{"id":420357,"date":"2026-03-25T03:22:00","date_gmt":"2026-03-25T06:22:00","guid":{"rendered":"https:\/\/portaltela.pt\/noticias\/2026\/03\/25\/ue-escolhe-hoje-sede-da-autoridade-aduaneira-com-o-porto-entre-candidatas\/"},"modified":"2026-03-25T03:22:00","modified_gmt":"2026-03-25T06:22:00","slug":"ue-escolhe-hoje-sede-da-autoridade-aduaneira-com-o-porto-entre-candidatas","status":"publish","type":"post","link":"https:\/\/portaltela.pt\/noticias\/politica\/2026\/03\/25\/ue-escolhe-hoje-sede-da-autoridade-aduaneira-com-o-porto-entre-candidatas\/","title":{"rendered":"UE escolhe hoje sede da autoridade aduaneira, com o Porto entre candidatas"},"content":{"rendered":"<p>O Conselho da Uni\u00e3o Europeia (UE) e o Parlamento Europeu (PE) escolhem hoje, em Bruxelas, a sede da nova Autoridade Aduaneira da UE (EUCA). O Porto est\u00e1 entre as nove cidades candidatas.<\/p>\n<p>A decis\u00e3o, que envolve o processo de sele\u00e7\u00e3o da EUCA, acontece nesta ter\u00e7a-feira em Bruxelas. A escolha define qual cidade acolher\u00e1 a sede da autoridade.<\/p>\n<p>A UE pretende consolidar a fun\u00e7\u00e3o aduaneira e facilitar a coopera\u00e7\u00e3o entre Estados-membros. A vota\u00e7\u00e3o encerra um processo de avalia\u00e7\u00e3o das propostas apresentadas pelas candidatas. O resultado mant\u00e9m o foco na neutralidade e na efici\u00eancia administrativa.<\/p>\n<h3>Candidatas e crit\u00e9rios<\/h3>\n<p>Entre as nove cidades em concurso, o Porto figura como uma op\u00e7\u00e3o, juntamente com outras candidatas. A sele\u00e7\u00e3o visa crit\u00e9rios como infraestrutura, conectividade e capacidade de gest\u00e3o do \u00f3rg\u00e3o. A decis\u00e3o final depende do acordo entre as institui\u00e7\u00f5es.<\/p>\n","protected":false},"excerpt":{"rendered":"<ul>\n<li>O Conselho da Uni\u00e3o Europeia e o Parlamento Europeu escolhem hoje, em Bruxelas, a sede da nova Autoridade Aduaneira da UE.<\/li>\n<li>O Porto est\u00e1 entre as nove cidades candidatas.<\/li>\n<li>A decis\u00e3o define a localiza\u00e7\u00e3o da Autoridade Aduaneira da Uni\u00e3o Europeia (EUCA).<\/li>\n<li>O an\u00fancio ocorre na pr\u00e1tica durante as sess\u00f5es entre as duas institui\u00e7\u00f5es.<\/li>\n<\/ul>\n","protected":false},"author":2,"featured_media":420359,"comment_status":"closed","ping_status":"closed","sticky":false,"template":"","format":"standard","meta":{"footnotes":""},"categories":[6912,5],"tags":[168,6305,244,1615,982,2055],"class_list":["post-420357","post","type-post","status-publish","format-standard","has-post-thumbnail","hentry","category-internacionais","category-politica","tag-administracao-publica","tag-aduaneiros","tag-comercio","tag-infraestrutura","tag-porto","tag-uniao-europeia"],"yoast_head":"<!-- This site is optimized with the Yoast SEO plugin v27.2 - https:\/\/yoast.com\/product\/yoast-seo-wordpress\/ -->\n<title>UE escolhe hoje sede da autoridade aduaneira, com o Porto entre candidatas - Portal Tela Portugal<\/title>\n<meta name=\"robots\" content=\"index, follow, max-snippet:-1, max-image-preview:large, max-video-preview:-1\" \/>\n<meta property=\"og:locale\" content=\"pt_PT\" \/>\n<meta property=\"og:type\" content=\"article\" \/>\n<meta property=\"og:title\" content=\"UE escolhe hoje sede da autoridade aduaneira, com o Porto entre candidatas - Portal Tela Portugal\" \/>\n<meta property=\"og:description\" content=\"O Conselho da Uni\u00e3o Europeia e o Parlamento Europeu escolhem hoje, em Bruxelas, a sede da nova Autoridade Aduaneira da UE. O Porto est\u00e1 entre as nove cidades candidatas. A decis\u00e3o define a localiza\u00e7\u00e3o da Autoridade Aduaneira da Uni\u00e3o Europeia (EUCA). O an\u00fancio ocorre na pr\u00e1tica durante as sess\u00f5es entre as duas institui\u00e7\u00f5es.\" \/>\n<meta property=\"og:url\" content=\"https:\/\/portaltela.pt\/noticias\/2026\/03\/25\/ue-escolhe-hoje-sede-da-autoridade-aduaneira-com-o-porto-entre-candidatas\/\" \/>\n<meta property=\"og:site_name\" content=\"Portal Tela Portugal\" \/>\n<meta property=\"article:published_time\" content=\"2026-03-25T06:22:00+00:00\" \/>\n<meta name=\"author\" content=\"Telinha\" \/>\n<meta name=\"twitter:card\" content=\"summary_large_image\" \/>\n<meta name=\"twitter:label1\" content=\"Escrito por\" \/>\n\t<meta name=\"twitter:data1\" content=\"Telinha\" \/>\n\t<meta name=\"twitter:label2\" content=\"Tempo estimado de leitura\" \/>\n\t<meta name=\"twitter:data2\" content=\"1 minuto\" \/>\n<script type=\"application\/ld+json\" class=\"yoast-schema-graph\">{\"@context\":\"https:\/\/schema.org\",\"@graph\":[{\"@type\":\"Article\",\"@id\":\"https:\/\/portaltela.pt\/noticias\/2026\/03\/25\/ue-escolhe-hoje-sede-da-autoridade-aduaneira-com-o-porto-entre-candidatas\/#article\",\"isPartOf\":{\"@id\":\"https:\/\/portaltela.pt\/noticias\/2026\/03\/25\/ue-escolhe-hoje-sede-da-autoridade-aduaneira-com-o-porto-entre-candidatas\/\"},\"author\":{\"name\":\"Telinha\",\"@id\":\"https:\/\/portaltela.pt\/#\/schema\/person\/c4278d4a6028830caff9ee44b42d32ed\"},\"headline\":\"UE escolhe hoje sede da autoridade aduaneira, com o Porto entre candidatas\",\"datePublished\":\"2026-03-25T06:22:00+00:00\",\"mainEntityOfPage\":{\"@id\":\"https:\/\/portaltela.pt\/noticias\/2026\/03\/25\/ue-escolhe-hoje-sede-da-autoridade-aduaneira-com-o-porto-entre-candidatas\/\"},\"wordCount\":164,\"image\":{\"@id\":\"https:\/\/portaltela.pt\/noticias\/2026\/03\/25\/ue-escolhe-hoje-sede-da-autoridade-aduaneira-com-o-porto-entre-candidatas\/#primaryimage\"},\"thumbnailUrl\":\"https:\/\/portaltela.pt\/s.01k8rhncp4jt1\/2026\/03\/CACHE_780X1200_ANALOG_WATERMARKED_30034327_3118299_15112020050915.jpg\",\"keywords\":[\"administra\u00e7\u00e3o p\u00fablica\",\"aduaneiros\",\"com\u00e9rcio\",\"infraestrutura\",\"Porto\",\"Uni\u00e3o Europeia\"],\"articleSection\":[\"Internacionais\",\"Pol\u00edtica\"],\"inLanguage\":\"pt-PT\"},{\"@type\":\"WebPage\",\"@id\":\"https:\/\/portaltela.pt\/noticias\/2026\/03\/25\/ue-escolhe-hoje-sede-da-autoridade-aduaneira-com-o-porto-entre-candidatas\/\",\"url\":\"https:\/\/portaltela.pt\/noticias\/2026\/03\/25\/ue-escolhe-hoje-sede-da-autoridade-aduaneira-com-o-porto-entre-candidatas\/\",\"name\":\"UE escolhe hoje sede da autoridade aduaneira, com o Porto entre candidatas - Portal Tela Portugal\",\"isPartOf\":{\"@id\":\"https:\/\/portaltela.pt\/#website\"},\"primaryImageOfPage\":{\"@id\":\"https:\/\/portaltela.pt\/noticias\/2026\/03\/25\/ue-escolhe-hoje-sede-da-autoridade-aduaneira-com-o-porto-entre-candidatas\/#primaryimage\"},\"image\":{\"@id\":\"https:\/\/portaltela.pt\/noticias\/2026\/03\/25\/ue-escolhe-hoje-sede-da-autoridade-aduaneira-com-o-porto-entre-candidatas\/#primaryimage\"},\"thumbnailUrl\":\"https:\/\/portaltela.pt\/s.01k8rhncp4jt1\/2026\/03\/CACHE_780X1200_ANALOG_WATERMARKED_30034327_3118299_15112020050915.jpg\",\"datePublished\":\"2026-03-25T06:22:00+00:00\",\"author\":{\"@id\":\"https:\/\/portaltela.pt\/#\/schema\/person\/c4278d4a6028830caff9ee44b42d32ed\"},\"breadcrumb\":{\"@id\":\"https:\/\/portaltela.pt\/noticias\/2026\/03\/25\/ue-escolhe-hoje-sede-da-autoridade-aduaneira-com-o-porto-entre-candidatas\/#breadcrumb\"},\"inLanguage\":\"pt-PT\",\"potentialAction\":[{\"@type\":\"ReadAction\",\"target\":[\"https:\/\/portaltela.pt\/noticias\/2026\/03\/25\/ue-escolhe-hoje-sede-da-autoridade-aduaneira-com-o-porto-entre-candidatas\/\"]}]},{\"@type\":\"ImageObject\",\"inLanguage\":\"pt-PT\",\"@id\":\"https:\/\/portaltela.pt\/noticias\/2026\/03\/25\/ue-escolhe-hoje-sede-da-autoridade-aduaneira-com-o-porto-entre-candidatas\/#primaryimage\",\"url\":\"https:\/\/portaltela.pt\/s.01k8rhncp4jt1\/2026\/03\/CACHE_780X1200_ANALOG_WATERMARKED_30034327_3118299_15112020050915.jpg\",\"contentUrl\":\"https:\/\/portaltela.pt\/s.01k8rhncp4jt1\/2026\/03\/CACHE_780X1200_ANALOG_WATERMARKED_30034327_3118299_15112020050915.jpg\",\"width\":796,\"height\":448,\"caption\":\"UE escolhe hoje sede da autoridade aduaneira com Porto entre cidades candidatas\"},{\"@type\":\"BreadcrumbList\",\"@id\":\"https:\/\/portaltela.pt\/noticias\/2026\/03\/25\/ue-escolhe-hoje-sede-da-autoridade-aduaneira-com-o-porto-entre-candidatas\/#breadcrumb\",\"itemListElement\":[{\"@type\":\"ListItem\",\"position\":1,\"name\":\"In\u00edcio\",\"item\":\"https:\/\/portaltela.pt\/\"},{\"@type\":\"ListItem\",\"position\":2,\"name\":\"UE escolhe hoje sede da autoridade aduaneira, com o Porto entre candidatas\"}]},{\"@type\":\"WebSite\",\"@id\":\"https:\/\/portaltela.pt\/#website\",\"url\":\"https:\/\/portaltela.pt\/\",\"name\":\"Portal Tela Portugal\",\"description\":\"\",\"potentialAction\":[{\"@type\":\"SearchAction\",\"target\":{\"@type\":\"EntryPoint\",\"urlTemplate\":\"https:\/\/portaltela.pt\/?s={search_term_string}\"},\"query-input\":{\"@type\":\"PropertyValueSpecification\",\"valueRequired\":true,\"valueName\":\"search_term_string\"}}],\"inLanguage\":\"pt-PT\"},{\"@type\":\"Person\",\"@id\":\"https:\/\/portaltela.pt\/#\/schema\/person\/c4278d4a6028830caff9ee44b42d32ed\",\"name\":\"Telinha\",\"image\":{\"@type\":\"ImageObject\",\"inLanguage\":\"pt-PT\",\"@id\":\"https:\/\/portaltela.pt\/s.01k8rhncp4jt1\/2025\/11\/talking-bot-125x125.png\",\"url\":\"https:\/\/portaltela.pt\/s.01k8rhncp4jt1\/2025\/11\/talking-bot-125x125.png\",\"contentUrl\":\"https:\/\/portaltela.pt\/s.01k8rhncp4jt1\/2025\/11\/talking-bot-125x125.png\",\"caption\":\"Telinha\"},\"sameAs\":[\"https:\/\/portaltela.pt\/\"],\"url\":\"https:\/\/portaltela.pt\/por\/367410592786\/\"}]}<\/script>\n<!-- \/ Yoast SEO plugin. -->","yoast_head_json":{"title":"UE escolhe hoje sede da autoridade aduaneira, com o Porto entre candidatas - Portal Tela Portugal","robots":{"index":"index","follow":"follow","max-snippet":"max-snippet:-1","max-image-preview":"max-image-preview:large","max-video-preview":"max-video-preview:-1"},"og_locale":"pt_PT","og_type":"article","og_title":"UE escolhe hoje sede da autoridade aduaneira, com o Porto entre candidatas - Portal Tela Portugal","og_description":"O Conselho da Uni\u00e3o Europeia e o Parlamento Europeu escolhem hoje, em Bruxelas, a sede da nova Autoridade Aduaneira da UE. O Porto est\u00e1 entre as nove cidades candidatas. A decis\u00e3o define a localiza\u00e7\u00e3o da Autoridade Aduaneira da Uni\u00e3o Europeia (EUCA). O an\u00fancio ocorre na pr\u00e1tica durante as sess\u00f5es entre as duas institui\u00e7\u00f5es.","og_url":"https:\/\/portaltela.pt\/noticias\/2026\/03\/25\/ue-escolhe-hoje-sede-da-autoridade-aduaneira-com-o-porto-entre-candidatas\/","og_site_name":"Portal Tela Portugal","article_published_time":"2026-03-25T06:22:00+00:00","author":"Telinha","twitter_card":"summary_large_image","twitter_misc":{"Escrito por":"Telinha","Tempo estimado de leitura":"1 minuto"},"schema":{"@context":"https:\/\/schema.org","@graph":[{"@type":"Article","@id":"https:\/\/portaltela.pt\/noticias\/2026\/03\/25\/ue-escolhe-hoje-sede-da-autoridade-aduaneira-com-o-porto-entre-candidatas\/#article","isPartOf":{"@id":"https:\/\/portaltela.pt\/noticias\/2026\/03\/25\/ue-escolhe-hoje-sede-da-autoridade-aduaneira-com-o-porto-entre-candidatas\/"},"author":{"name":"Telinha","@id":"https:\/\/portaltela.pt\/#\/schema\/person\/c4278d4a6028830caff9ee44b42d32ed"},"headline":"UE escolhe hoje sede da autoridade aduaneira, com o Porto entre candidatas","datePublished":"2026-03-25T06:22:00+00:00","mainEntityOfPage":{"@id":"https:\/\/portaltela.pt\/noticias\/2026\/03\/25\/ue-escolhe-hoje-sede-da-autoridade-aduaneira-com-o-porto-entre-candidatas\/"},"wordCount":164,"image":{"@id":"https:\/\/portaltela.pt\/noticias\/2026\/03\/25\/ue-escolhe-hoje-sede-da-autoridade-aduaneira-com-o-porto-entre-candidatas\/#primaryimage"},"thumbnailUrl":"https:\/\/portaltela.pt\/s.01k8rhncp4jt1\/2026\/03\/CACHE_780X1200_ANALOG_WATERMARKED_30034327_3118299_15112020050915.jpg","keywords":["administra\u00e7\u00e3o p\u00fablica","aduaneiros","com\u00e9rcio","infraestrutura","Porto","Uni\u00e3o Europeia"],"articleSection":["Internacionais","Pol\u00edtica"],"inLanguage":"pt-PT"},{"@type":"WebPage","@id":"https:\/\/portaltela.pt\/noticias\/2026\/03\/25\/ue-escolhe-hoje-sede-da-autoridade-aduaneira-com-o-porto-entre-candidatas\/","url":"https:\/\/portaltela.pt\/noticias\/2026\/03\/25\/ue-escolhe-hoje-sede-da-autoridade-aduaneira-com-o-porto-entre-candidatas\/","name":"UE escolhe hoje sede da autoridade aduaneira, com o Porto entre candidatas - Portal Tela Portugal","isPartOf":{"@id":"https:\/\/portaltela.pt\/#website"},"primaryImageOfPage":{"@id":"https:\/\/portaltela.pt\/noticias\/2026\/03\/25\/ue-escolhe-hoje-sede-da-autoridade-aduaneira-com-o-porto-entre-candidatas\/#primaryimage"},"image":{"@id":"https:\/\/portaltela.pt\/noticias\/2026\/03\/25\/ue-escolhe-hoje-sede-da-autoridade-aduaneira-com-o-porto-entre-candidatas\/#primaryimage"},"thumbnailUrl":"https:\/\/portaltela.pt\/s.01k8rhncp4jt1\/2026\/03\/CACHE_780X1200_ANALOG_WATERMARKED_30034327_3118299_15112020050915.jpg","datePublished":"2026-03-25T06:22:00+00:00","author":{"@id":"https:\/\/portaltela.pt\/#\/schema\/person\/c4278d4a6028830caff9ee44b42d32ed"},"breadcrumb":{"@id":"https:\/\/portaltela.pt\/noticias\/2026\/03\/25\/ue-escolhe-hoje-sede-da-autoridade-aduaneira-com-o-porto-entre-candidatas\/#breadcrumb"},"inLanguage":"pt-PT","potentialAction":[{"@type":"ReadAction","target":["https:\/\/portaltela.pt\/noticias\/2026\/03\/25\/ue-escolhe-hoje-sede-da-autoridade-aduaneira-com-o-porto-entre-candidatas\/"]}]},{"@type":"ImageObject","inLanguage":"pt-PT","@id":"https:\/\/portaltela.pt\/noticias\/2026\/03\/25\/ue-escolhe-hoje-sede-da-autoridade-aduaneira-com-o-porto-entre-candidatas\/#primaryimage","url":"https:\/\/portaltela.pt\/s.01k8rhncp4jt1\/2026\/03\/CACHE_780X1200_ANALOG_WATERMARKED_30034327_3118299_15112020050915.jpg","contentUrl":"https:\/\/portaltela.pt\/s.01k8rhncp4jt1\/2026\/03\/CACHE_780X1200_ANALOG_WATERMARKED_30034327_3118299_15112020050915.jpg","width":796,"height":448,"caption":"UE escolhe hoje sede da autoridade aduaneira com Porto entre cidades candidatas"},{"@type":"BreadcrumbList","@id":"https:\/\/portaltela.pt\/noticias\/2026\/03\/25\/ue-escolhe-hoje-sede-da-autoridade-aduaneira-com-o-porto-entre-candidatas\/#breadcrumb","itemListElement":[{"@type":"ListItem","position":1,"name":"In\u00edcio","item":"https:\/\/portaltela.pt\/"},{"@type":"ListItem","position":2,"name":"UE escolhe hoje sede da autoridade aduaneira, com o Porto entre candidatas"}]},{"@type":"WebSite","@id":"https:\/\/portaltela.pt\/#website","url":"https:\/\/portaltela.pt\/","name":"Portal Tela Portugal","description":"","potentialAction":[{"@type":"SearchAction","target":{"@type":"EntryPoint","urlTemplate":"https:\/\/portaltela.pt\/?s={search_term_string}"},"query-input":{"@type":"PropertyValueSpecification","valueRequired":true,"valueName":"search_term_string"}}],"inLanguage":"pt-PT"},{"@type":"Person","@id":"https:\/\/portaltela.pt\/#\/schema\/person\/c4278d4a6028830caff9ee44b42d32ed","name":"Telinha","image":{"@type":"ImageObject","inLanguage":"pt-PT","@id":"https:\/\/portaltela.pt\/s.01k8rhncp4jt1\/2025\/11\/talking-bot-125x125.png","url":"https:\/\/portaltela.pt\/s.01k8rhncp4jt1\/2025\/11\/talking-bot-125x125.png","contentUrl":"https:\/\/portaltela.pt\/s.01k8rhncp4jt1\/2025\/11\/talking-bot-125x125.png","caption":"Telinha"},"sameAs":["https:\/\/portaltela.pt\/"],"url":"https:\/\/portaltela.pt\/por\/367410592786\/"}]}},"_links":{"self":[{"href":"https:\/\/portaltela.pt\/api\/wp\/v2\/posts\/420357","targetHints":{"allow":["GET"]}}],"collection":[{"href":"https:\/\/portaltela.pt\/api\/wp\/v2\/posts"}],"about":[{"href":"https:\/\/portaltela.pt\/api\/wp\/v2\/types\/post"}],"author":[{"embeddable":true,"href":"https:\/\/portaltela.pt\/api\/wp\/v2\/users\/2"}],"replies":[{"embeddable":true,"href":"https:\/\/portaltela.pt\/api\/wp\/v2\/comments?post=420357"}],"version-history":[{"count":0,"href":"https:\/\/portaltela.pt\/api\/wp\/v2\/posts\/420357\/revisions"}],"wp:featuredmedia":[{"embeddable":true,"href":"https:\/\/portaltela.pt\/api\/wp\/v2\/media\/420359"}],"wp:attachment":[{"href":"https:\/\/portaltela.pt\/api\/wp\/v2\/media?parent=420357"}],"wp:term":[{"taxonomy":"category","embeddable":true,"href":"https:\/\/portaltela.pt\/api\/wp\/v2\/categories?post=420357"},{"taxonomy":"post_tag","embeddable":true,"href":"https:\/\/portaltela.pt\/api\/wp\/v2\/tags?post=420357"}],"curies":[{"name":"wp","href":"https:\/\/api.w.org\/{rel}","templated":true}]}}