{"id":420337,"date":"2026-03-24T19:58:00","date_gmt":"2026-03-24T22:58:00","guid":{"rendered":"https:\/\/portaltela.pt\/noticias\/2026\/03\/24\/esquerda-vence-eleicoes-dinamarquesas-sem-maioria-e-depende-de-centristas-2\/"},"modified":"2026-03-24T19:58:00","modified_gmt":"2026-03-24T22:58:00","slug":"esquerda-vence-eleicoes-dinamarquesas-sem-maioria-e-depende-de-centristas-2","status":"publish","type":"post","link":"https:\/\/portaltela.pt\/noticias\/internacional\/2026\/03\/24\/esquerda-vence-eleicoes-dinamarquesas-sem-maioria-e-depende-de-centristas-2\/","title":{"rendered":"Esquerda vence elei\u00e7\u00f5es dinamarquesas sem maioria e depende de centristas"},"content":{"rendered":"<p>A coliga\u00e7\u00e3o de esquerda, liderada pela primeira-ministra social-democrata Mette Frederiksen, venceu as elei\u00e7\u00f5es legislativas da Dinamarca, apurando cerca de 48% dos votos. Apesar da vit\u00f3ria, o bloco n\u00e3o alcan\u00e7ou a maioria no parlamento.<\/p>\n<p>Para chegar a uma maioria, o grupo precisa do apoio de partidos centristas. A negocia\u00e7\u00e3o para formar governo permanece em curso, com foco na viabiliza\u00e7\u00e3o de pol\u00edticas partilhadas entre as forma\u00e7\u00f5es.<\/p>\n<p>A atua\u00e7\u00e3o futura depende do acordo com os centristas e de eventuais acordos com outras for\u00e7as independentes, que ainda n\u00e3o foram detalhados. O resultado acentuou a necessidade de consensos amplos para governar o pa\u00eds.<\/p>\n","protected":false},"excerpt":{"rendered":"<ul>\n<li>A coliga\u00e7\u00e3o de esquerda liderada pela primeira-ministra Mette Frederiksen ganhou as elei\u00e7\u00f5es legislativas dinamarquesas, com 48 por cento dos votos.<\/li>\n<li>Contudo, n\u00e3o alcan\u00e7ou maioria no parlamento, ficando dependente do apoio de centristas para formar Governo.<\/li>\n<li>Frederiksen pertence ao Partido Social-Democrata e conduzir\u00e1 negocia\u00e7\u00f5es para compor uma maioria est\u00e1vel.<\/li>\n<li>O resultado aponta para uma recupera\u00e7\u00e3o do apoio \u00e0 esquerda, mas sem maioria clara no parlamento dinamarqu\u00eas.<\/li>\n<li>A composi\u00e7\u00e3o final do Executivo depender\u00e1 das negocia\u00e7\u00f5es entre as for\u00e7as pol\u00edticas e dos acordos com os centristas.<\/li>\n<\/ul>\n","protected":false},"author":2,"featured_media":420338,"comment_status":"closed","ping_status":"closed","sticky":false,"template":"","format":"standard","meta":{"footnotes":""},"categories":[6814,4],"tags":[1338,2503,68,34,1732,2832],"class_list":["post-420337","post","type-post","status-publish","format-standard","has-post-thumbnail","hentry","category-geopolitica","category-internacional","tag-coalizao-internacional","tag-dinamarca","tag-eleicoes","tag-governo","tag-partidos","tag-politica"],"yoast_head":"<!-- This site is optimized with the Yoast SEO plugin v27.2 - https:\/\/yoast.com\/product\/yoast-seo-wordpress\/ -->\n<title>Esquerda vence elei\u00e7\u00f5es dinamarquesas sem maioria e depende de centristas - Portal Tela Portugal<\/title>\n<meta name=\"robots\" content=\"index, follow, max-snippet:-1, max-image-preview:large, max-video-preview:-1\" \/>\n<meta property=\"og:locale\" content=\"pt_PT\" \/>\n<meta property=\"og:type\" content=\"article\" \/>\n<meta property=\"og:title\" content=\"Esquerda vence elei\u00e7\u00f5es dinamarquesas sem maioria e depende de centristas - Portal Tela Portugal\" \/>\n<meta property=\"og:description\" content=\"A coliga\u00e7\u00e3o de esquerda liderada pela primeira-ministra Mette Frederiksen ganhou as elei\u00e7\u00f5es legislativas dinamarquesas, com 48 por cento dos votos. Contudo, n\u00e3o alcan\u00e7ou maioria no parlamento, ficando dependente do apoio de centristas para formar Governo. Frederiksen pertence ao Partido Social-Democrata e conduzir\u00e1 negocia\u00e7\u00f5es para compor uma maioria est\u00e1vel. O resultado aponta para uma recupera\u00e7\u00e3o do apoio \u00e0 esquerda, mas sem maioria clara no parlamento dinamarqu\u00eas. A composi\u00e7\u00e3o final do Executivo depender\u00e1 das negocia\u00e7\u00f5es entre as for\u00e7as pol\u00edticas e dos acordos com os centristas.\" \/>\n<meta property=\"og:url\" content=\"https:\/\/portaltela.pt\/noticias\/2026\/03\/24\/esquerda-vence-eleicoes-dinamarquesas-sem-maioria-e-depende-de-centristas-2\/\" \/>\n<meta property=\"og:site_name\" content=\"Portal Tela Portugal\" \/>\n<meta property=\"article:published_time\" content=\"2026-03-24T22:58:00+00:00\" \/>\n<meta name=\"author\" content=\"Telinha\" \/>\n<meta name=\"twitter:card\" content=\"summary_large_image\" \/>\n<meta name=\"twitter:label1\" content=\"Escrito por\" \/>\n\t<meta name=\"twitter:data1\" content=\"Telinha\" \/>\n\t<meta name=\"twitter:label2\" content=\"Tempo estimado de leitura\" \/>\n\t<meta name=\"twitter:data2\" content=\"1 minuto\" \/>\n<script type=\"application\/ld+json\" class=\"yoast-schema-graph\">{\"@context\":\"https:\/\/schema.org\",\"@graph\":[{\"@type\":\"Article\",\"@id\":\"https:\/\/portaltela.pt\/noticias\/2026\/03\/24\/esquerda-vence-eleicoes-dinamarquesas-sem-maioria-e-depende-de-centristas-2\/#article\",\"isPartOf\":{\"@id\":\"https:\/\/portaltela.pt\/noticias\/2026\/03\/24\/esquerda-vence-eleicoes-dinamarquesas-sem-maioria-e-depende-de-centristas-2\/\"},\"author\":{\"name\":\"Telinha\",\"@id\":\"https:\/\/portaltela.pt\/#\/schema\/person\/c4278d4a6028830caff9ee44b42d32ed\"},\"headline\":\"Esquerda vence elei\u00e7\u00f5es dinamarquesas sem maioria e depende de centristas\",\"datePublished\":\"2026-03-24T22:58:00+00:00\",\"mainEntityOfPage\":{\"@id\":\"https:\/\/portaltela.pt\/noticias\/2026\/03\/24\/esquerda-vence-eleicoes-dinamarquesas-sem-maioria-e-depende-de-centristas-2\/\"},\"wordCount\":121,\"image\":{\"@id\":\"https:\/\/portaltela.pt\/noticias\/2026\/03\/24\/esquerda-vence-eleicoes-dinamarquesas-sem-maioria-e-depende-de-centristas-2\/#primaryimage\"},\"thumbnailUrl\":\"https:\/\/portaltela.pt\/s.01k8rhncp4jt1\/2026\/03\/CACHE_780X1200_ANALOG_WATERMARKED_46815638_2276158148817762.jpg\",\"keywords\":[\"coaliz\u00e3o internacional\",\"Dinamarca\",\"elei\u00e7\u00f5es\",\"governo\",\"partidos\",\"pol\u00edtica\"],\"articleSection\":[\"Geopol\u00edtica\",\"Internacional\"],\"inLanguage\":\"pt-PT\"},{\"@type\":\"WebPage\",\"@id\":\"https:\/\/portaltela.pt\/noticias\/2026\/03\/24\/esquerda-vence-eleicoes-dinamarquesas-sem-maioria-e-depende-de-centristas-2\/\",\"url\":\"https:\/\/portaltela.pt\/noticias\/2026\/03\/24\/esquerda-vence-eleicoes-dinamarquesas-sem-maioria-e-depende-de-centristas-2\/\",\"name\":\"Esquerda vence elei\u00e7\u00f5es dinamarquesas sem maioria e depende de centristas - Portal Tela Portugal\",\"isPartOf\":{\"@id\":\"https:\/\/portaltela.pt\/#website\"},\"primaryImageOfPage\":{\"@id\":\"https:\/\/portaltela.pt\/noticias\/2026\/03\/24\/esquerda-vence-eleicoes-dinamarquesas-sem-maioria-e-depende-de-centristas-2\/#primaryimage\"},\"image\":{\"@id\":\"https:\/\/portaltela.pt\/noticias\/2026\/03\/24\/esquerda-vence-eleicoes-dinamarquesas-sem-maioria-e-depende-de-centristas-2\/#primaryimage\"},\"thumbnailUrl\":\"https:\/\/portaltela.pt\/s.01k8rhncp4jt1\/2026\/03\/CACHE_780X1200_ANALOG_WATERMARKED_46815638_2276158148817762.jpg\",\"datePublished\":\"2026-03-24T22:58:00+00:00\",\"author\":{\"@id\":\"https:\/\/portaltela.pt\/#\/schema\/person\/c4278d4a6028830caff9ee44b42d32ed\"},\"breadcrumb\":{\"@id\":\"https:\/\/portaltela.pt\/noticias\/2026\/03\/24\/esquerda-vence-eleicoes-dinamarquesas-sem-maioria-e-depende-de-centristas-2\/#breadcrumb\"},\"inLanguage\":\"pt-PT\",\"potentialAction\":[{\"@type\":\"ReadAction\",\"target\":[\"https:\/\/portaltela.pt\/noticias\/2026\/03\/24\/esquerda-vence-eleicoes-dinamarquesas-sem-maioria-e-depende-de-centristas-2\/\"]}]},{\"@type\":\"ImageObject\",\"inLanguage\":\"pt-PT\",\"@id\":\"https:\/\/portaltela.pt\/noticias\/2026\/03\/24\/esquerda-vence-eleicoes-dinamarquesas-sem-maioria-e-depende-de-centristas-2\/#primaryimage\",\"url\":\"https:\/\/portaltela.pt\/s.01k8rhncp4jt1\/2026\/03\/CACHE_780X1200_ANALOG_WATERMARKED_46815638_2276158148817762.jpg\",\"contentUrl\":\"https:\/\/portaltela.pt\/s.01k8rhncp4jt1\/2026\/03\/CACHE_780X1200_ANALOG_WATERMARKED_46815638_2276158148817762.jpg\",\"width\":768,\"height\":512,\"caption\":\"Esquerda vence elei\u00e7\u00f5es dinamarquesas sem maioria e depende de centristas\"},{\"@type\":\"BreadcrumbList\",\"@id\":\"https:\/\/portaltela.pt\/noticias\/2026\/03\/24\/esquerda-vence-eleicoes-dinamarquesas-sem-maioria-e-depende-de-centristas-2\/#breadcrumb\",\"itemListElement\":[{\"@type\":\"ListItem\",\"position\":1,\"name\":\"In\u00edcio\",\"item\":\"https:\/\/portaltela.pt\/\"},{\"@type\":\"ListItem\",\"position\":2,\"name\":\"Esquerda vence elei\u00e7\u00f5es dinamarquesas sem maioria e depende de centristas\"}]},{\"@type\":\"WebSite\",\"@id\":\"https:\/\/portaltela.pt\/#website\",\"url\":\"https:\/\/portaltela.pt\/\",\"name\":\"Portal Tela Portugal\",\"description\":\"\",\"potentialAction\":[{\"@type\":\"SearchAction\",\"target\":{\"@type\":\"EntryPoint\",\"urlTemplate\":\"https:\/\/portaltela.pt\/?s={search_term_string}\"},\"query-input\":{\"@type\":\"PropertyValueSpecification\",\"valueRequired\":true,\"valueName\":\"search_term_string\"}}],\"inLanguage\":\"pt-PT\"},{\"@type\":\"Person\",\"@id\":\"https:\/\/portaltela.pt\/#\/schema\/person\/c4278d4a6028830caff9ee44b42d32ed\",\"name\":\"Telinha\",\"image\":{\"@type\":\"ImageObject\",\"inLanguage\":\"pt-PT\",\"@id\":\"https:\/\/portaltela.pt\/s.01k8rhncp4jt1\/2025\/11\/talking-bot-125x125.png\",\"url\":\"https:\/\/portaltela.pt\/s.01k8rhncp4jt1\/2025\/11\/talking-bot-125x125.png\",\"contentUrl\":\"https:\/\/portaltela.pt\/s.01k8rhncp4jt1\/2025\/11\/talking-bot-125x125.png\",\"caption\":\"Telinha\"},\"sameAs\":[\"https:\/\/portaltela.pt\/\"],\"url\":\"https:\/\/portaltela.pt\/por\/367410592786\/\"}]}<\/script>\n<!-- \/ Yoast SEO plugin. -->","yoast_head_json":{"title":"Esquerda vence elei\u00e7\u00f5es dinamarquesas sem maioria e depende de centristas - Portal Tela Portugal","robots":{"index":"index","follow":"follow","max-snippet":"max-snippet:-1","max-image-preview":"max-image-preview:large","max-video-preview":"max-video-preview:-1"},"og_locale":"pt_PT","og_type":"article","og_title":"Esquerda vence elei\u00e7\u00f5es dinamarquesas sem maioria e depende de centristas - Portal Tela Portugal","og_description":"A coliga\u00e7\u00e3o de esquerda liderada pela primeira-ministra Mette Frederiksen ganhou as elei\u00e7\u00f5es legislativas dinamarquesas, com 48 por cento dos votos. Contudo, n\u00e3o alcan\u00e7ou maioria no parlamento, ficando dependente do apoio de centristas para formar Governo. Frederiksen pertence ao Partido Social-Democrata e conduzir\u00e1 negocia\u00e7\u00f5es para compor uma maioria est\u00e1vel. O resultado aponta para uma recupera\u00e7\u00e3o do apoio \u00e0 esquerda, mas sem maioria clara no parlamento dinamarqu\u00eas. A composi\u00e7\u00e3o final do Executivo depender\u00e1 das negocia\u00e7\u00f5es entre as for\u00e7as pol\u00edticas e dos acordos com os centristas.","og_url":"https:\/\/portaltela.pt\/noticias\/2026\/03\/24\/esquerda-vence-eleicoes-dinamarquesas-sem-maioria-e-depende-de-centristas-2\/","og_site_name":"Portal Tela Portugal","article_published_time":"2026-03-24T22:58:00+00:00","author":"Telinha","twitter_card":"summary_large_image","twitter_misc":{"Escrito por":"Telinha","Tempo estimado de leitura":"1 minuto"},"schema":{"@context":"https:\/\/schema.org","@graph":[{"@type":"Article","@id":"https:\/\/portaltela.pt\/noticias\/2026\/03\/24\/esquerda-vence-eleicoes-dinamarquesas-sem-maioria-e-depende-de-centristas-2\/#article","isPartOf":{"@id":"https:\/\/portaltela.pt\/noticias\/2026\/03\/24\/esquerda-vence-eleicoes-dinamarquesas-sem-maioria-e-depende-de-centristas-2\/"},"author":{"name":"Telinha","@id":"https:\/\/portaltela.pt\/#\/schema\/person\/c4278d4a6028830caff9ee44b42d32ed"},"headline":"Esquerda vence elei\u00e7\u00f5es dinamarquesas sem maioria e depende de centristas","datePublished":"2026-03-24T22:58:00+00:00","mainEntityOfPage":{"@id":"https:\/\/portaltela.pt\/noticias\/2026\/03\/24\/esquerda-vence-eleicoes-dinamarquesas-sem-maioria-e-depende-de-centristas-2\/"},"wordCount":121,"image":{"@id":"https:\/\/portaltela.pt\/noticias\/2026\/03\/24\/esquerda-vence-eleicoes-dinamarquesas-sem-maioria-e-depende-de-centristas-2\/#primaryimage"},"thumbnailUrl":"https:\/\/portaltela.pt\/s.01k8rhncp4jt1\/2026\/03\/CACHE_780X1200_ANALOG_WATERMARKED_46815638_2276158148817762.jpg","keywords":["coaliz\u00e3o internacional","Dinamarca","elei\u00e7\u00f5es","governo","partidos","pol\u00edtica"],"articleSection":["Geopol\u00edtica","Internacional"],"inLanguage":"pt-PT"},{"@type":"WebPage","@id":"https:\/\/portaltela.pt\/noticias\/2026\/03\/24\/esquerda-vence-eleicoes-dinamarquesas-sem-maioria-e-depende-de-centristas-2\/","url":"https:\/\/portaltela.pt\/noticias\/2026\/03\/24\/esquerda-vence-eleicoes-dinamarquesas-sem-maioria-e-depende-de-centristas-2\/","name":"Esquerda vence elei\u00e7\u00f5es dinamarquesas sem maioria e depende de centristas - Portal Tela Portugal","isPartOf":{"@id":"https:\/\/portaltela.pt\/#website"},"primaryImageOfPage":{"@id":"https:\/\/portaltela.pt\/noticias\/2026\/03\/24\/esquerda-vence-eleicoes-dinamarquesas-sem-maioria-e-depende-de-centristas-2\/#primaryimage"},"image":{"@id":"https:\/\/portaltela.pt\/noticias\/2026\/03\/24\/esquerda-vence-eleicoes-dinamarquesas-sem-maioria-e-depende-de-centristas-2\/#primaryimage"},"thumbnailUrl":"https:\/\/portaltela.pt\/s.01k8rhncp4jt1\/2026\/03\/CACHE_780X1200_ANALOG_WATERMARKED_46815638_2276158148817762.jpg","datePublished":"2026-03-24T22:58:00+00:00","author":{"@id":"https:\/\/portaltela.pt\/#\/schema\/person\/c4278d4a6028830caff9ee44b42d32ed"},"breadcrumb":{"@id":"https:\/\/portaltela.pt\/noticias\/2026\/03\/24\/esquerda-vence-eleicoes-dinamarquesas-sem-maioria-e-depende-de-centristas-2\/#breadcrumb"},"inLanguage":"pt-PT","potentialAction":[{"@type":"ReadAction","target":["https:\/\/portaltela.pt\/noticias\/2026\/03\/24\/esquerda-vence-eleicoes-dinamarquesas-sem-maioria-e-depende-de-centristas-2\/"]}]},{"@type":"ImageObject","inLanguage":"pt-PT","@id":"https:\/\/portaltela.pt\/noticias\/2026\/03\/24\/esquerda-vence-eleicoes-dinamarquesas-sem-maioria-e-depende-de-centristas-2\/#primaryimage","url":"https:\/\/portaltela.pt\/s.01k8rhncp4jt1\/2026\/03\/CACHE_780X1200_ANALOG_WATERMARKED_46815638_2276158148817762.jpg","contentUrl":"https:\/\/portaltela.pt\/s.01k8rhncp4jt1\/2026\/03\/CACHE_780X1200_ANALOG_WATERMARKED_46815638_2276158148817762.jpg","width":768,"height":512,"caption":"Esquerda vence elei\u00e7\u00f5es dinamarquesas sem maioria e depende de centristas"},{"@type":"BreadcrumbList","@id":"https:\/\/portaltela.pt\/noticias\/2026\/03\/24\/esquerda-vence-eleicoes-dinamarquesas-sem-maioria-e-depende-de-centristas-2\/#breadcrumb","itemListElement":[{"@type":"ListItem","position":1,"name":"In\u00edcio","item":"https:\/\/portaltela.pt\/"},{"@type":"ListItem","position":2,"name":"Esquerda vence elei\u00e7\u00f5es dinamarquesas sem maioria e depende de centristas"}]},{"@type":"WebSite","@id":"https:\/\/portaltela.pt\/#website","url":"https:\/\/portaltela.pt\/","name":"Portal Tela Portugal","description":"","potentialAction":[{"@type":"SearchAction","target":{"@type":"EntryPoint","urlTemplate":"https:\/\/portaltela.pt\/?s={search_term_string}"},"query-input":{"@type":"PropertyValueSpecification","valueRequired":true,"valueName":"search_term_string"}}],"inLanguage":"pt-PT"},{"@type":"Person","@id":"https:\/\/portaltela.pt\/#\/schema\/person\/c4278d4a6028830caff9ee44b42d32ed","name":"Telinha","image":{"@type":"ImageObject","inLanguage":"pt-PT","@id":"https:\/\/portaltela.pt\/s.01k8rhncp4jt1\/2025\/11\/talking-bot-125x125.png","url":"https:\/\/portaltela.pt\/s.01k8rhncp4jt1\/2025\/11\/talking-bot-125x125.png","contentUrl":"https:\/\/portaltela.pt\/s.01k8rhncp4jt1\/2025\/11\/talking-bot-125x125.png","caption":"Telinha"},"sameAs":["https:\/\/portaltela.pt\/"],"url":"https:\/\/portaltela.pt\/por\/367410592786\/"}]}},"_links":{"self":[{"href":"https:\/\/portaltela.pt\/api\/wp\/v2\/posts\/420337","targetHints":{"allow":["GET"]}}],"collection":[{"href":"https:\/\/portaltela.pt\/api\/wp\/v2\/posts"}],"about":[{"href":"https:\/\/portaltela.pt\/api\/wp\/v2\/types\/post"}],"author":[{"embeddable":true,"href":"https:\/\/portaltela.pt\/api\/wp\/v2\/users\/2"}],"replies":[{"embeddable":true,"href":"https:\/\/portaltela.pt\/api\/wp\/v2\/comments?post=420337"}],"version-history":[{"count":0,"href":"https:\/\/portaltela.pt\/api\/wp\/v2\/posts\/420337\/revisions"}],"wp:featuredmedia":[{"embeddable":true,"href":"https:\/\/portaltela.pt\/api\/wp\/v2\/media\/420338"}],"wp:attachment":[{"href":"https:\/\/portaltela.pt\/api\/wp\/v2\/media?parent=420337"}],"wp:term":[{"taxonomy":"category","embeddable":true,"href":"https:\/\/portaltela.pt\/api\/wp\/v2\/categories?post=420337"},{"taxonomy":"post_tag","embeddable":true,"href":"https:\/\/portaltela.pt\/api\/wp\/v2\/tags?post=420337"}],"curies":[{"name":"wp","href":"https:\/\/api.w.org\/{rel}","templated":true}]}}