{"id":420331,"date":"2026-03-24T23:12:00","date_gmt":"2026-03-25T02:12:00","guid":{"rendered":"https:\/\/portaltela.pt\/noticias\/2026\/03\/24\/selecao-faz-ensaio-geral-para-o-mundial-2026-com-clima-altitude-e-estadio-coberto\/"},"modified":"2026-03-24T23:12:00","modified_gmt":"2026-03-25T02:12:00","slug":"selecao-faz-ensaio-geral-para-o-mundial-2026-com-clima-altitude-e-estadio-coberto","status":"publish","type":"post","link":"https:\/\/portaltela.pt\/desporto\/copa-do-mundo\/2026\/03\/24\/selecao-faz-ensaio-geral-para-o-mundial-2026-com-clima-altitude-e-estadio-coberto\/","title":{"rendered":"Sele\u00e7\u00e3o faz ensaio geral para o Mundial 2026 com clima, altitude e est\u00e1dio coberto"},"content":{"rendered":"<p>A Sele\u00e7\u00e3o Nacional vai \u00e0 Am\u00e9rica do Norte para dois jogos-treino frente a M\u00e9xico e Estados Unidos, funcionando como um ensaio geral para a fase final do Mundial de 2026, coorganizado pelos tr\u00eas pa\u00edses sede. O encontro serve tanto a quest\u00f5es t\u00e1ticas como \u00e0 an\u00e1lise da convocat\u00f3ria final pelo selecionador Roberto Mart\u00ednez.<\/p>\n<p>A digress\u00e3o permitir\u00e1 testar a adapta\u00e7\u00e3o a diferentes condi\u00e7\u00f5es, incluindo clima, altitude e a eventual utiliza\u00e7\u00e3o de est\u00e1dios cobertos, fatores relevantes para o planeamento da participa\u00e7\u00e3o no campeonato.<\/p>\n<p>Al\u00e9m da equipa lusa, as sele\u00e7\u00f5es mexicana e norte-americana tamb\u00e9m v\u00e3o testar log\u00edstica e prepara\u00e7\u00e3o para a fase final do Mundial, ajudando a aferir rotinas de desloca\u00e7\u00e3o, alojamento e organiza\u00e7\u00e3o de jogos em contexto de alto n\u00edvel.<\/p>\n<p>O Mundial de 2026 decorrer\u00e1 entre 11 de junho e 19 de julho, com o evento distribu\u00eddo por v\u00e1rias cidades dos tr\u00eas pa\u00edses anfitri\u00f5es. A desloca\u00e7\u00e3o da Sele\u00e7\u00e3o Nacional insere-se no conjunto de prepara\u00e7\u00f5es oficiais para esse grande torneio.<\/p>\n","protected":false},"excerpt":{"rendered":"<ul>\n<li>A Sele\u00e7\u00e3o Nacional vai disputar dois jogos-treino com M\u00e9xico e Estados Unidos, em Am\u00e9rica do Norte, como ensaio geral para o Mundial&#8217;2026.<\/li>\n<li>O Mundial&#8217;2026 \u00e9 organizado pelos Estados Unidos, M\u00e9xico e Canad\u00e1.<\/li>\n<li>Os desafios servem para testar aspetos t\u00e1ticos, a eventual convocat\u00f3ria final e a log\u00edstica da equipa.<\/li>\n<li>O Mundial decorrer\u00e1 entre 11 de junho e 19 de julho de 2026.<\/li>\n<li>Os encontros tamb\u00e9m permitem antecipar cen\u00e1rios e adaptar-se \u00e0s condi\u00e7\u00f5es da fase final.<\/li>\n<\/ul>\n","protected":false},"author":2,"featured_media":420332,"comment_status":"closed","ping_status":"closed","sticky":false,"template":"","format":"standard","meta":{"footnotes":""},"categories":[6695,21],"tags":[5505,90,1600,81,6380,2057],"class_list":["post-420331","post","type-post","status-publish","format-standard","has-post-thumbnail","hentry","category-copa-do-mundo","category-desporto","tag-america","tag-copa-do-mundo","tag-estados-unidos","tag-internacionais","tag-mexico","tag-selecao-nacional"],"yoast_head":"<!-- This site is optimized with the Yoast SEO plugin v27.2 - https:\/\/yoast.com\/product\/yoast-seo-wordpress\/ -->\n<title>Sele\u00e7\u00e3o faz ensaio geral para o Mundial 2026 com clima, altitude e est\u00e1dio coberto - Portal Tela Portugal<\/title>\n<meta name=\"robots\" content=\"index, follow, max-snippet:-1, max-image-preview:large, max-video-preview:-1\" \/>\n<meta property=\"og:locale\" content=\"pt_PT\" \/>\n<meta property=\"og:type\" content=\"article\" \/>\n<meta property=\"og:title\" content=\"Sele\u00e7\u00e3o faz ensaio geral para o Mundial 2026 com clima, altitude e est\u00e1dio coberto - Portal Tela Portugal\" \/>\n<meta property=\"og:description\" content=\"A Sele\u00e7\u00e3o Nacional vai disputar dois jogos-treino com M\u00e9xico e Estados Unidos, em Am\u00e9rica do Norte, como ensaio geral para o Mundial&#039;2026. O Mundial&#039;2026 \u00e9 organizado pelos Estados Unidos, M\u00e9xico e Canad\u00e1. Os desafios servem para testar aspetos t\u00e1ticos, a eventual convocat\u00f3ria final e a log\u00edstica da equipa. O Mundial decorrer\u00e1 entre 11 de junho e 19 de julho de 2026. Os encontros tamb\u00e9m permitem antecipar cen\u00e1rios e adaptar-se \u00e0s condi\u00e7\u00f5es da fase final.\" \/>\n<meta property=\"og:url\" content=\"https:\/\/portaltela.pt\/noticias\/2026\/03\/24\/selecao-faz-ensaio-geral-para-o-mundial-2026-com-clima-altitude-e-estadio-coberto\/\" \/>\n<meta property=\"og:site_name\" content=\"Portal Tela Portugal\" \/>\n<meta property=\"article:published_time\" content=\"2026-03-25T02:12:00+00:00\" \/>\n<meta name=\"author\" content=\"Telinha\" \/>\n<meta name=\"twitter:card\" content=\"summary_large_image\" \/>\n<meta name=\"twitter:label1\" content=\"Escrito por\" \/>\n\t<meta name=\"twitter:data1\" content=\"Telinha\" \/>\n\t<meta name=\"twitter:label2\" content=\"Tempo estimado de leitura\" \/>\n\t<meta name=\"twitter:data2\" content=\"1 minuto\" \/>\n<script type=\"application\/ld+json\" class=\"yoast-schema-graph\">{\"@context\":\"https:\/\/schema.org\",\"@graph\":[{\"@type\":\"Article\",\"@id\":\"https:\/\/portaltela.pt\/noticias\/2026\/03\/24\/selecao-faz-ensaio-geral-para-o-mundial-2026-com-clima-altitude-e-estadio-coberto\/#article\",\"isPartOf\":{\"@id\":\"https:\/\/portaltela.pt\/noticias\/2026\/03\/24\/selecao-faz-ensaio-geral-para-o-mundial-2026-com-clima-altitude-e-estadio-coberto\/\"},\"author\":{\"name\":\"Telinha\",\"@id\":\"https:\/\/portaltela.pt\/#\/schema\/person\/c4278d4a6028830caff9ee44b42d32ed\"},\"headline\":\"Sele\u00e7\u00e3o faz ensaio geral para o Mundial 2026 com clima, altitude e est\u00e1dio coberto\",\"datePublished\":\"2026-03-25T02:12:00+00:00\",\"mainEntityOfPage\":{\"@id\":\"https:\/\/portaltela.pt\/noticias\/2026\/03\/24\/selecao-faz-ensaio-geral-para-o-mundial-2026-com-clima-altitude-e-estadio-coberto\/\"},\"wordCount\":198,\"image\":{\"@id\":\"https:\/\/portaltela.pt\/noticias\/2026\/03\/24\/selecao-faz-ensaio-geral-para-o-mundial-2026-com-clima-altitude-e-estadio-coberto\/#primaryimage\"},\"thumbnailUrl\":\"https:\/\/portaltela.pt\/s.01k8rhncp4jt1\/2026\/03\/img_920x518uu2026-03-24-17-46-10-2429142.jpg\",\"keywords\":[\"Am\u00e9rica\",\"copa do mundo\",\"Estados Unidos\",\"internacionais\",\"M\u00e9xico\",\"Sele\u00e7\u00e3o Nacional\"],\"articleSection\":[\"Copa do Mundo\",\"Desporto\"],\"inLanguage\":\"pt-PT\"},{\"@type\":\"WebPage\",\"@id\":\"https:\/\/portaltela.pt\/noticias\/2026\/03\/24\/selecao-faz-ensaio-geral-para-o-mundial-2026-com-clima-altitude-e-estadio-coberto\/\",\"url\":\"https:\/\/portaltela.pt\/noticias\/2026\/03\/24\/selecao-faz-ensaio-geral-para-o-mundial-2026-com-clima-altitude-e-estadio-coberto\/\",\"name\":\"Sele\u00e7\u00e3o faz ensaio geral para o Mundial 2026 com clima, altitude e est\u00e1dio coberto - Portal Tela Portugal\",\"isPartOf\":{\"@id\":\"https:\/\/portaltela.pt\/#website\"},\"primaryImageOfPage\":{\"@id\":\"https:\/\/portaltela.pt\/noticias\/2026\/03\/24\/selecao-faz-ensaio-geral-para-o-mundial-2026-com-clima-altitude-e-estadio-coberto\/#primaryimage\"},\"image\":{\"@id\":\"https:\/\/portaltela.pt\/noticias\/2026\/03\/24\/selecao-faz-ensaio-geral-para-o-mundial-2026-com-clima-altitude-e-estadio-coberto\/#primaryimage\"},\"thumbnailUrl\":\"https:\/\/portaltela.pt\/s.01k8rhncp4jt1\/2026\/03\/img_920x518uu2026-03-24-17-46-10-2429142.jpg\",\"datePublished\":\"2026-03-25T02:12:00+00:00\",\"author\":{\"@id\":\"https:\/\/portaltela.pt\/#\/schema\/person\/c4278d4a6028830caff9ee44b42d32ed\"},\"breadcrumb\":{\"@id\":\"https:\/\/portaltela.pt\/noticias\/2026\/03\/24\/selecao-faz-ensaio-geral-para-o-mundial-2026-com-clima-altitude-e-estadio-coberto\/#breadcrumb\"},\"inLanguage\":\"pt-PT\",\"potentialAction\":[{\"@type\":\"ReadAction\",\"target\":[\"https:\/\/portaltela.pt\/noticias\/2026\/03\/24\/selecao-faz-ensaio-geral-para-o-mundial-2026-com-clima-altitude-e-estadio-coberto\/\"]}]},{\"@type\":\"ImageObject\",\"inLanguage\":\"pt-PT\",\"@id\":\"https:\/\/portaltela.pt\/noticias\/2026\/03\/24\/selecao-faz-ensaio-geral-para-o-mundial-2026-com-clima-altitude-e-estadio-coberto\/#primaryimage\",\"url\":\"https:\/\/portaltela.pt\/s.01k8rhncp4jt1\/2026\/03\/img_920x518uu2026-03-24-17-46-10-2429142.jpg\",\"contentUrl\":\"https:\/\/portaltela.pt\/s.01k8rhncp4jt1\/2026\/03\/img_920x518uu2026-03-24-17-46-10-2429142.jpg\",\"width\":796,\"height\":448,\"caption\":\"Est\u00e1dio Azteca, a 2.240 metros de altitude, recebe o M\u00e9xico-Portugal\"},{\"@type\":\"BreadcrumbList\",\"@id\":\"https:\/\/portaltela.pt\/noticias\/2026\/03\/24\/selecao-faz-ensaio-geral-para-o-mundial-2026-com-clima-altitude-e-estadio-coberto\/#breadcrumb\",\"itemListElement\":[{\"@type\":\"ListItem\",\"position\":1,\"name\":\"In\u00edcio\",\"item\":\"https:\/\/portaltela.pt\/\"},{\"@type\":\"ListItem\",\"position\":2,\"name\":\"Sele\u00e7\u00e3o faz ensaio geral para o Mundial 2026 com clima, altitude e est\u00e1dio coberto\"}]},{\"@type\":\"WebSite\",\"@id\":\"https:\/\/portaltela.pt\/#website\",\"url\":\"https:\/\/portaltela.pt\/\",\"name\":\"Portal Tela Portugal\",\"description\":\"\",\"potentialAction\":[{\"@type\":\"SearchAction\",\"target\":{\"@type\":\"EntryPoint\",\"urlTemplate\":\"https:\/\/portaltela.pt\/?s={search_term_string}\"},\"query-input\":{\"@type\":\"PropertyValueSpecification\",\"valueRequired\":true,\"valueName\":\"search_term_string\"}}],\"inLanguage\":\"pt-PT\"},{\"@type\":\"Person\",\"@id\":\"https:\/\/portaltela.pt\/#\/schema\/person\/c4278d4a6028830caff9ee44b42d32ed\",\"name\":\"Telinha\",\"image\":{\"@type\":\"ImageObject\",\"inLanguage\":\"pt-PT\",\"@id\":\"https:\/\/portaltela.pt\/s.01k8rhncp4jt1\/2025\/11\/talking-bot-125x125.png\",\"url\":\"https:\/\/portaltela.pt\/s.01k8rhncp4jt1\/2025\/11\/talking-bot-125x125.png\",\"contentUrl\":\"https:\/\/portaltela.pt\/s.01k8rhncp4jt1\/2025\/11\/talking-bot-125x125.png\",\"caption\":\"Telinha\"},\"sameAs\":[\"https:\/\/portaltela.pt\/\"],\"url\":\"https:\/\/portaltela.pt\/por\/367410592786\/\"}]}<\/script>\n<!-- \/ Yoast SEO plugin. -->","yoast_head_json":{"title":"Sele\u00e7\u00e3o faz ensaio geral para o Mundial 2026 com clima, altitude e est\u00e1dio coberto - Portal Tela Portugal","robots":{"index":"index","follow":"follow","max-snippet":"max-snippet:-1","max-image-preview":"max-image-preview:large","max-video-preview":"max-video-preview:-1"},"og_locale":"pt_PT","og_type":"article","og_title":"Sele\u00e7\u00e3o faz ensaio geral para o Mundial 2026 com clima, altitude e est\u00e1dio coberto - Portal Tela Portugal","og_description":"A Sele\u00e7\u00e3o Nacional vai disputar dois jogos-treino com M\u00e9xico e Estados Unidos, em Am\u00e9rica do Norte, como ensaio geral para o Mundial'2026. O Mundial'2026 \u00e9 organizado pelos Estados Unidos, M\u00e9xico e Canad\u00e1. Os desafios servem para testar aspetos t\u00e1ticos, a eventual convocat\u00f3ria final e a log\u00edstica da equipa. O Mundial decorrer\u00e1 entre 11 de junho e 19 de julho de 2026. Os encontros tamb\u00e9m permitem antecipar cen\u00e1rios e adaptar-se \u00e0s condi\u00e7\u00f5es da fase final.","og_url":"https:\/\/portaltela.pt\/noticias\/2026\/03\/24\/selecao-faz-ensaio-geral-para-o-mundial-2026-com-clima-altitude-e-estadio-coberto\/","og_site_name":"Portal Tela Portugal","article_published_time":"2026-03-25T02:12:00+00:00","author":"Telinha","twitter_card":"summary_large_image","twitter_misc":{"Escrito por":"Telinha","Tempo estimado de leitura":"1 minuto"},"schema":{"@context":"https:\/\/schema.org","@graph":[{"@type":"Article","@id":"https:\/\/portaltela.pt\/noticias\/2026\/03\/24\/selecao-faz-ensaio-geral-para-o-mundial-2026-com-clima-altitude-e-estadio-coberto\/#article","isPartOf":{"@id":"https:\/\/portaltela.pt\/noticias\/2026\/03\/24\/selecao-faz-ensaio-geral-para-o-mundial-2026-com-clima-altitude-e-estadio-coberto\/"},"author":{"name":"Telinha","@id":"https:\/\/portaltela.pt\/#\/schema\/person\/c4278d4a6028830caff9ee44b42d32ed"},"headline":"Sele\u00e7\u00e3o faz ensaio geral para o Mundial 2026 com clima, altitude e est\u00e1dio coberto","datePublished":"2026-03-25T02:12:00+00:00","mainEntityOfPage":{"@id":"https:\/\/portaltela.pt\/noticias\/2026\/03\/24\/selecao-faz-ensaio-geral-para-o-mundial-2026-com-clima-altitude-e-estadio-coberto\/"},"wordCount":198,"image":{"@id":"https:\/\/portaltela.pt\/noticias\/2026\/03\/24\/selecao-faz-ensaio-geral-para-o-mundial-2026-com-clima-altitude-e-estadio-coberto\/#primaryimage"},"thumbnailUrl":"https:\/\/portaltela.pt\/s.01k8rhncp4jt1\/2026\/03\/img_920x518uu2026-03-24-17-46-10-2429142.jpg","keywords":["Am\u00e9rica","copa do mundo","Estados Unidos","internacionais","M\u00e9xico","Sele\u00e7\u00e3o Nacional"],"articleSection":["Copa do Mundo","Desporto"],"inLanguage":"pt-PT"},{"@type":"WebPage","@id":"https:\/\/portaltela.pt\/noticias\/2026\/03\/24\/selecao-faz-ensaio-geral-para-o-mundial-2026-com-clima-altitude-e-estadio-coberto\/","url":"https:\/\/portaltela.pt\/noticias\/2026\/03\/24\/selecao-faz-ensaio-geral-para-o-mundial-2026-com-clima-altitude-e-estadio-coberto\/","name":"Sele\u00e7\u00e3o faz ensaio geral para o Mundial 2026 com clima, altitude e est\u00e1dio coberto - Portal Tela Portugal","isPartOf":{"@id":"https:\/\/portaltela.pt\/#website"},"primaryImageOfPage":{"@id":"https:\/\/portaltela.pt\/noticias\/2026\/03\/24\/selecao-faz-ensaio-geral-para-o-mundial-2026-com-clima-altitude-e-estadio-coberto\/#primaryimage"},"image":{"@id":"https:\/\/portaltela.pt\/noticias\/2026\/03\/24\/selecao-faz-ensaio-geral-para-o-mundial-2026-com-clima-altitude-e-estadio-coberto\/#primaryimage"},"thumbnailUrl":"https:\/\/portaltela.pt\/s.01k8rhncp4jt1\/2026\/03\/img_920x518uu2026-03-24-17-46-10-2429142.jpg","datePublished":"2026-03-25T02:12:00+00:00","author":{"@id":"https:\/\/portaltela.pt\/#\/schema\/person\/c4278d4a6028830caff9ee44b42d32ed"},"breadcrumb":{"@id":"https:\/\/portaltela.pt\/noticias\/2026\/03\/24\/selecao-faz-ensaio-geral-para-o-mundial-2026-com-clima-altitude-e-estadio-coberto\/#breadcrumb"},"inLanguage":"pt-PT","potentialAction":[{"@type":"ReadAction","target":["https:\/\/portaltela.pt\/noticias\/2026\/03\/24\/selecao-faz-ensaio-geral-para-o-mundial-2026-com-clima-altitude-e-estadio-coberto\/"]}]},{"@type":"ImageObject","inLanguage":"pt-PT","@id":"https:\/\/portaltela.pt\/noticias\/2026\/03\/24\/selecao-faz-ensaio-geral-para-o-mundial-2026-com-clima-altitude-e-estadio-coberto\/#primaryimage","url":"https:\/\/portaltela.pt\/s.01k8rhncp4jt1\/2026\/03\/img_920x518uu2026-03-24-17-46-10-2429142.jpg","contentUrl":"https:\/\/portaltela.pt\/s.01k8rhncp4jt1\/2026\/03\/img_920x518uu2026-03-24-17-46-10-2429142.jpg","width":796,"height":448,"caption":"Est\u00e1dio Azteca, a 2.240 metros de altitude, recebe o M\u00e9xico-Portugal"},{"@type":"BreadcrumbList","@id":"https:\/\/portaltela.pt\/noticias\/2026\/03\/24\/selecao-faz-ensaio-geral-para-o-mundial-2026-com-clima-altitude-e-estadio-coberto\/#breadcrumb","itemListElement":[{"@type":"ListItem","position":1,"name":"In\u00edcio","item":"https:\/\/portaltela.pt\/"},{"@type":"ListItem","position":2,"name":"Sele\u00e7\u00e3o faz ensaio geral para o Mundial 2026 com clima, altitude e est\u00e1dio coberto"}]},{"@type":"WebSite","@id":"https:\/\/portaltela.pt\/#website","url":"https:\/\/portaltela.pt\/","name":"Portal Tela Portugal","description":"","potentialAction":[{"@type":"SearchAction","target":{"@type":"EntryPoint","urlTemplate":"https:\/\/portaltela.pt\/?s={search_term_string}"},"query-input":{"@type":"PropertyValueSpecification","valueRequired":true,"valueName":"search_term_string"}}],"inLanguage":"pt-PT"},{"@type":"Person","@id":"https:\/\/portaltela.pt\/#\/schema\/person\/c4278d4a6028830caff9ee44b42d32ed","name":"Telinha","image":{"@type":"ImageObject","inLanguage":"pt-PT","@id":"https:\/\/portaltela.pt\/s.01k8rhncp4jt1\/2025\/11\/talking-bot-125x125.png","url":"https:\/\/portaltela.pt\/s.01k8rhncp4jt1\/2025\/11\/talking-bot-125x125.png","contentUrl":"https:\/\/portaltela.pt\/s.01k8rhncp4jt1\/2025\/11\/talking-bot-125x125.png","caption":"Telinha"},"sameAs":["https:\/\/portaltela.pt\/"],"url":"https:\/\/portaltela.pt\/por\/367410592786\/"}]}},"_links":{"self":[{"href":"https:\/\/portaltela.pt\/api\/wp\/v2\/posts\/420331","targetHints":{"allow":["GET"]}}],"collection":[{"href":"https:\/\/portaltela.pt\/api\/wp\/v2\/posts"}],"about":[{"href":"https:\/\/portaltela.pt\/api\/wp\/v2\/types\/post"}],"author":[{"embeddable":true,"href":"https:\/\/portaltela.pt\/api\/wp\/v2\/users\/2"}],"replies":[{"embeddable":true,"href":"https:\/\/portaltela.pt\/api\/wp\/v2\/comments?post=420331"}],"version-history":[{"count":0,"href":"https:\/\/portaltela.pt\/api\/wp\/v2\/posts\/420331\/revisions"}],"wp:featuredmedia":[{"embeddable":true,"href":"https:\/\/portaltela.pt\/api\/wp\/v2\/media\/420332"}],"wp:attachment":[{"href":"https:\/\/portaltela.pt\/api\/wp\/v2\/media?parent=420331"}],"wp:term":[{"taxonomy":"category","embeddable":true,"href":"https:\/\/portaltela.pt\/api\/wp\/v2\/categories?post=420331"},{"taxonomy":"post_tag","embeddable":true,"href":"https:\/\/portaltela.pt\/api\/wp\/v2\/tags?post=420331"}],"curies":[{"name":"wp","href":"https:\/\/api.w.org\/{rel}","templated":true}]}}