{"id":420317,"date":"2026-03-24T22:30:00","date_gmt":"2026-03-25T01:30:00","guid":{"rendered":"https:\/\/portaltela.pt\/noticias\/2026\/03\/24\/filho-que-matou-vereadora-de-vagos-arrisca-tres-anos-em-regime-fechado\/"},"modified":"2026-03-24T22:30:00","modified_gmt":"2026-03-25T01:30:00","slug":"filho-que-matou-vereadora-de-vagos-arrisca-tres-anos-em-regime-fechado","status":"publish","type":"post","link":"https:\/\/portaltela.pt\/justica\/2026\/03\/24\/filho-que-matou-vereadora-de-vagos-arrisca-tres-anos-em-regime-fechado\/","title":{"rendered":"Filho que matou vereadora de Vagos arrisca tr\u00eas anos em regime fechado"},"content":{"rendered":"<p>O menor de 14 anos que \u00e9 acusado de matar a tiro a vereadora Susana Gravato, da C\u00e2mara Municipal de Vagos, pode ficar a conhecer hoje a decis\u00e3o judicial. O Minist\u00e9rio P\u00fablico prop\u00f5e que o jovem cumpra tr\u00eas anos em regime fechado, ap\u00f3s j\u00e1 ter cumprido quase seis meses da pena.<\/p>\n<p>O crime ocorreu com a arma que o menor ter\u00e1 roubado ao pai. A investiga\u00e7\u00e3o aponta que o disparo foi dirigido \u00e0 m\u00e3e, a vereadora do munic\u00edpio, sem indica\u00e7\u00e3o de mobiliza\u00e7\u00e3o externa.<\/p>\n<p>O julgamento est\u00e1 agendado para esta quarta-feira, no tribunal competente da regi\u00e3o. A decis\u00e3o final pode determinar a continuidade da medida de internamento, ou a altera\u00e7\u00e3o de regime.<\/p>\n<p>Depois de conclu\u00edda a pena, o processo prev\u00ea a entrega do menor ao pai, e o fim do acompanhamento psiqui\u00e1trico, com retorno ao lar onde ocorreu o crime.<\/p>\n<p>A informa\u00e7\u00e3o dispon\u00edvel descreve um caso que envolve viol\u00eancia familiar, com impacto no \u00e2mbito municipal de Vagos e no acompanhamento judicial de menores.<\/p>\n","protected":false},"excerpt":{"rendered":"<ul>\n<li>O menor que matou a vereadora Susana Gravato, da C\u00e2mara de Vagos, com a arma que roubou ao pai, dever\u00e1 ser julgado esta quarta-feira.<\/li>\n<li>O Minist\u00e9rio P\u00fablico prop\u00f5e tr\u00eas anos em regime fechado, j\u00e1 cumpridos quase seis meses da pena.<\/li>\n<li>Se a proposta for aceite, o jovem ficar\u00e1 em regime fechado durante tr\u00eas anos.<\/li>\n<li>Depois, dever\u00e1 ser entregue ao pai, sem apoio nem ajudas, voltando \u00e0 casa onde cometeu o crime.<\/li>\n<li>O acompanhamento psiqui\u00e1trico terminar\u00e1 conforme o plano.<\/li>\n<\/ul>\n","protected":false},"author":2,"featured_media":420323,"comment_status":"closed","ping_status":"closed","sticky":false,"template":"","format":"standard","meta":{"footnotes":""},"categories":[6907,6815],"tags":[1345,6056,6208,4900,939,7489],"class_list":["post-420317","post","type-post","status-publish","format-standard","has-post-thumbnail","hentry","category-crime","category-justica","tag-homicidio","tag-menores","tag-tribunais","tag-vagos","tag-violencia","tag-violencia-de-menor-dependente-ou-em-situacao-vulneravel"],"yoast_head":"<!-- This site is optimized with the Yoast SEO plugin v27.2 - https:\/\/yoast.com\/product\/yoast-seo-wordpress\/ -->\n<title>Filho que matou vereadora de Vagos arrisca tr\u00eas anos em regime fechado - Portal Tela Portugal<\/title>\n<meta name=\"robots\" content=\"index, follow, max-snippet:-1, max-image-preview:large, max-video-preview:-1\" \/>\n<meta property=\"og:locale\" content=\"pt_PT\" \/>\n<meta property=\"og:type\" content=\"article\" \/>\n<meta property=\"og:title\" content=\"Filho que matou vereadora de Vagos arrisca tr\u00eas anos em regime fechado - Portal Tela Portugal\" \/>\n<meta property=\"og:description\" content=\"O menor que matou a vereadora Susana Gravato, da C\u00e2mara de Vagos, com a arma que roubou ao pai, dever\u00e1 ser julgado esta quarta-feira. O Minist\u00e9rio P\u00fablico prop\u00f5e tr\u00eas anos em regime fechado, j\u00e1 cumpridos quase seis meses da pena. Se a proposta for aceite, o jovem ficar\u00e1 em regime fechado durante tr\u00eas anos. Depois, dever\u00e1 ser entregue ao pai, sem apoio nem ajudas, voltando \u00e0 casa onde cometeu o crime. O acompanhamento psiqui\u00e1trico terminar\u00e1 conforme o plano.\" \/>\n<meta property=\"og:url\" content=\"https:\/\/portaltela.pt\/noticias\/2026\/03\/24\/filho-que-matou-vereadora-de-vagos-arrisca-tres-anos-em-regime-fechado\/\" \/>\n<meta property=\"og:site_name\" content=\"Portal Tela Portugal\" \/>\n<meta property=\"article:published_time\" content=\"2026-03-25T01:30:00+00:00\" \/>\n<meta name=\"author\" content=\"Telinha\" \/>\n<meta name=\"twitter:card\" content=\"summary_large_image\" \/>\n<meta name=\"twitter:label1\" content=\"Escrito por\" \/>\n\t<meta name=\"twitter:data1\" content=\"Telinha\" \/>\n\t<meta name=\"twitter:label2\" content=\"Tempo estimado de leitura\" \/>\n\t<meta name=\"twitter:data2\" content=\"1 minuto\" \/>\n<script type=\"application\/ld+json\" class=\"yoast-schema-graph\">{\"@context\":\"https:\/\/schema.org\",\"@graph\":[{\"@type\":\"Article\",\"@id\":\"https:\/\/portaltela.pt\/noticias\/2026\/03\/24\/filho-que-matou-vereadora-de-vagos-arrisca-tres-anos-em-regime-fechado\/#article\",\"isPartOf\":{\"@id\":\"https:\/\/portaltela.pt\/noticias\/2026\/03\/24\/filho-que-matou-vereadora-de-vagos-arrisca-tres-anos-em-regime-fechado\/\"},\"author\":{\"name\":\"Telinha\",\"@id\":\"https:\/\/portaltela.pt\/#\/schema\/person\/c4278d4a6028830caff9ee44b42d32ed\"},\"headline\":\"Filho que matou vereadora de Vagos arrisca tr\u00eas anos em regime fechado\",\"datePublished\":\"2026-03-25T01:30:00+00:00\",\"mainEntityOfPage\":{\"@id\":\"https:\/\/portaltela.pt\/noticias\/2026\/03\/24\/filho-que-matou-vereadora-de-vagos-arrisca-tres-anos-em-regime-fechado\/\"},\"wordCount\":192,\"image\":{\"@id\":\"https:\/\/portaltela.pt\/noticias\/2026\/03\/24\/filho-que-matou-vereadora-de-vagos-arrisca-tres-anos-em-regime-fechado\/#primaryimage\"},\"thumbnailUrl\":\"https:\/\/portaltela.pt\/s.01k8rhncp4jt1\/2026\/03\/img_1280x721uu2026-03-18-17-59-17-2273237-im-639099909762831070.jpg\",\"keywords\":[\"homic\u00eddio\",\"menores\",\"Tribunais\",\"Vagos\",\"viol\u00eancia\",\"viol\u00eancia de menor dependente ou em situa\u00e7\u00e3o vulner\u00e1vel\"],\"articleSection\":[\"Crime\",\"Justi\u00e7a\"],\"inLanguage\":\"pt-PT\"},{\"@type\":\"WebPage\",\"@id\":\"https:\/\/portaltela.pt\/noticias\/2026\/03\/24\/filho-que-matou-vereadora-de-vagos-arrisca-tres-anos-em-regime-fechado\/\",\"url\":\"https:\/\/portaltela.pt\/noticias\/2026\/03\/24\/filho-que-matou-vereadora-de-vagos-arrisca-tres-anos-em-regime-fechado\/\",\"name\":\"Filho que matou vereadora de Vagos arrisca tr\u00eas anos em regime fechado - Portal Tela Portugal\",\"isPartOf\":{\"@id\":\"https:\/\/portaltela.pt\/#website\"},\"primaryImageOfPage\":{\"@id\":\"https:\/\/portaltela.pt\/noticias\/2026\/03\/24\/filho-que-matou-vereadora-de-vagos-arrisca-tres-anos-em-regime-fechado\/#primaryimage\"},\"image\":{\"@id\":\"https:\/\/portaltela.pt\/noticias\/2026\/03\/24\/filho-que-matou-vereadora-de-vagos-arrisca-tres-anos-em-regime-fechado\/#primaryimage\"},\"thumbnailUrl\":\"https:\/\/portaltela.pt\/s.01k8rhncp4jt1\/2026\/03\/img_1280x721uu2026-03-18-17-59-17-2273237-im-639099909762831070.jpg\",\"datePublished\":\"2026-03-25T01:30:00+00:00\",\"author\":{\"@id\":\"https:\/\/portaltela.pt\/#\/schema\/person\/c4278d4a6028830caff9ee44b42d32ed\"},\"breadcrumb\":{\"@id\":\"https:\/\/portaltela.pt\/noticias\/2026\/03\/24\/filho-que-matou-vereadora-de-vagos-arrisca-tres-anos-em-regime-fechado\/#breadcrumb\"},\"inLanguage\":\"pt-PT\",\"potentialAction\":[{\"@type\":\"ReadAction\",\"target\":[\"https:\/\/portaltela.pt\/noticias\/2026\/03\/24\/filho-que-matou-vereadora-de-vagos-arrisca-tres-anos-em-regime-fechado\/\"]}]},{\"@type\":\"ImageObject\",\"inLanguage\":\"pt-PT\",\"@id\":\"https:\/\/portaltela.pt\/noticias\/2026\/03\/24\/filho-que-matou-vereadora-de-vagos-arrisca-tres-anos-em-regime-fechado\/#primaryimage\",\"url\":\"https:\/\/portaltela.pt\/s.01k8rhncp4jt1\/2026\/03\/img_1280x721uu2026-03-18-17-59-17-2273237-im-639099909762831070.jpg\",\"contentUrl\":\"https:\/\/portaltela.pt\/s.01k8rhncp4jt1\/2026\/03\/img_1280x721uu2026-03-18-17-59-17-2273237-im-639099909762831070.jpg\",\"width\":796,\"height\":448,\"caption\":\"Susana Gravato tinha 49 anos\"},{\"@type\":\"BreadcrumbList\",\"@id\":\"https:\/\/portaltela.pt\/noticias\/2026\/03\/24\/filho-que-matou-vereadora-de-vagos-arrisca-tres-anos-em-regime-fechado\/#breadcrumb\",\"itemListElement\":[{\"@type\":\"ListItem\",\"position\":1,\"name\":\"In\u00edcio\",\"item\":\"https:\/\/portaltela.pt\/\"},{\"@type\":\"ListItem\",\"position\":2,\"name\":\"Filho que matou vereadora de Vagos arrisca tr\u00eas anos em regime fechado\"}]},{\"@type\":\"WebSite\",\"@id\":\"https:\/\/portaltela.pt\/#website\",\"url\":\"https:\/\/portaltela.pt\/\",\"name\":\"Portal Tela Portugal\",\"description\":\"\",\"potentialAction\":[{\"@type\":\"SearchAction\",\"target\":{\"@type\":\"EntryPoint\",\"urlTemplate\":\"https:\/\/portaltela.pt\/?s={search_term_string}\"},\"query-input\":{\"@type\":\"PropertyValueSpecification\",\"valueRequired\":true,\"valueName\":\"search_term_string\"}}],\"inLanguage\":\"pt-PT\"},{\"@type\":\"Person\",\"@id\":\"https:\/\/portaltela.pt\/#\/schema\/person\/c4278d4a6028830caff9ee44b42d32ed\",\"name\":\"Telinha\",\"image\":{\"@type\":\"ImageObject\",\"inLanguage\":\"pt-PT\",\"@id\":\"https:\/\/portaltela.pt\/s.01k8rhncp4jt1\/2025\/11\/talking-bot-125x125.png\",\"url\":\"https:\/\/portaltela.pt\/s.01k8rhncp4jt1\/2025\/11\/talking-bot-125x125.png\",\"contentUrl\":\"https:\/\/portaltela.pt\/s.01k8rhncp4jt1\/2025\/11\/talking-bot-125x125.png\",\"caption\":\"Telinha\"},\"sameAs\":[\"https:\/\/portaltela.pt\/\"],\"url\":\"https:\/\/portaltela.pt\/por\/367410592786\/\"}]}<\/script>\n<!-- \/ Yoast SEO plugin. -->","yoast_head_json":{"title":"Filho que matou vereadora de Vagos arrisca tr\u00eas anos em regime fechado - Portal Tela Portugal","robots":{"index":"index","follow":"follow","max-snippet":"max-snippet:-1","max-image-preview":"max-image-preview:large","max-video-preview":"max-video-preview:-1"},"og_locale":"pt_PT","og_type":"article","og_title":"Filho que matou vereadora de Vagos arrisca tr\u00eas anos em regime fechado - Portal Tela Portugal","og_description":"O menor que matou a vereadora Susana Gravato, da C\u00e2mara de Vagos, com a arma que roubou ao pai, dever\u00e1 ser julgado esta quarta-feira. O Minist\u00e9rio P\u00fablico prop\u00f5e tr\u00eas anos em regime fechado, j\u00e1 cumpridos quase seis meses da pena. Se a proposta for aceite, o jovem ficar\u00e1 em regime fechado durante tr\u00eas anos. Depois, dever\u00e1 ser entregue ao pai, sem apoio nem ajudas, voltando \u00e0 casa onde cometeu o crime. O acompanhamento psiqui\u00e1trico terminar\u00e1 conforme o plano.","og_url":"https:\/\/portaltela.pt\/noticias\/2026\/03\/24\/filho-que-matou-vereadora-de-vagos-arrisca-tres-anos-em-regime-fechado\/","og_site_name":"Portal Tela Portugal","article_published_time":"2026-03-25T01:30:00+00:00","author":"Telinha","twitter_card":"summary_large_image","twitter_misc":{"Escrito por":"Telinha","Tempo estimado de leitura":"1 minuto"},"schema":{"@context":"https:\/\/schema.org","@graph":[{"@type":"Article","@id":"https:\/\/portaltela.pt\/noticias\/2026\/03\/24\/filho-que-matou-vereadora-de-vagos-arrisca-tres-anos-em-regime-fechado\/#article","isPartOf":{"@id":"https:\/\/portaltela.pt\/noticias\/2026\/03\/24\/filho-que-matou-vereadora-de-vagos-arrisca-tres-anos-em-regime-fechado\/"},"author":{"name":"Telinha","@id":"https:\/\/portaltela.pt\/#\/schema\/person\/c4278d4a6028830caff9ee44b42d32ed"},"headline":"Filho que matou vereadora de Vagos arrisca tr\u00eas anos em regime fechado","datePublished":"2026-03-25T01:30:00+00:00","mainEntityOfPage":{"@id":"https:\/\/portaltela.pt\/noticias\/2026\/03\/24\/filho-que-matou-vereadora-de-vagos-arrisca-tres-anos-em-regime-fechado\/"},"wordCount":192,"image":{"@id":"https:\/\/portaltela.pt\/noticias\/2026\/03\/24\/filho-que-matou-vereadora-de-vagos-arrisca-tres-anos-em-regime-fechado\/#primaryimage"},"thumbnailUrl":"https:\/\/portaltela.pt\/s.01k8rhncp4jt1\/2026\/03\/img_1280x721uu2026-03-18-17-59-17-2273237-im-639099909762831070.jpg","keywords":["homic\u00eddio","menores","Tribunais","Vagos","viol\u00eancia","viol\u00eancia de menor dependente ou em situa\u00e7\u00e3o vulner\u00e1vel"],"articleSection":["Crime","Justi\u00e7a"],"inLanguage":"pt-PT"},{"@type":"WebPage","@id":"https:\/\/portaltela.pt\/noticias\/2026\/03\/24\/filho-que-matou-vereadora-de-vagos-arrisca-tres-anos-em-regime-fechado\/","url":"https:\/\/portaltela.pt\/noticias\/2026\/03\/24\/filho-que-matou-vereadora-de-vagos-arrisca-tres-anos-em-regime-fechado\/","name":"Filho que matou vereadora de Vagos arrisca tr\u00eas anos em regime fechado - Portal Tela Portugal","isPartOf":{"@id":"https:\/\/portaltela.pt\/#website"},"primaryImageOfPage":{"@id":"https:\/\/portaltela.pt\/noticias\/2026\/03\/24\/filho-que-matou-vereadora-de-vagos-arrisca-tres-anos-em-regime-fechado\/#primaryimage"},"image":{"@id":"https:\/\/portaltela.pt\/noticias\/2026\/03\/24\/filho-que-matou-vereadora-de-vagos-arrisca-tres-anos-em-regime-fechado\/#primaryimage"},"thumbnailUrl":"https:\/\/portaltela.pt\/s.01k8rhncp4jt1\/2026\/03\/img_1280x721uu2026-03-18-17-59-17-2273237-im-639099909762831070.jpg","datePublished":"2026-03-25T01:30:00+00:00","author":{"@id":"https:\/\/portaltela.pt\/#\/schema\/person\/c4278d4a6028830caff9ee44b42d32ed"},"breadcrumb":{"@id":"https:\/\/portaltela.pt\/noticias\/2026\/03\/24\/filho-que-matou-vereadora-de-vagos-arrisca-tres-anos-em-regime-fechado\/#breadcrumb"},"inLanguage":"pt-PT","potentialAction":[{"@type":"ReadAction","target":["https:\/\/portaltela.pt\/noticias\/2026\/03\/24\/filho-que-matou-vereadora-de-vagos-arrisca-tres-anos-em-regime-fechado\/"]}]},{"@type":"ImageObject","inLanguage":"pt-PT","@id":"https:\/\/portaltela.pt\/noticias\/2026\/03\/24\/filho-que-matou-vereadora-de-vagos-arrisca-tres-anos-em-regime-fechado\/#primaryimage","url":"https:\/\/portaltela.pt\/s.01k8rhncp4jt1\/2026\/03\/img_1280x721uu2026-03-18-17-59-17-2273237-im-639099909762831070.jpg","contentUrl":"https:\/\/portaltela.pt\/s.01k8rhncp4jt1\/2026\/03\/img_1280x721uu2026-03-18-17-59-17-2273237-im-639099909762831070.jpg","width":796,"height":448,"caption":"Susana Gravato tinha 49 anos"},{"@type":"BreadcrumbList","@id":"https:\/\/portaltela.pt\/noticias\/2026\/03\/24\/filho-que-matou-vereadora-de-vagos-arrisca-tres-anos-em-regime-fechado\/#breadcrumb","itemListElement":[{"@type":"ListItem","position":1,"name":"In\u00edcio","item":"https:\/\/portaltela.pt\/"},{"@type":"ListItem","position":2,"name":"Filho que matou vereadora de Vagos arrisca tr\u00eas anos em regime fechado"}]},{"@type":"WebSite","@id":"https:\/\/portaltela.pt\/#website","url":"https:\/\/portaltela.pt\/","name":"Portal Tela Portugal","description":"","potentialAction":[{"@type":"SearchAction","target":{"@type":"EntryPoint","urlTemplate":"https:\/\/portaltela.pt\/?s={search_term_string}"},"query-input":{"@type":"PropertyValueSpecification","valueRequired":true,"valueName":"search_term_string"}}],"inLanguage":"pt-PT"},{"@type":"Person","@id":"https:\/\/portaltela.pt\/#\/schema\/person\/c4278d4a6028830caff9ee44b42d32ed","name":"Telinha","image":{"@type":"ImageObject","inLanguage":"pt-PT","@id":"https:\/\/portaltela.pt\/s.01k8rhncp4jt1\/2025\/11\/talking-bot-125x125.png","url":"https:\/\/portaltela.pt\/s.01k8rhncp4jt1\/2025\/11\/talking-bot-125x125.png","contentUrl":"https:\/\/portaltela.pt\/s.01k8rhncp4jt1\/2025\/11\/talking-bot-125x125.png","caption":"Telinha"},"sameAs":["https:\/\/portaltela.pt\/"],"url":"https:\/\/portaltela.pt\/por\/367410592786\/"}]}},"_links":{"self":[{"href":"https:\/\/portaltela.pt\/api\/wp\/v2\/posts\/420317","targetHints":{"allow":["GET"]}}],"collection":[{"href":"https:\/\/portaltela.pt\/api\/wp\/v2\/posts"}],"about":[{"href":"https:\/\/portaltela.pt\/api\/wp\/v2\/types\/post"}],"author":[{"embeddable":true,"href":"https:\/\/portaltela.pt\/api\/wp\/v2\/users\/2"}],"replies":[{"embeddable":true,"href":"https:\/\/portaltela.pt\/api\/wp\/v2\/comments?post=420317"}],"version-history":[{"count":0,"href":"https:\/\/portaltela.pt\/api\/wp\/v2\/posts\/420317\/revisions"}],"wp:featuredmedia":[{"embeddable":true,"href":"https:\/\/portaltela.pt\/api\/wp\/v2\/media\/420323"}],"wp:attachment":[{"href":"https:\/\/portaltela.pt\/api\/wp\/v2\/media?parent=420317"}],"wp:term":[{"taxonomy":"category","embeddable":true,"href":"https:\/\/portaltela.pt\/api\/wp\/v2\/categories?post=420317"},{"taxonomy":"post_tag","embeddable":true,"href":"https:\/\/portaltela.pt\/api\/wp\/v2\/tags?post=420317"}],"curies":[{"name":"wp","href":"https:\/\/api.w.org\/{rel}","templated":true}]}}