{"id":420303,"date":"2026-03-24T22:30:00","date_gmt":"2026-03-25T01:30:00","guid":{"rendered":"https:\/\/portaltela.pt\/noticias\/2026\/03\/24\/filho-com-esquizofrenia-que-matou-a-mae-na-madeira-ja-tinha-estado-internado\/"},"modified":"2026-03-24T22:30:00","modified_gmt":"2026-03-25T01:30:00","slug":"filho-com-esquizofrenia-que-matou-a-mae-na-madeira-ja-tinha-estado-internado","status":"publish","type":"post","link":"https:\/\/portaltela.pt\/policia\/2026\/03\/24\/filho-com-esquizofrenia-que-matou-a-mae-na-madeira-ja-tinha-estado-internado\/","title":{"rendered":"Filho com esquizofrenia que matou a m\u00e3e na Madeira j\u00e1 tinha estado internado"},"content":{"rendered":"<p>Um homem de 36 anos, portador de esquizofrenia e consumidor de drogas, \u00e9 o suspeito de ter assassinado a m\u00e3e, uma enfermeira reformada de 64 anos, em Machico, Madeira. O crime ocorreu na tarde de segunda-feira, numa moradia do bairro de moradias, e a v\u00edtima foi encontrada j\u00e1 sem vida no interior da casa.<\/p>\n<p>Segundo informa\u00e7\u00f5es, a sa\u00fade mental do suspeito j\u00e1 tinha requerido internamentos ao longo dos anos. O jovem, que n\u00e3o tinha emprego recente e vivia com a m\u00e3e, tinha apenas um curso profissional. A irm\u00e3 da v\u00edtima trabalha na secretaria regional de educa\u00e7\u00e3o.<\/p>\n<p>Pelas 16h00 de segunda-feira, a PSP recebeu uma den\u00fancia an\u00f3nima sobre viol\u00eancia dom\u00e9stica. Ao chegar ao local, a pol\u00edcia encontrou o ve\u00edculo da m\u00e3e \u00e0 porta e o corpo da mulher no interior da resid\u00eancia, com sinais de ferimentos graves. O agressor ter\u00e1 abandonado o local com a arma do crime.<\/p>\n<p>A investiga\u00e7\u00e3o ficou a cargo da Pol\u00edcia Judici\u00e1ria da Madeira, que continua a procurar o suspeito. As autoridades n\u00e3o avan\u00e7aram com informa\u00e7\u00f5es sobre motiva\u00e7\u00f5es ou eventuais c\u00famplices, limitando-se a confirmar a identifica\u00e7\u00e3o do principal suspeito e a continuidade das dilig\u00eancias.<\/p>\n","protected":false},"excerpt":{"rendered":"<ul>\n<li>Um homem de 36 anos, portador de esquizofrenia e consumidor de drogas, \u00e9 o \u00fanico suspeito do homic\u00eddio da pr\u00f3pria m\u00e3e, enfermeira reformada de 64 anos, em Machico, Madeira.<\/li>\n<li>A v\u00edtima, Maria da Concei\u00e7\u00e3o Santos, foi encontrada morta na sua resid\u00eancia, com v\u00e1rias facadas, durante a tarde de segunda-feira; o corpo estava em casa e o agressor abandonou o local com a arma.<\/li>\n<li>O suspeito, Jo\u00e3o Silva, ainda estava a monte na ter\u00e7a-feira \u00e0 tarde, enquanto a Pol\u00edcia Judici\u00e1ria da Madeira assumia a investiga\u00e7\u00e3o e a localiza\u00e7\u00e3o do suspeito.<\/li>\n<li>A sa\u00fade mental do suspeito j\u00e1 tinha dado sinais de problemas ao longo de v\u00e1rios anos; tinha j\u00e1 estado internado numa casa de sa\u00fade e n\u00e3o teve emprego recentemente.<\/li>\n<li>A ocorr\u00eancia foi comunicada \u00e0 PSP de Machico \u00e0s 16h00 de segunda-feira, numa \u00e1rea de habita\u00e7\u00e3o, e a investiga\u00e7\u00e3o est\u00e1 a cargo da Pol\u00edcia Judici\u00e1ria.<\/li>\n<\/ul>\n","protected":false},"author":2,"featured_media":420312,"comment_status":"closed","ping_status":"closed","sticky":false,"template":"","format":"standard","meta":{"footnotes":""},"categories":[6907,6781],"tags":[147,1283,859,1802,55,214],"class_list":["post-420303","post","type-post","status-publish","format-standard","has-post-thumbnail","hentry","category-crime","category-policia","tag-crime","tag-machico","tag-madeira","tag-policia-judiciaria","tag-saude-mental","tag-violencia-domestica"],"yoast_head":"<!-- This site is optimized with the Yoast SEO plugin v27.2 - https:\/\/yoast.com\/product\/yoast-seo-wordpress\/ -->\n<title>Filho com esquizofrenia que matou a m\u00e3e na Madeira j\u00e1 tinha estado internado - Portal Tela Portugal<\/title>\n<meta name=\"robots\" content=\"index, follow, max-snippet:-1, max-image-preview:large, max-video-preview:-1\" \/>\n<meta property=\"og:locale\" content=\"pt_PT\" \/>\n<meta property=\"og:type\" content=\"article\" \/>\n<meta property=\"og:title\" content=\"Filho com esquizofrenia que matou a m\u00e3e na Madeira j\u00e1 tinha estado internado - Portal Tela Portugal\" \/>\n<meta property=\"og:description\" content=\"Um homem de 36 anos, portador de esquizofrenia e consumidor de drogas, \u00e9 o \u00fanico suspeito do homic\u00eddio da pr\u00f3pria m\u00e3e, enfermeira reformada de 64 anos, em Machico, Madeira. A v\u00edtima, Maria da Concei\u00e7\u00e3o Santos, foi encontrada morta na sua resid\u00eancia, com v\u00e1rias facadas, durante a tarde de segunda-feira; o corpo estava em casa e o agressor abandonou o local com a arma. O suspeito, Jo\u00e3o Silva, ainda estava a monte na ter\u00e7a-feira \u00e0 tarde, enquanto a Pol\u00edcia Judici\u00e1ria da Madeira assumia a investiga\u00e7\u00e3o e a localiza\u00e7\u00e3o do suspeito. A sa\u00fade mental do suspeito j\u00e1 tinha dado sinais de problemas ao longo de v\u00e1rios anos; tinha j\u00e1 estado internado numa casa de sa\u00fade e n\u00e3o teve emprego recentemente. A ocorr\u00eancia foi comunicada \u00e0 PSP de Machico \u00e0s 16h00 de segunda-feira, numa \u00e1rea de habita\u00e7\u00e3o, e a investiga\u00e7\u00e3o est\u00e1 a cargo da Pol\u00edcia Judici\u00e1ria.\" \/>\n<meta property=\"og:url\" content=\"https:\/\/portaltela.pt\/noticias\/2026\/03\/24\/filho-com-esquizofrenia-que-matou-a-mae-na-madeira-ja-tinha-estado-internado\/\" \/>\n<meta property=\"og:site_name\" content=\"Portal Tela Portugal\" \/>\n<meta property=\"article:published_time\" content=\"2026-03-25T01:30:00+00:00\" \/>\n<meta name=\"author\" content=\"Telinha\" \/>\n<meta name=\"twitter:card\" content=\"summary_large_image\" \/>\n<meta name=\"twitter:label1\" content=\"Escrito por\" \/>\n\t<meta name=\"twitter:data1\" content=\"Telinha\" \/>\n\t<meta name=\"twitter:label2\" content=\"Tempo estimado de leitura\" \/>\n\t<meta name=\"twitter:data2\" content=\"1 minuto\" \/>\n<script type=\"application\/ld+json\" class=\"yoast-schema-graph\">{\"@context\":\"https:\/\/schema.org\",\"@graph\":[{\"@type\":\"Article\",\"@id\":\"https:\/\/portaltela.pt\/noticias\/2026\/03\/24\/filho-com-esquizofrenia-que-matou-a-mae-na-madeira-ja-tinha-estado-internado\/#article\",\"isPartOf\":{\"@id\":\"https:\/\/portaltela.pt\/noticias\/2026\/03\/24\/filho-com-esquizofrenia-que-matou-a-mae-na-madeira-ja-tinha-estado-internado\/\"},\"author\":{\"name\":\"Telinha\",\"@id\":\"https:\/\/portaltela.pt\/#\/schema\/person\/c4278d4a6028830caff9ee44b42d32ed\"},\"headline\":\"Filho com esquizofrenia que matou a m\u00e3e na Madeira j\u00e1 tinha estado internado\",\"datePublished\":\"2026-03-25T01:30:00+00:00\",\"mainEntityOfPage\":{\"@id\":\"https:\/\/portaltela.pt\/noticias\/2026\/03\/24\/filho-com-esquizofrenia-que-matou-a-mae-na-madeira-ja-tinha-estado-internado\/\"},\"wordCount\":223,\"image\":{\"@id\":\"https:\/\/portaltela.pt\/noticias\/2026\/03\/24\/filho-com-esquizofrenia-que-matou-a-mae-na-madeira-ja-tinha-estado-internado\/#primaryimage\"},\"thumbnailUrl\":\"https:\/\/portaltela.pt\/s.01k8rhncp4jt1\/2026\/03\/img_1280x721uu2026-03-24-14-45-07-2274520.jpg\",\"keywords\":[\"crime\",\"Machico\",\"Madeira\",\"Pol\u00edcia Judici\u00e1ria\",\"sa\u00fade mental\",\"viol\u00eancia dom\u00e9stica\"],\"articleSection\":[\"Crime\",\"Pol\u00edcia\"],\"inLanguage\":\"pt-PT\"},{\"@type\":\"WebPage\",\"@id\":\"https:\/\/portaltela.pt\/noticias\/2026\/03\/24\/filho-com-esquizofrenia-que-matou-a-mae-na-madeira-ja-tinha-estado-internado\/\",\"url\":\"https:\/\/portaltela.pt\/noticias\/2026\/03\/24\/filho-com-esquizofrenia-que-matou-a-mae-na-madeira-ja-tinha-estado-internado\/\",\"name\":\"Filho com esquizofrenia que matou a m\u00e3e na Madeira j\u00e1 tinha estado internado - Portal Tela Portugal\",\"isPartOf\":{\"@id\":\"https:\/\/portaltela.pt\/#website\"},\"primaryImageOfPage\":{\"@id\":\"https:\/\/portaltela.pt\/noticias\/2026\/03\/24\/filho-com-esquizofrenia-que-matou-a-mae-na-madeira-ja-tinha-estado-internado\/#primaryimage\"},\"image\":{\"@id\":\"https:\/\/portaltela.pt\/noticias\/2026\/03\/24\/filho-com-esquizofrenia-que-matou-a-mae-na-madeira-ja-tinha-estado-internado\/#primaryimage\"},\"thumbnailUrl\":\"https:\/\/portaltela.pt\/s.01k8rhncp4jt1\/2026\/03\/img_1280x721uu2026-03-24-14-45-07-2274520.jpg\",\"datePublished\":\"2026-03-25T01:30:00+00:00\",\"author\":{\"@id\":\"https:\/\/portaltela.pt\/#\/schema\/person\/c4278d4a6028830caff9ee44b42d32ed\"},\"breadcrumb\":{\"@id\":\"https:\/\/portaltela.pt\/noticias\/2026\/03\/24\/filho-com-esquizofrenia-que-matou-a-mae-na-madeira-ja-tinha-estado-internado\/#breadcrumb\"},\"inLanguage\":\"pt-PT\",\"potentialAction\":[{\"@type\":\"ReadAction\",\"target\":[\"https:\/\/portaltela.pt\/noticias\/2026\/03\/24\/filho-com-esquizofrenia-que-matou-a-mae-na-madeira-ja-tinha-estado-internado\/\"]}]},{\"@type\":\"ImageObject\",\"inLanguage\":\"pt-PT\",\"@id\":\"https:\/\/portaltela.pt\/noticias\/2026\/03\/24\/filho-com-esquizofrenia-que-matou-a-mae-na-madeira-ja-tinha-estado-internado\/#primaryimage\",\"url\":\"https:\/\/portaltela.pt\/s.01k8rhncp4jt1\/2026\/03\/img_1280x721uu2026-03-24-14-45-07-2274520.jpg\",\"contentUrl\":\"https:\/\/portaltela.pt\/s.01k8rhncp4jt1\/2026\/03\/img_1280x721uu2026-03-24-14-45-07-2274520.jpg\",\"width\":796,\"height\":448,\"caption\":\"Enfermeira reformada encontrada morta na Madeira. Autoridades suspeitam de homic\u00eddio cometido pelo filho\"},{\"@type\":\"BreadcrumbList\",\"@id\":\"https:\/\/portaltela.pt\/noticias\/2026\/03\/24\/filho-com-esquizofrenia-que-matou-a-mae-na-madeira-ja-tinha-estado-internado\/#breadcrumb\",\"itemListElement\":[{\"@type\":\"ListItem\",\"position\":1,\"name\":\"In\u00edcio\",\"item\":\"https:\/\/portaltela.pt\/\"},{\"@type\":\"ListItem\",\"position\":2,\"name\":\"Filho com esquizofrenia que matou a m\u00e3e na Madeira j\u00e1 tinha estado internado\"}]},{\"@type\":\"WebSite\",\"@id\":\"https:\/\/portaltela.pt\/#website\",\"url\":\"https:\/\/portaltela.pt\/\",\"name\":\"Portal Tela Portugal\",\"description\":\"\",\"potentialAction\":[{\"@type\":\"SearchAction\",\"target\":{\"@type\":\"EntryPoint\",\"urlTemplate\":\"https:\/\/portaltela.pt\/?s={search_term_string}\"},\"query-input\":{\"@type\":\"PropertyValueSpecification\",\"valueRequired\":true,\"valueName\":\"search_term_string\"}}],\"inLanguage\":\"pt-PT\"},{\"@type\":\"Person\",\"@id\":\"https:\/\/portaltela.pt\/#\/schema\/person\/c4278d4a6028830caff9ee44b42d32ed\",\"name\":\"Telinha\",\"image\":{\"@type\":\"ImageObject\",\"inLanguage\":\"pt-PT\",\"@id\":\"https:\/\/portaltela.pt\/s.01k8rhncp4jt1\/2025\/11\/talking-bot-125x125.png\",\"url\":\"https:\/\/portaltela.pt\/s.01k8rhncp4jt1\/2025\/11\/talking-bot-125x125.png\",\"contentUrl\":\"https:\/\/portaltela.pt\/s.01k8rhncp4jt1\/2025\/11\/talking-bot-125x125.png\",\"caption\":\"Telinha\"},\"sameAs\":[\"https:\/\/portaltela.pt\/\"],\"url\":\"https:\/\/portaltela.pt\/por\/367410592786\/\"}]}<\/script>\n<!-- \/ Yoast SEO plugin. -->","yoast_head_json":{"title":"Filho com esquizofrenia que matou a m\u00e3e na Madeira j\u00e1 tinha estado internado - Portal Tela Portugal","robots":{"index":"index","follow":"follow","max-snippet":"max-snippet:-1","max-image-preview":"max-image-preview:large","max-video-preview":"max-video-preview:-1"},"og_locale":"pt_PT","og_type":"article","og_title":"Filho com esquizofrenia que matou a m\u00e3e na Madeira j\u00e1 tinha estado internado - Portal Tela Portugal","og_description":"Um homem de 36 anos, portador de esquizofrenia e consumidor de drogas, \u00e9 o \u00fanico suspeito do homic\u00eddio da pr\u00f3pria m\u00e3e, enfermeira reformada de 64 anos, em Machico, Madeira. A v\u00edtima, Maria da Concei\u00e7\u00e3o Santos, foi encontrada morta na sua resid\u00eancia, com v\u00e1rias facadas, durante a tarde de segunda-feira; o corpo estava em casa e o agressor abandonou o local com a arma. O suspeito, Jo\u00e3o Silva, ainda estava a monte na ter\u00e7a-feira \u00e0 tarde, enquanto a Pol\u00edcia Judici\u00e1ria da Madeira assumia a investiga\u00e7\u00e3o e a localiza\u00e7\u00e3o do suspeito. A sa\u00fade mental do suspeito j\u00e1 tinha dado sinais de problemas ao longo de v\u00e1rios anos; tinha j\u00e1 estado internado numa casa de sa\u00fade e n\u00e3o teve emprego recentemente. A ocorr\u00eancia foi comunicada \u00e0 PSP de Machico \u00e0s 16h00 de segunda-feira, numa \u00e1rea de habita\u00e7\u00e3o, e a investiga\u00e7\u00e3o est\u00e1 a cargo da Pol\u00edcia Judici\u00e1ria.","og_url":"https:\/\/portaltela.pt\/noticias\/2026\/03\/24\/filho-com-esquizofrenia-que-matou-a-mae-na-madeira-ja-tinha-estado-internado\/","og_site_name":"Portal Tela Portugal","article_published_time":"2026-03-25T01:30:00+00:00","author":"Telinha","twitter_card":"summary_large_image","twitter_misc":{"Escrito por":"Telinha","Tempo estimado de leitura":"1 minuto"},"schema":{"@context":"https:\/\/schema.org","@graph":[{"@type":"Article","@id":"https:\/\/portaltela.pt\/noticias\/2026\/03\/24\/filho-com-esquizofrenia-que-matou-a-mae-na-madeira-ja-tinha-estado-internado\/#article","isPartOf":{"@id":"https:\/\/portaltela.pt\/noticias\/2026\/03\/24\/filho-com-esquizofrenia-que-matou-a-mae-na-madeira-ja-tinha-estado-internado\/"},"author":{"name":"Telinha","@id":"https:\/\/portaltela.pt\/#\/schema\/person\/c4278d4a6028830caff9ee44b42d32ed"},"headline":"Filho com esquizofrenia que matou a m\u00e3e na Madeira j\u00e1 tinha estado internado","datePublished":"2026-03-25T01:30:00+00:00","mainEntityOfPage":{"@id":"https:\/\/portaltela.pt\/noticias\/2026\/03\/24\/filho-com-esquizofrenia-que-matou-a-mae-na-madeira-ja-tinha-estado-internado\/"},"wordCount":223,"image":{"@id":"https:\/\/portaltela.pt\/noticias\/2026\/03\/24\/filho-com-esquizofrenia-que-matou-a-mae-na-madeira-ja-tinha-estado-internado\/#primaryimage"},"thumbnailUrl":"https:\/\/portaltela.pt\/s.01k8rhncp4jt1\/2026\/03\/img_1280x721uu2026-03-24-14-45-07-2274520.jpg","keywords":["crime","Machico","Madeira","Pol\u00edcia Judici\u00e1ria","sa\u00fade mental","viol\u00eancia dom\u00e9stica"],"articleSection":["Crime","Pol\u00edcia"],"inLanguage":"pt-PT"},{"@type":"WebPage","@id":"https:\/\/portaltela.pt\/noticias\/2026\/03\/24\/filho-com-esquizofrenia-que-matou-a-mae-na-madeira-ja-tinha-estado-internado\/","url":"https:\/\/portaltela.pt\/noticias\/2026\/03\/24\/filho-com-esquizofrenia-que-matou-a-mae-na-madeira-ja-tinha-estado-internado\/","name":"Filho com esquizofrenia que matou a m\u00e3e na Madeira j\u00e1 tinha estado internado - Portal Tela Portugal","isPartOf":{"@id":"https:\/\/portaltela.pt\/#website"},"primaryImageOfPage":{"@id":"https:\/\/portaltela.pt\/noticias\/2026\/03\/24\/filho-com-esquizofrenia-que-matou-a-mae-na-madeira-ja-tinha-estado-internado\/#primaryimage"},"image":{"@id":"https:\/\/portaltela.pt\/noticias\/2026\/03\/24\/filho-com-esquizofrenia-que-matou-a-mae-na-madeira-ja-tinha-estado-internado\/#primaryimage"},"thumbnailUrl":"https:\/\/portaltela.pt\/s.01k8rhncp4jt1\/2026\/03\/img_1280x721uu2026-03-24-14-45-07-2274520.jpg","datePublished":"2026-03-25T01:30:00+00:00","author":{"@id":"https:\/\/portaltela.pt\/#\/schema\/person\/c4278d4a6028830caff9ee44b42d32ed"},"breadcrumb":{"@id":"https:\/\/portaltela.pt\/noticias\/2026\/03\/24\/filho-com-esquizofrenia-que-matou-a-mae-na-madeira-ja-tinha-estado-internado\/#breadcrumb"},"inLanguage":"pt-PT","potentialAction":[{"@type":"ReadAction","target":["https:\/\/portaltela.pt\/noticias\/2026\/03\/24\/filho-com-esquizofrenia-que-matou-a-mae-na-madeira-ja-tinha-estado-internado\/"]}]},{"@type":"ImageObject","inLanguage":"pt-PT","@id":"https:\/\/portaltela.pt\/noticias\/2026\/03\/24\/filho-com-esquizofrenia-que-matou-a-mae-na-madeira-ja-tinha-estado-internado\/#primaryimage","url":"https:\/\/portaltela.pt\/s.01k8rhncp4jt1\/2026\/03\/img_1280x721uu2026-03-24-14-45-07-2274520.jpg","contentUrl":"https:\/\/portaltela.pt\/s.01k8rhncp4jt1\/2026\/03\/img_1280x721uu2026-03-24-14-45-07-2274520.jpg","width":796,"height":448,"caption":"Enfermeira reformada encontrada morta na Madeira. Autoridades suspeitam de homic\u00eddio cometido pelo filho"},{"@type":"BreadcrumbList","@id":"https:\/\/portaltela.pt\/noticias\/2026\/03\/24\/filho-com-esquizofrenia-que-matou-a-mae-na-madeira-ja-tinha-estado-internado\/#breadcrumb","itemListElement":[{"@type":"ListItem","position":1,"name":"In\u00edcio","item":"https:\/\/portaltela.pt\/"},{"@type":"ListItem","position":2,"name":"Filho com esquizofrenia que matou a m\u00e3e na Madeira j\u00e1 tinha estado internado"}]},{"@type":"WebSite","@id":"https:\/\/portaltela.pt\/#website","url":"https:\/\/portaltela.pt\/","name":"Portal Tela Portugal","description":"","potentialAction":[{"@type":"SearchAction","target":{"@type":"EntryPoint","urlTemplate":"https:\/\/portaltela.pt\/?s={search_term_string}"},"query-input":{"@type":"PropertyValueSpecification","valueRequired":true,"valueName":"search_term_string"}}],"inLanguage":"pt-PT"},{"@type":"Person","@id":"https:\/\/portaltela.pt\/#\/schema\/person\/c4278d4a6028830caff9ee44b42d32ed","name":"Telinha","image":{"@type":"ImageObject","inLanguage":"pt-PT","@id":"https:\/\/portaltela.pt\/s.01k8rhncp4jt1\/2025\/11\/talking-bot-125x125.png","url":"https:\/\/portaltela.pt\/s.01k8rhncp4jt1\/2025\/11\/talking-bot-125x125.png","contentUrl":"https:\/\/portaltela.pt\/s.01k8rhncp4jt1\/2025\/11\/talking-bot-125x125.png","caption":"Telinha"},"sameAs":["https:\/\/portaltela.pt\/"],"url":"https:\/\/portaltela.pt\/por\/367410592786\/"}]}},"_links":{"self":[{"href":"https:\/\/portaltela.pt\/api\/wp\/v2\/posts\/420303","targetHints":{"allow":["GET"]}}],"collection":[{"href":"https:\/\/portaltela.pt\/api\/wp\/v2\/posts"}],"about":[{"href":"https:\/\/portaltela.pt\/api\/wp\/v2\/types\/post"}],"author":[{"embeddable":true,"href":"https:\/\/portaltela.pt\/api\/wp\/v2\/users\/2"}],"replies":[{"embeddable":true,"href":"https:\/\/portaltela.pt\/api\/wp\/v2\/comments?post=420303"}],"version-history":[{"count":0,"href":"https:\/\/portaltela.pt\/api\/wp\/v2\/posts\/420303\/revisions"}],"wp:featuredmedia":[{"embeddable":true,"href":"https:\/\/portaltela.pt\/api\/wp\/v2\/media\/420312"}],"wp:attachment":[{"href":"https:\/\/portaltela.pt\/api\/wp\/v2\/media?parent=420303"}],"wp:term":[{"taxonomy":"category","embeddable":true,"href":"https:\/\/portaltela.pt\/api\/wp\/v2\/categories?post=420303"},{"taxonomy":"post_tag","embeddable":true,"href":"https:\/\/portaltela.pt\/api\/wp\/v2\/tags?post=420303"}],"curies":[{"name":"wp","href":"https:\/\/api.w.org\/{rel}","templated":true}]}}