{"id":420272,"date":"2026-03-24T21:20:00","date_gmt":"2026-03-25T00:20:00","guid":{"rendered":"https:\/\/portaltela.pt\/noticias\/2026\/03\/24\/justica-cega-mas-nao-estupida-tribunal-decide-com-base-legal\/"},"modified":"2026-03-24T21:20:00","modified_gmt":"2026-03-25T00:20:00","slug":"justica-cega-mas-nao-estupida-tribunal-decide-com-base-legal","status":"publish","type":"post","link":"https:\/\/portaltela.pt\/noticias\/2026\/03\/24\/justica-cega-mas-nao-estupida-tribunal-decide-com-base-legal\/","title":{"rendered":"Justi\u00e7a cega, mas n\u00e3o est\u00fapida: tribunal decide com base legal"},"content":{"rendered":"<p>A not\u00edcia analisa um fen\u00f3meno no sistema judicial: a substitui\u00e7\u00e3o sucessiva de advogados pode atrasar processos e conduzir \u00e0 prescri\u00e7\u00e3o. Este uso, segundo especialistas, funciona como estrat\u00e9gia dilat\u00f3ria, n\u00e3o como direito leg\u00edtimo de defesa.<\/p>\n<p>A pr\u00e1tica tem impacto em diversos processos, tornando-os vulner\u00e1veis a prazos legais curtos. N\u00e3o h\u00e1 evid\u00eancia de inten\u00e7\u00e3o \u00fanica, mas o padr\u00e3o levanta quest\u00f5es sobre efici\u00eancia e fairness no funcionamento do aparato judici\u00e1rio.<\/p>\n<p>Contexto e consequ\u00eancias centrais centram-se na possibilidade de arrastar decis\u00f5es por longos per\u00edodos. A reportagem sublinha a necessidade de equil\u00edbrio entre direito de defesa e salvaguarda dos prazos processuais para evitar abusos.<\/p>\n<h3>Contexto regulat\u00f3rio<\/h3>\n<p>Especialistas apontam que a lei permite v\u00e1rias substitui\u00e7\u00f5es, mas a repeti\u00e7\u00e3o pode comprometer a celeridade. Em v\u00e1rias jurisdi\u00e7\u00f5es, medidas s\u00e3o discutidas para evitar choques com a prescri\u00e7\u00e3o sem violar o direito de defesa.<\/p>\n<h3>Desdobramentos<\/h3>\n<p>Dados sobre casos espec\u00edficos n\u00e3o s\u00e3o inclu\u00eddos, mas o tema ganha relev\u00e2ncia para tribunais e interven\u00e7\u00f5es legislativas. O objetivo \u00e9 preservar a efic\u00e1cia do sistema sem sacrificar garantias processuais.<\/p>\n","protected":false},"excerpt":{"rendered":"<ul>\n<li>O artigo discute que a substitui\u00e7\u00e3o sucessiva de advogado pode ser usada como estrat\u00e9gia dilat\u00f3ria, levando \u00e0 prescri\u00e7\u00e3o do processo.<\/li>\n<li>Segundo o texto, n\u00e3o h\u00e1 na lei impedimento para que esse recurso arraste o processo at\u00e9 a prescri\u00e7\u00e3o.<\/li>\n<li>O problema \u00e9 apresentado como uma forma de chico-espertice processual que compromete o funcionamento do sistema judicial.<\/li>\n<li>O tema \u00e9 apontado como uma das quest\u00f5es que corroem o sistema judicial e precisam de enfrentamento.<\/li>\n<li>O objetivo do texto \u00e9 alertar sobre o uso dessa pr\u00e1tica e as suas consequ\u00eancias para a justi\u00e7a.<\/li>\n<\/ul>\n","protected":false},"author":2,"featured_media":420274,"comment_status":"closed","ping_status":"closed","sticky":false,"template":"","format":"standard","meta":{"footnotes":""},"categories":[6815,1],"tags":[6618,6337,6054,803,3667,6208],"class_list":["post-420272","post","type-post","status-publish","format-standard","has-post-thumbnail","hentry","category-justica","category-noticias","tag-advogados","tag-direito","tag-garantias","tag-justica","tag-processos","tag-tribunais"],"yoast_head":"<!-- This site is optimized with the Yoast SEO plugin v27.2 - https:\/\/yoast.com\/product\/yoast-seo-wordpress\/ -->\n<title>Justi\u00e7a cega, mas n\u00e3o est\u00fapida: tribunal decide com base legal - Portal Tela Portugal<\/title>\n<meta name=\"robots\" content=\"index, follow, max-snippet:-1, max-image-preview:large, max-video-preview:-1\" \/>\n<meta property=\"og:locale\" content=\"pt_PT\" \/>\n<meta property=\"og:type\" content=\"article\" \/>\n<meta property=\"og:title\" content=\"Justi\u00e7a cega, mas n\u00e3o est\u00fapida: tribunal decide com base legal - Portal Tela Portugal\" \/>\n<meta property=\"og:description\" content=\"O artigo discute que a substitui\u00e7\u00e3o sucessiva de advogado pode ser usada como estrat\u00e9gia dilat\u00f3ria, levando \u00e0 prescri\u00e7\u00e3o do processo. Segundo o texto, n\u00e3o h\u00e1 na lei impedimento para que esse recurso arraste o processo at\u00e9 a prescri\u00e7\u00e3o. O problema \u00e9 apresentado como uma forma de chico-espertice processual que compromete o funcionamento do sistema judicial. O tema \u00e9 apontado como uma das quest\u00f5es que corroem o sistema judicial e precisam de enfrentamento. O objetivo do texto \u00e9 alertar sobre o uso dessa pr\u00e1tica e as suas consequ\u00eancias para a justi\u00e7a.\" \/>\n<meta property=\"og:url\" content=\"https:\/\/portaltela.pt\/noticias\/2026\/03\/24\/justica-cega-mas-nao-estupida-tribunal-decide-com-base-legal\/\" \/>\n<meta property=\"og:site_name\" content=\"Portal Tela Portugal\" \/>\n<meta property=\"article:published_time\" content=\"2026-03-25T00:20:00+00:00\" \/>\n<meta name=\"author\" content=\"Telinha\" \/>\n<meta name=\"twitter:card\" content=\"summary_large_image\" \/>\n<meta name=\"twitter:label1\" content=\"Escrito por\" \/>\n\t<meta name=\"twitter:data1\" content=\"Telinha\" \/>\n\t<meta name=\"twitter:label2\" content=\"Tempo estimado de leitura\" \/>\n\t<meta name=\"twitter:data2\" content=\"1 minuto\" \/>\n<script type=\"application\/ld+json\" class=\"yoast-schema-graph\">{\"@context\":\"https:\/\/schema.org\",\"@graph\":[{\"@type\":\"Article\",\"@id\":\"https:\/\/portaltela.pt\/noticias\/2026\/03\/24\/justica-cega-mas-nao-estupida-tribunal-decide-com-base-legal\/#article\",\"isPartOf\":{\"@id\":\"https:\/\/portaltela.pt\/noticias\/2026\/03\/24\/justica-cega-mas-nao-estupida-tribunal-decide-com-base-legal\/\"},\"author\":{\"name\":\"Telinha\",\"@id\":\"https:\/\/portaltela.pt\/#\/schema\/person\/c4278d4a6028830caff9ee44b42d32ed\"},\"headline\":\"Justi\u00e7a cega, mas n\u00e3o est\u00fapida: tribunal decide com base legal\",\"datePublished\":\"2026-03-25T00:20:00+00:00\",\"mainEntityOfPage\":{\"@id\":\"https:\/\/portaltela.pt\/noticias\/2026\/03\/24\/justica-cega-mas-nao-estupida-tribunal-decide-com-base-legal\/\"},\"wordCount\":211,\"image\":{\"@id\":\"https:\/\/portaltela.pt\/noticias\/2026\/03\/24\/justica-cega-mas-nao-estupida-tribunal-decide-com-base-legal\/#primaryimage\"},\"thumbnailUrl\":\"https:\/\/portaltela.pt\/s.01k8rhncp4jt1\/2026\/03\/tpUHdbIMAGENStypePNGshare1oBarraFacebook_Publico-4.png\",\"keywords\":[\"Advogados\",\"direito\",\"garantias\",\"justi\u00e7a\",\"processos\",\"Tribunais\"],\"articleSection\":[\"Justi\u00e7a\",\"Not\u00edcias\"],\"inLanguage\":\"pt-PT\"},{\"@type\":\"WebPage\",\"@id\":\"https:\/\/portaltela.pt\/noticias\/2026\/03\/24\/justica-cega-mas-nao-estupida-tribunal-decide-com-base-legal\/\",\"url\":\"https:\/\/portaltela.pt\/noticias\/2026\/03\/24\/justica-cega-mas-nao-estupida-tribunal-decide-com-base-legal\/\",\"name\":\"Justi\u00e7a cega, mas n\u00e3o est\u00fapida: tribunal decide com base legal - Portal Tela Portugal\",\"isPartOf\":{\"@id\":\"https:\/\/portaltela.pt\/#website\"},\"primaryImageOfPage\":{\"@id\":\"https:\/\/portaltela.pt\/noticias\/2026\/03\/24\/justica-cega-mas-nao-estupida-tribunal-decide-com-base-legal\/#primaryimage\"},\"image\":{\"@id\":\"https:\/\/portaltela.pt\/noticias\/2026\/03\/24\/justica-cega-mas-nao-estupida-tribunal-decide-com-base-legal\/#primaryimage\"},\"thumbnailUrl\":\"https:\/\/portaltela.pt\/s.01k8rhncp4jt1\/2026\/03\/tpUHdbIMAGENStypePNGshare1oBarraFacebook_Publico-4.png\",\"datePublished\":\"2026-03-25T00:20:00+00:00\",\"author\":{\"@id\":\"https:\/\/portaltela.pt\/#\/schema\/person\/c4278d4a6028830caff9ee44b42d32ed\"},\"breadcrumb\":{\"@id\":\"https:\/\/portaltela.pt\/noticias\/2026\/03\/24\/justica-cega-mas-nao-estupida-tribunal-decide-com-base-legal\/#breadcrumb\"},\"inLanguage\":\"pt-PT\",\"potentialAction\":[{\"@type\":\"ReadAction\",\"target\":[\"https:\/\/portaltela.pt\/noticias\/2026\/03\/24\/justica-cega-mas-nao-estupida-tribunal-decide-com-base-legal\/\"]}]},{\"@type\":\"ImageObject\",\"inLanguage\":\"pt-PT\",\"@id\":\"https:\/\/portaltela.pt\/noticias\/2026\/03\/24\/justica-cega-mas-nao-estupida-tribunal-decide-com-base-legal\/#primaryimage\",\"url\":\"https:\/\/portaltela.pt\/s.01k8rhncp4jt1\/2026\/03\/tpUHdbIMAGENStypePNGshare1oBarraFacebook_Publico-4.png\",\"contentUrl\":\"https:\/\/portaltela.pt\/s.01k8rhncp4jt1\/2026\/03\/tpUHdbIMAGENStypePNGshare1oBarraFacebook_Publico-4.png\",\"width\":461,\"height\":541,\"caption\":\"Photo\"},{\"@type\":\"BreadcrumbList\",\"@id\":\"https:\/\/portaltela.pt\/noticias\/2026\/03\/24\/justica-cega-mas-nao-estupida-tribunal-decide-com-base-legal\/#breadcrumb\",\"itemListElement\":[{\"@type\":\"ListItem\",\"position\":1,\"name\":\"In\u00edcio\",\"item\":\"https:\/\/portaltela.pt\/\"},{\"@type\":\"ListItem\",\"position\":2,\"name\":\"Justi\u00e7a cega, mas n\u00e3o est\u00fapida: tribunal decide com base legal\"}]},{\"@type\":\"WebSite\",\"@id\":\"https:\/\/portaltela.pt\/#website\",\"url\":\"https:\/\/portaltela.pt\/\",\"name\":\"Portal Tela Portugal\",\"description\":\"\",\"potentialAction\":[{\"@type\":\"SearchAction\",\"target\":{\"@type\":\"EntryPoint\",\"urlTemplate\":\"https:\/\/portaltela.pt\/?s={search_term_string}\"},\"query-input\":{\"@type\":\"PropertyValueSpecification\",\"valueRequired\":true,\"valueName\":\"search_term_string\"}}],\"inLanguage\":\"pt-PT\"},{\"@type\":\"Person\",\"@id\":\"https:\/\/portaltela.pt\/#\/schema\/person\/c4278d4a6028830caff9ee44b42d32ed\",\"name\":\"Telinha\",\"image\":{\"@type\":\"ImageObject\",\"inLanguage\":\"pt-PT\",\"@id\":\"https:\/\/portaltela.pt\/s.01k8rhncp4jt1\/2025\/11\/talking-bot-125x125.png\",\"url\":\"https:\/\/portaltela.pt\/s.01k8rhncp4jt1\/2025\/11\/talking-bot-125x125.png\",\"contentUrl\":\"https:\/\/portaltela.pt\/s.01k8rhncp4jt1\/2025\/11\/talking-bot-125x125.png\",\"caption\":\"Telinha\"},\"sameAs\":[\"https:\/\/portaltela.pt\/\"],\"url\":\"https:\/\/portaltela.pt\/por\/367410592786\/\"}]}<\/script>\n<!-- \/ Yoast SEO plugin. -->","yoast_head_json":{"title":"Justi\u00e7a cega, mas n\u00e3o est\u00fapida: tribunal decide com base legal - Portal Tela Portugal","robots":{"index":"index","follow":"follow","max-snippet":"max-snippet:-1","max-image-preview":"max-image-preview:large","max-video-preview":"max-video-preview:-1"},"og_locale":"pt_PT","og_type":"article","og_title":"Justi\u00e7a cega, mas n\u00e3o est\u00fapida: tribunal decide com base legal - Portal Tela Portugal","og_description":"O artigo discute que a substitui\u00e7\u00e3o sucessiva de advogado pode ser usada como estrat\u00e9gia dilat\u00f3ria, levando \u00e0 prescri\u00e7\u00e3o do processo. Segundo o texto, n\u00e3o h\u00e1 na lei impedimento para que esse recurso arraste o processo at\u00e9 a prescri\u00e7\u00e3o. O problema \u00e9 apresentado como uma forma de chico-espertice processual que compromete o funcionamento do sistema judicial. O tema \u00e9 apontado como uma das quest\u00f5es que corroem o sistema judicial e precisam de enfrentamento. O objetivo do texto \u00e9 alertar sobre o uso dessa pr\u00e1tica e as suas consequ\u00eancias para a justi\u00e7a.","og_url":"https:\/\/portaltela.pt\/noticias\/2026\/03\/24\/justica-cega-mas-nao-estupida-tribunal-decide-com-base-legal\/","og_site_name":"Portal Tela Portugal","article_published_time":"2026-03-25T00:20:00+00:00","author":"Telinha","twitter_card":"summary_large_image","twitter_misc":{"Escrito por":"Telinha","Tempo estimado de leitura":"1 minuto"},"schema":{"@context":"https:\/\/schema.org","@graph":[{"@type":"Article","@id":"https:\/\/portaltela.pt\/noticias\/2026\/03\/24\/justica-cega-mas-nao-estupida-tribunal-decide-com-base-legal\/#article","isPartOf":{"@id":"https:\/\/portaltela.pt\/noticias\/2026\/03\/24\/justica-cega-mas-nao-estupida-tribunal-decide-com-base-legal\/"},"author":{"name":"Telinha","@id":"https:\/\/portaltela.pt\/#\/schema\/person\/c4278d4a6028830caff9ee44b42d32ed"},"headline":"Justi\u00e7a cega, mas n\u00e3o est\u00fapida: tribunal decide com base legal","datePublished":"2026-03-25T00:20:00+00:00","mainEntityOfPage":{"@id":"https:\/\/portaltela.pt\/noticias\/2026\/03\/24\/justica-cega-mas-nao-estupida-tribunal-decide-com-base-legal\/"},"wordCount":211,"image":{"@id":"https:\/\/portaltela.pt\/noticias\/2026\/03\/24\/justica-cega-mas-nao-estupida-tribunal-decide-com-base-legal\/#primaryimage"},"thumbnailUrl":"https:\/\/portaltela.pt\/s.01k8rhncp4jt1\/2026\/03\/tpUHdbIMAGENStypePNGshare1oBarraFacebook_Publico-4.png","keywords":["Advogados","direito","garantias","justi\u00e7a","processos","Tribunais"],"articleSection":["Justi\u00e7a","Not\u00edcias"],"inLanguage":"pt-PT"},{"@type":"WebPage","@id":"https:\/\/portaltela.pt\/noticias\/2026\/03\/24\/justica-cega-mas-nao-estupida-tribunal-decide-com-base-legal\/","url":"https:\/\/portaltela.pt\/noticias\/2026\/03\/24\/justica-cega-mas-nao-estupida-tribunal-decide-com-base-legal\/","name":"Justi\u00e7a cega, mas n\u00e3o est\u00fapida: tribunal decide com base legal - Portal Tela Portugal","isPartOf":{"@id":"https:\/\/portaltela.pt\/#website"},"primaryImageOfPage":{"@id":"https:\/\/portaltela.pt\/noticias\/2026\/03\/24\/justica-cega-mas-nao-estupida-tribunal-decide-com-base-legal\/#primaryimage"},"image":{"@id":"https:\/\/portaltela.pt\/noticias\/2026\/03\/24\/justica-cega-mas-nao-estupida-tribunal-decide-com-base-legal\/#primaryimage"},"thumbnailUrl":"https:\/\/portaltela.pt\/s.01k8rhncp4jt1\/2026\/03\/tpUHdbIMAGENStypePNGshare1oBarraFacebook_Publico-4.png","datePublished":"2026-03-25T00:20:00+00:00","author":{"@id":"https:\/\/portaltela.pt\/#\/schema\/person\/c4278d4a6028830caff9ee44b42d32ed"},"breadcrumb":{"@id":"https:\/\/portaltela.pt\/noticias\/2026\/03\/24\/justica-cega-mas-nao-estupida-tribunal-decide-com-base-legal\/#breadcrumb"},"inLanguage":"pt-PT","potentialAction":[{"@type":"ReadAction","target":["https:\/\/portaltela.pt\/noticias\/2026\/03\/24\/justica-cega-mas-nao-estupida-tribunal-decide-com-base-legal\/"]}]},{"@type":"ImageObject","inLanguage":"pt-PT","@id":"https:\/\/portaltela.pt\/noticias\/2026\/03\/24\/justica-cega-mas-nao-estupida-tribunal-decide-com-base-legal\/#primaryimage","url":"https:\/\/portaltela.pt\/s.01k8rhncp4jt1\/2026\/03\/tpUHdbIMAGENStypePNGshare1oBarraFacebook_Publico-4.png","contentUrl":"https:\/\/portaltela.pt\/s.01k8rhncp4jt1\/2026\/03\/tpUHdbIMAGENStypePNGshare1oBarraFacebook_Publico-4.png","width":461,"height":541,"caption":"Photo"},{"@type":"BreadcrumbList","@id":"https:\/\/portaltela.pt\/noticias\/2026\/03\/24\/justica-cega-mas-nao-estupida-tribunal-decide-com-base-legal\/#breadcrumb","itemListElement":[{"@type":"ListItem","position":1,"name":"In\u00edcio","item":"https:\/\/portaltela.pt\/"},{"@type":"ListItem","position":2,"name":"Justi\u00e7a cega, mas n\u00e3o est\u00fapida: tribunal decide com base legal"}]},{"@type":"WebSite","@id":"https:\/\/portaltela.pt\/#website","url":"https:\/\/portaltela.pt\/","name":"Portal Tela Portugal","description":"","potentialAction":[{"@type":"SearchAction","target":{"@type":"EntryPoint","urlTemplate":"https:\/\/portaltela.pt\/?s={search_term_string}"},"query-input":{"@type":"PropertyValueSpecification","valueRequired":true,"valueName":"search_term_string"}}],"inLanguage":"pt-PT"},{"@type":"Person","@id":"https:\/\/portaltela.pt\/#\/schema\/person\/c4278d4a6028830caff9ee44b42d32ed","name":"Telinha","image":{"@type":"ImageObject","inLanguage":"pt-PT","@id":"https:\/\/portaltela.pt\/s.01k8rhncp4jt1\/2025\/11\/talking-bot-125x125.png","url":"https:\/\/portaltela.pt\/s.01k8rhncp4jt1\/2025\/11\/talking-bot-125x125.png","contentUrl":"https:\/\/portaltela.pt\/s.01k8rhncp4jt1\/2025\/11\/talking-bot-125x125.png","caption":"Telinha"},"sameAs":["https:\/\/portaltela.pt\/"],"url":"https:\/\/portaltela.pt\/por\/367410592786\/"}]}},"_links":{"self":[{"href":"https:\/\/portaltela.pt\/api\/wp\/v2\/posts\/420272","targetHints":{"allow":["GET"]}}],"collection":[{"href":"https:\/\/portaltela.pt\/api\/wp\/v2\/posts"}],"about":[{"href":"https:\/\/portaltela.pt\/api\/wp\/v2\/types\/post"}],"author":[{"embeddable":true,"href":"https:\/\/portaltela.pt\/api\/wp\/v2\/users\/2"}],"replies":[{"embeddable":true,"href":"https:\/\/portaltela.pt\/api\/wp\/v2\/comments?post=420272"}],"version-history":[{"count":0,"href":"https:\/\/portaltela.pt\/api\/wp\/v2\/posts\/420272\/revisions"}],"wp:featuredmedia":[{"embeddable":true,"href":"https:\/\/portaltela.pt\/api\/wp\/v2\/media\/420274"}],"wp:attachment":[{"href":"https:\/\/portaltela.pt\/api\/wp\/v2\/media?parent=420272"}],"wp:term":[{"taxonomy":"category","embeddable":true,"href":"https:\/\/portaltela.pt\/api\/wp\/v2\/categories?post=420272"},{"taxonomy":"post_tag","embeddable":true,"href":"https:\/\/portaltela.pt\/api\/wp\/v2\/tags?post=420272"}],"curies":[{"name":"wp","href":"https:\/\/api.w.org\/{rel}","templated":true}]}}