{"id":420264,"date":"2026-03-24T21:02:00","date_gmt":"2026-03-25T00:02:00","guid":{"rendered":"https:\/\/portaltela.pt\/noticias\/2026\/03\/24\/municipios-que-nao-deixam-ninguem-para-tras-inclusao-local-em-foco\/"},"modified":"2026-03-24T21:02:00","modified_gmt":"2026-03-25T00:02:00","slug":"municipios-que-nao-deixam-ninguem-para-tras-inclusao-local-em-foco","status":"publish","type":"post","link":"https:\/\/portaltela.pt\/comunidade\/2026\/03\/24\/municipios-que-nao-deixam-ninguem-para-tras-inclusao-local-em-foco\/","title":{"rendered":"Munic\u00edpios que n\u00e3o deixam ningu\u00e9m para tr\u00e1s: inclus\u00e3o local em foco"},"content":{"rendered":"<p>A coopera\u00e7\u00e3o entre munic\u00edpios portugueses vem ganhando destaque na resposta a crises. Em momentos de inc\u00eandios, cheias ou tempestades, a solidariedade aut\u00e1rquica surge como meio de prote\u00e7\u00e3o \u00e0s popula\u00e7\u00f5es, mesmo quando os territ\u00f3rios n\u00e3o s\u00e3o vizinhos diretos.<\/p>\n<p>Essa rede de apoio n\u00e3o \u00e9 casual: envolve ced\u00eancia de m\u00e1quinas, viaturas, apoio t\u00e9cnico e suporte na reposi\u00e7\u00e3o de servi\u00e7os essenciais. Crit\u00e9rios comuns de atua\u00e7\u00e3o permitem acolhimento tempor\u00e1rio de pessoas e partilha de conhecimento entre autarquias.<\/p>\n<p>Numa era de eventos clim\u00e1ticos cada vez mais extremos, a coopera\u00e7\u00e3o entre munic\u00edpios ganha relev\u00e2ncia estrutural. O objetivo \u00e9 manter patrim\u00f3nio humano e econ\u00f3mico seguro, com resposta r\u00e1pida e coordenada entre entidades locais.<\/p>\n<h3>Interven\u00e7\u00e3o institucional e lideran\u00e7a municipal<\/h3>\n<p>O presidente da C\u00e2mara de Pombal e figura da Associa\u00e7\u00e3o Nacional de Munic\u00edpios Portugueses enfatiza que a resposta a crises revela uma comunidade aut\u00e1rquica alargada. A coopera\u00e7\u00e3o atravessa fronteiras administrativas em benef\u00edcio das popula\u00e7\u00f5es.<\/p>\n<p>A a\u00e7\u00e3o destas entidades \u00e9 apresentada como uma pr\u00e1tica institucional de responsabilidade p\u00fablica, com foco na prote\u00e7\u00e3o de territ\u00f3rios e no apoio a quem precisa. A rede solid\u00e1ria aut\u00e1rquica \u00e9 descrita como uma for\u00e7a decisiva para evitar que algu\u00e9m fique para tr\u00e1s.<\/p>\n<p>Ao falar da experi\u00eancia coletiva, destaca-se o papel das autarquias em partilhar recursos e saberes, fortalecendo a resili\u00eancia local. O reconhecimento da coopera\u00e7\u00e3o \u00e9 visto como caminho para refor\u00e7ar o pa\u00eds em crises futuras.<\/p>\n<p>As autoridades ressaltam ainda que esta cultura de proximidade se firma pela pr\u00e1tica cont\u00ednua, n\u00e3o apenas em emerg\u00eancias pontuais. O objetivo \u00e9 manter servi\u00e7os essenciais est\u00e1veis e garantir prote\u00e7\u00e3o para todas as comunidades.<\/p>\n","protected":false},"excerpt":{"rendered":"<ul>\n<li>Munic\u00edpios portugueses mobilizam solidariedade aut\u00e1rquica em crises, chegando a vizinhos e, por vezes, a territ\u00f3rios distantes.<\/li>\n<li>A coopera\u00e7\u00e3o resulta de uma cultura de proximidade, responsabilidade partilhada e compromisso com o pa\u00eds, especialmente em inc\u00eandios, cheias e tempestades.<\/li>\n<li>As a\u00e7\u00f5es incluem ced\u00eancia de m\u00e1quinas e viaturas, apoio t\u00e9cnico, acolhimento tempor\u00e1rio de popula\u00e7\u00f5es, reposi\u00e7\u00e3o de servi\u00e7os e partilha de conhecimento.<\/li>\n<li>O texto sustenta que a coopera\u00e7\u00e3o deve ser reconhecida, valorizada e refor\u00e7ada para que o pa\u00eds se beneficie e ningu\u00e9m fique para tr\u00e1s.<\/li>\n<li>O presidente da C\u00e2mara Municipal de Pombal e da Associa\u00e7\u00e3o Nacional de Munic\u00edpios Portugueses afirma que o poder local \u00e9 uma comunidade alargada, com solidariedade ativa e responsabilidade coletiva.<\/li>\n<\/ul>\n","protected":false},"author":2,"featured_media":420268,"comment_status":"closed","ping_status":"closed","sticky":false,"template":"","format":"standard","meta":{"footnotes":""},"categories":[7372],"tags":[2706,4654,256,320,1221,2540],"class_list":["post-420264","post","type-post","status-publish","format-standard","has-post-thumbnail","hentry","category-comunidade","tag-autarquias","tag-cooperacao-institucional","tag-cooperacao-internacional","tag-protecao-civil","tag-servicos-publicos","tag-territorio"],"yoast_head":"<!-- This site is optimized with the Yoast SEO plugin v27.2 - https:\/\/yoast.com\/product\/yoast-seo-wordpress\/ -->\n<title>Munic\u00edpios que n\u00e3o deixam ningu\u00e9m para tr\u00e1s: inclus\u00e3o local em foco - Portal Tela Portugal<\/title>\n<meta name=\"robots\" content=\"index, follow, max-snippet:-1, max-image-preview:large, max-video-preview:-1\" \/>\n<meta property=\"og:locale\" content=\"pt_PT\" \/>\n<meta property=\"og:type\" content=\"article\" \/>\n<meta property=\"og:title\" content=\"Munic\u00edpios que n\u00e3o deixam ningu\u00e9m para tr\u00e1s: inclus\u00e3o local em foco - Portal Tela Portugal\" \/>\n<meta property=\"og:description\" content=\"Munic\u00edpios portugueses mobilizam solidariedade aut\u00e1rquica em crises, chegando a vizinhos e, por vezes, a territ\u00f3rios distantes. A coopera\u00e7\u00e3o resulta de uma cultura de proximidade, responsabilidade partilhada e compromisso com o pa\u00eds, especialmente em inc\u00eandios, cheias e tempestades. As a\u00e7\u00f5es incluem ced\u00eancia de m\u00e1quinas e viaturas, apoio t\u00e9cnico, acolhimento tempor\u00e1rio de popula\u00e7\u00f5es, reposi\u00e7\u00e3o de servi\u00e7os e partilha de conhecimento. O texto sustenta que a coopera\u00e7\u00e3o deve ser reconhecida, valorizada e refor\u00e7ada para que o pa\u00eds se beneficie e ningu\u00e9m fique para tr\u00e1s. O presidente da C\u00e2mara Municipal de Pombal e da Associa\u00e7\u00e3o Nacional de Munic\u00edpios Portugueses afirma que o poder local \u00e9 uma comunidade alargada, com solidariedade ativa e responsabilidade coletiva.\" \/>\n<meta property=\"og:url\" content=\"https:\/\/portaltela.pt\/noticias\/2026\/03\/24\/municipios-que-nao-deixam-ninguem-para-tras-inclusao-local-em-foco\/\" \/>\n<meta property=\"og:site_name\" content=\"Portal Tela Portugal\" \/>\n<meta property=\"article:published_time\" content=\"2026-03-25T00:02:00+00:00\" \/>\n<meta name=\"author\" content=\"Telinha\" \/>\n<meta name=\"twitter:card\" content=\"summary_large_image\" \/>\n<meta name=\"twitter:label1\" content=\"Escrito por\" \/>\n\t<meta name=\"twitter:data1\" content=\"Telinha\" \/>\n\t<meta name=\"twitter:label2\" content=\"Tempo estimado de leitura\" \/>\n\t<meta name=\"twitter:data2\" content=\"2 minutos\" \/>\n<script type=\"application\/ld+json\" class=\"yoast-schema-graph\">{\"@context\":\"https:\/\/schema.org\",\"@graph\":[{\"@type\":\"Article\",\"@id\":\"https:\/\/portaltela.pt\/noticias\/2026\/03\/24\/municipios-que-nao-deixam-ninguem-para-tras-inclusao-local-em-foco\/#article\",\"isPartOf\":{\"@id\":\"https:\/\/portaltela.pt\/noticias\/2026\/03\/24\/municipios-que-nao-deixam-ninguem-para-tras-inclusao-local-em-foco\/\"},\"author\":{\"name\":\"Telinha\",\"@id\":\"https:\/\/portaltela.pt\/#\/schema\/person\/c4278d4a6028830caff9ee44b42d32ed\"},\"headline\":\"Munic\u00edpios que n\u00e3o deixam ningu\u00e9m para tr\u00e1s: inclus\u00e3o local em foco\",\"datePublished\":\"2026-03-25T00:02:00+00:00\",\"mainEntityOfPage\":{\"@id\":\"https:\/\/portaltela.pt\/noticias\/2026\/03\/24\/municipios-que-nao-deixam-ninguem-para-tras-inclusao-local-em-foco\/\"},\"wordCount\":320,\"image\":{\"@id\":\"https:\/\/portaltela.pt\/noticias\/2026\/03\/24\/municipios-que-nao-deixam-ninguem-para-tras-inclusao-local-em-foco\/#primaryimage\"},\"thumbnailUrl\":\"https:\/\/portaltela.pt\/s.01k8rhncp4jt1\/2026\/03\/b5df40ec-108d-455f-afc4-6963f24e2279_1200x675.jpg\",\"keywords\":[\"autarquias\",\"coopera\u00e7\u00e3o institucional\",\"coopera\u00e7\u00e3o internacional\",\"prote\u00e7\u00e3o civil\",\"servi\u00e7os p\u00fablicos\",\"Territ\u00f3rio\"],\"articleSection\":[\"Comunidade\"],\"inLanguage\":\"pt-PT\"},{\"@type\":\"WebPage\",\"@id\":\"https:\/\/portaltela.pt\/noticias\/2026\/03\/24\/municipios-que-nao-deixam-ninguem-para-tras-inclusao-local-em-foco\/\",\"url\":\"https:\/\/portaltela.pt\/noticias\/2026\/03\/24\/municipios-que-nao-deixam-ninguem-para-tras-inclusao-local-em-foco\/\",\"name\":\"Munic\u00edpios que n\u00e3o deixam ningu\u00e9m para tr\u00e1s: inclus\u00e3o local em foco - Portal Tela Portugal\",\"isPartOf\":{\"@id\":\"https:\/\/portaltela.pt\/#website\"},\"primaryImageOfPage\":{\"@id\":\"https:\/\/portaltela.pt\/noticias\/2026\/03\/24\/municipios-que-nao-deixam-ninguem-para-tras-inclusao-local-em-foco\/#primaryimage\"},\"image\":{\"@id\":\"https:\/\/portaltela.pt\/noticias\/2026\/03\/24\/municipios-que-nao-deixam-ninguem-para-tras-inclusao-local-em-foco\/#primaryimage\"},\"thumbnailUrl\":\"https:\/\/portaltela.pt\/s.01k8rhncp4jt1\/2026\/03\/b5df40ec-108d-455f-afc4-6963f24e2279_1200x675.jpg\",\"datePublished\":\"2026-03-25T00:02:00+00:00\",\"author\":{\"@id\":\"https:\/\/portaltela.pt\/#\/schema\/person\/c4278d4a6028830caff9ee44b42d32ed\"},\"breadcrumb\":{\"@id\":\"https:\/\/portaltela.pt\/noticias\/2026\/03\/24\/municipios-que-nao-deixam-ninguem-para-tras-inclusao-local-em-foco\/#breadcrumb\"},\"inLanguage\":\"pt-PT\",\"potentialAction\":[{\"@type\":\"ReadAction\",\"target\":[\"https:\/\/portaltela.pt\/noticias\/2026\/03\/24\/municipios-que-nao-deixam-ninguem-para-tras-inclusao-local-em-foco\/\"]}]},{\"@type\":\"ImageObject\",\"inLanguage\":\"pt-PT\",\"@id\":\"https:\/\/portaltela.pt\/noticias\/2026\/03\/24\/municipios-que-nao-deixam-ninguem-para-tras-inclusao-local-em-foco\/#primaryimage\",\"url\":\"https:\/\/portaltela.pt\/s.01k8rhncp4jt1\/2026\/03\/b5df40ec-108d-455f-afc4-6963f24e2279_1200x675.jpg\",\"contentUrl\":\"https:\/\/portaltela.pt\/s.01k8rhncp4jt1\/2026\/03\/b5df40ec-108d-455f-afc4-6963f24e2279_1200x675.jpg\",\"width\":796,\"height\":448,\"caption\":\"Photo\"},{\"@type\":\"BreadcrumbList\",\"@id\":\"https:\/\/portaltela.pt\/noticias\/2026\/03\/24\/municipios-que-nao-deixam-ninguem-para-tras-inclusao-local-em-foco\/#breadcrumb\",\"itemListElement\":[{\"@type\":\"ListItem\",\"position\":1,\"name\":\"In\u00edcio\",\"item\":\"https:\/\/portaltela.pt\/\"},{\"@type\":\"ListItem\",\"position\":2,\"name\":\"Munic\u00edpios que n\u00e3o deixam ningu\u00e9m para tr\u00e1s: inclus\u00e3o local em foco\"}]},{\"@type\":\"WebSite\",\"@id\":\"https:\/\/portaltela.pt\/#website\",\"url\":\"https:\/\/portaltela.pt\/\",\"name\":\"Portal Tela Portugal\",\"description\":\"\",\"potentialAction\":[{\"@type\":\"SearchAction\",\"target\":{\"@type\":\"EntryPoint\",\"urlTemplate\":\"https:\/\/portaltela.pt\/?s={search_term_string}\"},\"query-input\":{\"@type\":\"PropertyValueSpecification\",\"valueRequired\":true,\"valueName\":\"search_term_string\"}}],\"inLanguage\":\"pt-PT\"},{\"@type\":\"Person\",\"@id\":\"https:\/\/portaltela.pt\/#\/schema\/person\/c4278d4a6028830caff9ee44b42d32ed\",\"name\":\"Telinha\",\"image\":{\"@type\":\"ImageObject\",\"inLanguage\":\"pt-PT\",\"@id\":\"https:\/\/portaltela.pt\/s.01k8rhncp4jt1\/2025\/11\/talking-bot-125x125.png\",\"url\":\"https:\/\/portaltela.pt\/s.01k8rhncp4jt1\/2025\/11\/talking-bot-125x125.png\",\"contentUrl\":\"https:\/\/portaltela.pt\/s.01k8rhncp4jt1\/2025\/11\/talking-bot-125x125.png\",\"caption\":\"Telinha\"},\"sameAs\":[\"https:\/\/portaltela.pt\/\"],\"url\":\"https:\/\/portaltela.pt\/por\/367410592786\/\"}]}<\/script>\n<!-- \/ Yoast SEO plugin. -->","yoast_head_json":{"title":"Munic\u00edpios que n\u00e3o deixam ningu\u00e9m para tr\u00e1s: inclus\u00e3o local em foco - Portal Tela Portugal","robots":{"index":"index","follow":"follow","max-snippet":"max-snippet:-1","max-image-preview":"max-image-preview:large","max-video-preview":"max-video-preview:-1"},"og_locale":"pt_PT","og_type":"article","og_title":"Munic\u00edpios que n\u00e3o deixam ningu\u00e9m para tr\u00e1s: inclus\u00e3o local em foco - Portal Tela Portugal","og_description":"Munic\u00edpios portugueses mobilizam solidariedade aut\u00e1rquica em crises, chegando a vizinhos e, por vezes, a territ\u00f3rios distantes. A coopera\u00e7\u00e3o resulta de uma cultura de proximidade, responsabilidade partilhada e compromisso com o pa\u00eds, especialmente em inc\u00eandios, cheias e tempestades. As a\u00e7\u00f5es incluem ced\u00eancia de m\u00e1quinas e viaturas, apoio t\u00e9cnico, acolhimento tempor\u00e1rio de popula\u00e7\u00f5es, reposi\u00e7\u00e3o de servi\u00e7os e partilha de conhecimento. O texto sustenta que a coopera\u00e7\u00e3o deve ser reconhecida, valorizada e refor\u00e7ada para que o pa\u00eds se beneficie e ningu\u00e9m fique para tr\u00e1s. O presidente da C\u00e2mara Municipal de Pombal e da Associa\u00e7\u00e3o Nacional de Munic\u00edpios Portugueses afirma que o poder local \u00e9 uma comunidade alargada, com solidariedade ativa e responsabilidade coletiva.","og_url":"https:\/\/portaltela.pt\/noticias\/2026\/03\/24\/municipios-que-nao-deixam-ninguem-para-tras-inclusao-local-em-foco\/","og_site_name":"Portal Tela Portugal","article_published_time":"2026-03-25T00:02:00+00:00","author":"Telinha","twitter_card":"summary_large_image","twitter_misc":{"Escrito por":"Telinha","Tempo estimado de leitura":"2 minutos"},"schema":{"@context":"https:\/\/schema.org","@graph":[{"@type":"Article","@id":"https:\/\/portaltela.pt\/noticias\/2026\/03\/24\/municipios-que-nao-deixam-ninguem-para-tras-inclusao-local-em-foco\/#article","isPartOf":{"@id":"https:\/\/portaltela.pt\/noticias\/2026\/03\/24\/municipios-que-nao-deixam-ninguem-para-tras-inclusao-local-em-foco\/"},"author":{"name":"Telinha","@id":"https:\/\/portaltela.pt\/#\/schema\/person\/c4278d4a6028830caff9ee44b42d32ed"},"headline":"Munic\u00edpios que n\u00e3o deixam ningu\u00e9m para tr\u00e1s: inclus\u00e3o local em foco","datePublished":"2026-03-25T00:02:00+00:00","mainEntityOfPage":{"@id":"https:\/\/portaltela.pt\/noticias\/2026\/03\/24\/municipios-que-nao-deixam-ninguem-para-tras-inclusao-local-em-foco\/"},"wordCount":320,"image":{"@id":"https:\/\/portaltela.pt\/noticias\/2026\/03\/24\/municipios-que-nao-deixam-ninguem-para-tras-inclusao-local-em-foco\/#primaryimage"},"thumbnailUrl":"https:\/\/portaltela.pt\/s.01k8rhncp4jt1\/2026\/03\/b5df40ec-108d-455f-afc4-6963f24e2279_1200x675.jpg","keywords":["autarquias","coopera\u00e7\u00e3o institucional","coopera\u00e7\u00e3o internacional","prote\u00e7\u00e3o civil","servi\u00e7os p\u00fablicos","Territ\u00f3rio"],"articleSection":["Comunidade"],"inLanguage":"pt-PT"},{"@type":"WebPage","@id":"https:\/\/portaltela.pt\/noticias\/2026\/03\/24\/municipios-que-nao-deixam-ninguem-para-tras-inclusao-local-em-foco\/","url":"https:\/\/portaltela.pt\/noticias\/2026\/03\/24\/municipios-que-nao-deixam-ninguem-para-tras-inclusao-local-em-foco\/","name":"Munic\u00edpios que n\u00e3o deixam ningu\u00e9m para tr\u00e1s: inclus\u00e3o local em foco - Portal Tela Portugal","isPartOf":{"@id":"https:\/\/portaltela.pt\/#website"},"primaryImageOfPage":{"@id":"https:\/\/portaltela.pt\/noticias\/2026\/03\/24\/municipios-que-nao-deixam-ninguem-para-tras-inclusao-local-em-foco\/#primaryimage"},"image":{"@id":"https:\/\/portaltela.pt\/noticias\/2026\/03\/24\/municipios-que-nao-deixam-ninguem-para-tras-inclusao-local-em-foco\/#primaryimage"},"thumbnailUrl":"https:\/\/portaltela.pt\/s.01k8rhncp4jt1\/2026\/03\/b5df40ec-108d-455f-afc4-6963f24e2279_1200x675.jpg","datePublished":"2026-03-25T00:02:00+00:00","author":{"@id":"https:\/\/portaltela.pt\/#\/schema\/person\/c4278d4a6028830caff9ee44b42d32ed"},"breadcrumb":{"@id":"https:\/\/portaltela.pt\/noticias\/2026\/03\/24\/municipios-que-nao-deixam-ninguem-para-tras-inclusao-local-em-foco\/#breadcrumb"},"inLanguage":"pt-PT","potentialAction":[{"@type":"ReadAction","target":["https:\/\/portaltela.pt\/noticias\/2026\/03\/24\/municipios-que-nao-deixam-ninguem-para-tras-inclusao-local-em-foco\/"]}]},{"@type":"ImageObject","inLanguage":"pt-PT","@id":"https:\/\/portaltela.pt\/noticias\/2026\/03\/24\/municipios-que-nao-deixam-ninguem-para-tras-inclusao-local-em-foco\/#primaryimage","url":"https:\/\/portaltela.pt\/s.01k8rhncp4jt1\/2026\/03\/b5df40ec-108d-455f-afc4-6963f24e2279_1200x675.jpg","contentUrl":"https:\/\/portaltela.pt\/s.01k8rhncp4jt1\/2026\/03\/b5df40ec-108d-455f-afc4-6963f24e2279_1200x675.jpg","width":796,"height":448,"caption":"Photo"},{"@type":"BreadcrumbList","@id":"https:\/\/portaltela.pt\/noticias\/2026\/03\/24\/municipios-que-nao-deixam-ninguem-para-tras-inclusao-local-em-foco\/#breadcrumb","itemListElement":[{"@type":"ListItem","position":1,"name":"In\u00edcio","item":"https:\/\/portaltela.pt\/"},{"@type":"ListItem","position":2,"name":"Munic\u00edpios que n\u00e3o deixam ningu\u00e9m para tr\u00e1s: inclus\u00e3o local em foco"}]},{"@type":"WebSite","@id":"https:\/\/portaltela.pt\/#website","url":"https:\/\/portaltela.pt\/","name":"Portal Tela Portugal","description":"","potentialAction":[{"@type":"SearchAction","target":{"@type":"EntryPoint","urlTemplate":"https:\/\/portaltela.pt\/?s={search_term_string}"},"query-input":{"@type":"PropertyValueSpecification","valueRequired":true,"valueName":"search_term_string"}}],"inLanguage":"pt-PT"},{"@type":"Person","@id":"https:\/\/portaltela.pt\/#\/schema\/person\/c4278d4a6028830caff9ee44b42d32ed","name":"Telinha","image":{"@type":"ImageObject","inLanguage":"pt-PT","@id":"https:\/\/portaltela.pt\/s.01k8rhncp4jt1\/2025\/11\/talking-bot-125x125.png","url":"https:\/\/portaltela.pt\/s.01k8rhncp4jt1\/2025\/11\/talking-bot-125x125.png","contentUrl":"https:\/\/portaltela.pt\/s.01k8rhncp4jt1\/2025\/11\/talking-bot-125x125.png","caption":"Telinha"},"sameAs":["https:\/\/portaltela.pt\/"],"url":"https:\/\/portaltela.pt\/por\/367410592786\/"}]}},"_links":{"self":[{"href":"https:\/\/portaltela.pt\/api\/wp\/v2\/posts\/420264","targetHints":{"allow":["GET"]}}],"collection":[{"href":"https:\/\/portaltela.pt\/api\/wp\/v2\/posts"}],"about":[{"href":"https:\/\/portaltela.pt\/api\/wp\/v2\/types\/post"}],"author":[{"embeddable":true,"href":"https:\/\/portaltela.pt\/api\/wp\/v2\/users\/2"}],"replies":[{"embeddable":true,"href":"https:\/\/portaltela.pt\/api\/wp\/v2\/comments?post=420264"}],"version-history":[{"count":0,"href":"https:\/\/portaltela.pt\/api\/wp\/v2\/posts\/420264\/revisions"}],"wp:featuredmedia":[{"embeddable":true,"href":"https:\/\/portaltela.pt\/api\/wp\/v2\/media\/420268"}],"wp:attachment":[{"href":"https:\/\/portaltela.pt\/api\/wp\/v2\/media?parent=420264"}],"wp:term":[{"taxonomy":"category","embeddable":true,"href":"https:\/\/portaltela.pt\/api\/wp\/v2\/categories?post=420264"},{"taxonomy":"post_tag","embeddable":true,"href":"https:\/\/portaltela.pt\/api\/wp\/v2\/tags?post=420264"}],"curies":[{"name":"wp","href":"https:\/\/api.w.org\/{rel}","templated":true}]}}