{"id":420263,"date":"2026-03-24T21:03:00","date_gmt":"2026-03-25T00:03:00","guid":{"rendered":"https:\/\/portaltela.pt\/noticias\/2026\/03\/24\/btl-e-o-impacto-real-no-turismo-analisado\/"},"modified":"2026-03-24T21:03:00","modified_gmt":"2026-03-25T00:03:00","slug":"btl-e-o-impacto-real-no-turismo-analisado","status":"publish","type":"post","link":"https:\/\/portaltela.pt\/noticias\/economia\/2026\/03\/24\/btl-e-o-impacto-real-no-turismo-analisado\/","title":{"rendered":"BTL e o impacto real no turismo analisado"},"content":{"rendered":"<p>O balan\u00e7o da \u00faltima edi\u00e7\u00e3o da BTL &#8211; Better Tourism Lisbon Travel Market confirma que o evento vai al\u00e9m de uma feira de turismo. \u00c9 uma plataforma estrat\u00e9gica de encontro, neg\u00f3cio e posicionamento para o turismo em Portugal.<\/p>\n<p>A 36.\u00aa edi\u00e7\u00e3o registou cerca de 85 mil visitantes, o m\u00e1ximo de sempre, consolidando a BTL como um momento decisivo para o consumo tur\u00edstico no pa\u00eds. Mais de 300 postos de venda direta estiveram em funcionamento durante os dias abertos ao p\u00fablico.<\/p>\n<p>A BTL distingue-se por combinar dois universos: em cinco dias funciona como plataforma B2B e B2C, com momentos para profissionais e para o p\u00fablico final. Esta versatilidade permite responder a necessidades de neg\u00f3cio, networking e internacionaliza\u00e7\u00e3o numa \u00fanica edi\u00e7\u00e3o.<\/p>\n<h3>Modelo e alcance da feira<\/h3>\n<p>A miss\u00e3o da BTL vai al\u00e9m da promo\u00e7\u00e3o de Portugal como destino. O objetivo \u00e9 promover destinos, empresas, territ\u00f3rios e produtos tur\u00edsticos, nacionais e internacionais, criando um ecossistema de liga\u00e7\u00e3o entre oferta e procura.<\/p>\n<p>Em 2026, a feira contou com 1700 expositores e 125 destinos internacionais, num espa\u00e7o de 60 mil metros quadrados e cinco pavilh\u00f5es. Re\u00fane regi\u00f5es, munic\u00edpios, operadores tur\u00edsticos, companhias a\u00e9reas, cadeias hoteleiras e agencias de viagens, entre outros.<\/p>\n<p>O programa de Hosted Buyers, em parceria com a TAP Air Portugal, o Turismo de Portugal e outras entidades, potenciou a internacionaliza\u00e7\u00e3o com mais de 3800 reuni\u00f5es entre compradores internacionais e empresas participantes.<\/p>\n<h3>Impacto e perspetivas<\/h3>\n<p>O impacto da BTL mede-se pelo volume de neg\u00f3cio gerado, pelas parcerias iniciadas e pela abertura de novos mercados, bem como pela valoriza\u00e7\u00e3o de destinos e pela diversidade da oferta tur\u00edstica.<\/p>\n<p>Mais do que uma feira, a BTL reflete a maturidade do turismo em Portugal: um setor cada vez mais profissional, colaborativo e orientado para a cria\u00e7\u00e3o de valor. Quando o setor se re\u00fane, o turismo ganha e o destino tamb\u00e9m.<\/p>\n","protected":false},"excerpt":{"rendered":"<ul>\n<li>A 36.\u00aa edi\u00e7\u00e3o registou oitenta e cinco mil visitantes, o valor mais elevado de sempre.<\/li>\n<li>A BTL contou com 1.700 expositores e 125 destinos internacionais, ocupando cinco pavilh\u00f5es numa \u00e1rea total de sessenta mil metros quadrados.<\/li>\n<li>O modelo BTL funciona, ao mesmo tempo, como plataforma B2B e B2C, durante cinco dias, reunindo profissionais e p\u00fablico final para neg\u00f3cios, networking e internacionaliza\u00e7\u00e3o.<\/li>\n<li>O programa Hosted Buyers, em parceria com a TAP Air Portugal e o Turismo de Portugal, realizou mais de 3.800 reuni\u00f5es entre compradores internacionais e empresas participantes.<\/li>\n<li>O impacto traduz-se em neg\u00f3cios gerados, parcerias criadas, novos mercados abertos e valoriza\u00e7\u00e3o de destinos e da diversidade da oferta tur\u00edstica.<\/li>\n<\/ul>\n","protected":false},"author":2,"featured_media":420267,"comment_status":"closed","ping_status":"closed","sticky":false,"template":"","format":"standard","meta":{"footnotes":""},"categories":[2,6735],"tags":[6592,6472,3080,1014,169,4301],"class_list":["post-420263","post","type-post","status-publish","format-standard","has-post-thumbnail","hentry","category-economia","category-negocios","tag-destinos-internacionais","tag-feiras","tag-internacionalizacao","tag-portugal","tag-turismo","tag-turismo-de-portugal"],"yoast_head":"<!-- This site is optimized with the Yoast SEO plugin v27.2 - https:\/\/yoast.com\/product\/yoast-seo-wordpress\/ -->\n<title>BTL e o impacto real no turismo analisado - Portal Tela Portugal<\/title>\n<meta name=\"robots\" content=\"index, follow, max-snippet:-1, max-image-preview:large, max-video-preview:-1\" \/>\n<meta property=\"og:locale\" content=\"pt_PT\" \/>\n<meta property=\"og:type\" content=\"article\" \/>\n<meta property=\"og:title\" content=\"BTL e o impacto real no turismo analisado - Portal Tela Portugal\" \/>\n<meta property=\"og:description\" content=\"A 36.\u00aa edi\u00e7\u00e3o registou oitenta e cinco mil visitantes, o valor mais elevado de sempre. A BTL contou com 1.700 expositores e 125 destinos internacionais, ocupando cinco pavilh\u00f5es numa \u00e1rea total de sessenta mil metros quadrados. O modelo BTL funciona, ao mesmo tempo, como plataforma B2B e B2C, durante cinco dias, reunindo profissionais e p\u00fablico final para neg\u00f3cios, networking e internacionaliza\u00e7\u00e3o. O programa Hosted Buyers, em parceria com a TAP Air Portugal e o Turismo de Portugal, realizou mais de 3.800 reuni\u00f5es entre compradores internacionais e empresas participantes. O impacto traduz-se em neg\u00f3cios gerados, parcerias criadas, novos mercados abertos e valoriza\u00e7\u00e3o de destinos e da diversidade da oferta tur\u00edstica.\" \/>\n<meta property=\"og:url\" content=\"https:\/\/portaltela.pt\/noticias\/2026\/03\/24\/btl-e-o-impacto-real-no-turismo-analisado\/\" \/>\n<meta property=\"og:site_name\" content=\"Portal Tela Portugal\" \/>\n<meta property=\"article:published_time\" content=\"2026-03-25T00:03:00+00:00\" \/>\n<meta name=\"author\" content=\"Telinha\" \/>\n<meta name=\"twitter:card\" content=\"summary_large_image\" \/>\n<meta name=\"twitter:label1\" content=\"Escrito por\" \/>\n\t<meta name=\"twitter:data1\" content=\"Telinha\" \/>\n\t<meta name=\"twitter:label2\" content=\"Tempo estimado de leitura\" \/>\n\t<meta name=\"twitter:data2\" content=\"2 minutos\" \/>\n<script type=\"application\/ld+json\" class=\"yoast-schema-graph\">{\"@context\":\"https:\/\/schema.org\",\"@graph\":[{\"@type\":\"Article\",\"@id\":\"https:\/\/portaltela.pt\/noticias\/2026\/03\/24\/btl-e-o-impacto-real-no-turismo-analisado\/#article\",\"isPartOf\":{\"@id\":\"https:\/\/portaltela.pt\/noticias\/2026\/03\/24\/btl-e-o-impacto-real-no-turismo-analisado\/\"},\"author\":{\"name\":\"Telinha\",\"@id\":\"https:\/\/portaltela.pt\/#\/schema\/person\/c4278d4a6028830caff9ee44b42d32ed\"},\"headline\":\"BTL e o impacto real no turismo analisado\",\"datePublished\":\"2026-03-25T00:03:00+00:00\",\"mainEntityOfPage\":{\"@id\":\"https:\/\/portaltela.pt\/noticias\/2026\/03\/24\/btl-e-o-impacto-real-no-turismo-analisado\/\"},\"wordCount\":337,\"image\":{\"@id\":\"https:\/\/portaltela.pt\/noticias\/2026\/03\/24\/btl-e-o-impacto-real-no-turismo-analisado\/#primaryimage\"},\"thumbnailUrl\":\"https:\/\/portaltela.pt\/s.01k8rhncp4jt1\/2026\/03\/79e6b963-b56f-4529-bfe1-2c846e4be778_1200x675.jpg\",\"keywords\":[\"destinos internacionais\",\"feiras\",\"internacionaliza\u00e7\u00e3o\",\"Portugal\",\"turismo\",\"Turismo de Portugal\"],\"articleSection\":[\"Economia\",\"Neg\u00f3cios\"],\"inLanguage\":\"pt-PT\"},{\"@type\":\"WebPage\",\"@id\":\"https:\/\/portaltela.pt\/noticias\/2026\/03\/24\/btl-e-o-impacto-real-no-turismo-analisado\/\",\"url\":\"https:\/\/portaltela.pt\/noticias\/2026\/03\/24\/btl-e-o-impacto-real-no-turismo-analisado\/\",\"name\":\"BTL e o impacto real no turismo analisado - Portal Tela Portugal\",\"isPartOf\":{\"@id\":\"https:\/\/portaltela.pt\/#website\"},\"primaryImageOfPage\":{\"@id\":\"https:\/\/portaltela.pt\/noticias\/2026\/03\/24\/btl-e-o-impacto-real-no-turismo-analisado\/#primaryimage\"},\"image\":{\"@id\":\"https:\/\/portaltela.pt\/noticias\/2026\/03\/24\/btl-e-o-impacto-real-no-turismo-analisado\/#primaryimage\"},\"thumbnailUrl\":\"https:\/\/portaltela.pt\/s.01k8rhncp4jt1\/2026\/03\/79e6b963-b56f-4529-bfe1-2c846e4be778_1200x675.jpg\",\"datePublished\":\"2026-03-25T00:03:00+00:00\",\"author\":{\"@id\":\"https:\/\/portaltela.pt\/#\/schema\/person\/c4278d4a6028830caff9ee44b42d32ed\"},\"breadcrumb\":{\"@id\":\"https:\/\/portaltela.pt\/noticias\/2026\/03\/24\/btl-e-o-impacto-real-no-turismo-analisado\/#breadcrumb\"},\"inLanguage\":\"pt-PT\",\"potentialAction\":[{\"@type\":\"ReadAction\",\"target\":[\"https:\/\/portaltela.pt\/noticias\/2026\/03\/24\/btl-e-o-impacto-real-no-turismo-analisado\/\"]}]},{\"@type\":\"ImageObject\",\"inLanguage\":\"pt-PT\",\"@id\":\"https:\/\/portaltela.pt\/noticias\/2026\/03\/24\/btl-e-o-impacto-real-no-turismo-analisado\/#primaryimage\",\"url\":\"https:\/\/portaltela.pt\/s.01k8rhncp4jt1\/2026\/03\/79e6b963-b56f-4529-bfe1-2c846e4be778_1200x675.jpg\",\"contentUrl\":\"https:\/\/portaltela.pt\/s.01k8rhncp4jt1\/2026\/03\/79e6b963-b56f-4529-bfe1-2c846e4be778_1200x675.jpg\",\"width\":1200,\"height\":675,\"caption\":\"Photo\"},{\"@type\":\"BreadcrumbList\",\"@id\":\"https:\/\/portaltela.pt\/noticias\/2026\/03\/24\/btl-e-o-impacto-real-no-turismo-analisado\/#breadcrumb\",\"itemListElement\":[{\"@type\":\"ListItem\",\"position\":1,\"name\":\"In\u00edcio\",\"item\":\"https:\/\/portaltela.pt\/\"},{\"@type\":\"ListItem\",\"position\":2,\"name\":\"BTL e o impacto real no turismo analisado\"}]},{\"@type\":\"WebSite\",\"@id\":\"https:\/\/portaltela.pt\/#website\",\"url\":\"https:\/\/portaltela.pt\/\",\"name\":\"Portal Tela Portugal\",\"description\":\"\",\"potentialAction\":[{\"@type\":\"SearchAction\",\"target\":{\"@type\":\"EntryPoint\",\"urlTemplate\":\"https:\/\/portaltela.pt\/?s={search_term_string}\"},\"query-input\":{\"@type\":\"PropertyValueSpecification\",\"valueRequired\":true,\"valueName\":\"search_term_string\"}}],\"inLanguage\":\"pt-PT\"},{\"@type\":\"Person\",\"@id\":\"https:\/\/portaltela.pt\/#\/schema\/person\/c4278d4a6028830caff9ee44b42d32ed\",\"name\":\"Telinha\",\"image\":{\"@type\":\"ImageObject\",\"inLanguage\":\"pt-PT\",\"@id\":\"https:\/\/portaltela.pt\/s.01k8rhncp4jt1\/2025\/11\/talking-bot-125x125.png\",\"url\":\"https:\/\/portaltela.pt\/s.01k8rhncp4jt1\/2025\/11\/talking-bot-125x125.png\",\"contentUrl\":\"https:\/\/portaltela.pt\/s.01k8rhncp4jt1\/2025\/11\/talking-bot-125x125.png\",\"caption\":\"Telinha\"},\"sameAs\":[\"https:\/\/portaltela.pt\/\"],\"url\":\"https:\/\/portaltela.pt\/por\/367410592786\/\"}]}<\/script>\n<!-- \/ Yoast SEO plugin. -->","yoast_head_json":{"title":"BTL e o impacto real no turismo analisado - Portal Tela Portugal","robots":{"index":"index","follow":"follow","max-snippet":"max-snippet:-1","max-image-preview":"max-image-preview:large","max-video-preview":"max-video-preview:-1"},"og_locale":"pt_PT","og_type":"article","og_title":"BTL e o impacto real no turismo analisado - Portal Tela Portugal","og_description":"A 36.\u00aa edi\u00e7\u00e3o registou oitenta e cinco mil visitantes, o valor mais elevado de sempre. A BTL contou com 1.700 expositores e 125 destinos internacionais, ocupando cinco pavilh\u00f5es numa \u00e1rea total de sessenta mil metros quadrados. O modelo BTL funciona, ao mesmo tempo, como plataforma B2B e B2C, durante cinco dias, reunindo profissionais e p\u00fablico final para neg\u00f3cios, networking e internacionaliza\u00e7\u00e3o. O programa Hosted Buyers, em parceria com a TAP Air Portugal e o Turismo de Portugal, realizou mais de 3.800 reuni\u00f5es entre compradores internacionais e empresas participantes. O impacto traduz-se em neg\u00f3cios gerados, parcerias criadas, novos mercados abertos e valoriza\u00e7\u00e3o de destinos e da diversidade da oferta tur\u00edstica.","og_url":"https:\/\/portaltela.pt\/noticias\/2026\/03\/24\/btl-e-o-impacto-real-no-turismo-analisado\/","og_site_name":"Portal Tela Portugal","article_published_time":"2026-03-25T00:03:00+00:00","author":"Telinha","twitter_card":"summary_large_image","twitter_misc":{"Escrito por":"Telinha","Tempo estimado de leitura":"2 minutos"},"schema":{"@context":"https:\/\/schema.org","@graph":[{"@type":"Article","@id":"https:\/\/portaltela.pt\/noticias\/2026\/03\/24\/btl-e-o-impacto-real-no-turismo-analisado\/#article","isPartOf":{"@id":"https:\/\/portaltela.pt\/noticias\/2026\/03\/24\/btl-e-o-impacto-real-no-turismo-analisado\/"},"author":{"name":"Telinha","@id":"https:\/\/portaltela.pt\/#\/schema\/person\/c4278d4a6028830caff9ee44b42d32ed"},"headline":"BTL e o impacto real no turismo analisado","datePublished":"2026-03-25T00:03:00+00:00","mainEntityOfPage":{"@id":"https:\/\/portaltela.pt\/noticias\/2026\/03\/24\/btl-e-o-impacto-real-no-turismo-analisado\/"},"wordCount":337,"image":{"@id":"https:\/\/portaltela.pt\/noticias\/2026\/03\/24\/btl-e-o-impacto-real-no-turismo-analisado\/#primaryimage"},"thumbnailUrl":"https:\/\/portaltela.pt\/s.01k8rhncp4jt1\/2026\/03\/79e6b963-b56f-4529-bfe1-2c846e4be778_1200x675.jpg","keywords":["destinos internacionais","feiras","internacionaliza\u00e7\u00e3o","Portugal","turismo","Turismo de Portugal"],"articleSection":["Economia","Neg\u00f3cios"],"inLanguage":"pt-PT"},{"@type":"WebPage","@id":"https:\/\/portaltela.pt\/noticias\/2026\/03\/24\/btl-e-o-impacto-real-no-turismo-analisado\/","url":"https:\/\/portaltela.pt\/noticias\/2026\/03\/24\/btl-e-o-impacto-real-no-turismo-analisado\/","name":"BTL e o impacto real no turismo analisado - Portal Tela Portugal","isPartOf":{"@id":"https:\/\/portaltela.pt\/#website"},"primaryImageOfPage":{"@id":"https:\/\/portaltela.pt\/noticias\/2026\/03\/24\/btl-e-o-impacto-real-no-turismo-analisado\/#primaryimage"},"image":{"@id":"https:\/\/portaltela.pt\/noticias\/2026\/03\/24\/btl-e-o-impacto-real-no-turismo-analisado\/#primaryimage"},"thumbnailUrl":"https:\/\/portaltela.pt\/s.01k8rhncp4jt1\/2026\/03\/79e6b963-b56f-4529-bfe1-2c846e4be778_1200x675.jpg","datePublished":"2026-03-25T00:03:00+00:00","author":{"@id":"https:\/\/portaltela.pt\/#\/schema\/person\/c4278d4a6028830caff9ee44b42d32ed"},"breadcrumb":{"@id":"https:\/\/portaltela.pt\/noticias\/2026\/03\/24\/btl-e-o-impacto-real-no-turismo-analisado\/#breadcrumb"},"inLanguage":"pt-PT","potentialAction":[{"@type":"ReadAction","target":["https:\/\/portaltela.pt\/noticias\/2026\/03\/24\/btl-e-o-impacto-real-no-turismo-analisado\/"]}]},{"@type":"ImageObject","inLanguage":"pt-PT","@id":"https:\/\/portaltela.pt\/noticias\/2026\/03\/24\/btl-e-o-impacto-real-no-turismo-analisado\/#primaryimage","url":"https:\/\/portaltela.pt\/s.01k8rhncp4jt1\/2026\/03\/79e6b963-b56f-4529-bfe1-2c846e4be778_1200x675.jpg","contentUrl":"https:\/\/portaltela.pt\/s.01k8rhncp4jt1\/2026\/03\/79e6b963-b56f-4529-bfe1-2c846e4be778_1200x675.jpg","width":1200,"height":675,"caption":"Photo"},{"@type":"BreadcrumbList","@id":"https:\/\/portaltela.pt\/noticias\/2026\/03\/24\/btl-e-o-impacto-real-no-turismo-analisado\/#breadcrumb","itemListElement":[{"@type":"ListItem","position":1,"name":"In\u00edcio","item":"https:\/\/portaltela.pt\/"},{"@type":"ListItem","position":2,"name":"BTL e o impacto real no turismo analisado"}]},{"@type":"WebSite","@id":"https:\/\/portaltela.pt\/#website","url":"https:\/\/portaltela.pt\/","name":"Portal Tela Portugal","description":"","potentialAction":[{"@type":"SearchAction","target":{"@type":"EntryPoint","urlTemplate":"https:\/\/portaltela.pt\/?s={search_term_string}"},"query-input":{"@type":"PropertyValueSpecification","valueRequired":true,"valueName":"search_term_string"}}],"inLanguage":"pt-PT"},{"@type":"Person","@id":"https:\/\/portaltela.pt\/#\/schema\/person\/c4278d4a6028830caff9ee44b42d32ed","name":"Telinha","image":{"@type":"ImageObject","inLanguage":"pt-PT","@id":"https:\/\/portaltela.pt\/s.01k8rhncp4jt1\/2025\/11\/talking-bot-125x125.png","url":"https:\/\/portaltela.pt\/s.01k8rhncp4jt1\/2025\/11\/talking-bot-125x125.png","contentUrl":"https:\/\/portaltela.pt\/s.01k8rhncp4jt1\/2025\/11\/talking-bot-125x125.png","caption":"Telinha"},"sameAs":["https:\/\/portaltela.pt\/"],"url":"https:\/\/portaltela.pt\/por\/367410592786\/"}]}},"_links":{"self":[{"href":"https:\/\/portaltela.pt\/api\/wp\/v2\/posts\/420263","targetHints":{"allow":["GET"]}}],"collection":[{"href":"https:\/\/portaltela.pt\/api\/wp\/v2\/posts"}],"about":[{"href":"https:\/\/portaltela.pt\/api\/wp\/v2\/types\/post"}],"author":[{"embeddable":true,"href":"https:\/\/portaltela.pt\/api\/wp\/v2\/users\/2"}],"replies":[{"embeddable":true,"href":"https:\/\/portaltela.pt\/api\/wp\/v2\/comments?post=420263"}],"version-history":[{"count":0,"href":"https:\/\/portaltela.pt\/api\/wp\/v2\/posts\/420263\/revisions"}],"wp:featuredmedia":[{"embeddable":true,"href":"https:\/\/portaltela.pt\/api\/wp\/v2\/media\/420267"}],"wp:attachment":[{"href":"https:\/\/portaltela.pt\/api\/wp\/v2\/media?parent=420263"}],"wp:term":[{"taxonomy":"category","embeddable":true,"href":"https:\/\/portaltela.pt\/api\/wp\/v2\/categories?post=420263"},{"taxonomy":"post_tag","embeddable":true,"href":"https:\/\/portaltela.pt\/api\/wp\/v2\/tags?post=420263"}],"curies":[{"name":"wp","href":"https:\/\/api.w.org\/{rel}","templated":true}]}}