{"id":420259,"date":"2026-03-24T21:01:00","date_gmt":"2026-03-25T00:01:00","guid":{"rendered":"https:\/\/portaltela.pt\/noticias\/2026\/03\/24\/atenas-em-destaque-atualizacoes-locais\/"},"modified":"2026-03-24T21:01:00","modified_gmt":"2026-03-25T00:01:00","slug":"atenas-em-destaque-atualizacoes-locais","status":"publish","type":"post","link":"https:\/\/portaltela.pt\/noticias\/politica\/2026\/03\/24\/atenas-em-destaque-atualizacoes-locais\/","title":{"rendered":"Atenas em destaque: atualiza\u00e7\u00f5es locais"},"content":{"rendered":"<p>A discuss\u00e3o sobre centralismo continua a dividir opini\u00f5es, especialmente quando se analisa o impacto de concentrar poderes na capital. Defensores afirmam que a concentra\u00e7\u00e3o pode impulsionar o desenvolvimento, enquanto cr\u00edticos apontam desvantagens para regi\u00f5es mais perif\u00e9ricas. O caso da Gr\u00e9cia \u00e9 citado como exemplo de desequil\u00edbrios entre Atenas e outras autoridades regionais.<\/p>\n<p>O artigo compara o desempenho econ\u00f3mico entre a capital e o pa\u00eds, destacando que a Grande Lisboa regista um PIB per capita significativamente superior \u00e0 m\u00e9dia nacional, enquanto outras zonas, como o T\u00e2mega e Sousa, ficam abaixo da m\u00e9dia. O texto levanta quest\u00f5es sobre a efic\u00e1cia de pol\u00edticas centralizadas para distribuir riqueza.<\/p>\n<p>A an\u00e1lise envolve projetos de grande envergadura, como a cria\u00e7\u00e3o de 6 exposi\u00e7\u00f5es no arco ribeirinho de Lisboa, pontes extensas no vale do Tejo e um aeroporto de refer\u00eancia, apontando impactos ambientais e h\u00eddricos. Surgem d\u00favidas sobre o equil\u00edbrio entre investimento p\u00fablico e sustentabilidade ambiental.<\/p>\n<p>O foco recai sobre as entidades locais, nomeadamente a AMP e a Associa\u00e7\u00e3o Comercial do Porto. Dois casos centrais s\u00e3o levantados: a perce\u00e7\u00e3o de que a AMP \u00e9 pouco mais que uma institui\u00e7\u00e3o simb\u00f3lica e a necessidade de o \u00f3rg\u00e3o cumprir a lei em mat\u00e9ria de planeamento. A reportagem indaga como as c\u00e2maras podem fortalecer o corpo t\u00e9cnico e financeiro da AMP para promover projetos intermunicipais.<\/p>\n<h3>Quest\u00f5es de governan\u00e7a regional<\/h3>\n<ul>\n<li>O papel das c\u00e2maras na promo\u00e7\u00e3o de iniciativas conjuntas e na defesa de interesses regionais<\/li>\n<li>A possibilidade de usar a AMP como plataforma de reivindica\u00e7\u00e3o e planeamento<\/li>\n<li>O paralelismo entre estrat\u00e9gias locais e pol\u00edticas nacionais de desenvolvimento<\/li>\n<\/ul>\n","protected":false},"excerpt":{"rendered":"<ul>\n<li>O texto discute o centralismo e o argumento de que a concentra\u00e7\u00e3o facilita o desenvolvimento, apontando que a Gr\u00e9cia, com a maior parte da popula\u00e7\u00e3o em Atenas, fica atr\u00e1s de Portugal em PIB per capita e est\u00e1 aqu\u00e9m de pa\u00edses com v\u00e1rias cidades grandes, como Alemanha, Su\u00ed\u00e7a ou Su\u00e9cia.<\/li>\n<li>Refere planos de infraestrutura em Portugal, incluindo 6 Expos no arco ribeirinho de Lisboa, pontes no vale do Tejo e um aeroporto de grande dimens\u00e3o, situados numa \u00e1rea ambientalmente criticada pelos sobreiros e pelo n\u00edvel fre\u00e1tico.<\/li>\n<li>Observa que quem defende o centralismo afirma que a capital irradiaria desenvolvimento, mas o PIB per capita da Grande Lisboa supera, em m\u00e9dia, 58% a m\u00e9dia nacional, enquanto a regi\u00e3o de T\u00e2mega e Sousa fica pela metade.<\/li>\n<li>Questiona a atua\u00e7\u00e3o da AMP (\u00c1rea Metropolitana do Porto), apontando que a Associa\u00e7\u00e3o Comercial do Porto j\u00e1 perdeu voz, e que o presidente da AMP \u00e9 tamb\u00e9m presidente da C\u00e2mara do Porto, com problemas sobre promover o que a legisla\u00e7\u00e3o exige em planeamento.<\/li>\n<li>Aponta que as c\u00e2maras podem refor\u00e7ar o corpo t\u00e9cnico e o or\u00e7amento da AMP, executar projetos intermunicipais e atuar como palco de reivindica\u00e7\u00e3o, comparando com a\u00e7\u00f5es de Fernando Gomes nos anos 1990 ao lado de Vieira de Carvalho e Narciso Miranda.<\/li>\n<\/ul>\n","protected":false},"author":2,"featured_media":420265,"comment_status":"closed","ping_status":"closed","sticky":false,"template":"","format":"standard","meta":{"footnotes":""},"categories":[5,6871],"tags":[4846,7486,6329,1409,28,4023],"class_list":["post-420259","post","type-post","status-publish","format-standard","has-post-thumbnail","hentry","category-politica","category-sociedade","tag-administracao-local","tag-associacao-comercial-do-porto","tag-camaras","tag-desenvolvimento-regional","tag-economia","tag-grande-lisboa"],"yoast_head":"<!-- This site is optimized with the Yoast SEO plugin v27.2 - https:\/\/yoast.com\/product\/yoast-seo-wordpress\/ -->\n<title>Atenas em destaque: atualiza\u00e7\u00f5es locais - Portal Tela Portugal<\/title>\n<meta name=\"robots\" content=\"index, follow, max-snippet:-1, max-image-preview:large, max-video-preview:-1\" \/>\n<meta property=\"og:locale\" content=\"pt_PT\" \/>\n<meta property=\"og:type\" content=\"article\" \/>\n<meta property=\"og:title\" content=\"Atenas em destaque: atualiza\u00e7\u00f5es locais - Portal Tela Portugal\" \/>\n<meta property=\"og:description\" content=\"O texto discute o centralismo e o argumento de que a concentra\u00e7\u00e3o facilita o desenvolvimento, apontando que a Gr\u00e9cia, com a maior parte da popula\u00e7\u00e3o em Atenas, fica atr\u00e1s de Portugal em PIB per capita e est\u00e1 aqu\u00e9m de pa\u00edses com v\u00e1rias cidades grandes, como Alemanha, Su\u00ed\u00e7a ou Su\u00e9cia. Refere planos de infraestrutura em Portugal, incluindo 6 Expos no arco ribeirinho de Lisboa, pontes no vale do Tejo e um aeroporto de grande dimens\u00e3o, situados numa \u00e1rea ambientalmente criticada pelos sobreiros e pelo n\u00edvel fre\u00e1tico. Observa que quem defende o centralismo afirma que a capital irradiaria desenvolvimento, mas o PIB per capita da Grande Lisboa supera, em m\u00e9dia, 58% a m\u00e9dia nacional, enquanto a regi\u00e3o de T\u00e2mega e Sousa fica pela metade. Questiona a atua\u00e7\u00e3o da AMP (\u00c1rea Metropolitana do Porto), apontando que a Associa\u00e7\u00e3o Comercial do Porto j\u00e1 perdeu voz, e que o presidente da AMP \u00e9 tamb\u00e9m presidente da C\u00e2mara do Porto, com problemas sobre promover o que a legisla\u00e7\u00e3o exige em planeamento. Aponta que as c\u00e2maras podem refor\u00e7ar o corpo t\u00e9cnico e o or\u00e7amento da AMP, executar projetos intermunicipais e atuar como palco de reivindica\u00e7\u00e3o, comparando com a\u00e7\u00f5es de Fernando Gomes nos anos 1990 ao lado de Vieira de Carvalho e Narciso Miranda.\" \/>\n<meta property=\"og:url\" content=\"https:\/\/portaltela.pt\/noticias\/2026\/03\/24\/atenas-em-destaque-atualizacoes-locais\/\" \/>\n<meta property=\"og:site_name\" content=\"Portal Tela Portugal\" \/>\n<meta property=\"article:published_time\" content=\"2026-03-25T00:01:00+00:00\" \/>\n<meta name=\"author\" content=\"Telinha\" \/>\n<meta name=\"twitter:card\" content=\"summary_large_image\" \/>\n<meta name=\"twitter:label1\" content=\"Escrito por\" \/>\n\t<meta name=\"twitter:data1\" content=\"Telinha\" \/>\n\t<meta name=\"twitter:label2\" content=\"Tempo estimado de leitura\" \/>\n\t<meta name=\"twitter:data2\" content=\"1 minuto\" \/>\n<script type=\"application\/ld+json\" class=\"yoast-schema-graph\">{\"@context\":\"https:\/\/schema.org\",\"@graph\":[{\"@type\":\"Article\",\"@id\":\"https:\/\/portaltela.pt\/noticias\/2026\/03\/24\/atenas-em-destaque-atualizacoes-locais\/#article\",\"isPartOf\":{\"@id\":\"https:\/\/portaltela.pt\/noticias\/2026\/03\/24\/atenas-em-destaque-atualizacoes-locais\/\"},\"author\":{\"name\":\"Telinha\",\"@id\":\"https:\/\/portaltela.pt\/#\/schema\/person\/c4278d4a6028830caff9ee44b42d32ed\"},\"headline\":\"Atenas em destaque: atualiza\u00e7\u00f5es locais\",\"datePublished\":\"2026-03-25T00:01:00+00:00\",\"mainEntityOfPage\":{\"@id\":\"https:\/\/portaltela.pt\/noticias\/2026\/03\/24\/atenas-em-destaque-atualizacoes-locais\/\"},\"wordCount\":298,\"image\":{\"@id\":\"https:\/\/portaltela.pt\/noticias\/2026\/03\/24\/atenas-em-destaque-atualizacoes-locais\/#primaryimage\"},\"thumbnailUrl\":\"https:\/\/portaltela.pt\/s.01k8rhncp4jt1\/2026\/03\/4d37f7f4-b0cd-4cfc-bc64-bdb7fdd57133_1200x675.jpg\",\"keywords\":[\"Administra\u00e7\u00e3o Local\",\"Associa\u00e7\u00e3o Comercial do Porto\",\"c\u00e2maras\",\"desenvolvimento regional\",\"economia\",\"Grande Lisboa\"],\"articleSection\":[\"Pol\u00edtica\",\"Sociedade\"],\"inLanguage\":\"pt-PT\"},{\"@type\":\"WebPage\",\"@id\":\"https:\/\/portaltela.pt\/noticias\/2026\/03\/24\/atenas-em-destaque-atualizacoes-locais\/\",\"url\":\"https:\/\/portaltela.pt\/noticias\/2026\/03\/24\/atenas-em-destaque-atualizacoes-locais\/\",\"name\":\"Atenas em destaque: atualiza\u00e7\u00f5es locais - Portal Tela Portugal\",\"isPartOf\":{\"@id\":\"https:\/\/portaltela.pt\/#website\"},\"primaryImageOfPage\":{\"@id\":\"https:\/\/portaltela.pt\/noticias\/2026\/03\/24\/atenas-em-destaque-atualizacoes-locais\/#primaryimage\"},\"image\":{\"@id\":\"https:\/\/portaltela.pt\/noticias\/2026\/03\/24\/atenas-em-destaque-atualizacoes-locais\/#primaryimage\"},\"thumbnailUrl\":\"https:\/\/portaltela.pt\/s.01k8rhncp4jt1\/2026\/03\/4d37f7f4-b0cd-4cfc-bc64-bdb7fdd57133_1200x675.jpg\",\"datePublished\":\"2026-03-25T00:01:00+00:00\",\"author\":{\"@id\":\"https:\/\/portaltela.pt\/#\/schema\/person\/c4278d4a6028830caff9ee44b42d32ed\"},\"breadcrumb\":{\"@id\":\"https:\/\/portaltela.pt\/noticias\/2026\/03\/24\/atenas-em-destaque-atualizacoes-locais\/#breadcrumb\"},\"inLanguage\":\"pt-PT\",\"potentialAction\":[{\"@type\":\"ReadAction\",\"target\":[\"https:\/\/portaltela.pt\/noticias\/2026\/03\/24\/atenas-em-destaque-atualizacoes-locais\/\"]}]},{\"@type\":\"ImageObject\",\"inLanguage\":\"pt-PT\",\"@id\":\"https:\/\/portaltela.pt\/noticias\/2026\/03\/24\/atenas-em-destaque-atualizacoes-locais\/#primaryimage\",\"url\":\"https:\/\/portaltela.pt\/s.01k8rhncp4jt1\/2026\/03\/4d37f7f4-b0cd-4cfc-bc64-bdb7fdd57133_1200x675.jpg\",\"contentUrl\":\"https:\/\/portaltela.pt\/s.01k8rhncp4jt1\/2026\/03\/4d37f7f4-b0cd-4cfc-bc64-bdb7fdd57133_1200x675.jpg\",\"width\":796,\"height\":448,\"caption\":\"Photo\"},{\"@type\":\"BreadcrumbList\",\"@id\":\"https:\/\/portaltela.pt\/noticias\/2026\/03\/24\/atenas-em-destaque-atualizacoes-locais\/#breadcrumb\",\"itemListElement\":[{\"@type\":\"ListItem\",\"position\":1,\"name\":\"In\u00edcio\",\"item\":\"https:\/\/portaltela.pt\/\"},{\"@type\":\"ListItem\",\"position\":2,\"name\":\"Atenas em destaque: atualiza\u00e7\u00f5es locais\"}]},{\"@type\":\"WebSite\",\"@id\":\"https:\/\/portaltela.pt\/#website\",\"url\":\"https:\/\/portaltela.pt\/\",\"name\":\"Portal Tela Portugal\",\"description\":\"\",\"potentialAction\":[{\"@type\":\"SearchAction\",\"target\":{\"@type\":\"EntryPoint\",\"urlTemplate\":\"https:\/\/portaltela.pt\/?s={search_term_string}\"},\"query-input\":{\"@type\":\"PropertyValueSpecification\",\"valueRequired\":true,\"valueName\":\"search_term_string\"}}],\"inLanguage\":\"pt-PT\"},{\"@type\":\"Person\",\"@id\":\"https:\/\/portaltela.pt\/#\/schema\/person\/c4278d4a6028830caff9ee44b42d32ed\",\"name\":\"Telinha\",\"image\":{\"@type\":\"ImageObject\",\"inLanguage\":\"pt-PT\",\"@id\":\"https:\/\/portaltela.pt\/s.01k8rhncp4jt1\/2025\/11\/talking-bot-125x125.png\",\"url\":\"https:\/\/portaltela.pt\/s.01k8rhncp4jt1\/2025\/11\/talking-bot-125x125.png\",\"contentUrl\":\"https:\/\/portaltela.pt\/s.01k8rhncp4jt1\/2025\/11\/talking-bot-125x125.png\",\"caption\":\"Telinha\"},\"sameAs\":[\"https:\/\/portaltela.pt\/\"],\"url\":\"https:\/\/portaltela.pt\/por\/367410592786\/\"}]}<\/script>\n<!-- \/ Yoast SEO plugin. -->","yoast_head_json":{"title":"Atenas em destaque: atualiza\u00e7\u00f5es locais - Portal Tela Portugal","robots":{"index":"index","follow":"follow","max-snippet":"max-snippet:-1","max-image-preview":"max-image-preview:large","max-video-preview":"max-video-preview:-1"},"og_locale":"pt_PT","og_type":"article","og_title":"Atenas em destaque: atualiza\u00e7\u00f5es locais - Portal Tela Portugal","og_description":"O texto discute o centralismo e o argumento de que a concentra\u00e7\u00e3o facilita o desenvolvimento, apontando que a Gr\u00e9cia, com a maior parte da popula\u00e7\u00e3o em Atenas, fica atr\u00e1s de Portugal em PIB per capita e est\u00e1 aqu\u00e9m de pa\u00edses com v\u00e1rias cidades grandes, como Alemanha, Su\u00ed\u00e7a ou Su\u00e9cia. Refere planos de infraestrutura em Portugal, incluindo 6 Expos no arco ribeirinho de Lisboa, pontes no vale do Tejo e um aeroporto de grande dimens\u00e3o, situados numa \u00e1rea ambientalmente criticada pelos sobreiros e pelo n\u00edvel fre\u00e1tico. Observa que quem defende o centralismo afirma que a capital irradiaria desenvolvimento, mas o PIB per capita da Grande Lisboa supera, em m\u00e9dia, 58% a m\u00e9dia nacional, enquanto a regi\u00e3o de T\u00e2mega e Sousa fica pela metade. Questiona a atua\u00e7\u00e3o da AMP (\u00c1rea Metropolitana do Porto), apontando que a Associa\u00e7\u00e3o Comercial do Porto j\u00e1 perdeu voz, e que o presidente da AMP \u00e9 tamb\u00e9m presidente da C\u00e2mara do Porto, com problemas sobre promover o que a legisla\u00e7\u00e3o exige em planeamento. Aponta que as c\u00e2maras podem refor\u00e7ar o corpo t\u00e9cnico e o or\u00e7amento da AMP, executar projetos intermunicipais e atuar como palco de reivindica\u00e7\u00e3o, comparando com a\u00e7\u00f5es de Fernando Gomes nos anos 1990 ao lado de Vieira de Carvalho e Narciso Miranda.","og_url":"https:\/\/portaltela.pt\/noticias\/2026\/03\/24\/atenas-em-destaque-atualizacoes-locais\/","og_site_name":"Portal Tela Portugal","article_published_time":"2026-03-25T00:01:00+00:00","author":"Telinha","twitter_card":"summary_large_image","twitter_misc":{"Escrito por":"Telinha","Tempo estimado de leitura":"1 minuto"},"schema":{"@context":"https:\/\/schema.org","@graph":[{"@type":"Article","@id":"https:\/\/portaltela.pt\/noticias\/2026\/03\/24\/atenas-em-destaque-atualizacoes-locais\/#article","isPartOf":{"@id":"https:\/\/portaltela.pt\/noticias\/2026\/03\/24\/atenas-em-destaque-atualizacoes-locais\/"},"author":{"name":"Telinha","@id":"https:\/\/portaltela.pt\/#\/schema\/person\/c4278d4a6028830caff9ee44b42d32ed"},"headline":"Atenas em destaque: atualiza\u00e7\u00f5es locais","datePublished":"2026-03-25T00:01:00+00:00","mainEntityOfPage":{"@id":"https:\/\/portaltela.pt\/noticias\/2026\/03\/24\/atenas-em-destaque-atualizacoes-locais\/"},"wordCount":298,"image":{"@id":"https:\/\/portaltela.pt\/noticias\/2026\/03\/24\/atenas-em-destaque-atualizacoes-locais\/#primaryimage"},"thumbnailUrl":"https:\/\/portaltela.pt\/s.01k8rhncp4jt1\/2026\/03\/4d37f7f4-b0cd-4cfc-bc64-bdb7fdd57133_1200x675.jpg","keywords":["Administra\u00e7\u00e3o Local","Associa\u00e7\u00e3o Comercial do Porto","c\u00e2maras","desenvolvimento regional","economia","Grande Lisboa"],"articleSection":["Pol\u00edtica","Sociedade"],"inLanguage":"pt-PT"},{"@type":"WebPage","@id":"https:\/\/portaltela.pt\/noticias\/2026\/03\/24\/atenas-em-destaque-atualizacoes-locais\/","url":"https:\/\/portaltela.pt\/noticias\/2026\/03\/24\/atenas-em-destaque-atualizacoes-locais\/","name":"Atenas em destaque: atualiza\u00e7\u00f5es locais - Portal Tela Portugal","isPartOf":{"@id":"https:\/\/portaltela.pt\/#website"},"primaryImageOfPage":{"@id":"https:\/\/portaltela.pt\/noticias\/2026\/03\/24\/atenas-em-destaque-atualizacoes-locais\/#primaryimage"},"image":{"@id":"https:\/\/portaltela.pt\/noticias\/2026\/03\/24\/atenas-em-destaque-atualizacoes-locais\/#primaryimage"},"thumbnailUrl":"https:\/\/portaltela.pt\/s.01k8rhncp4jt1\/2026\/03\/4d37f7f4-b0cd-4cfc-bc64-bdb7fdd57133_1200x675.jpg","datePublished":"2026-03-25T00:01:00+00:00","author":{"@id":"https:\/\/portaltela.pt\/#\/schema\/person\/c4278d4a6028830caff9ee44b42d32ed"},"breadcrumb":{"@id":"https:\/\/portaltela.pt\/noticias\/2026\/03\/24\/atenas-em-destaque-atualizacoes-locais\/#breadcrumb"},"inLanguage":"pt-PT","potentialAction":[{"@type":"ReadAction","target":["https:\/\/portaltela.pt\/noticias\/2026\/03\/24\/atenas-em-destaque-atualizacoes-locais\/"]}]},{"@type":"ImageObject","inLanguage":"pt-PT","@id":"https:\/\/portaltela.pt\/noticias\/2026\/03\/24\/atenas-em-destaque-atualizacoes-locais\/#primaryimage","url":"https:\/\/portaltela.pt\/s.01k8rhncp4jt1\/2026\/03\/4d37f7f4-b0cd-4cfc-bc64-bdb7fdd57133_1200x675.jpg","contentUrl":"https:\/\/portaltela.pt\/s.01k8rhncp4jt1\/2026\/03\/4d37f7f4-b0cd-4cfc-bc64-bdb7fdd57133_1200x675.jpg","width":796,"height":448,"caption":"Photo"},{"@type":"BreadcrumbList","@id":"https:\/\/portaltela.pt\/noticias\/2026\/03\/24\/atenas-em-destaque-atualizacoes-locais\/#breadcrumb","itemListElement":[{"@type":"ListItem","position":1,"name":"In\u00edcio","item":"https:\/\/portaltela.pt\/"},{"@type":"ListItem","position":2,"name":"Atenas em destaque: atualiza\u00e7\u00f5es locais"}]},{"@type":"WebSite","@id":"https:\/\/portaltela.pt\/#website","url":"https:\/\/portaltela.pt\/","name":"Portal Tela Portugal","description":"","potentialAction":[{"@type":"SearchAction","target":{"@type":"EntryPoint","urlTemplate":"https:\/\/portaltela.pt\/?s={search_term_string}"},"query-input":{"@type":"PropertyValueSpecification","valueRequired":true,"valueName":"search_term_string"}}],"inLanguage":"pt-PT"},{"@type":"Person","@id":"https:\/\/portaltela.pt\/#\/schema\/person\/c4278d4a6028830caff9ee44b42d32ed","name":"Telinha","image":{"@type":"ImageObject","inLanguage":"pt-PT","@id":"https:\/\/portaltela.pt\/s.01k8rhncp4jt1\/2025\/11\/talking-bot-125x125.png","url":"https:\/\/portaltela.pt\/s.01k8rhncp4jt1\/2025\/11\/talking-bot-125x125.png","contentUrl":"https:\/\/portaltela.pt\/s.01k8rhncp4jt1\/2025\/11\/talking-bot-125x125.png","caption":"Telinha"},"sameAs":["https:\/\/portaltela.pt\/"],"url":"https:\/\/portaltela.pt\/por\/367410592786\/"}]}},"_links":{"self":[{"href":"https:\/\/portaltela.pt\/api\/wp\/v2\/posts\/420259","targetHints":{"allow":["GET"]}}],"collection":[{"href":"https:\/\/portaltela.pt\/api\/wp\/v2\/posts"}],"about":[{"href":"https:\/\/portaltela.pt\/api\/wp\/v2\/types\/post"}],"author":[{"embeddable":true,"href":"https:\/\/portaltela.pt\/api\/wp\/v2\/users\/2"}],"replies":[{"embeddable":true,"href":"https:\/\/portaltela.pt\/api\/wp\/v2\/comments?post=420259"}],"version-history":[{"count":0,"href":"https:\/\/portaltela.pt\/api\/wp\/v2\/posts\/420259\/revisions"}],"wp:featuredmedia":[{"embeddable":true,"href":"https:\/\/portaltela.pt\/api\/wp\/v2\/media\/420265"}],"wp:attachment":[{"href":"https:\/\/portaltela.pt\/api\/wp\/v2\/media?parent=420259"}],"wp:term":[{"taxonomy":"category","embeddable":true,"href":"https:\/\/portaltela.pt\/api\/wp\/v2\/categories?post=420259"},{"taxonomy":"post_tag","embeddable":true,"href":"https:\/\/portaltela.pt\/api\/wp\/v2\/tags?post=420259"}],"curies":[{"name":"wp","href":"https:\/\/api.w.org\/{rel}","templated":true}]}}