{"id":420244,"date":"2026-03-24T20:28:00","date_gmt":"2026-03-24T23:28:00","guid":{"rendered":"https:\/\/portaltela.pt\/noticias\/2026\/03\/24\/governo-aumenta-apoio-ao-desporto-em-5-milhoes-de-euros\/"},"modified":"2026-03-24T20:28:00","modified_gmt":"2026-03-24T23:28:00","slug":"governo-aumenta-apoio-ao-desporto-em-5-milhoes-de-euros","status":"publish","type":"post","link":"https:\/\/portaltela.pt\/desporto\/futebol\/2026\/03\/24\/governo-aumenta-apoio-ao-desporto-em-5-milhoes-de-euros\/","title":{"rendered":"Governo aumenta apoio ao Desporto em 5 milh\u00f5es de euros"},"content":{"rendered":"<p>O Governo vai refor\u00e7ar o financiamento do Desporto com um acr\u00e9scimo extraordin\u00e1rio de cinco milh\u00f5es de euros. A medida foi confirmada pelo minist\u00e9rio da Cultura, Juventude e Desporto atrav\u00e9s de um comunicado.<\/p>\n<p>Este refor\u00e7o soma-se aos 62 milh\u00f5es de euros j\u00e1 adicionados anteriormente, que estavam previstos para ser distribu\u00eddos at\u00e9 2028. O novo montante prev\u00ea apoio imediato a v\u00e1rias estruturas desportivas.<\/p>\n<p>Dois milh\u00f5es de euros destinam-se a refor\u00e7ar as atividades regulares das federa\u00e7\u00f5es desportivas e dos Comit\u00e9s Ol\u00edmpico e Paral\u00edmpico. O mesmo valor ficar\u00e1 reservado ao Alto Rendimento e \u00e0s sele\u00e7\u00f5es nacionais, para reconhecer resultados de excel\u00eancia.<\/p>\n<p>O Governo esclarece que o objetivo \u00e9 promover um modelo de financiamento mais equilibrado, ajustado \u00e0 realidade do sistema desportivo, valorizando o trabalho das federa\u00e7\u00f5es e refor\u00e7ando o apoio a atletas, clubes e modalidades.<\/p>\n<p>Margarida Balseiro Lopes, ministra da Cultura, Juventude e Desporto, afirma que o refor\u00e7o representa um compromisso com a valoriza\u00e7\u00e3o do desporto como pilar da coes\u00e3o social, da sa\u00fade p\u00fablica e da proje\u00e7\u00e3o internacional de Portugal.<\/p>\n<h3>Destino dos recursos<\/h3>\n<p>O minist\u00e9rio detalha que o refor\u00e7o visa manter o apoio \u00e0s estruturas desportivas, aumentar o reconhecimento aos resultados de atletas de alto rendimento e consolidar o financiamento em todo o territ\u00f3rio.<\/p>\n","protected":false},"excerpt":{"rendered":"<ul>\n<li>O Governo vai refor\u00e7ar o financiamento do Desporto com cinco milh\u00f5es de euros, segundo comunicado do minist\u00e9rio da Cultura, Juventude e Desporto.<\/li>\n<li>Este refor\u00e7o soma-se aos 62 milh\u00f5es de euros j\u00e1 previstos e distribu\u00eddos at\u00e9 2028.<\/li>\n<li>Dois milh\u00f5es de euros destinam-se ao apoio \u00e0s atividades regulares das federa\u00e7\u00f5es desportivas e do Comit\u00e9 Ol\u00edmpico e Paral\u00edmpico; dois milh\u00f5es v\u00e3o para o Alto Rendimento e sele\u00e7\u00f5es nacionais; um milh\u00e3o \u00e9 usado para reconhecer e apoiar resultados de excel\u00eancia.<\/li>\n<li>O objetivo \u00e9 promover um modelo de financiamento mais equilibrado e ajustar o apoio a atletas, clubes e modalidades em todo o territ\u00f3rio.<\/li>\n<li>Margarida Balseiro Lopes destacou que o refor\u00e7o refor\u00e7a o desporto como pilar da coes\u00e3o social, da sa\u00fade p\u00fablica e da posi\u00e7\u00e3o de Portugal no mundo.<\/li>\n<\/ul>\n","protected":false},"author":2,"featured_media":420248,"comment_status":"closed","ping_status":"closed","sticky":false,"template":"","format":"standard","meta":{"footnotes":""},"categories":[21,24],"tags":[7485,152,2266,2417,34,2057],"class_list":["post-420244","post","type-post","status-publish","format-standard","has-post-thumbnail","hentry","category-desporto","category-futebol","tag-alto-rendimento","tag-desporto","tag-federacoes","tag-financiamento","tag-governo","tag-selecao-nacional"],"yoast_head":"<!-- This site is optimized with the Yoast SEO plugin v27.2 - https:\/\/yoast.com\/product\/yoast-seo-wordpress\/ -->\n<title>Governo aumenta apoio ao Desporto em 5 milh\u00f5es de euros - Portal Tela Portugal<\/title>\n<meta name=\"robots\" content=\"index, follow, max-snippet:-1, max-image-preview:large, max-video-preview:-1\" \/>\n<meta property=\"og:locale\" content=\"pt_PT\" \/>\n<meta property=\"og:type\" content=\"article\" \/>\n<meta property=\"og:title\" content=\"Governo aumenta apoio ao Desporto em 5 milh\u00f5es de euros - Portal Tela Portugal\" \/>\n<meta property=\"og:description\" content=\"O Governo vai refor\u00e7ar o financiamento do Desporto com cinco milh\u00f5es de euros, segundo comunicado do minist\u00e9rio da Cultura, Juventude e Desporto. Este refor\u00e7o soma-se aos 62 milh\u00f5es de euros j\u00e1 previstos e distribu\u00eddos at\u00e9 2028. Dois milh\u00f5es de euros destinam-se ao apoio \u00e0s atividades regulares das federa\u00e7\u00f5es desportivas e do Comit\u00e9 Ol\u00edmpico e Paral\u00edmpico; dois milh\u00f5es v\u00e3o para o Alto Rendimento e sele\u00e7\u00f5es nacionais; um milh\u00e3o \u00e9 usado para reconhecer e apoiar resultados de excel\u00eancia. O objetivo \u00e9 promover um modelo de financiamento mais equilibrado e ajustar o apoio a atletas, clubes e modalidades em todo o territ\u00f3rio. Margarida Balseiro Lopes destacou que o refor\u00e7o refor\u00e7a o desporto como pilar da coes\u00e3o social, da sa\u00fade p\u00fablica e da posi\u00e7\u00e3o de Portugal no mundo.\" \/>\n<meta property=\"og:url\" content=\"https:\/\/portaltela.pt\/noticias\/2026\/03\/24\/governo-aumenta-apoio-ao-desporto-em-5-milhoes-de-euros\/\" \/>\n<meta property=\"og:site_name\" content=\"Portal Tela Portugal\" \/>\n<meta property=\"article:published_time\" content=\"2026-03-24T23:28:00+00:00\" \/>\n<meta name=\"author\" content=\"Telinha\" \/>\n<meta name=\"twitter:card\" content=\"summary_large_image\" \/>\n<meta name=\"twitter:label1\" content=\"Escrito por\" \/>\n\t<meta name=\"twitter:data1\" content=\"Telinha\" \/>\n\t<meta name=\"twitter:label2\" content=\"Tempo estimado de leitura\" \/>\n\t<meta name=\"twitter:data2\" content=\"1 minuto\" \/>\n<script type=\"application\/ld+json\" class=\"yoast-schema-graph\">{\"@context\":\"https:\/\/schema.org\",\"@graph\":[{\"@type\":\"Article\",\"@id\":\"https:\/\/portaltela.pt\/noticias\/2026\/03\/24\/governo-aumenta-apoio-ao-desporto-em-5-milhoes-de-euros\/#article\",\"isPartOf\":{\"@id\":\"https:\/\/portaltela.pt\/noticias\/2026\/03\/24\/governo-aumenta-apoio-ao-desporto-em-5-milhoes-de-euros\/\"},\"author\":{\"name\":\"Telinha\",\"@id\":\"https:\/\/portaltela.pt\/#\/schema\/person\/c4278d4a6028830caff9ee44b42d32ed\"},\"headline\":\"Governo aumenta apoio ao Desporto em 5 milh\u00f5es de euros\",\"datePublished\":\"2026-03-24T23:28:00+00:00\",\"mainEntityOfPage\":{\"@id\":\"https:\/\/portaltela.pt\/noticias\/2026\/03\/24\/governo-aumenta-apoio-ao-desporto-em-5-milhoes-de-euros\/\"},\"wordCount\":235,\"image\":{\"@id\":\"https:\/\/portaltela.pt\/noticias\/2026\/03\/24\/governo-aumenta-apoio-ao-desporto-em-5-milhoes-de-euros\/#primaryimage\"},\"thumbnailUrl\":\"https:\/\/portaltela.pt\/s.01k8rhncp4jt1\/2026\/03\/image-99.webp\",\"keywords\":[\"Alto Rendimento\",\"desporto\",\"federa\u00e7\u00f5es\",\"financiamento\",\"governo\",\"Sele\u00e7\u00e3o Nacional\"],\"articleSection\":[\"Desporto\",\"Futebol\"],\"inLanguage\":\"pt-PT\"},{\"@type\":\"WebPage\",\"@id\":\"https:\/\/portaltela.pt\/noticias\/2026\/03\/24\/governo-aumenta-apoio-ao-desporto-em-5-milhoes-de-euros\/\",\"url\":\"https:\/\/portaltela.pt\/noticias\/2026\/03\/24\/governo-aumenta-apoio-ao-desporto-em-5-milhoes-de-euros\/\",\"name\":\"Governo aumenta apoio ao Desporto em 5 milh\u00f5es de euros - Portal Tela Portugal\",\"isPartOf\":{\"@id\":\"https:\/\/portaltela.pt\/#website\"},\"primaryImageOfPage\":{\"@id\":\"https:\/\/portaltela.pt\/noticias\/2026\/03\/24\/governo-aumenta-apoio-ao-desporto-em-5-milhoes-de-euros\/#primaryimage\"},\"image\":{\"@id\":\"https:\/\/portaltela.pt\/noticias\/2026\/03\/24\/governo-aumenta-apoio-ao-desporto-em-5-milhoes-de-euros\/#primaryimage\"},\"thumbnailUrl\":\"https:\/\/portaltela.pt\/s.01k8rhncp4jt1\/2026\/03\/image-99.webp\",\"datePublished\":\"2026-03-24T23:28:00+00:00\",\"author\":{\"@id\":\"https:\/\/portaltela.pt\/#\/schema\/person\/c4278d4a6028830caff9ee44b42d32ed\"},\"breadcrumb\":{\"@id\":\"https:\/\/portaltela.pt\/noticias\/2026\/03\/24\/governo-aumenta-apoio-ao-desporto-em-5-milhoes-de-euros\/#breadcrumb\"},\"inLanguage\":\"pt-PT\",\"potentialAction\":[{\"@type\":\"ReadAction\",\"target\":[\"https:\/\/portaltela.pt\/noticias\/2026\/03\/24\/governo-aumenta-apoio-ao-desporto-em-5-milhoes-de-euros\/\"]}]},{\"@type\":\"ImageObject\",\"inLanguage\":\"pt-PT\",\"@id\":\"https:\/\/portaltela.pt\/noticias\/2026\/03\/24\/governo-aumenta-apoio-ao-desporto-em-5-milhoes-de-euros\/#primaryimage\",\"url\":\"https:\/\/portaltela.pt\/s.01k8rhncp4jt1\/2026\/03\/image-99.webp\",\"contentUrl\":\"https:\/\/portaltela.pt\/s.01k8rhncp4jt1\/2026\/03\/image-99.webp\",\"width\":1200,\"height\":800,\"caption\":\"A ministra da Cultura, Juventude e Desporto, Margarida Balseiro Lopes\"},{\"@type\":\"BreadcrumbList\",\"@id\":\"https:\/\/portaltela.pt\/noticias\/2026\/03\/24\/governo-aumenta-apoio-ao-desporto-em-5-milhoes-de-euros\/#breadcrumb\",\"itemListElement\":[{\"@type\":\"ListItem\",\"position\":1,\"name\":\"In\u00edcio\",\"item\":\"https:\/\/portaltela.pt\/\"},{\"@type\":\"ListItem\",\"position\":2,\"name\":\"Governo aumenta apoio ao Desporto em 5 milh\u00f5es de euros\"}]},{\"@type\":\"WebSite\",\"@id\":\"https:\/\/portaltela.pt\/#website\",\"url\":\"https:\/\/portaltela.pt\/\",\"name\":\"Portal Tela Portugal\",\"description\":\"\",\"potentialAction\":[{\"@type\":\"SearchAction\",\"target\":{\"@type\":\"EntryPoint\",\"urlTemplate\":\"https:\/\/portaltela.pt\/?s={search_term_string}\"},\"query-input\":{\"@type\":\"PropertyValueSpecification\",\"valueRequired\":true,\"valueName\":\"search_term_string\"}}],\"inLanguage\":\"pt-PT\"},{\"@type\":\"Person\",\"@id\":\"https:\/\/portaltela.pt\/#\/schema\/person\/c4278d4a6028830caff9ee44b42d32ed\",\"name\":\"Telinha\",\"image\":{\"@type\":\"ImageObject\",\"inLanguage\":\"pt-PT\",\"@id\":\"https:\/\/portaltela.pt\/s.01k8rhncp4jt1\/2025\/11\/talking-bot-125x125.png\",\"url\":\"https:\/\/portaltela.pt\/s.01k8rhncp4jt1\/2025\/11\/talking-bot-125x125.png\",\"contentUrl\":\"https:\/\/portaltela.pt\/s.01k8rhncp4jt1\/2025\/11\/talking-bot-125x125.png\",\"caption\":\"Telinha\"},\"sameAs\":[\"https:\/\/portaltela.pt\/\"],\"url\":\"https:\/\/portaltela.pt\/por\/367410592786\/\"}]}<\/script>\n<!-- \/ Yoast SEO plugin. -->","yoast_head_json":{"title":"Governo aumenta apoio ao Desporto em 5 milh\u00f5es de euros - Portal Tela Portugal","robots":{"index":"index","follow":"follow","max-snippet":"max-snippet:-1","max-image-preview":"max-image-preview:large","max-video-preview":"max-video-preview:-1"},"og_locale":"pt_PT","og_type":"article","og_title":"Governo aumenta apoio ao Desporto em 5 milh\u00f5es de euros - Portal Tela Portugal","og_description":"O Governo vai refor\u00e7ar o financiamento do Desporto com cinco milh\u00f5es de euros, segundo comunicado do minist\u00e9rio da Cultura, Juventude e Desporto. Este refor\u00e7o soma-se aos 62 milh\u00f5es de euros j\u00e1 previstos e distribu\u00eddos at\u00e9 2028. Dois milh\u00f5es de euros destinam-se ao apoio \u00e0s atividades regulares das federa\u00e7\u00f5es desportivas e do Comit\u00e9 Ol\u00edmpico e Paral\u00edmpico; dois milh\u00f5es v\u00e3o para o Alto Rendimento e sele\u00e7\u00f5es nacionais; um milh\u00e3o \u00e9 usado para reconhecer e apoiar resultados de excel\u00eancia. O objetivo \u00e9 promover um modelo de financiamento mais equilibrado e ajustar o apoio a atletas, clubes e modalidades em todo o territ\u00f3rio. Margarida Balseiro Lopes destacou que o refor\u00e7o refor\u00e7a o desporto como pilar da coes\u00e3o social, da sa\u00fade p\u00fablica e da posi\u00e7\u00e3o de Portugal no mundo.","og_url":"https:\/\/portaltela.pt\/noticias\/2026\/03\/24\/governo-aumenta-apoio-ao-desporto-em-5-milhoes-de-euros\/","og_site_name":"Portal Tela Portugal","article_published_time":"2026-03-24T23:28:00+00:00","author":"Telinha","twitter_card":"summary_large_image","twitter_misc":{"Escrito por":"Telinha","Tempo estimado de leitura":"1 minuto"},"schema":{"@context":"https:\/\/schema.org","@graph":[{"@type":"Article","@id":"https:\/\/portaltela.pt\/noticias\/2026\/03\/24\/governo-aumenta-apoio-ao-desporto-em-5-milhoes-de-euros\/#article","isPartOf":{"@id":"https:\/\/portaltela.pt\/noticias\/2026\/03\/24\/governo-aumenta-apoio-ao-desporto-em-5-milhoes-de-euros\/"},"author":{"name":"Telinha","@id":"https:\/\/portaltela.pt\/#\/schema\/person\/c4278d4a6028830caff9ee44b42d32ed"},"headline":"Governo aumenta apoio ao Desporto em 5 milh\u00f5es de euros","datePublished":"2026-03-24T23:28:00+00:00","mainEntityOfPage":{"@id":"https:\/\/portaltela.pt\/noticias\/2026\/03\/24\/governo-aumenta-apoio-ao-desporto-em-5-milhoes-de-euros\/"},"wordCount":235,"image":{"@id":"https:\/\/portaltela.pt\/noticias\/2026\/03\/24\/governo-aumenta-apoio-ao-desporto-em-5-milhoes-de-euros\/#primaryimage"},"thumbnailUrl":"https:\/\/portaltela.pt\/s.01k8rhncp4jt1\/2026\/03\/image-99.webp","keywords":["Alto Rendimento","desporto","federa\u00e7\u00f5es","financiamento","governo","Sele\u00e7\u00e3o Nacional"],"articleSection":["Desporto","Futebol"],"inLanguage":"pt-PT"},{"@type":"WebPage","@id":"https:\/\/portaltela.pt\/noticias\/2026\/03\/24\/governo-aumenta-apoio-ao-desporto-em-5-milhoes-de-euros\/","url":"https:\/\/portaltela.pt\/noticias\/2026\/03\/24\/governo-aumenta-apoio-ao-desporto-em-5-milhoes-de-euros\/","name":"Governo aumenta apoio ao Desporto em 5 milh\u00f5es de euros - Portal Tela Portugal","isPartOf":{"@id":"https:\/\/portaltela.pt\/#website"},"primaryImageOfPage":{"@id":"https:\/\/portaltela.pt\/noticias\/2026\/03\/24\/governo-aumenta-apoio-ao-desporto-em-5-milhoes-de-euros\/#primaryimage"},"image":{"@id":"https:\/\/portaltela.pt\/noticias\/2026\/03\/24\/governo-aumenta-apoio-ao-desporto-em-5-milhoes-de-euros\/#primaryimage"},"thumbnailUrl":"https:\/\/portaltela.pt\/s.01k8rhncp4jt1\/2026\/03\/image-99.webp","datePublished":"2026-03-24T23:28:00+00:00","author":{"@id":"https:\/\/portaltela.pt\/#\/schema\/person\/c4278d4a6028830caff9ee44b42d32ed"},"breadcrumb":{"@id":"https:\/\/portaltela.pt\/noticias\/2026\/03\/24\/governo-aumenta-apoio-ao-desporto-em-5-milhoes-de-euros\/#breadcrumb"},"inLanguage":"pt-PT","potentialAction":[{"@type":"ReadAction","target":["https:\/\/portaltela.pt\/noticias\/2026\/03\/24\/governo-aumenta-apoio-ao-desporto-em-5-milhoes-de-euros\/"]}]},{"@type":"ImageObject","inLanguage":"pt-PT","@id":"https:\/\/portaltela.pt\/noticias\/2026\/03\/24\/governo-aumenta-apoio-ao-desporto-em-5-milhoes-de-euros\/#primaryimage","url":"https:\/\/portaltela.pt\/s.01k8rhncp4jt1\/2026\/03\/image-99.webp","contentUrl":"https:\/\/portaltela.pt\/s.01k8rhncp4jt1\/2026\/03\/image-99.webp","width":1200,"height":800,"caption":"A ministra da Cultura, Juventude e Desporto, Margarida Balseiro Lopes"},{"@type":"BreadcrumbList","@id":"https:\/\/portaltela.pt\/noticias\/2026\/03\/24\/governo-aumenta-apoio-ao-desporto-em-5-milhoes-de-euros\/#breadcrumb","itemListElement":[{"@type":"ListItem","position":1,"name":"In\u00edcio","item":"https:\/\/portaltela.pt\/"},{"@type":"ListItem","position":2,"name":"Governo aumenta apoio ao Desporto em 5 milh\u00f5es de euros"}]},{"@type":"WebSite","@id":"https:\/\/portaltela.pt\/#website","url":"https:\/\/portaltela.pt\/","name":"Portal Tela Portugal","description":"","potentialAction":[{"@type":"SearchAction","target":{"@type":"EntryPoint","urlTemplate":"https:\/\/portaltela.pt\/?s={search_term_string}"},"query-input":{"@type":"PropertyValueSpecification","valueRequired":true,"valueName":"search_term_string"}}],"inLanguage":"pt-PT"},{"@type":"Person","@id":"https:\/\/portaltela.pt\/#\/schema\/person\/c4278d4a6028830caff9ee44b42d32ed","name":"Telinha","image":{"@type":"ImageObject","inLanguage":"pt-PT","@id":"https:\/\/portaltela.pt\/s.01k8rhncp4jt1\/2025\/11\/talking-bot-125x125.png","url":"https:\/\/portaltela.pt\/s.01k8rhncp4jt1\/2025\/11\/talking-bot-125x125.png","contentUrl":"https:\/\/portaltela.pt\/s.01k8rhncp4jt1\/2025\/11\/talking-bot-125x125.png","caption":"Telinha"},"sameAs":["https:\/\/portaltela.pt\/"],"url":"https:\/\/portaltela.pt\/por\/367410592786\/"}]}},"_links":{"self":[{"href":"https:\/\/portaltela.pt\/api\/wp\/v2\/posts\/420244","targetHints":{"allow":["GET"]}}],"collection":[{"href":"https:\/\/portaltela.pt\/api\/wp\/v2\/posts"}],"about":[{"href":"https:\/\/portaltela.pt\/api\/wp\/v2\/types\/post"}],"author":[{"embeddable":true,"href":"https:\/\/portaltela.pt\/api\/wp\/v2\/users\/2"}],"replies":[{"embeddable":true,"href":"https:\/\/portaltela.pt\/api\/wp\/v2\/comments?post=420244"}],"version-history":[{"count":0,"href":"https:\/\/portaltela.pt\/api\/wp\/v2\/posts\/420244\/revisions"}],"wp:featuredmedia":[{"embeddable":true,"href":"https:\/\/portaltela.pt\/api\/wp\/v2\/media\/420248"}],"wp:attachment":[{"href":"https:\/\/portaltela.pt\/api\/wp\/v2\/media?parent=420244"}],"wp:term":[{"taxonomy":"category","embeddable":true,"href":"https:\/\/portaltela.pt\/api\/wp\/v2\/categories?post=420244"},{"taxonomy":"post_tag","embeddable":true,"href":"https:\/\/portaltela.pt\/api\/wp\/v2\/tags?post=420244"}],"curies":[{"name":"wp","href":"https:\/\/api.w.org\/{rel}","templated":true}]}}