{"id":420242,"date":"2026-03-24T20:30:00","date_gmt":"2026-03-24T23:30:00","guid":{"rendered":"https:\/\/portaltela.pt\/noticias\/2026\/03\/24\/esquerda-vence-eleicoes-dinamarquesas-sem-maioria-e-depende-de-centristas\/"},"modified":"2026-03-24T20:30:00","modified_gmt":"2026-03-24T23:30:00","slug":"esquerda-vence-eleicoes-dinamarquesas-sem-maioria-e-depende-de-centristas","status":"publish","type":"post","link":"https:\/\/portaltela.pt\/noticias\/politica\/2026\/03\/24\/esquerda-vence-eleicoes-dinamarquesas-sem-maioria-e-depende-de-centristas\/","title":{"rendered":"Esquerda vence elei\u00e7\u00f5es dinamarquesas sem maioria e depende de centristas"},"content":{"rendered":"<p>Os resultados preliminares das elei\u00e7\u00f5es legislativas dinamarquesas colocam a esquerda no poder, mas sem maioria. A coliga\u00e7\u00e3o liderada pela primeira-ministra social-democrata Mette Frederiksen venceu com 48% dos votos, ainda sem confirma\u00e7\u00e3o de maioria absoluta.<\/p>\n<p>A vaga de forma\u00e7\u00e3o de governo depende do apoio de partidos centristas, que emergem como decisivos no novo parlamento. Com 95% dos votos apurados, o partido Os Moderados obt\u00e9m 7,7% e pode influenciar a composi\u00e7\u00e3o do governo.<\/p>\n<p>A direita alcan\u00e7a 44,2% dos votos, enquanto a esquerda soma 48%. Nenhum bloco atingiu a maioria necess\u00e1ria no Folketing, o que aumenta a import\u00e2ncia de negocia\u00e7\u00f5es entre os blocos e partidos para a forma\u00e7\u00e3o de maioria govern\u00e1vel.<\/p>\n<h3>Resultados e cen\u00e1rios<\/h3>\n<ul>\n<li>Os Moderados, posi\u00e7\u00e3o central, tornam-se fator-chave para qualquer acordo de governo.<\/li>\n<li>A coliga\u00e7\u00e3o de esquerda, embora dominante, precisa de apoios adicionais para consolidar a lideran\u00e7a.<\/li>\n<li>A coliga\u00e7\u00e3o de direita continua em posi\u00e7\u00e3o de oposi\u00e7\u00e3o, aguardando negocia\u00e7\u00f5es formais entre os partidos.<\/li>\n<\/ul>\n","protected":false},"excerpt":{"rendered":"<ul>\n<li>Com 95% dos votos apurados, os Moderados (centro) t\u00eam 7,7%, tornando-se decisivos para formar o governo, j\u00e1 que nenhum bloco tem maioria.<\/li>\n<li>A coliga\u00e7\u00e3o de esquerda, liderada pela primeira-ministra Mette Frederiksen, ganhou com 48% dos votos.<\/li>\n<li>A coliga\u00e7\u00e3o de direita ficou em 44,2% dos votos.<\/li>\n<li>Nenhum bloco atingiu a maioria para governar sozinho; os centrists podem determinar o resultado das negocia\u00e7\u00f5es.<\/li>\n<\/ul>\n","protected":false},"author":2,"featured_media":420247,"comment_status":"closed","ping_status":"closed","sticky":false,"template":"","format":"standard","meta":{"footnotes":""},"categories":[5,7127],"tags":[1849,68,2487,34,1732,2832],"class_list":["post-420242","post","type-post","status-publish","format-standard","has-post-thumbnail","hentry","category-politica","category-politica-internacional","tag-aliancas","tag-eleicoes","tag-europa","tag-governo","tag-partidos","tag-politica"],"yoast_head":"<!-- This site is optimized with the Yoast SEO plugin v27.2 - https:\/\/yoast.com\/product\/yoast-seo-wordpress\/ -->\n<title>Esquerda vence elei\u00e7\u00f5es dinamarquesas sem maioria e depende de centristas - Portal Tela Portugal<\/title>\n<meta name=\"robots\" content=\"index, follow, max-snippet:-1, max-image-preview:large, max-video-preview:-1\" \/>\n<meta property=\"og:locale\" content=\"pt_PT\" \/>\n<meta property=\"og:type\" content=\"article\" \/>\n<meta property=\"og:title\" content=\"Esquerda vence elei\u00e7\u00f5es dinamarquesas sem maioria e depende de centristas - Portal Tela Portugal\" \/>\n<meta property=\"og:description\" content=\"Com 95% dos votos apurados, os Moderados (centro) t\u00eam 7,7%, tornando-se decisivos para formar o governo, j\u00e1 que nenhum bloco tem maioria. A coliga\u00e7\u00e3o de esquerda, liderada pela primeira-ministra Mette Frederiksen, ganhou com 48% dos votos. A coliga\u00e7\u00e3o de direita ficou em 44,2% dos votos. Nenhum bloco atingiu a maioria para governar sozinho; os centrists podem determinar o resultado das negocia\u00e7\u00f5es.\" \/>\n<meta property=\"og:url\" content=\"https:\/\/portaltela.pt\/noticias\/2026\/03\/24\/esquerda-vence-eleicoes-dinamarquesas-sem-maioria-e-depende-de-centristas\/\" \/>\n<meta property=\"og:site_name\" content=\"Portal Tela Portugal\" \/>\n<meta property=\"article:published_time\" content=\"2026-03-24T23:30:00+00:00\" \/>\n<meta name=\"author\" content=\"Telinha\" \/>\n<meta name=\"twitter:card\" content=\"summary_large_image\" \/>\n<meta name=\"twitter:label1\" content=\"Escrito por\" \/>\n\t<meta name=\"twitter:data1\" content=\"Telinha\" \/>\n\t<meta name=\"twitter:label2\" content=\"Tempo estimado de leitura\" \/>\n\t<meta name=\"twitter:data2\" content=\"1 minuto\" \/>\n<script type=\"application\/ld+json\" class=\"yoast-schema-graph\">{\"@context\":\"https:\/\/schema.org\",\"@graph\":[{\"@type\":\"Article\",\"@id\":\"https:\/\/portaltela.pt\/noticias\/2026\/03\/24\/esquerda-vence-eleicoes-dinamarquesas-sem-maioria-e-depende-de-centristas\/#article\",\"isPartOf\":{\"@id\":\"https:\/\/portaltela.pt\/noticias\/2026\/03\/24\/esquerda-vence-eleicoes-dinamarquesas-sem-maioria-e-depende-de-centristas\/\"},\"author\":{\"name\":\"Telinha\",\"@id\":\"https:\/\/portaltela.pt\/#\/schema\/person\/c4278d4a6028830caff9ee44b42d32ed\"},\"headline\":\"Esquerda vence elei\u00e7\u00f5es dinamarquesas sem maioria e depende de centristas\",\"datePublished\":\"2026-03-24T23:30:00+00:00\",\"mainEntityOfPage\":{\"@id\":\"https:\/\/portaltela.pt\/noticias\/2026\/03\/24\/esquerda-vence-eleicoes-dinamarquesas-sem-maioria-e-depende-de-centristas\/\"},\"wordCount\":177,\"image\":{\"@id\":\"https:\/\/portaltela.pt\/noticias\/2026\/03\/24\/esquerda-vence-eleicoes-dinamarquesas-sem-maioria-e-depende-de-centristas\/#primaryimage\"},\"thumbnailUrl\":\"https:\/\/portaltela.pt\/s.01k8rhncp4jt1\/2026\/03\/img_1500x1000uu2026-03-24-23-29-31-2274654.jpg\",\"keywords\":[\"alian\u00e7as\",\"elei\u00e7\u00f5es\",\"Europa\",\"governo\",\"partidos\",\"pol\u00edtica\"],\"articleSection\":[\"Pol\u00edtica\",\"Pol\u00edtica Internacional\"],\"inLanguage\":\"pt-PT\"},{\"@type\":\"WebPage\",\"@id\":\"https:\/\/portaltela.pt\/noticias\/2026\/03\/24\/esquerda-vence-eleicoes-dinamarquesas-sem-maioria-e-depende-de-centristas\/\",\"url\":\"https:\/\/portaltela.pt\/noticias\/2026\/03\/24\/esquerda-vence-eleicoes-dinamarquesas-sem-maioria-e-depende-de-centristas\/\",\"name\":\"Esquerda vence elei\u00e7\u00f5es dinamarquesas sem maioria e depende de centristas - Portal Tela Portugal\",\"isPartOf\":{\"@id\":\"https:\/\/portaltela.pt\/#website\"},\"primaryImageOfPage\":{\"@id\":\"https:\/\/portaltela.pt\/noticias\/2026\/03\/24\/esquerda-vence-eleicoes-dinamarquesas-sem-maioria-e-depende-de-centristas\/#primaryimage\"},\"image\":{\"@id\":\"https:\/\/portaltela.pt\/noticias\/2026\/03\/24\/esquerda-vence-eleicoes-dinamarquesas-sem-maioria-e-depende-de-centristas\/#primaryimage\"},\"thumbnailUrl\":\"https:\/\/portaltela.pt\/s.01k8rhncp4jt1\/2026\/03\/img_1500x1000uu2026-03-24-23-29-31-2274654.jpg\",\"datePublished\":\"2026-03-24T23:30:00+00:00\",\"author\":{\"@id\":\"https:\/\/portaltela.pt\/#\/schema\/person\/c4278d4a6028830caff9ee44b42d32ed\"},\"breadcrumb\":{\"@id\":\"https:\/\/portaltela.pt\/noticias\/2026\/03\/24\/esquerda-vence-eleicoes-dinamarquesas-sem-maioria-e-depende-de-centristas\/#breadcrumb\"},\"inLanguage\":\"pt-PT\",\"potentialAction\":[{\"@type\":\"ReadAction\",\"target\":[\"https:\/\/portaltela.pt\/noticias\/2026\/03\/24\/esquerda-vence-eleicoes-dinamarquesas-sem-maioria-e-depende-de-centristas\/\"]}]},{\"@type\":\"ImageObject\",\"inLanguage\":\"pt-PT\",\"@id\":\"https:\/\/portaltela.pt\/noticias\/2026\/03\/24\/esquerda-vence-eleicoes-dinamarquesas-sem-maioria-e-depende-de-centristas\/#primaryimage\",\"url\":\"https:\/\/portaltela.pt\/s.01k8rhncp4jt1\/2026\/03\/img_1500x1000uu2026-03-24-23-29-31-2274654.jpg\",\"contentUrl\":\"https:\/\/portaltela.pt\/s.01k8rhncp4jt1\/2026\/03\/img_1500x1000uu2026-03-24-23-29-31-2274654.jpg\",\"width\":796,\"height\":448,\"caption\":\"Mette Frederiksen\"},{\"@type\":\"BreadcrumbList\",\"@id\":\"https:\/\/portaltela.pt\/noticias\/2026\/03\/24\/esquerda-vence-eleicoes-dinamarquesas-sem-maioria-e-depende-de-centristas\/#breadcrumb\",\"itemListElement\":[{\"@type\":\"ListItem\",\"position\":1,\"name\":\"In\u00edcio\",\"item\":\"https:\/\/portaltela.pt\/\"},{\"@type\":\"ListItem\",\"position\":2,\"name\":\"Esquerda vence elei\u00e7\u00f5es dinamarquesas sem maioria e depende de centristas\"}]},{\"@type\":\"WebSite\",\"@id\":\"https:\/\/portaltela.pt\/#website\",\"url\":\"https:\/\/portaltela.pt\/\",\"name\":\"Portal Tela Portugal\",\"description\":\"\",\"potentialAction\":[{\"@type\":\"SearchAction\",\"target\":{\"@type\":\"EntryPoint\",\"urlTemplate\":\"https:\/\/portaltela.pt\/?s={search_term_string}\"},\"query-input\":{\"@type\":\"PropertyValueSpecification\",\"valueRequired\":true,\"valueName\":\"search_term_string\"}}],\"inLanguage\":\"pt-PT\"},{\"@type\":\"Person\",\"@id\":\"https:\/\/portaltela.pt\/#\/schema\/person\/c4278d4a6028830caff9ee44b42d32ed\",\"name\":\"Telinha\",\"image\":{\"@type\":\"ImageObject\",\"inLanguage\":\"pt-PT\",\"@id\":\"https:\/\/portaltela.pt\/s.01k8rhncp4jt1\/2025\/11\/talking-bot-125x125.png\",\"url\":\"https:\/\/portaltela.pt\/s.01k8rhncp4jt1\/2025\/11\/talking-bot-125x125.png\",\"contentUrl\":\"https:\/\/portaltela.pt\/s.01k8rhncp4jt1\/2025\/11\/talking-bot-125x125.png\",\"caption\":\"Telinha\"},\"sameAs\":[\"https:\/\/portaltela.pt\/\"],\"url\":\"https:\/\/portaltela.pt\/por\/367410592786\/\"}]}<\/script>\n<!-- \/ Yoast SEO plugin. -->","yoast_head_json":{"title":"Esquerda vence elei\u00e7\u00f5es dinamarquesas sem maioria e depende de centristas - Portal Tela Portugal","robots":{"index":"index","follow":"follow","max-snippet":"max-snippet:-1","max-image-preview":"max-image-preview:large","max-video-preview":"max-video-preview:-1"},"og_locale":"pt_PT","og_type":"article","og_title":"Esquerda vence elei\u00e7\u00f5es dinamarquesas sem maioria e depende de centristas - Portal Tela Portugal","og_description":"Com 95% dos votos apurados, os Moderados (centro) t\u00eam 7,7%, tornando-se decisivos para formar o governo, j\u00e1 que nenhum bloco tem maioria. A coliga\u00e7\u00e3o de esquerda, liderada pela primeira-ministra Mette Frederiksen, ganhou com 48% dos votos. A coliga\u00e7\u00e3o de direita ficou em 44,2% dos votos. Nenhum bloco atingiu a maioria para governar sozinho; os centrists podem determinar o resultado das negocia\u00e7\u00f5es.","og_url":"https:\/\/portaltela.pt\/noticias\/2026\/03\/24\/esquerda-vence-eleicoes-dinamarquesas-sem-maioria-e-depende-de-centristas\/","og_site_name":"Portal Tela Portugal","article_published_time":"2026-03-24T23:30:00+00:00","author":"Telinha","twitter_card":"summary_large_image","twitter_misc":{"Escrito por":"Telinha","Tempo estimado de leitura":"1 minuto"},"schema":{"@context":"https:\/\/schema.org","@graph":[{"@type":"Article","@id":"https:\/\/portaltela.pt\/noticias\/2026\/03\/24\/esquerda-vence-eleicoes-dinamarquesas-sem-maioria-e-depende-de-centristas\/#article","isPartOf":{"@id":"https:\/\/portaltela.pt\/noticias\/2026\/03\/24\/esquerda-vence-eleicoes-dinamarquesas-sem-maioria-e-depende-de-centristas\/"},"author":{"name":"Telinha","@id":"https:\/\/portaltela.pt\/#\/schema\/person\/c4278d4a6028830caff9ee44b42d32ed"},"headline":"Esquerda vence elei\u00e7\u00f5es dinamarquesas sem maioria e depende de centristas","datePublished":"2026-03-24T23:30:00+00:00","mainEntityOfPage":{"@id":"https:\/\/portaltela.pt\/noticias\/2026\/03\/24\/esquerda-vence-eleicoes-dinamarquesas-sem-maioria-e-depende-de-centristas\/"},"wordCount":177,"image":{"@id":"https:\/\/portaltela.pt\/noticias\/2026\/03\/24\/esquerda-vence-eleicoes-dinamarquesas-sem-maioria-e-depende-de-centristas\/#primaryimage"},"thumbnailUrl":"https:\/\/portaltela.pt\/s.01k8rhncp4jt1\/2026\/03\/img_1500x1000uu2026-03-24-23-29-31-2274654.jpg","keywords":["alian\u00e7as","elei\u00e7\u00f5es","Europa","governo","partidos","pol\u00edtica"],"articleSection":["Pol\u00edtica","Pol\u00edtica Internacional"],"inLanguage":"pt-PT"},{"@type":"WebPage","@id":"https:\/\/portaltela.pt\/noticias\/2026\/03\/24\/esquerda-vence-eleicoes-dinamarquesas-sem-maioria-e-depende-de-centristas\/","url":"https:\/\/portaltela.pt\/noticias\/2026\/03\/24\/esquerda-vence-eleicoes-dinamarquesas-sem-maioria-e-depende-de-centristas\/","name":"Esquerda vence elei\u00e7\u00f5es dinamarquesas sem maioria e depende de centristas - Portal Tela Portugal","isPartOf":{"@id":"https:\/\/portaltela.pt\/#website"},"primaryImageOfPage":{"@id":"https:\/\/portaltela.pt\/noticias\/2026\/03\/24\/esquerda-vence-eleicoes-dinamarquesas-sem-maioria-e-depende-de-centristas\/#primaryimage"},"image":{"@id":"https:\/\/portaltela.pt\/noticias\/2026\/03\/24\/esquerda-vence-eleicoes-dinamarquesas-sem-maioria-e-depende-de-centristas\/#primaryimage"},"thumbnailUrl":"https:\/\/portaltela.pt\/s.01k8rhncp4jt1\/2026\/03\/img_1500x1000uu2026-03-24-23-29-31-2274654.jpg","datePublished":"2026-03-24T23:30:00+00:00","author":{"@id":"https:\/\/portaltela.pt\/#\/schema\/person\/c4278d4a6028830caff9ee44b42d32ed"},"breadcrumb":{"@id":"https:\/\/portaltela.pt\/noticias\/2026\/03\/24\/esquerda-vence-eleicoes-dinamarquesas-sem-maioria-e-depende-de-centristas\/#breadcrumb"},"inLanguage":"pt-PT","potentialAction":[{"@type":"ReadAction","target":["https:\/\/portaltela.pt\/noticias\/2026\/03\/24\/esquerda-vence-eleicoes-dinamarquesas-sem-maioria-e-depende-de-centristas\/"]}]},{"@type":"ImageObject","inLanguage":"pt-PT","@id":"https:\/\/portaltela.pt\/noticias\/2026\/03\/24\/esquerda-vence-eleicoes-dinamarquesas-sem-maioria-e-depende-de-centristas\/#primaryimage","url":"https:\/\/portaltela.pt\/s.01k8rhncp4jt1\/2026\/03\/img_1500x1000uu2026-03-24-23-29-31-2274654.jpg","contentUrl":"https:\/\/portaltela.pt\/s.01k8rhncp4jt1\/2026\/03\/img_1500x1000uu2026-03-24-23-29-31-2274654.jpg","width":796,"height":448,"caption":"Mette Frederiksen"},{"@type":"BreadcrumbList","@id":"https:\/\/portaltela.pt\/noticias\/2026\/03\/24\/esquerda-vence-eleicoes-dinamarquesas-sem-maioria-e-depende-de-centristas\/#breadcrumb","itemListElement":[{"@type":"ListItem","position":1,"name":"In\u00edcio","item":"https:\/\/portaltela.pt\/"},{"@type":"ListItem","position":2,"name":"Esquerda vence elei\u00e7\u00f5es dinamarquesas sem maioria e depende de centristas"}]},{"@type":"WebSite","@id":"https:\/\/portaltela.pt\/#website","url":"https:\/\/portaltela.pt\/","name":"Portal Tela Portugal","description":"","potentialAction":[{"@type":"SearchAction","target":{"@type":"EntryPoint","urlTemplate":"https:\/\/portaltela.pt\/?s={search_term_string}"},"query-input":{"@type":"PropertyValueSpecification","valueRequired":true,"valueName":"search_term_string"}}],"inLanguage":"pt-PT"},{"@type":"Person","@id":"https:\/\/portaltela.pt\/#\/schema\/person\/c4278d4a6028830caff9ee44b42d32ed","name":"Telinha","image":{"@type":"ImageObject","inLanguage":"pt-PT","@id":"https:\/\/portaltela.pt\/s.01k8rhncp4jt1\/2025\/11\/talking-bot-125x125.png","url":"https:\/\/portaltela.pt\/s.01k8rhncp4jt1\/2025\/11\/talking-bot-125x125.png","contentUrl":"https:\/\/portaltela.pt\/s.01k8rhncp4jt1\/2025\/11\/talking-bot-125x125.png","caption":"Telinha"},"sameAs":["https:\/\/portaltela.pt\/"],"url":"https:\/\/portaltela.pt\/por\/367410592786\/"}]}},"_links":{"self":[{"href":"https:\/\/portaltela.pt\/api\/wp\/v2\/posts\/420242","targetHints":{"allow":["GET"]}}],"collection":[{"href":"https:\/\/portaltela.pt\/api\/wp\/v2\/posts"}],"about":[{"href":"https:\/\/portaltela.pt\/api\/wp\/v2\/types\/post"}],"author":[{"embeddable":true,"href":"https:\/\/portaltela.pt\/api\/wp\/v2\/users\/2"}],"replies":[{"embeddable":true,"href":"https:\/\/portaltela.pt\/api\/wp\/v2\/comments?post=420242"}],"version-history":[{"count":0,"href":"https:\/\/portaltela.pt\/api\/wp\/v2\/posts\/420242\/revisions"}],"wp:featuredmedia":[{"embeddable":true,"href":"https:\/\/portaltela.pt\/api\/wp\/v2\/media\/420247"}],"wp:attachment":[{"href":"https:\/\/portaltela.pt\/api\/wp\/v2\/media?parent=420242"}],"wp:term":[{"taxonomy":"category","embeddable":true,"href":"https:\/\/portaltela.pt\/api\/wp\/v2\/categories?post=420242"},{"taxonomy":"post_tag","embeddable":true,"href":"https:\/\/portaltela.pt\/api\/wp\/v2\/tags?post=420242"}],"curies":[{"name":"wp","href":"https:\/\/api.w.org\/{rel}","templated":true}]}}