{"id":420214,"date":"2026-03-24T19:40:00","date_gmt":"2026-03-24T22:40:00","guid":{"rendered":"https:\/\/portaltela.pt\/noticias\/2026\/03\/24\/vitor-pinto-e-o-alegado-castigo-de-mourinho-ao-banco-de-suplentes\/"},"modified":"2026-03-24T19:40:00","modified_gmt":"2026-03-24T22:40:00","slug":"vitor-pinto-e-o-alegado-castigo-de-mourinho-ao-banco-de-suplentes","status":"publish","type":"post","link":"https:\/\/portaltela.pt\/desporto\/futebol\/2026\/03\/24\/vitor-pinto-e-o-alegado-castigo-de-mourinho-ao-banco-de-suplentes\/","title":{"rendered":"V\u00edtor Pinto e o alegado castigo de Mourinho ao banco de suplentes"},"content":{"rendered":"<p>O epis\u00f3dio no Santiago Bernab\u00e9u envolvendo o Benfica e Vin\u00edcius J\u00fanior gerou desconforto ap\u00f3s Lopes Cabral ter pedido a camisola ao jogador brasileiro. Jos\u00e9 Mourinho, treinador do Tottenham na altura, foi citado como quem encerrou o incidente ao perdoar o atleta. O tema foi discutido por V\u00edtor Pinto, subdiretor do Record, no programa Record na Hora, emitido no Now.<\/p>\n<p>Segundo uma an\u00e1lise feita no programa, o epis\u00f3dio gerou repercuss\u00f5es internas no clube e entre adeptos, com Mourinho a privilegiar a comunica\u00e7\u00e3o direta e a disciplina no squad. Lopes Cabral, jogador do Benfica, viu a situa\u00e7\u00e3o ser tratada como uma indica\u00e7\u00e3o de comportamento fora de jogo, sem que haja confirma\u00e7\u00e3o de san\u00e7\u00e3o p\u00fablica.<\/p>\n<h3>Contexto e reac\u00e7\u00f5es<\/h3>\n<p>V\u00edtor Pinto comentou o desfecho da situa\u00e7\u00e3o, descrevendo o que aconteceu e as consequ\u00eancias para o atleta. O jornalista destacou que o epis\u00f3dio ocorreu no contexto de uma partida internacional e que a resposta de Mourinho foi interpretada como um ato de conten\u00e7\u00e3o de incidentes entre jogadores de diferentes clubes.<\/p>\n<p>Ainda no mesmo espa\u00e7o, o subdiretor do Record sublinhou a import\u00e2ncia de manter o foco no desempenho da equipa, sem comentar especula\u00e7\u00f5es sobre san\u00e7\u00f5es adicionais ou medidas disciplinares futuras. A mat\u00e9ria foi apresentada como uma atualiza\u00e7\u00e3o sobre o desfecho do caso.<\/p>\n","protected":false},"excerpt":{"rendered":"<ul>\n<li>Jos\u00e9 Mourinho perdoou Lopes Cabral ap\u00f3s o epis\u00f3dio vivido no Santiago Bernab\u00e9u envolvendo o jogador do Benfica a pedir a camisola de Vin\u00edcius J\u00fanior.<\/li>\n<li>O incidente gerou desconforto durante a visita ao Bernab\u00e9u, segundo relatos.<\/li>\n<li>V\u00edtor Pinto, subdiretor do Record, comentou o tema no programa Record na Hora, dispon\u00edvel no Now.<\/li>\n<li>A not\u00edcia foca no desdobramento e no suposto castigo anterior, sem julgamentos ou opini\u00f5es.<\/li>\n<li>O texto n\u00e3o traz declara\u00e7\u00f5es adicionais ou conclus\u00f5es, mantendo-se objetivo e informativo.<\/li>\n<\/ul>\n","protected":false},"author":2,"featured_media":420216,"comment_status":"closed","ping_status":"closed","sticky":false,"template":"","format":"standard","meta":{"footnotes":""},"categories":[21,24],"tags":[1946,32,2401,3310,6371,2265],"class_list":["post-420214","post","type-post","status-publish","format-standard","has-post-thumbnail","hentry","category-desporto","category-futebol","tag-benfica","tag-futebol","tag-lopes-cabral","tag-mourinho","tag-sancoes","tag-vinicius-junior"],"yoast_head":"<!-- This site is optimized with the Yoast SEO plugin v27.2 - https:\/\/yoast.com\/product\/yoast-seo-wordpress\/ -->\n<title>V\u00edtor Pinto e o alegado castigo de Mourinho ao banco de suplentes - Portal Tela Portugal<\/title>\n<meta name=\"robots\" content=\"index, follow, max-snippet:-1, max-image-preview:large, max-video-preview:-1\" \/>\n<meta property=\"og:locale\" content=\"pt_PT\" \/>\n<meta property=\"og:type\" content=\"article\" \/>\n<meta property=\"og:title\" content=\"V\u00edtor Pinto e o alegado castigo de Mourinho ao banco de suplentes - Portal Tela Portugal\" \/>\n<meta property=\"og:description\" content=\"Jos\u00e9 Mourinho perdoou Lopes Cabral ap\u00f3s o epis\u00f3dio vivido no Santiago Bernab\u00e9u envolvendo o jogador do Benfica a pedir a camisola de Vin\u00edcius J\u00fanior. O incidente gerou desconforto durante a visita ao Bernab\u00e9u, segundo relatos. V\u00edtor Pinto, subdiretor do Record, comentou o tema no programa Record na Hora, dispon\u00edvel no Now. A not\u00edcia foca no desdobramento e no suposto castigo anterior, sem julgamentos ou opini\u00f5es. O texto n\u00e3o traz declara\u00e7\u00f5es adicionais ou conclus\u00f5es, mantendo-se objetivo e informativo.\" \/>\n<meta property=\"og:url\" content=\"https:\/\/portaltela.pt\/noticias\/2026\/03\/24\/vitor-pinto-e-o-alegado-castigo-de-mourinho-ao-banco-de-suplentes\/\" \/>\n<meta property=\"og:site_name\" content=\"Portal Tela Portugal\" \/>\n<meta property=\"article:published_time\" content=\"2026-03-24T22:40:00+00:00\" \/>\n<meta name=\"author\" content=\"Telinha\" \/>\n<meta name=\"twitter:card\" content=\"summary_large_image\" \/>\n<meta name=\"twitter:label1\" content=\"Escrito por\" \/>\n\t<meta name=\"twitter:data1\" content=\"Telinha\" \/>\n\t<meta name=\"twitter:label2\" content=\"Tempo estimado de leitura\" \/>\n\t<meta name=\"twitter:data2\" content=\"1 minuto\" \/>\n<script type=\"application\/ld+json\" class=\"yoast-schema-graph\">{\"@context\":\"https:\/\/schema.org\",\"@graph\":[{\"@type\":\"Article\",\"@id\":\"https:\/\/portaltela.pt\/noticias\/2026\/03\/24\/vitor-pinto-e-o-alegado-castigo-de-mourinho-ao-banco-de-suplentes\/#article\",\"isPartOf\":{\"@id\":\"https:\/\/portaltela.pt\/noticias\/2026\/03\/24\/vitor-pinto-e-o-alegado-castigo-de-mourinho-ao-banco-de-suplentes\/\"},\"author\":{\"name\":\"Telinha\",\"@id\":\"https:\/\/portaltela.pt\/#\/schema\/person\/c4278d4a6028830caff9ee44b42d32ed\"},\"headline\":\"V\u00edtor Pinto e o alegado castigo de Mourinho ao banco de suplentes\",\"datePublished\":\"2026-03-24T22:40:00+00:00\",\"mainEntityOfPage\":{\"@id\":\"https:\/\/portaltela.pt\/noticias\/2026\/03\/24\/vitor-pinto-e-o-alegado-castigo-de-mourinho-ao-banco-de-suplentes\/\"},\"wordCount\":246,\"image\":{\"@id\":\"https:\/\/portaltela.pt\/noticias\/2026\/03\/24\/vitor-pinto-e-o-alegado-castigo-de-mourinho-ao-banco-de-suplentes\/#primaryimage\"},\"thumbnailUrl\":\"https:\/\/portaltela.pt\/s.01k8rhncp4jt1\/2026\/03\/img_1200x721uu2026-03-24-21-55-03-2429198.jpg\",\"keywords\":[\"Benfica\",\"futebol\",\"Lopes Cabral\",\"Mourinho\",\"san\u00e7\u00f5es\",\"Vin\u00edcius J\u00fanior\"],\"articleSection\":[\"Desporto\",\"Futebol\"],\"inLanguage\":\"pt-PT\"},{\"@type\":\"WebPage\",\"@id\":\"https:\/\/portaltela.pt\/noticias\/2026\/03\/24\/vitor-pinto-e-o-alegado-castigo-de-mourinho-ao-banco-de-suplentes\/\",\"url\":\"https:\/\/portaltela.pt\/noticias\/2026\/03\/24\/vitor-pinto-e-o-alegado-castigo-de-mourinho-ao-banco-de-suplentes\/\",\"name\":\"V\u00edtor Pinto e o alegado castigo de Mourinho ao banco de suplentes - Portal Tela Portugal\",\"isPartOf\":{\"@id\":\"https:\/\/portaltela.pt\/#website\"},\"primaryImageOfPage\":{\"@id\":\"https:\/\/portaltela.pt\/noticias\/2026\/03\/24\/vitor-pinto-e-o-alegado-castigo-de-mourinho-ao-banco-de-suplentes\/#primaryimage\"},\"image\":{\"@id\":\"https:\/\/portaltela.pt\/noticias\/2026\/03\/24\/vitor-pinto-e-o-alegado-castigo-de-mourinho-ao-banco-de-suplentes\/#primaryimage\"},\"thumbnailUrl\":\"https:\/\/portaltela.pt\/s.01k8rhncp4jt1\/2026\/03\/img_1200x721uu2026-03-24-21-55-03-2429198.jpg\",\"datePublished\":\"2026-03-24T22:40:00+00:00\",\"author\":{\"@id\":\"https:\/\/portaltela.pt\/#\/schema\/person\/c4278d4a6028830caff9ee44b42d32ed\"},\"breadcrumb\":{\"@id\":\"https:\/\/portaltela.pt\/noticias\/2026\/03\/24\/vitor-pinto-e-o-alegado-castigo-de-mourinho-ao-banco-de-suplentes\/#breadcrumb\"},\"inLanguage\":\"pt-PT\",\"potentialAction\":[{\"@type\":\"ReadAction\",\"target\":[\"https:\/\/portaltela.pt\/noticias\/2026\/03\/24\/vitor-pinto-e-o-alegado-castigo-de-mourinho-ao-banco-de-suplentes\/\"]}]},{\"@type\":\"ImageObject\",\"inLanguage\":\"pt-PT\",\"@id\":\"https:\/\/portaltela.pt\/noticias\/2026\/03\/24\/vitor-pinto-e-o-alegado-castigo-de-mourinho-ao-banco-de-suplentes\/#primaryimage\",\"url\":\"https:\/\/portaltela.pt\/s.01k8rhncp4jt1\/2026\/03\/img_1200x721uu2026-03-24-21-55-03-2429198.jpg\",\"contentUrl\":\"https:\/\/portaltela.pt\/s.01k8rhncp4jt1\/2026\/03\/img_1200x721uu2026-03-24-21-55-03-2429198.jpg\",\"width\":796,\"height\":448,\"caption\":\"V\u00edtor Pinto e o \\\"castigo\\\" de Jos\u00e9 Mourinho: \u00abAt\u00e9 a \u00e1guia Vit\u00f3ria ia para o banco menos Lopes Cabral\u00bb\"},{\"@type\":\"BreadcrumbList\",\"@id\":\"https:\/\/portaltela.pt\/noticias\/2026\/03\/24\/vitor-pinto-e-o-alegado-castigo-de-mourinho-ao-banco-de-suplentes\/#breadcrumb\",\"itemListElement\":[{\"@type\":\"ListItem\",\"position\":1,\"name\":\"In\u00edcio\",\"item\":\"https:\/\/portaltela.pt\/\"},{\"@type\":\"ListItem\",\"position\":2,\"name\":\"V\u00edtor Pinto e o alegado castigo de Mourinho ao banco de suplentes\"}]},{\"@type\":\"WebSite\",\"@id\":\"https:\/\/portaltela.pt\/#website\",\"url\":\"https:\/\/portaltela.pt\/\",\"name\":\"Portal Tela Portugal\",\"description\":\"\",\"potentialAction\":[{\"@type\":\"SearchAction\",\"target\":{\"@type\":\"EntryPoint\",\"urlTemplate\":\"https:\/\/portaltela.pt\/?s={search_term_string}\"},\"query-input\":{\"@type\":\"PropertyValueSpecification\",\"valueRequired\":true,\"valueName\":\"search_term_string\"}}],\"inLanguage\":\"pt-PT\"},{\"@type\":\"Person\",\"@id\":\"https:\/\/portaltela.pt\/#\/schema\/person\/c4278d4a6028830caff9ee44b42d32ed\",\"name\":\"Telinha\",\"image\":{\"@type\":\"ImageObject\",\"inLanguage\":\"pt-PT\",\"@id\":\"https:\/\/portaltela.pt\/s.01k8rhncp4jt1\/2025\/11\/talking-bot-125x125.png\",\"url\":\"https:\/\/portaltela.pt\/s.01k8rhncp4jt1\/2025\/11\/talking-bot-125x125.png\",\"contentUrl\":\"https:\/\/portaltela.pt\/s.01k8rhncp4jt1\/2025\/11\/talking-bot-125x125.png\",\"caption\":\"Telinha\"},\"sameAs\":[\"https:\/\/portaltela.pt\/\"],\"url\":\"https:\/\/portaltela.pt\/por\/367410592786\/\"}]}<\/script>\n<!-- \/ Yoast SEO plugin. -->","yoast_head_json":{"title":"V\u00edtor Pinto e o alegado castigo de Mourinho ao banco de suplentes - Portal Tela Portugal","robots":{"index":"index","follow":"follow","max-snippet":"max-snippet:-1","max-image-preview":"max-image-preview:large","max-video-preview":"max-video-preview:-1"},"og_locale":"pt_PT","og_type":"article","og_title":"V\u00edtor Pinto e o alegado castigo de Mourinho ao banco de suplentes - Portal Tela Portugal","og_description":"Jos\u00e9 Mourinho perdoou Lopes Cabral ap\u00f3s o epis\u00f3dio vivido no Santiago Bernab\u00e9u envolvendo o jogador do Benfica a pedir a camisola de Vin\u00edcius J\u00fanior. O incidente gerou desconforto durante a visita ao Bernab\u00e9u, segundo relatos. V\u00edtor Pinto, subdiretor do Record, comentou o tema no programa Record na Hora, dispon\u00edvel no Now. A not\u00edcia foca no desdobramento e no suposto castigo anterior, sem julgamentos ou opini\u00f5es. O texto n\u00e3o traz declara\u00e7\u00f5es adicionais ou conclus\u00f5es, mantendo-se objetivo e informativo.","og_url":"https:\/\/portaltela.pt\/noticias\/2026\/03\/24\/vitor-pinto-e-o-alegado-castigo-de-mourinho-ao-banco-de-suplentes\/","og_site_name":"Portal Tela Portugal","article_published_time":"2026-03-24T22:40:00+00:00","author":"Telinha","twitter_card":"summary_large_image","twitter_misc":{"Escrito por":"Telinha","Tempo estimado de leitura":"1 minuto"},"schema":{"@context":"https:\/\/schema.org","@graph":[{"@type":"Article","@id":"https:\/\/portaltela.pt\/noticias\/2026\/03\/24\/vitor-pinto-e-o-alegado-castigo-de-mourinho-ao-banco-de-suplentes\/#article","isPartOf":{"@id":"https:\/\/portaltela.pt\/noticias\/2026\/03\/24\/vitor-pinto-e-o-alegado-castigo-de-mourinho-ao-banco-de-suplentes\/"},"author":{"name":"Telinha","@id":"https:\/\/portaltela.pt\/#\/schema\/person\/c4278d4a6028830caff9ee44b42d32ed"},"headline":"V\u00edtor Pinto e o alegado castigo de Mourinho ao banco de suplentes","datePublished":"2026-03-24T22:40:00+00:00","mainEntityOfPage":{"@id":"https:\/\/portaltela.pt\/noticias\/2026\/03\/24\/vitor-pinto-e-o-alegado-castigo-de-mourinho-ao-banco-de-suplentes\/"},"wordCount":246,"image":{"@id":"https:\/\/portaltela.pt\/noticias\/2026\/03\/24\/vitor-pinto-e-o-alegado-castigo-de-mourinho-ao-banco-de-suplentes\/#primaryimage"},"thumbnailUrl":"https:\/\/portaltela.pt\/s.01k8rhncp4jt1\/2026\/03\/img_1200x721uu2026-03-24-21-55-03-2429198.jpg","keywords":["Benfica","futebol","Lopes Cabral","Mourinho","san\u00e7\u00f5es","Vin\u00edcius J\u00fanior"],"articleSection":["Desporto","Futebol"],"inLanguage":"pt-PT"},{"@type":"WebPage","@id":"https:\/\/portaltela.pt\/noticias\/2026\/03\/24\/vitor-pinto-e-o-alegado-castigo-de-mourinho-ao-banco-de-suplentes\/","url":"https:\/\/portaltela.pt\/noticias\/2026\/03\/24\/vitor-pinto-e-o-alegado-castigo-de-mourinho-ao-banco-de-suplentes\/","name":"V\u00edtor Pinto e o alegado castigo de Mourinho ao banco de suplentes - Portal Tela Portugal","isPartOf":{"@id":"https:\/\/portaltela.pt\/#website"},"primaryImageOfPage":{"@id":"https:\/\/portaltela.pt\/noticias\/2026\/03\/24\/vitor-pinto-e-o-alegado-castigo-de-mourinho-ao-banco-de-suplentes\/#primaryimage"},"image":{"@id":"https:\/\/portaltela.pt\/noticias\/2026\/03\/24\/vitor-pinto-e-o-alegado-castigo-de-mourinho-ao-banco-de-suplentes\/#primaryimage"},"thumbnailUrl":"https:\/\/portaltela.pt\/s.01k8rhncp4jt1\/2026\/03\/img_1200x721uu2026-03-24-21-55-03-2429198.jpg","datePublished":"2026-03-24T22:40:00+00:00","author":{"@id":"https:\/\/portaltela.pt\/#\/schema\/person\/c4278d4a6028830caff9ee44b42d32ed"},"breadcrumb":{"@id":"https:\/\/portaltela.pt\/noticias\/2026\/03\/24\/vitor-pinto-e-o-alegado-castigo-de-mourinho-ao-banco-de-suplentes\/#breadcrumb"},"inLanguage":"pt-PT","potentialAction":[{"@type":"ReadAction","target":["https:\/\/portaltela.pt\/noticias\/2026\/03\/24\/vitor-pinto-e-o-alegado-castigo-de-mourinho-ao-banco-de-suplentes\/"]}]},{"@type":"ImageObject","inLanguage":"pt-PT","@id":"https:\/\/portaltela.pt\/noticias\/2026\/03\/24\/vitor-pinto-e-o-alegado-castigo-de-mourinho-ao-banco-de-suplentes\/#primaryimage","url":"https:\/\/portaltela.pt\/s.01k8rhncp4jt1\/2026\/03\/img_1200x721uu2026-03-24-21-55-03-2429198.jpg","contentUrl":"https:\/\/portaltela.pt\/s.01k8rhncp4jt1\/2026\/03\/img_1200x721uu2026-03-24-21-55-03-2429198.jpg","width":796,"height":448,"caption":"V\u00edtor Pinto e o \"castigo\" de Jos\u00e9 Mourinho: \u00abAt\u00e9 a \u00e1guia Vit\u00f3ria ia para o banco menos Lopes Cabral\u00bb"},{"@type":"BreadcrumbList","@id":"https:\/\/portaltela.pt\/noticias\/2026\/03\/24\/vitor-pinto-e-o-alegado-castigo-de-mourinho-ao-banco-de-suplentes\/#breadcrumb","itemListElement":[{"@type":"ListItem","position":1,"name":"In\u00edcio","item":"https:\/\/portaltela.pt\/"},{"@type":"ListItem","position":2,"name":"V\u00edtor Pinto e o alegado castigo de Mourinho ao banco de suplentes"}]},{"@type":"WebSite","@id":"https:\/\/portaltela.pt\/#website","url":"https:\/\/portaltela.pt\/","name":"Portal Tela Portugal","description":"","potentialAction":[{"@type":"SearchAction","target":{"@type":"EntryPoint","urlTemplate":"https:\/\/portaltela.pt\/?s={search_term_string}"},"query-input":{"@type":"PropertyValueSpecification","valueRequired":true,"valueName":"search_term_string"}}],"inLanguage":"pt-PT"},{"@type":"Person","@id":"https:\/\/portaltela.pt\/#\/schema\/person\/c4278d4a6028830caff9ee44b42d32ed","name":"Telinha","image":{"@type":"ImageObject","inLanguage":"pt-PT","@id":"https:\/\/portaltela.pt\/s.01k8rhncp4jt1\/2025\/11\/talking-bot-125x125.png","url":"https:\/\/portaltela.pt\/s.01k8rhncp4jt1\/2025\/11\/talking-bot-125x125.png","contentUrl":"https:\/\/portaltela.pt\/s.01k8rhncp4jt1\/2025\/11\/talking-bot-125x125.png","caption":"Telinha"},"sameAs":["https:\/\/portaltela.pt\/"],"url":"https:\/\/portaltela.pt\/por\/367410592786\/"}]}},"_links":{"self":[{"href":"https:\/\/portaltela.pt\/api\/wp\/v2\/posts\/420214","targetHints":{"allow":["GET"]}}],"collection":[{"href":"https:\/\/portaltela.pt\/api\/wp\/v2\/posts"}],"about":[{"href":"https:\/\/portaltela.pt\/api\/wp\/v2\/types\/post"}],"author":[{"embeddable":true,"href":"https:\/\/portaltela.pt\/api\/wp\/v2\/users\/2"}],"replies":[{"embeddable":true,"href":"https:\/\/portaltela.pt\/api\/wp\/v2\/comments?post=420214"}],"version-history":[{"count":0,"href":"https:\/\/portaltela.pt\/api\/wp\/v2\/posts\/420214\/revisions"}],"wp:featuredmedia":[{"embeddable":true,"href":"https:\/\/portaltela.pt\/api\/wp\/v2\/media\/420216"}],"wp:attachment":[{"href":"https:\/\/portaltela.pt\/api\/wp\/v2\/media?parent=420214"}],"wp:term":[{"taxonomy":"category","embeddable":true,"href":"https:\/\/portaltela.pt\/api\/wp\/v2\/categories?post=420214"},{"taxonomy":"post_tag","embeddable":true,"href":"https:\/\/portaltela.pt\/api\/wp\/v2\/tags?post=420214"}],"curies":[{"name":"wp","href":"https:\/\/api.w.org\/{rel}","templated":true}]}}