{"id":420211,"date":"2026-03-24T19:30:31","date_gmt":"2026-03-24T22:30:31","guid":{"rendered":"https:\/\/portaltela.pt\/noticias\/2026\/03\/24\/governo-anuncia-reforco-de-5-milhoes-de-euros-para-o-desporto\/"},"modified":"2026-03-24T19:30:31","modified_gmt":"2026-03-24T22:30:31","slug":"governo-anuncia-reforco-de-5-milhoes-de-euros-para-o-desporto","status":"publish","type":"post","link":"https:\/\/portaltela.pt\/desporto\/futebol\/2026\/03\/24\/governo-anuncia-reforco-de-5-milhoes-de-euros-para-o-desporto\/","title":{"rendered":"Governo anuncia refor\u00e7o de 5 milh\u00f5es de euros para o Desporto"},"content":{"rendered":"<p>O Governo anunciou um refor\u00e7o extraordin\u00e1rio de 5 milh\u00f5es de euros para financiar o Desporto. Aconfirmation foi feita pelo minist\u00e9rio da Cultura, Juventude e Desporto, em comunicado, nesta ter\u00e7a-feira. O montante ser\u00e1 acrescentado aos 62 milh\u00f5es j\u00e1 aprovados anteriormente.<\/p>\n<p>O valor completo dever\u00e1 ser distribu\u00eddo at\u00e9 2028. Deste refor\u00e7o, dois milh\u00f5es destinam-se ao apoio \u00e0s atividades regulares das federa\u00e7\u00f5es desportivas e dos Comit\u00e9s Ol\u00edmpico e Paral\u00edmpico. Outro montante id\u00eantico ser\u00e1 alocado ao Alto Rendimento e \u00e0s sele\u00e7\u00f5es nacionais.<\/p>\n<p>O objetivo \u00e9 promover um modelo de financiamento mais equilibrado e ajustado \u00e0 realidade do sistema desportivo. A medida visa valorizar o trabalho das federa\u00e7\u00f5es, refor\u00e7ar o apoio a atletas, clubes e modalidades em todo o territ\u00f3rio.<\/p>\n<h3>Aloca\u00e7\u00e3o do refor\u00e7o<\/h3>\n<p>Segundo o minist\u00e9rio, o refor\u00e7o tamb\u00e9m reconhece os resultados de excel\u00eancia alcan\u00e7ados por atletas e sele\u00e7\u00f5es portuguesas nas principais competi\u00e7\u00f5es internacionais. Margarida Balseiro Lopes destacou o compromisso com a coes\u00e3o social e a sa\u00fade p\u00fablica.<\/p>\n<h3>Declara\u00e7\u00f5es oficiais<\/h3>\n<p>A ministra referiu, na gala Voz do Desporto, que o investimento fortalece a presen\u00e7a de Portugal no panorama desportivo internacional. O Governo pretende assegurar um financiamento mais est\u00e1vel e previs\u00edvel para o setor.<\/p>\n","protected":false},"excerpt":{"rendered":"<ul>\n<li>O Governo anunciou um refor\u00e7o extraordin\u00e1rio de cinco milh\u00f5es de euros para financiar o Desporto, confirmado pelo minist\u00e9rio da Cultura, Juventude e Desporto em comunicado.<\/li>\n<li>Este refor\u00e7o soma-se aos sessenta e dois milh\u00f5es de euros j\u00e1 acrescentados, que seriam distribu\u00eddos at\u00e9 2028.<\/li>\n<li>Dois milh\u00f5es destinam-se a refor\u00e7ar o apoio \u00e0s atividades regulares das federa\u00e7\u00f5es desportivas e dos Comit\u00e9s Ol\u00edmpico e Paral\u00edmpico, cabendo igual valor ao apoio ao Alto Rendimento e \u00e0s sele\u00e7\u00f5es nacionais.<\/li>\n<li>Um milh\u00e3o serve para reconhecer e apoiar os resultados de excel\u00eancia alcan\u00e7ados por atletas e sele\u00e7\u00f5es portuguesas nas principais competi\u00e7\u00f5es internacionais.<\/li>\n<li>Margarida Balseiro Lopes afirmou que o refor\u00e7o pretende promover um modelo de financiamento mais equilibrado, valorizando o trabalho das federa\u00e7\u00f5es e fortalecendo o apoio a atletas, clubes e modalidades em todo o territ\u00f3rio.<\/li>\n<\/ul>\n","protected":false},"author":2,"featured_media":420212,"comment_status":"closed","ping_status":"closed","sticky":false,"template":"","format":"standard","meta":{"footnotes":""},"categories":[21,24],"tags":[252,6904,1323,152,2266,81],"class_list":["post-420211","post","type-post","status-publish","format-standard","has-post-thumbnail","hentry","category-desporto","category-futebol","tag-atletas","tag-centros-de-alto-rendimento","tag-coesao-social","tag-desporto","tag-federacoes","tag-internacionais"],"yoast_head":"<!-- This site is optimized with the Yoast SEO plugin v27.2 - https:\/\/yoast.com\/product\/yoast-seo-wordpress\/ -->\n<title>Governo anuncia refor\u00e7o de 5 milh\u00f5es de euros para o Desporto - Portal Tela Portugal<\/title>\n<meta name=\"robots\" content=\"index, follow, max-snippet:-1, max-image-preview:large, max-video-preview:-1\" \/>\n<meta property=\"og:locale\" content=\"pt_PT\" \/>\n<meta property=\"og:type\" content=\"article\" \/>\n<meta property=\"og:title\" content=\"Governo anuncia refor\u00e7o de 5 milh\u00f5es de euros para o Desporto - Portal Tela Portugal\" \/>\n<meta property=\"og:description\" content=\"O Governo anunciou um refor\u00e7o extraordin\u00e1rio de cinco milh\u00f5es de euros para financiar o Desporto, confirmado pelo minist\u00e9rio da Cultura, Juventude e Desporto em comunicado. Este refor\u00e7o soma-se aos sessenta e dois milh\u00f5es de euros j\u00e1 acrescentados, que seriam distribu\u00eddos at\u00e9 2028. Dois milh\u00f5es destinam-se a refor\u00e7ar o apoio \u00e0s atividades regulares das federa\u00e7\u00f5es desportivas e dos Comit\u00e9s Ol\u00edmpico e Paral\u00edmpico, cabendo igual valor ao apoio ao Alto Rendimento e \u00e0s sele\u00e7\u00f5es nacionais. Um milh\u00e3o serve para reconhecer e apoiar os resultados de excel\u00eancia alcan\u00e7ados por atletas e sele\u00e7\u00f5es portuguesas nas principais competi\u00e7\u00f5es internacionais. Margarida Balseiro Lopes afirmou que o refor\u00e7o pretende promover um modelo de financiamento mais equilibrado, valorizando o trabalho das federa\u00e7\u00f5es e fortalecendo o apoio a atletas, clubes e modalidades em todo o territ\u00f3rio.\" \/>\n<meta property=\"og:url\" content=\"https:\/\/portaltela.pt\/noticias\/2026\/03\/24\/governo-anuncia-reforco-de-5-milhoes-de-euros-para-o-desporto\/\" \/>\n<meta property=\"og:site_name\" content=\"Portal Tela Portugal\" \/>\n<meta property=\"article:published_time\" content=\"2026-03-24T22:30:31+00:00\" \/>\n<meta name=\"author\" content=\"Telinha\" \/>\n<meta name=\"twitter:card\" content=\"summary_large_image\" \/>\n<meta name=\"twitter:label1\" content=\"Escrito por\" \/>\n\t<meta name=\"twitter:data1\" content=\"Telinha\" \/>\n\t<meta name=\"twitter:label2\" content=\"Tempo estimado de leitura\" \/>\n\t<meta name=\"twitter:data2\" content=\"1 minuto\" \/>\n<script type=\"application\/ld+json\" class=\"yoast-schema-graph\">{\"@context\":\"https:\/\/schema.org\",\"@graph\":[{\"@type\":\"Article\",\"@id\":\"https:\/\/portaltela.pt\/noticias\/2026\/03\/24\/governo-anuncia-reforco-de-5-milhoes-de-euros-para-o-desporto\/#article\",\"isPartOf\":{\"@id\":\"https:\/\/portaltela.pt\/noticias\/2026\/03\/24\/governo-anuncia-reforco-de-5-milhoes-de-euros-para-o-desporto\/\"},\"author\":{\"name\":\"Telinha\",\"@id\":\"https:\/\/portaltela.pt\/#\/schema\/person\/c4278d4a6028830caff9ee44b42d32ed\"},\"headline\":\"Governo anuncia refor\u00e7o de 5 milh\u00f5es de euros para o Desporto\",\"datePublished\":\"2026-03-24T22:30:31+00:00\",\"mainEntityOfPage\":{\"@id\":\"https:\/\/portaltela.pt\/noticias\/2026\/03\/24\/governo-anuncia-reforco-de-5-milhoes-de-euros-para-o-desporto\/\"},\"wordCount\":229,\"image\":{\"@id\":\"https:\/\/portaltela.pt\/noticias\/2026\/03\/24\/governo-anuncia-reforco-de-5-milhoes-de-euros-para-o-desporto\/#primaryimage\"},\"thumbnailUrl\":\"https:\/\/portaltela.pt\/s.01k8rhncp4jt1\/2026\/03\/img_1500x1000uu2026-03-24-22-29-49-2274641.jpg\",\"keywords\":[\"atletas\",\"Centros de Alto Rendimento\",\"Coes\u00e3o social\",\"desporto\",\"federa\u00e7\u00f5es\",\"internacionais\"],\"articleSection\":[\"Desporto\",\"Futebol\"],\"inLanguage\":\"pt-PT\"},{\"@type\":\"WebPage\",\"@id\":\"https:\/\/portaltela.pt\/noticias\/2026\/03\/24\/governo-anuncia-reforco-de-5-milhoes-de-euros-para-o-desporto\/\",\"url\":\"https:\/\/portaltela.pt\/noticias\/2026\/03\/24\/governo-anuncia-reforco-de-5-milhoes-de-euros-para-o-desporto\/\",\"name\":\"Governo anuncia refor\u00e7o de 5 milh\u00f5es de euros para o Desporto - Portal Tela Portugal\",\"isPartOf\":{\"@id\":\"https:\/\/portaltela.pt\/#website\"},\"primaryImageOfPage\":{\"@id\":\"https:\/\/portaltela.pt\/noticias\/2026\/03\/24\/governo-anuncia-reforco-de-5-milhoes-de-euros-para-o-desporto\/#primaryimage\"},\"image\":{\"@id\":\"https:\/\/portaltela.pt\/noticias\/2026\/03\/24\/governo-anuncia-reforco-de-5-milhoes-de-euros-para-o-desporto\/#primaryimage\"},\"thumbnailUrl\":\"https:\/\/portaltela.pt\/s.01k8rhncp4jt1\/2026\/03\/img_1500x1000uu2026-03-24-22-29-49-2274641.jpg\",\"datePublished\":\"2026-03-24T22:30:31+00:00\",\"author\":{\"@id\":\"https:\/\/portaltela.pt\/#\/schema\/person\/c4278d4a6028830caff9ee44b42d32ed\"},\"breadcrumb\":{\"@id\":\"https:\/\/portaltela.pt\/noticias\/2026\/03\/24\/governo-anuncia-reforco-de-5-milhoes-de-euros-para-o-desporto\/#breadcrumb\"},\"inLanguage\":\"pt-PT\",\"potentialAction\":[{\"@type\":\"ReadAction\",\"target\":[\"https:\/\/portaltela.pt\/noticias\/2026\/03\/24\/governo-anuncia-reforco-de-5-milhoes-de-euros-para-o-desporto\/\"]}]},{\"@type\":\"ImageObject\",\"inLanguage\":\"pt-PT\",\"@id\":\"https:\/\/portaltela.pt\/noticias\/2026\/03\/24\/governo-anuncia-reforco-de-5-milhoes-de-euros-para-o-desporto\/#primaryimage\",\"url\":\"https:\/\/portaltela.pt\/s.01k8rhncp4jt1\/2026\/03\/img_1500x1000uu2026-03-24-22-29-49-2274641.jpg\",\"contentUrl\":\"https:\/\/portaltela.pt\/s.01k8rhncp4jt1\/2026\/03\/img_1500x1000uu2026-03-24-22-29-49-2274641.jpg\",\"width\":796,\"height\":448,\"caption\":\"Margarida Balseiro Lopes\"},{\"@type\":\"BreadcrumbList\",\"@id\":\"https:\/\/portaltela.pt\/noticias\/2026\/03\/24\/governo-anuncia-reforco-de-5-milhoes-de-euros-para-o-desporto\/#breadcrumb\",\"itemListElement\":[{\"@type\":\"ListItem\",\"position\":1,\"name\":\"In\u00edcio\",\"item\":\"https:\/\/portaltela.pt\/\"},{\"@type\":\"ListItem\",\"position\":2,\"name\":\"Governo anuncia refor\u00e7o de 5 milh\u00f5es de euros para o Desporto\"}]},{\"@type\":\"WebSite\",\"@id\":\"https:\/\/portaltela.pt\/#website\",\"url\":\"https:\/\/portaltela.pt\/\",\"name\":\"Portal Tela Portugal\",\"description\":\"\",\"potentialAction\":[{\"@type\":\"SearchAction\",\"target\":{\"@type\":\"EntryPoint\",\"urlTemplate\":\"https:\/\/portaltela.pt\/?s={search_term_string}\"},\"query-input\":{\"@type\":\"PropertyValueSpecification\",\"valueRequired\":true,\"valueName\":\"search_term_string\"}}],\"inLanguage\":\"pt-PT\"},{\"@type\":\"Person\",\"@id\":\"https:\/\/portaltela.pt\/#\/schema\/person\/c4278d4a6028830caff9ee44b42d32ed\",\"name\":\"Telinha\",\"image\":{\"@type\":\"ImageObject\",\"inLanguage\":\"pt-PT\",\"@id\":\"https:\/\/portaltela.pt\/s.01k8rhncp4jt1\/2025\/11\/talking-bot-125x125.png\",\"url\":\"https:\/\/portaltela.pt\/s.01k8rhncp4jt1\/2025\/11\/talking-bot-125x125.png\",\"contentUrl\":\"https:\/\/portaltela.pt\/s.01k8rhncp4jt1\/2025\/11\/talking-bot-125x125.png\",\"caption\":\"Telinha\"},\"sameAs\":[\"https:\/\/portaltela.pt\/\"],\"url\":\"https:\/\/portaltela.pt\/por\/367410592786\/\"}]}<\/script>\n<!-- \/ Yoast SEO plugin. -->","yoast_head_json":{"title":"Governo anuncia refor\u00e7o de 5 milh\u00f5es de euros para o Desporto - Portal Tela Portugal","robots":{"index":"index","follow":"follow","max-snippet":"max-snippet:-1","max-image-preview":"max-image-preview:large","max-video-preview":"max-video-preview:-1"},"og_locale":"pt_PT","og_type":"article","og_title":"Governo anuncia refor\u00e7o de 5 milh\u00f5es de euros para o Desporto - Portal Tela Portugal","og_description":"O Governo anunciou um refor\u00e7o extraordin\u00e1rio de cinco milh\u00f5es de euros para financiar o Desporto, confirmado pelo minist\u00e9rio da Cultura, Juventude e Desporto em comunicado. Este refor\u00e7o soma-se aos sessenta e dois milh\u00f5es de euros j\u00e1 acrescentados, que seriam distribu\u00eddos at\u00e9 2028. Dois milh\u00f5es destinam-se a refor\u00e7ar o apoio \u00e0s atividades regulares das federa\u00e7\u00f5es desportivas e dos Comit\u00e9s Ol\u00edmpico e Paral\u00edmpico, cabendo igual valor ao apoio ao Alto Rendimento e \u00e0s sele\u00e7\u00f5es nacionais. Um milh\u00e3o serve para reconhecer e apoiar os resultados de excel\u00eancia alcan\u00e7ados por atletas e sele\u00e7\u00f5es portuguesas nas principais competi\u00e7\u00f5es internacionais. Margarida Balseiro Lopes afirmou que o refor\u00e7o pretende promover um modelo de financiamento mais equilibrado, valorizando o trabalho das federa\u00e7\u00f5es e fortalecendo o apoio a atletas, clubes e modalidades em todo o territ\u00f3rio.","og_url":"https:\/\/portaltela.pt\/noticias\/2026\/03\/24\/governo-anuncia-reforco-de-5-milhoes-de-euros-para-o-desporto\/","og_site_name":"Portal Tela Portugal","article_published_time":"2026-03-24T22:30:31+00:00","author":"Telinha","twitter_card":"summary_large_image","twitter_misc":{"Escrito por":"Telinha","Tempo estimado de leitura":"1 minuto"},"schema":{"@context":"https:\/\/schema.org","@graph":[{"@type":"Article","@id":"https:\/\/portaltela.pt\/noticias\/2026\/03\/24\/governo-anuncia-reforco-de-5-milhoes-de-euros-para-o-desporto\/#article","isPartOf":{"@id":"https:\/\/portaltela.pt\/noticias\/2026\/03\/24\/governo-anuncia-reforco-de-5-milhoes-de-euros-para-o-desporto\/"},"author":{"name":"Telinha","@id":"https:\/\/portaltela.pt\/#\/schema\/person\/c4278d4a6028830caff9ee44b42d32ed"},"headline":"Governo anuncia refor\u00e7o de 5 milh\u00f5es de euros para o Desporto","datePublished":"2026-03-24T22:30:31+00:00","mainEntityOfPage":{"@id":"https:\/\/portaltela.pt\/noticias\/2026\/03\/24\/governo-anuncia-reforco-de-5-milhoes-de-euros-para-o-desporto\/"},"wordCount":229,"image":{"@id":"https:\/\/portaltela.pt\/noticias\/2026\/03\/24\/governo-anuncia-reforco-de-5-milhoes-de-euros-para-o-desporto\/#primaryimage"},"thumbnailUrl":"https:\/\/portaltela.pt\/s.01k8rhncp4jt1\/2026\/03\/img_1500x1000uu2026-03-24-22-29-49-2274641.jpg","keywords":["atletas","Centros de Alto Rendimento","Coes\u00e3o social","desporto","federa\u00e7\u00f5es","internacionais"],"articleSection":["Desporto","Futebol"],"inLanguage":"pt-PT"},{"@type":"WebPage","@id":"https:\/\/portaltela.pt\/noticias\/2026\/03\/24\/governo-anuncia-reforco-de-5-milhoes-de-euros-para-o-desporto\/","url":"https:\/\/portaltela.pt\/noticias\/2026\/03\/24\/governo-anuncia-reforco-de-5-milhoes-de-euros-para-o-desporto\/","name":"Governo anuncia refor\u00e7o de 5 milh\u00f5es de euros para o Desporto - Portal Tela Portugal","isPartOf":{"@id":"https:\/\/portaltela.pt\/#website"},"primaryImageOfPage":{"@id":"https:\/\/portaltela.pt\/noticias\/2026\/03\/24\/governo-anuncia-reforco-de-5-milhoes-de-euros-para-o-desporto\/#primaryimage"},"image":{"@id":"https:\/\/portaltela.pt\/noticias\/2026\/03\/24\/governo-anuncia-reforco-de-5-milhoes-de-euros-para-o-desporto\/#primaryimage"},"thumbnailUrl":"https:\/\/portaltela.pt\/s.01k8rhncp4jt1\/2026\/03\/img_1500x1000uu2026-03-24-22-29-49-2274641.jpg","datePublished":"2026-03-24T22:30:31+00:00","author":{"@id":"https:\/\/portaltela.pt\/#\/schema\/person\/c4278d4a6028830caff9ee44b42d32ed"},"breadcrumb":{"@id":"https:\/\/portaltela.pt\/noticias\/2026\/03\/24\/governo-anuncia-reforco-de-5-milhoes-de-euros-para-o-desporto\/#breadcrumb"},"inLanguage":"pt-PT","potentialAction":[{"@type":"ReadAction","target":["https:\/\/portaltela.pt\/noticias\/2026\/03\/24\/governo-anuncia-reforco-de-5-milhoes-de-euros-para-o-desporto\/"]}]},{"@type":"ImageObject","inLanguage":"pt-PT","@id":"https:\/\/portaltela.pt\/noticias\/2026\/03\/24\/governo-anuncia-reforco-de-5-milhoes-de-euros-para-o-desporto\/#primaryimage","url":"https:\/\/portaltela.pt\/s.01k8rhncp4jt1\/2026\/03\/img_1500x1000uu2026-03-24-22-29-49-2274641.jpg","contentUrl":"https:\/\/portaltela.pt\/s.01k8rhncp4jt1\/2026\/03\/img_1500x1000uu2026-03-24-22-29-49-2274641.jpg","width":796,"height":448,"caption":"Margarida Balseiro Lopes"},{"@type":"BreadcrumbList","@id":"https:\/\/portaltela.pt\/noticias\/2026\/03\/24\/governo-anuncia-reforco-de-5-milhoes-de-euros-para-o-desporto\/#breadcrumb","itemListElement":[{"@type":"ListItem","position":1,"name":"In\u00edcio","item":"https:\/\/portaltela.pt\/"},{"@type":"ListItem","position":2,"name":"Governo anuncia refor\u00e7o de 5 milh\u00f5es de euros para o Desporto"}]},{"@type":"WebSite","@id":"https:\/\/portaltela.pt\/#website","url":"https:\/\/portaltela.pt\/","name":"Portal Tela Portugal","description":"","potentialAction":[{"@type":"SearchAction","target":{"@type":"EntryPoint","urlTemplate":"https:\/\/portaltela.pt\/?s={search_term_string}"},"query-input":{"@type":"PropertyValueSpecification","valueRequired":true,"valueName":"search_term_string"}}],"inLanguage":"pt-PT"},{"@type":"Person","@id":"https:\/\/portaltela.pt\/#\/schema\/person\/c4278d4a6028830caff9ee44b42d32ed","name":"Telinha","image":{"@type":"ImageObject","inLanguage":"pt-PT","@id":"https:\/\/portaltela.pt\/s.01k8rhncp4jt1\/2025\/11\/talking-bot-125x125.png","url":"https:\/\/portaltela.pt\/s.01k8rhncp4jt1\/2025\/11\/talking-bot-125x125.png","contentUrl":"https:\/\/portaltela.pt\/s.01k8rhncp4jt1\/2025\/11\/talking-bot-125x125.png","caption":"Telinha"},"sameAs":["https:\/\/portaltela.pt\/"],"url":"https:\/\/portaltela.pt\/por\/367410592786\/"}]}},"_links":{"self":[{"href":"https:\/\/portaltela.pt\/api\/wp\/v2\/posts\/420211","targetHints":{"allow":["GET"]}}],"collection":[{"href":"https:\/\/portaltela.pt\/api\/wp\/v2\/posts"}],"about":[{"href":"https:\/\/portaltela.pt\/api\/wp\/v2\/types\/post"}],"author":[{"embeddable":true,"href":"https:\/\/portaltela.pt\/api\/wp\/v2\/users\/2"}],"replies":[{"embeddable":true,"href":"https:\/\/portaltela.pt\/api\/wp\/v2\/comments?post=420211"}],"version-history":[{"count":0,"href":"https:\/\/portaltela.pt\/api\/wp\/v2\/posts\/420211\/revisions"}],"wp:featuredmedia":[{"embeddable":true,"href":"https:\/\/portaltela.pt\/api\/wp\/v2\/media\/420212"}],"wp:attachment":[{"href":"https:\/\/portaltela.pt\/api\/wp\/v2\/media?parent=420211"}],"wp:term":[{"taxonomy":"category","embeddable":true,"href":"https:\/\/portaltela.pt\/api\/wp\/v2\/categories?post=420211"},{"taxonomy":"post_tag","embeddable":true,"href":"https:\/\/portaltela.pt\/api\/wp\/v2\/tags?post=420211"}],"curies":[{"name":"wp","href":"https:\/\/api.w.org\/{rel}","templated":true}]}}