{"id":420192,"date":"2026-03-24T19:04:00","date_gmt":"2026-03-24T22:04:00","guid":{"rendered":"https:\/\/portaltela.pt\/noticias\/2026\/03\/24\/vaticano-afirma-que-catolicos-podem-receber-transplantes-de-orgaos-de-animais\/"},"modified":"2026-03-24T19:04:00","modified_gmt":"2026-03-24T22:04:00","slug":"vaticano-afirma-que-catolicos-podem-receber-transplantes-de-orgaos-de-animais","status":"publish","type":"post","link":"https:\/\/portaltela.pt\/medicina\/2026\/03\/24\/vaticano-afirma-que-catolicos-podem-receber-transplantes-de-orgaos-de-animais\/","title":{"rendered":"Vaticano afirma que cat\u00f3licos podem receber transplantes de \u00f3rg\u00e3os de animais"},"content":{"rendered":"<p>O Vaticano afirmou que os cat\u00f3licos podem receber transplantes de tecidos ou \u00f3rg\u00e3os de origem animal, desde que os procedimentos sigam as melhores pr\u00e1ticas m\u00e9dicas e n\u00e3o haja crueldade contra os animais. A declara\u00e7\u00e3o foi publicada nesta ter\u00e7a-feira, 23 de mar\u00e7o de 2026, e aborda a xenotransplanta\u00e7\u00e3o com porcos e vacas geneticamente modificados.<\/p>\n<p>O documento de 88 p\u00e1ginas, elaborado com a colabora\u00e7\u00e3o de m\u00e9dicos italianos, norte-americanos e holandeses, reafirma um ensinamento anterior da Igreja. Enfatiza que n\u00e3o existe obje\u00e7\u00e3o religiosa \u00e0 utiliza\u00e7\u00e3o de tecidos animais para transplanta\u00e7\u00e3o, quando n\u00e3o permite sofrimento animal e cumpre normas \u00e9ticas e t\u00e9cnicas rigorosas.<\/p>\n<h3>Contexto da xenotransplanta\u00e7\u00e3o<\/h3>\n<p>A xenotransplanta\u00e7\u00e3o envolve \u00f3rg\u00e3os ou tecidos de outra esp\u00e9cie para uso humano. A Igreja lembra que a pr\u00e1tica foi autorizada pela primeira vez em 2001, ainda em fases precursoras de desenvolvimento. Os textos ressaltam a import\u00e2ncia de seguir crit\u00e9rios \u00e9ticos, cient\u00edficos e respons\u00e1veis.<\/p>\n<p>Os transplantes entre animais e humanos continuam incomuns, mas j\u00e1 houve avan\u00e7os. Em 2021, nos EUA, uma paciente com morte cerebral recebeu um rim de porco sem rejei\u00e7\u00e3o imediata. Em 2022, ocorreu o primeiro transplante de cora\u00e7\u00e3o de porco a um humano vivo, nos EUA, seguido pela morte do paciente pouco depois. Em 2024, registou-se o primeiro transplante de rim de porco em pessoa, tamb\u00e9m nos EUA.<\/p>\n<h3>Orienta\u00e7\u00f5es e apelos aos m\u00e9dicos<\/h3>\n<p>O Vaticano orienta que os transplantes de origem animal devem ser realizados de forma intencional, proporcionada e sustent\u00e1vel. O documento sublinha que a pr\u00e1tica n\u00e3o deve dispensar a avalia\u00e7\u00e3o de riscos, nem a prote\u00e7\u00e3o de pacientes e comunidades.<\/p>\n<p>A avalia\u00e7\u00e3o de riscos \u00e9 refor\u00e7ada por inst\u00e2ncias externas, como o Parlamento Europeu, que tamb\u00e9m pediu aos m\u00e9dicos que divulguem riscos associados aos transplantes de origem animal, incluindo rejei\u00e7\u00e3o imunit\u00e1ria e poss\u00edvel transmiss\u00e3o de microrganismos.<\/p>\n","protected":false},"excerpt":{"rendered":"<ul>\n<li>O Vaticano afirma que cat\u00f3licos podem receber transplantes de tecidos ou \u00f3rg\u00e3os de animais, desde que se sigam as melhores pr\u00e1ticas m\u00e9dicas e n\u00e3o haja crueldade para com os animais.<\/li>\n<li>No seu documento de 88 p\u00e1ginas, a Igreja refor\u00e7a que a teologia n\u00e3o impede, por raz\u00f5es religiosas, a utiliza\u00e7\u00e3o de animais como fonte de \u00f3rg\u00e3os, tecidos ou c\u00e9lulas para transplanta\u00e7\u00e3o em humanos.<\/li>\n<li>O texto trata da xenotransplanta\u00e7\u00e3o \u2014 transplante de \u00f3rg\u00e3os de uma esp\u00e9cie para outra \u2014 que j\u00e1 come\u00e7ou a avan\u00e7ar desde 2001.<\/li>\n<li>Exemplos recentes citados incluem o uso de rim de porco em paciente humano em 2021 e o primeiro transplante de cora\u00e7\u00e3o de porco para humano em 2022, com um transplante de rim de porco em 2024 nos Estados Unidos.<\/li>\n<li>O Vaticano pede que estes transplantes sejam realizados de forma intencional, proporcionada e sustent\u00e1vel, e o Parlamento Europeu tamb\u00e9m solicitou que m\u00e9dicos divulguem os riscos, incluindo rejei\u00e7\u00e3o imunit\u00e1ria e poss\u00edvel transmiss\u00e3o de microrganismos.<\/li>\n<\/ul>\n","protected":false},"author":2,"featured_media":420199,"comment_status":"closed","ping_status":"closed","sticky":false,"template":"","format":"standard","meta":{"footnotes":""},"categories":[7371],"tags":[1992,5129,7211,172,5128],"class_list":["post-420192","post","type-post","status-publish","format-standard","has-post-thumbnail","hentry","category-medicina","tag-ciencia","tag-imunologia","tag-medicina","tag-saude","tag-transplantes"],"yoast_head":"<!-- This site is optimized with the Yoast SEO plugin v27.2 - https:\/\/yoast.com\/product\/yoast-seo-wordpress\/ -->\n<title>Vaticano afirma que cat\u00f3licos podem receber transplantes de \u00f3rg\u00e3os de animais - Portal Tela Portugal<\/title>\n<meta name=\"robots\" content=\"index, follow, max-snippet:-1, max-image-preview:large, max-video-preview:-1\" \/>\n<meta property=\"og:locale\" content=\"pt_PT\" \/>\n<meta property=\"og:type\" content=\"article\" \/>\n<meta property=\"og:title\" content=\"Vaticano afirma que cat\u00f3licos podem receber transplantes de \u00f3rg\u00e3os de animais - Portal Tela Portugal\" \/>\n<meta property=\"og:description\" content=\"O Vaticano afirma que cat\u00f3licos podem receber transplantes de tecidos ou \u00f3rg\u00e3os de animais, desde que se sigam as melhores pr\u00e1ticas m\u00e9dicas e n\u00e3o haja crueldade para com os animais. No seu documento de 88 p\u00e1ginas, a Igreja refor\u00e7a que a teologia n\u00e3o impede, por raz\u00f5es religiosas, a utiliza\u00e7\u00e3o de animais como fonte de \u00f3rg\u00e3os, tecidos ou c\u00e9lulas para transplanta\u00e7\u00e3o em humanos. O texto trata da xenotransplanta\u00e7\u00e3o \u2014 transplante de \u00f3rg\u00e3os de uma esp\u00e9cie para outra \u2014 que j\u00e1 come\u00e7ou a avan\u00e7ar desde 2001. Exemplos recentes citados incluem o uso de rim de porco em paciente humano em 2021 e o primeiro transplante de cora\u00e7\u00e3o de porco para humano em 2022, com um transplante de rim de porco em 2024 nos Estados Unidos. O Vaticano pede que estes transplantes sejam realizados de forma intencional, proporcionada e sustent\u00e1vel, e o Parlamento Europeu tamb\u00e9m solicitou que m\u00e9dicos divulguem os riscos, incluindo rejei\u00e7\u00e3o imunit\u00e1ria e poss\u00edvel transmiss\u00e3o de microrganismos.\" \/>\n<meta property=\"og:url\" content=\"https:\/\/portaltela.pt\/noticias\/2026\/03\/24\/vaticano-afirma-que-catolicos-podem-receber-transplantes-de-orgaos-de-animais\/\" \/>\n<meta property=\"og:site_name\" content=\"Portal Tela Portugal\" \/>\n<meta property=\"article:published_time\" content=\"2026-03-24T22:04:00+00:00\" \/>\n<meta name=\"author\" content=\"Telinha\" \/>\n<meta name=\"twitter:card\" content=\"summary_large_image\" \/>\n<meta name=\"twitter:label1\" content=\"Escrito por\" \/>\n\t<meta name=\"twitter:data1\" content=\"Telinha\" \/>\n\t<meta name=\"twitter:label2\" content=\"Tempo estimado de leitura\" \/>\n\t<meta name=\"twitter:data2\" content=\"2 minutos\" \/>\n<script type=\"application\/ld+json\" class=\"yoast-schema-graph\">{\"@context\":\"https:\/\/schema.org\",\"@graph\":[{\"@type\":\"Article\",\"@id\":\"https:\/\/portaltela.pt\/noticias\/2026\/03\/24\/vaticano-afirma-que-catolicos-podem-receber-transplantes-de-orgaos-de-animais\/#article\",\"isPartOf\":{\"@id\":\"https:\/\/portaltela.pt\/noticias\/2026\/03\/24\/vaticano-afirma-que-catolicos-podem-receber-transplantes-de-orgaos-de-animais\/\"},\"author\":{\"name\":\"Telinha\",\"@id\":\"https:\/\/portaltela.pt\/#\/schema\/person\/c4278d4a6028830caff9ee44b42d32ed\"},\"headline\":\"Vaticano afirma que cat\u00f3licos podem receber transplantes de \u00f3rg\u00e3os de animais\",\"datePublished\":\"2026-03-24T22:04:00+00:00\",\"mainEntityOfPage\":{\"@id\":\"https:\/\/portaltela.pt\/noticias\/2026\/03\/24\/vaticano-afirma-que-catolicos-podem-receber-transplantes-de-orgaos-de-animais\/\"},\"wordCount\":341,\"image\":{\"@id\":\"https:\/\/portaltela.pt\/noticias\/2026\/03\/24\/vaticano-afirma-que-catolicos-podem-receber-transplantes-de-orgaos-de-animais\/#primaryimage\"},\"thumbnailUrl\":\"https:\/\/portaltela.pt\/s.01k8rhncp4jt1\/2026\/03\/2076669.jpg\",\"keywords\":[\"ci\u00eancia\",\"imunologia\",\"medicina\",\"sa\u00fade\",\"transplantes\"],\"articleSection\":[\"Medicina\"],\"inLanguage\":\"pt-PT\"},{\"@type\":\"WebPage\",\"@id\":\"https:\/\/portaltela.pt\/noticias\/2026\/03\/24\/vaticano-afirma-que-catolicos-podem-receber-transplantes-de-orgaos-de-animais\/\",\"url\":\"https:\/\/portaltela.pt\/noticias\/2026\/03\/24\/vaticano-afirma-que-catolicos-podem-receber-transplantes-de-orgaos-de-animais\/\",\"name\":\"Vaticano afirma que cat\u00f3licos podem receber transplantes de \u00f3rg\u00e3os de animais - Portal Tela Portugal\",\"isPartOf\":{\"@id\":\"https:\/\/portaltela.pt\/#website\"},\"primaryImageOfPage\":{\"@id\":\"https:\/\/portaltela.pt\/noticias\/2026\/03\/24\/vaticano-afirma-que-catolicos-podem-receber-transplantes-de-orgaos-de-animais\/#primaryimage\"},\"image\":{\"@id\":\"https:\/\/portaltela.pt\/noticias\/2026\/03\/24\/vaticano-afirma-que-catolicos-podem-receber-transplantes-de-orgaos-de-animais\/#primaryimage\"},\"thumbnailUrl\":\"https:\/\/portaltela.pt\/s.01k8rhncp4jt1\/2026\/03\/2076669.jpg\",\"datePublished\":\"2026-03-24T22:04:00+00:00\",\"author\":{\"@id\":\"https:\/\/portaltela.pt\/#\/schema\/person\/c4278d4a6028830caff9ee44b42d32ed\"},\"breadcrumb\":{\"@id\":\"https:\/\/portaltela.pt\/noticias\/2026\/03\/24\/vaticano-afirma-que-catolicos-podem-receber-transplantes-de-orgaos-de-animais\/#breadcrumb\"},\"inLanguage\":\"pt-PT\",\"potentialAction\":[{\"@type\":\"ReadAction\",\"target\":[\"https:\/\/portaltela.pt\/noticias\/2026\/03\/24\/vaticano-afirma-que-catolicos-podem-receber-transplantes-de-orgaos-de-animais\/\"]}]},{\"@type\":\"ImageObject\",\"inLanguage\":\"pt-PT\",\"@id\":\"https:\/\/portaltela.pt\/noticias\/2026\/03\/24\/vaticano-afirma-que-catolicos-podem-receber-transplantes-de-orgaos-de-animais\/#primaryimage\",\"url\":\"https:\/\/portaltela.pt\/s.01k8rhncp4jt1\/2026\/03\/2076669.jpg\",\"contentUrl\":\"https:\/\/portaltela.pt\/s.01k8rhncp4jt1\/2026\/03\/2076669.jpg\",\"width\":796,\"height\":448,\"caption\":\"Xenotransplante de um rim de porco para um doente vivo em 2024, nos Estados Unidos\"},{\"@type\":\"BreadcrumbList\",\"@id\":\"https:\/\/portaltela.pt\/noticias\/2026\/03\/24\/vaticano-afirma-que-catolicos-podem-receber-transplantes-de-orgaos-de-animais\/#breadcrumb\",\"itemListElement\":[{\"@type\":\"ListItem\",\"position\":1,\"name\":\"In\u00edcio\",\"item\":\"https:\/\/portaltela.pt\/\"},{\"@type\":\"ListItem\",\"position\":2,\"name\":\"Vaticano afirma que cat\u00f3licos podem receber transplantes de \u00f3rg\u00e3os de animais\"}]},{\"@type\":\"WebSite\",\"@id\":\"https:\/\/portaltela.pt\/#website\",\"url\":\"https:\/\/portaltela.pt\/\",\"name\":\"Portal Tela Portugal\",\"description\":\"\",\"potentialAction\":[{\"@type\":\"SearchAction\",\"target\":{\"@type\":\"EntryPoint\",\"urlTemplate\":\"https:\/\/portaltela.pt\/?s={search_term_string}\"},\"query-input\":{\"@type\":\"PropertyValueSpecification\",\"valueRequired\":true,\"valueName\":\"search_term_string\"}}],\"inLanguage\":\"pt-PT\"},{\"@type\":\"Person\",\"@id\":\"https:\/\/portaltela.pt\/#\/schema\/person\/c4278d4a6028830caff9ee44b42d32ed\",\"name\":\"Telinha\",\"image\":{\"@type\":\"ImageObject\",\"inLanguage\":\"pt-PT\",\"@id\":\"https:\/\/portaltela.pt\/s.01k8rhncp4jt1\/2025\/11\/talking-bot-125x125.png\",\"url\":\"https:\/\/portaltela.pt\/s.01k8rhncp4jt1\/2025\/11\/talking-bot-125x125.png\",\"contentUrl\":\"https:\/\/portaltela.pt\/s.01k8rhncp4jt1\/2025\/11\/talking-bot-125x125.png\",\"caption\":\"Telinha\"},\"sameAs\":[\"https:\/\/portaltela.pt\/\"],\"url\":\"https:\/\/portaltela.pt\/por\/367410592786\/\"}]}<\/script>\n<!-- \/ Yoast SEO plugin. -->","yoast_head_json":{"title":"Vaticano afirma que cat\u00f3licos podem receber transplantes de \u00f3rg\u00e3os de animais - Portal Tela Portugal","robots":{"index":"index","follow":"follow","max-snippet":"max-snippet:-1","max-image-preview":"max-image-preview:large","max-video-preview":"max-video-preview:-1"},"og_locale":"pt_PT","og_type":"article","og_title":"Vaticano afirma que cat\u00f3licos podem receber transplantes de \u00f3rg\u00e3os de animais - Portal Tela Portugal","og_description":"O Vaticano afirma que cat\u00f3licos podem receber transplantes de tecidos ou \u00f3rg\u00e3os de animais, desde que se sigam as melhores pr\u00e1ticas m\u00e9dicas e n\u00e3o haja crueldade para com os animais. No seu documento de 88 p\u00e1ginas, a Igreja refor\u00e7a que a teologia n\u00e3o impede, por raz\u00f5es religiosas, a utiliza\u00e7\u00e3o de animais como fonte de \u00f3rg\u00e3os, tecidos ou c\u00e9lulas para transplanta\u00e7\u00e3o em humanos. O texto trata da xenotransplanta\u00e7\u00e3o \u2014 transplante de \u00f3rg\u00e3os de uma esp\u00e9cie para outra \u2014 que j\u00e1 come\u00e7ou a avan\u00e7ar desde 2001. Exemplos recentes citados incluem o uso de rim de porco em paciente humano em 2021 e o primeiro transplante de cora\u00e7\u00e3o de porco para humano em 2022, com um transplante de rim de porco em 2024 nos Estados Unidos. O Vaticano pede que estes transplantes sejam realizados de forma intencional, proporcionada e sustent\u00e1vel, e o Parlamento Europeu tamb\u00e9m solicitou que m\u00e9dicos divulguem os riscos, incluindo rejei\u00e7\u00e3o imunit\u00e1ria e poss\u00edvel transmiss\u00e3o de microrganismos.","og_url":"https:\/\/portaltela.pt\/noticias\/2026\/03\/24\/vaticano-afirma-que-catolicos-podem-receber-transplantes-de-orgaos-de-animais\/","og_site_name":"Portal Tela Portugal","article_published_time":"2026-03-24T22:04:00+00:00","author":"Telinha","twitter_card":"summary_large_image","twitter_misc":{"Escrito por":"Telinha","Tempo estimado de leitura":"2 minutos"},"schema":{"@context":"https:\/\/schema.org","@graph":[{"@type":"Article","@id":"https:\/\/portaltela.pt\/noticias\/2026\/03\/24\/vaticano-afirma-que-catolicos-podem-receber-transplantes-de-orgaos-de-animais\/#article","isPartOf":{"@id":"https:\/\/portaltela.pt\/noticias\/2026\/03\/24\/vaticano-afirma-que-catolicos-podem-receber-transplantes-de-orgaos-de-animais\/"},"author":{"name":"Telinha","@id":"https:\/\/portaltela.pt\/#\/schema\/person\/c4278d4a6028830caff9ee44b42d32ed"},"headline":"Vaticano afirma que cat\u00f3licos podem receber transplantes de \u00f3rg\u00e3os de animais","datePublished":"2026-03-24T22:04:00+00:00","mainEntityOfPage":{"@id":"https:\/\/portaltela.pt\/noticias\/2026\/03\/24\/vaticano-afirma-que-catolicos-podem-receber-transplantes-de-orgaos-de-animais\/"},"wordCount":341,"image":{"@id":"https:\/\/portaltela.pt\/noticias\/2026\/03\/24\/vaticano-afirma-que-catolicos-podem-receber-transplantes-de-orgaos-de-animais\/#primaryimage"},"thumbnailUrl":"https:\/\/portaltela.pt\/s.01k8rhncp4jt1\/2026\/03\/2076669.jpg","keywords":["ci\u00eancia","imunologia","medicina","sa\u00fade","transplantes"],"articleSection":["Medicina"],"inLanguage":"pt-PT"},{"@type":"WebPage","@id":"https:\/\/portaltela.pt\/noticias\/2026\/03\/24\/vaticano-afirma-que-catolicos-podem-receber-transplantes-de-orgaos-de-animais\/","url":"https:\/\/portaltela.pt\/noticias\/2026\/03\/24\/vaticano-afirma-que-catolicos-podem-receber-transplantes-de-orgaos-de-animais\/","name":"Vaticano afirma que cat\u00f3licos podem receber transplantes de \u00f3rg\u00e3os de animais - Portal Tela Portugal","isPartOf":{"@id":"https:\/\/portaltela.pt\/#website"},"primaryImageOfPage":{"@id":"https:\/\/portaltela.pt\/noticias\/2026\/03\/24\/vaticano-afirma-que-catolicos-podem-receber-transplantes-de-orgaos-de-animais\/#primaryimage"},"image":{"@id":"https:\/\/portaltela.pt\/noticias\/2026\/03\/24\/vaticano-afirma-que-catolicos-podem-receber-transplantes-de-orgaos-de-animais\/#primaryimage"},"thumbnailUrl":"https:\/\/portaltela.pt\/s.01k8rhncp4jt1\/2026\/03\/2076669.jpg","datePublished":"2026-03-24T22:04:00+00:00","author":{"@id":"https:\/\/portaltela.pt\/#\/schema\/person\/c4278d4a6028830caff9ee44b42d32ed"},"breadcrumb":{"@id":"https:\/\/portaltela.pt\/noticias\/2026\/03\/24\/vaticano-afirma-que-catolicos-podem-receber-transplantes-de-orgaos-de-animais\/#breadcrumb"},"inLanguage":"pt-PT","potentialAction":[{"@type":"ReadAction","target":["https:\/\/portaltela.pt\/noticias\/2026\/03\/24\/vaticano-afirma-que-catolicos-podem-receber-transplantes-de-orgaos-de-animais\/"]}]},{"@type":"ImageObject","inLanguage":"pt-PT","@id":"https:\/\/portaltela.pt\/noticias\/2026\/03\/24\/vaticano-afirma-que-catolicos-podem-receber-transplantes-de-orgaos-de-animais\/#primaryimage","url":"https:\/\/portaltela.pt\/s.01k8rhncp4jt1\/2026\/03\/2076669.jpg","contentUrl":"https:\/\/portaltela.pt\/s.01k8rhncp4jt1\/2026\/03\/2076669.jpg","width":796,"height":448,"caption":"Xenotransplante de um rim de porco para um doente vivo em 2024, nos Estados Unidos"},{"@type":"BreadcrumbList","@id":"https:\/\/portaltela.pt\/noticias\/2026\/03\/24\/vaticano-afirma-que-catolicos-podem-receber-transplantes-de-orgaos-de-animais\/#breadcrumb","itemListElement":[{"@type":"ListItem","position":1,"name":"In\u00edcio","item":"https:\/\/portaltela.pt\/"},{"@type":"ListItem","position":2,"name":"Vaticano afirma que cat\u00f3licos podem receber transplantes de \u00f3rg\u00e3os de animais"}]},{"@type":"WebSite","@id":"https:\/\/portaltela.pt\/#website","url":"https:\/\/portaltela.pt\/","name":"Portal Tela Portugal","description":"","potentialAction":[{"@type":"SearchAction","target":{"@type":"EntryPoint","urlTemplate":"https:\/\/portaltela.pt\/?s={search_term_string}"},"query-input":{"@type":"PropertyValueSpecification","valueRequired":true,"valueName":"search_term_string"}}],"inLanguage":"pt-PT"},{"@type":"Person","@id":"https:\/\/portaltela.pt\/#\/schema\/person\/c4278d4a6028830caff9ee44b42d32ed","name":"Telinha","image":{"@type":"ImageObject","inLanguage":"pt-PT","@id":"https:\/\/portaltela.pt\/s.01k8rhncp4jt1\/2025\/11\/talking-bot-125x125.png","url":"https:\/\/portaltela.pt\/s.01k8rhncp4jt1\/2025\/11\/talking-bot-125x125.png","contentUrl":"https:\/\/portaltela.pt\/s.01k8rhncp4jt1\/2025\/11\/talking-bot-125x125.png","caption":"Telinha"},"sameAs":["https:\/\/portaltela.pt\/"],"url":"https:\/\/portaltela.pt\/por\/367410592786\/"}]}},"_links":{"self":[{"href":"https:\/\/portaltela.pt\/api\/wp\/v2\/posts\/420192","targetHints":{"allow":["GET"]}}],"collection":[{"href":"https:\/\/portaltela.pt\/api\/wp\/v2\/posts"}],"about":[{"href":"https:\/\/portaltela.pt\/api\/wp\/v2\/types\/post"}],"author":[{"embeddable":true,"href":"https:\/\/portaltela.pt\/api\/wp\/v2\/users\/2"}],"replies":[{"embeddable":true,"href":"https:\/\/portaltela.pt\/api\/wp\/v2\/comments?post=420192"}],"version-history":[{"count":0,"href":"https:\/\/portaltela.pt\/api\/wp\/v2\/posts\/420192\/revisions"}],"wp:featuredmedia":[{"embeddable":true,"href":"https:\/\/portaltela.pt\/api\/wp\/v2\/media\/420199"}],"wp:attachment":[{"href":"https:\/\/portaltela.pt\/api\/wp\/v2\/media?parent=420192"}],"wp:term":[{"taxonomy":"category","embeddable":true,"href":"https:\/\/portaltela.pt\/api\/wp\/v2\/categories?post=420192"},{"taxonomy":"post_tag","embeddable":true,"href":"https:\/\/portaltela.pt\/api\/wp\/v2\/tags?post=420192"}],"curies":[{"name":"wp","href":"https:\/\/api.w.org\/{rel}","templated":true}]}}