{"id":420191,"date":"2026-03-24T18:33:00","date_gmt":"2026-03-24T21:33:00","guid":{"rendered":"https:\/\/portaltela.pt\/noticias\/2026\/03\/24\/esquerda-critica-governacao-de-moedas-sobre-politica-cultural-em-lisboa\/"},"modified":"2026-03-24T18:33:00","modified_gmt":"2026-03-24T21:33:00","slug":"esquerda-critica-governacao-de-moedas-sobre-politica-cultural-em-lisboa","status":"publish","type":"post","link":"https:\/\/portaltela.pt\/noticias\/2026\/03\/24\/esquerda-critica-governacao-de-moedas-sobre-politica-cultural-em-lisboa\/","title":{"rendered":"Esquerda critica governa\u00e7\u00e3o de Moedas sobre pol\u00edtica cultural em Lisboa"},"content":{"rendered":"<p>Os partidos de esquerda na Assembleia Municipal de Lisboa criticaram a governa\u00e7\u00e3o de Carlos Moedas por suposta ced\u00eancia \u00e0 press\u00e3o da extrema-direita radical na pol\u00edtica cultural da cidade. O debate sobre a EGEAC e os equipamentos culturais municipais ocorreu nesta ter\u00e7a-feira, sem a presen\u00e7a do presidente da C\u00e2mara nem do vereador da Cultura.<\/p>\n<p>A discuss\u00e3o centrou-se na n\u00e3o recondu\u00e7\u00e3o dos diretores do Museu do Aljube &#8211; Resist\u00eancia e Liberdade, Rita Rato, e do Teatro do Bairro Alto, Francisco Fraz\u00e3o. Os deputados questionaram a vis\u00e3o do executivo sobre estas mudan\u00e7as e o processo que as antecedeu.<\/p>\n<h3>Nomea\u00e7\u00f5es sem concurso e transpar\u00eancia<\/h3>\n<p>O vice-presidente da C\u00e2mara, Gon\u00e7alo Reis, defendeu o desdramatizar das altera\u00e7\u00f5es, dizendo que as escolhas da EGEAC obedecem a crit\u00e9rios de valor e pluralidade. Em 13 de mar\u00e7o, a EGEAC anunciou que Miguel Loureiro assumiria o Teatro do Bairro Alto, e Anabela Valente dirigiria o Museu do Aljube.<\/p>\n<p>Gon\u00e7alo Reis apelou a que se evitem solu\u00e7\u00f5es \u00fanicas e reiterou a legitimidade do governo para as escolhas. Sofia Lisboa (PCP) apontou decis\u00f5es concretas que n\u00e3o considera normais e referiu uma peti\u00e7\u00e3o pela recondu\u00e7\u00e3o de Rita Rato.<\/p>\n<p>Jo\u00e3o Monteiro (Livro) defendeu que devem existir concursos p\u00fablicos e audi\u00eancias, questionando a influ\u00eancia do Chega no rumo da programa\u00e7\u00e3o cultural. Alexandra Mota Torres (PS) ressaltou que o debate visa ideias e m\u00e9todos, n\u00e3o pessoas, e mencionou ataques pol\u00edticos \u00e0 liberdade art\u00edstica.<\/p>\n<p>Miguel Coelho (PS) afirmou que o foco \u00e9 a condu\u00e7\u00e3o da pol\u00edtica cultural em Lisboa, n\u00e3o a avalia\u00e7\u00e3o individual dos nomeados. Margarida Bentes Penedo (Chega) reiterou a necessidade de uma cultura de direita. Liliana Fidalgo (PSD) lembrou que a cultura evolui e que as diverg\u00eancias pol\u00edticas existem.<\/p>\n<p>Maria Escaja (BE) destacou que as direc\u00e7\u00f5es anteriores foram escolhidas por concurso e acusou Moedas de nem sempre privilegiar a transpar\u00eancia. Francisco Camacho (CDS) comentou que a esquerda v\u00ea a cultura como espa\u00e7o pol\u00edtico, e Pedro Bugarin (IL) defendeu a renova\u00e7\u00e3o de quadros como pr\u00e1tica comum.<\/p>\n<p>As vota\u00e7\u00f5es resultaram na rejei\u00e7\u00e3o, com votos contra de PSD, IL, CDS-PP e Chega, das recomenda\u00e7\u00f5es do Livre e do PCP sobre a pol\u00edtica cultural de Lisboa.<\/p>\n","protected":false},"excerpt":{"rendered":"<ul>\n<li>Partidos de esquerda em Lisboa criticam Carlos Moedas por alegada ced\u00eancia \u00e0 extrema-direita na pol\u00edtica cultural, durante debate sobre EGEAC e equipamentos culturais municipais.<\/li>\n<li>EGEAC anunciou, em 13 de Mar\u00e7o, que Miguel Loureiro passa a ser director do Teatro do Bairro Alto e Anabela Valente fica \u00e0 frente do Museu do Aljube, sem concurso p\u00fablico, gerando cr\u00edticas quanto \u00e0 transpar\u00eancia.<\/li>\n<li>Rea\u00e7\u00f5es na sess\u00e3o: oposi\u00e7\u00e3o acusa falta de transpar\u00eancia e pergunta-se se houve influ\u00eancia do Chega na dire\u00e7\u00e3o cultural; defesa de legitimidade das escolhas por parte do executivo.<\/li>\n<li>PS diz que o foco \u00e9 ideias e m\u00e9todos, n\u00e3o pessoas; Chega defende cultura de direita; BE destaca que direc\u00e7\u00f5es anteriores foram escolhidas por concurso.<\/li>\n<li>Recomenda\u00e7\u00f5es do Livre e do PCP foram rejeitadas com votos contra de PSD, IL, CDS-PP e Chega, mantendo a orienta\u00e7\u00e3o atual sobre a pol\u00edtica cultural da cidade.<\/li>\n<\/ul>\n","protected":false},"author":2,"featured_media":420196,"comment_status":"closed","ping_status":"closed","sticky":false,"template":"","format":"standard","meta":{"footnotes":""},"categories":[7375,1],"tags":[145,5517,981,4523,2832,332],"class_list":["post-420191","post","type-post","status-publish","format-standard","has-post-thumbnail","hentry","category-cultura","category-noticias","tag-cultura","tag-extrema-direita","tag-lisboa","tag-nomeacoes","tag-politica","tag-transparencia"],"yoast_head":"<!-- This site is optimized with the Yoast SEO plugin v27.2 - https:\/\/yoast.com\/product\/yoast-seo-wordpress\/ -->\n<title>Esquerda critica governa\u00e7\u00e3o de Moedas sobre pol\u00edtica cultural em Lisboa - Portal Tela Portugal<\/title>\n<meta name=\"robots\" content=\"index, follow, max-snippet:-1, max-image-preview:large, max-video-preview:-1\" \/>\n<meta property=\"og:locale\" content=\"pt_PT\" \/>\n<meta property=\"og:type\" content=\"article\" \/>\n<meta property=\"og:title\" content=\"Esquerda critica governa\u00e7\u00e3o de Moedas sobre pol\u00edtica cultural em Lisboa - Portal Tela Portugal\" \/>\n<meta property=\"og:description\" content=\"Partidos de esquerda em Lisboa criticam Carlos Moedas por alegada ced\u00eancia \u00e0 extrema-direita na pol\u00edtica cultural, durante debate sobre EGEAC e equipamentos culturais municipais. EGEAC anunciou, em 13 de Mar\u00e7o, que Miguel Loureiro passa a ser director do Teatro do Bairro Alto e Anabela Valente fica \u00e0 frente do Museu do Aljube, sem concurso p\u00fablico, gerando cr\u00edticas quanto \u00e0 transpar\u00eancia. Rea\u00e7\u00f5es na sess\u00e3o: oposi\u00e7\u00e3o acusa falta de transpar\u00eancia e pergunta-se se houve influ\u00eancia do Chega na dire\u00e7\u00e3o cultural; defesa de legitimidade das escolhas por parte do executivo. PS diz que o foco \u00e9 ideias e m\u00e9todos, n\u00e3o pessoas; Chega defende cultura de direita; BE destaca que direc\u00e7\u00f5es anteriores foram escolhidas por concurso. Recomenda\u00e7\u00f5es do Livre e do PCP foram rejeitadas com votos contra de PSD, IL, CDS-PP e Chega, mantendo a orienta\u00e7\u00e3o atual sobre a pol\u00edtica cultural da cidade.\" \/>\n<meta property=\"og:url\" content=\"https:\/\/portaltela.pt\/noticias\/2026\/03\/24\/esquerda-critica-governacao-de-moedas-sobre-politica-cultural-em-lisboa\/\" \/>\n<meta property=\"og:site_name\" content=\"Portal Tela Portugal\" \/>\n<meta property=\"article:published_time\" content=\"2026-03-24T21:33:00+00:00\" \/>\n<meta name=\"author\" content=\"Telinha\" \/>\n<meta name=\"twitter:card\" content=\"summary_large_image\" \/>\n<meta name=\"twitter:label1\" content=\"Escrito por\" \/>\n\t<meta name=\"twitter:data1\" content=\"Telinha\" \/>\n\t<meta name=\"twitter:label2\" content=\"Tempo estimado de leitura\" \/>\n\t<meta name=\"twitter:data2\" content=\"2 minutos\" \/>\n<script type=\"application\/ld+json\" class=\"yoast-schema-graph\">{\"@context\":\"https:\/\/schema.org\",\"@graph\":[{\"@type\":\"Article\",\"@id\":\"https:\/\/portaltela.pt\/noticias\/2026\/03\/24\/esquerda-critica-governacao-de-moedas-sobre-politica-cultural-em-lisboa\/#article\",\"isPartOf\":{\"@id\":\"https:\/\/portaltela.pt\/noticias\/2026\/03\/24\/esquerda-critica-governacao-de-moedas-sobre-politica-cultural-em-lisboa\/\"},\"author\":{\"name\":\"Telinha\",\"@id\":\"https:\/\/portaltela.pt\/#\/schema\/person\/c4278d4a6028830caff9ee44b42d32ed\"},\"headline\":\"Esquerda critica governa\u00e7\u00e3o de Moedas sobre pol\u00edtica cultural em Lisboa\",\"datePublished\":\"2026-03-24T21:33:00+00:00\",\"mainEntityOfPage\":{\"@id\":\"https:\/\/portaltela.pt\/noticias\/2026\/03\/24\/esquerda-critica-governacao-de-moedas-sobre-politica-cultural-em-lisboa\/\"},\"wordCount\":407,\"image\":{\"@id\":\"https:\/\/portaltela.pt\/noticias\/2026\/03\/24\/esquerda-critica-governacao-de-moedas-sobre-politica-cultural-em-lisboa\/#primaryimage\"},\"thumbnailUrl\":\"https:\/\/portaltela.pt\/s.01k8rhncp4jt1\/2026\/03\/2076667.jpg\",\"keywords\":[\"cultura\",\"extrema-direita\",\"Lisboa\",\"nomea\u00e7\u00f5es\",\"pol\u00edtica\",\"transpar\u00eancia\"],\"articleSection\":[\"Cultura\",\"Not\u00edcias\"],\"inLanguage\":\"pt-PT\"},{\"@type\":\"WebPage\",\"@id\":\"https:\/\/portaltela.pt\/noticias\/2026\/03\/24\/esquerda-critica-governacao-de-moedas-sobre-politica-cultural-em-lisboa\/\",\"url\":\"https:\/\/portaltela.pt\/noticias\/2026\/03\/24\/esquerda-critica-governacao-de-moedas-sobre-politica-cultural-em-lisboa\/\",\"name\":\"Esquerda critica governa\u00e7\u00e3o de Moedas sobre pol\u00edtica cultural em Lisboa - Portal Tela Portugal\",\"isPartOf\":{\"@id\":\"https:\/\/portaltela.pt\/#website\"},\"primaryImageOfPage\":{\"@id\":\"https:\/\/portaltela.pt\/noticias\/2026\/03\/24\/esquerda-critica-governacao-de-moedas-sobre-politica-cultural-em-lisboa\/#primaryimage\"},\"image\":{\"@id\":\"https:\/\/portaltela.pt\/noticias\/2026\/03\/24\/esquerda-critica-governacao-de-moedas-sobre-politica-cultural-em-lisboa\/#primaryimage\"},\"thumbnailUrl\":\"https:\/\/portaltela.pt\/s.01k8rhncp4jt1\/2026\/03\/2076667.jpg\",\"datePublished\":\"2026-03-24T21:33:00+00:00\",\"author\":{\"@id\":\"https:\/\/portaltela.pt\/#\/schema\/person\/c4278d4a6028830caff9ee44b42d32ed\"},\"breadcrumb\":{\"@id\":\"https:\/\/portaltela.pt\/noticias\/2026\/03\/24\/esquerda-critica-governacao-de-moedas-sobre-politica-cultural-em-lisboa\/#breadcrumb\"},\"inLanguage\":\"pt-PT\",\"potentialAction\":[{\"@type\":\"ReadAction\",\"target\":[\"https:\/\/portaltela.pt\/noticias\/2026\/03\/24\/esquerda-critica-governacao-de-moedas-sobre-politica-cultural-em-lisboa\/\"]}]},{\"@type\":\"ImageObject\",\"inLanguage\":\"pt-PT\",\"@id\":\"https:\/\/portaltela.pt\/noticias\/2026\/03\/24\/esquerda-critica-governacao-de-moedas-sobre-politica-cultural-em-lisboa\/#primaryimage\",\"url\":\"https:\/\/portaltela.pt\/s.01k8rhncp4jt1\/2026\/03\/2076667.jpg\",\"contentUrl\":\"https:\/\/portaltela.pt\/s.01k8rhncp4jt1\/2026\/03\/2076667.jpg\",\"width\":796,\"height\":448,\"caption\":\"Campanha de Carlos Moedas para as aut\u00e1rquias de Outubro de 2025 com a coliga\u00e7\u00e3o \\\"Por Ti, Lisboa\\\" (PSD\/CDS-PP\/IL), nas quais foi reeleito\"},{\"@type\":\"BreadcrumbList\",\"@id\":\"https:\/\/portaltela.pt\/noticias\/2026\/03\/24\/esquerda-critica-governacao-de-moedas-sobre-politica-cultural-em-lisboa\/#breadcrumb\",\"itemListElement\":[{\"@type\":\"ListItem\",\"position\":1,\"name\":\"In\u00edcio\",\"item\":\"https:\/\/portaltela.pt\/\"},{\"@type\":\"ListItem\",\"position\":2,\"name\":\"Esquerda critica governa\u00e7\u00e3o de Moedas sobre pol\u00edtica cultural em Lisboa\"}]},{\"@type\":\"WebSite\",\"@id\":\"https:\/\/portaltela.pt\/#website\",\"url\":\"https:\/\/portaltela.pt\/\",\"name\":\"Portal Tela Portugal\",\"description\":\"\",\"potentialAction\":[{\"@type\":\"SearchAction\",\"target\":{\"@type\":\"EntryPoint\",\"urlTemplate\":\"https:\/\/portaltela.pt\/?s={search_term_string}\"},\"query-input\":{\"@type\":\"PropertyValueSpecification\",\"valueRequired\":true,\"valueName\":\"search_term_string\"}}],\"inLanguage\":\"pt-PT\"},{\"@type\":\"Person\",\"@id\":\"https:\/\/portaltela.pt\/#\/schema\/person\/c4278d4a6028830caff9ee44b42d32ed\",\"name\":\"Telinha\",\"image\":{\"@type\":\"ImageObject\",\"inLanguage\":\"pt-PT\",\"@id\":\"https:\/\/portaltela.pt\/s.01k8rhncp4jt1\/2025\/11\/talking-bot-125x125.png\",\"url\":\"https:\/\/portaltela.pt\/s.01k8rhncp4jt1\/2025\/11\/talking-bot-125x125.png\",\"contentUrl\":\"https:\/\/portaltela.pt\/s.01k8rhncp4jt1\/2025\/11\/talking-bot-125x125.png\",\"caption\":\"Telinha\"},\"sameAs\":[\"https:\/\/portaltela.pt\/\"],\"url\":\"https:\/\/portaltela.pt\/por\/367410592786\/\"}]}<\/script>\n<!-- \/ Yoast SEO plugin. -->","yoast_head_json":{"title":"Esquerda critica governa\u00e7\u00e3o de Moedas sobre pol\u00edtica cultural em Lisboa - Portal Tela Portugal","robots":{"index":"index","follow":"follow","max-snippet":"max-snippet:-1","max-image-preview":"max-image-preview:large","max-video-preview":"max-video-preview:-1"},"og_locale":"pt_PT","og_type":"article","og_title":"Esquerda critica governa\u00e7\u00e3o de Moedas sobre pol\u00edtica cultural em Lisboa - Portal Tela Portugal","og_description":"Partidos de esquerda em Lisboa criticam Carlos Moedas por alegada ced\u00eancia \u00e0 extrema-direita na pol\u00edtica cultural, durante debate sobre EGEAC e equipamentos culturais municipais. EGEAC anunciou, em 13 de Mar\u00e7o, que Miguel Loureiro passa a ser director do Teatro do Bairro Alto e Anabela Valente fica \u00e0 frente do Museu do Aljube, sem concurso p\u00fablico, gerando cr\u00edticas quanto \u00e0 transpar\u00eancia. Rea\u00e7\u00f5es na sess\u00e3o: oposi\u00e7\u00e3o acusa falta de transpar\u00eancia e pergunta-se se houve influ\u00eancia do Chega na dire\u00e7\u00e3o cultural; defesa de legitimidade das escolhas por parte do executivo. PS diz que o foco \u00e9 ideias e m\u00e9todos, n\u00e3o pessoas; Chega defende cultura de direita; BE destaca que direc\u00e7\u00f5es anteriores foram escolhidas por concurso. Recomenda\u00e7\u00f5es do Livre e do PCP foram rejeitadas com votos contra de PSD, IL, CDS-PP e Chega, mantendo a orienta\u00e7\u00e3o atual sobre a pol\u00edtica cultural da cidade.","og_url":"https:\/\/portaltela.pt\/noticias\/2026\/03\/24\/esquerda-critica-governacao-de-moedas-sobre-politica-cultural-em-lisboa\/","og_site_name":"Portal Tela Portugal","article_published_time":"2026-03-24T21:33:00+00:00","author":"Telinha","twitter_card":"summary_large_image","twitter_misc":{"Escrito por":"Telinha","Tempo estimado de leitura":"2 minutos"},"schema":{"@context":"https:\/\/schema.org","@graph":[{"@type":"Article","@id":"https:\/\/portaltela.pt\/noticias\/2026\/03\/24\/esquerda-critica-governacao-de-moedas-sobre-politica-cultural-em-lisboa\/#article","isPartOf":{"@id":"https:\/\/portaltela.pt\/noticias\/2026\/03\/24\/esquerda-critica-governacao-de-moedas-sobre-politica-cultural-em-lisboa\/"},"author":{"name":"Telinha","@id":"https:\/\/portaltela.pt\/#\/schema\/person\/c4278d4a6028830caff9ee44b42d32ed"},"headline":"Esquerda critica governa\u00e7\u00e3o de Moedas sobre pol\u00edtica cultural em Lisboa","datePublished":"2026-03-24T21:33:00+00:00","mainEntityOfPage":{"@id":"https:\/\/portaltela.pt\/noticias\/2026\/03\/24\/esquerda-critica-governacao-de-moedas-sobre-politica-cultural-em-lisboa\/"},"wordCount":407,"image":{"@id":"https:\/\/portaltela.pt\/noticias\/2026\/03\/24\/esquerda-critica-governacao-de-moedas-sobre-politica-cultural-em-lisboa\/#primaryimage"},"thumbnailUrl":"https:\/\/portaltela.pt\/s.01k8rhncp4jt1\/2026\/03\/2076667.jpg","keywords":["cultura","extrema-direita","Lisboa","nomea\u00e7\u00f5es","pol\u00edtica","transpar\u00eancia"],"articleSection":["Cultura","Not\u00edcias"],"inLanguage":"pt-PT"},{"@type":"WebPage","@id":"https:\/\/portaltela.pt\/noticias\/2026\/03\/24\/esquerda-critica-governacao-de-moedas-sobre-politica-cultural-em-lisboa\/","url":"https:\/\/portaltela.pt\/noticias\/2026\/03\/24\/esquerda-critica-governacao-de-moedas-sobre-politica-cultural-em-lisboa\/","name":"Esquerda critica governa\u00e7\u00e3o de Moedas sobre pol\u00edtica cultural em Lisboa - Portal Tela Portugal","isPartOf":{"@id":"https:\/\/portaltela.pt\/#website"},"primaryImageOfPage":{"@id":"https:\/\/portaltela.pt\/noticias\/2026\/03\/24\/esquerda-critica-governacao-de-moedas-sobre-politica-cultural-em-lisboa\/#primaryimage"},"image":{"@id":"https:\/\/portaltela.pt\/noticias\/2026\/03\/24\/esquerda-critica-governacao-de-moedas-sobre-politica-cultural-em-lisboa\/#primaryimage"},"thumbnailUrl":"https:\/\/portaltela.pt\/s.01k8rhncp4jt1\/2026\/03\/2076667.jpg","datePublished":"2026-03-24T21:33:00+00:00","author":{"@id":"https:\/\/portaltela.pt\/#\/schema\/person\/c4278d4a6028830caff9ee44b42d32ed"},"breadcrumb":{"@id":"https:\/\/portaltela.pt\/noticias\/2026\/03\/24\/esquerda-critica-governacao-de-moedas-sobre-politica-cultural-em-lisboa\/#breadcrumb"},"inLanguage":"pt-PT","potentialAction":[{"@type":"ReadAction","target":["https:\/\/portaltela.pt\/noticias\/2026\/03\/24\/esquerda-critica-governacao-de-moedas-sobre-politica-cultural-em-lisboa\/"]}]},{"@type":"ImageObject","inLanguage":"pt-PT","@id":"https:\/\/portaltela.pt\/noticias\/2026\/03\/24\/esquerda-critica-governacao-de-moedas-sobre-politica-cultural-em-lisboa\/#primaryimage","url":"https:\/\/portaltela.pt\/s.01k8rhncp4jt1\/2026\/03\/2076667.jpg","contentUrl":"https:\/\/portaltela.pt\/s.01k8rhncp4jt1\/2026\/03\/2076667.jpg","width":796,"height":448,"caption":"Campanha de Carlos Moedas para as aut\u00e1rquias de Outubro de 2025 com a coliga\u00e7\u00e3o \"Por Ti, Lisboa\" (PSD\/CDS-PP\/IL), nas quais foi reeleito"},{"@type":"BreadcrumbList","@id":"https:\/\/portaltela.pt\/noticias\/2026\/03\/24\/esquerda-critica-governacao-de-moedas-sobre-politica-cultural-em-lisboa\/#breadcrumb","itemListElement":[{"@type":"ListItem","position":1,"name":"In\u00edcio","item":"https:\/\/portaltela.pt\/"},{"@type":"ListItem","position":2,"name":"Esquerda critica governa\u00e7\u00e3o de Moedas sobre pol\u00edtica cultural em Lisboa"}]},{"@type":"WebSite","@id":"https:\/\/portaltela.pt\/#website","url":"https:\/\/portaltela.pt\/","name":"Portal Tela Portugal","description":"","potentialAction":[{"@type":"SearchAction","target":{"@type":"EntryPoint","urlTemplate":"https:\/\/portaltela.pt\/?s={search_term_string}"},"query-input":{"@type":"PropertyValueSpecification","valueRequired":true,"valueName":"search_term_string"}}],"inLanguage":"pt-PT"},{"@type":"Person","@id":"https:\/\/portaltela.pt\/#\/schema\/person\/c4278d4a6028830caff9ee44b42d32ed","name":"Telinha","image":{"@type":"ImageObject","inLanguage":"pt-PT","@id":"https:\/\/portaltela.pt\/s.01k8rhncp4jt1\/2025\/11\/talking-bot-125x125.png","url":"https:\/\/portaltela.pt\/s.01k8rhncp4jt1\/2025\/11\/talking-bot-125x125.png","contentUrl":"https:\/\/portaltela.pt\/s.01k8rhncp4jt1\/2025\/11\/talking-bot-125x125.png","caption":"Telinha"},"sameAs":["https:\/\/portaltela.pt\/"],"url":"https:\/\/portaltela.pt\/por\/367410592786\/"}]}},"_links":{"self":[{"href":"https:\/\/portaltela.pt\/api\/wp\/v2\/posts\/420191","targetHints":{"allow":["GET"]}}],"collection":[{"href":"https:\/\/portaltela.pt\/api\/wp\/v2\/posts"}],"about":[{"href":"https:\/\/portaltela.pt\/api\/wp\/v2\/types\/post"}],"author":[{"embeddable":true,"href":"https:\/\/portaltela.pt\/api\/wp\/v2\/users\/2"}],"replies":[{"embeddable":true,"href":"https:\/\/portaltela.pt\/api\/wp\/v2\/comments?post=420191"}],"version-history":[{"count":0,"href":"https:\/\/portaltela.pt\/api\/wp\/v2\/posts\/420191\/revisions"}],"wp:featuredmedia":[{"embeddable":true,"href":"https:\/\/portaltela.pt\/api\/wp\/v2\/media\/420196"}],"wp:attachment":[{"href":"https:\/\/portaltela.pt\/api\/wp\/v2\/media?parent=420191"}],"wp:term":[{"taxonomy":"category","embeddable":true,"href":"https:\/\/portaltela.pt\/api\/wp\/v2\/categories?post=420191"},{"taxonomy":"post_tag","embeddable":true,"href":"https:\/\/portaltela.pt\/api\/wp\/v2\/tags?post=420191"}],"curies":[{"name":"wp","href":"https:\/\/api.w.org\/{rel}","templated":true}]}}