{"id":420184,"date":"2026-03-24T19:11:48","date_gmt":"2026-03-24T22:11:48","guid":{"rendered":"https:\/\/portaltela.pt\/noticias\/2026\/03\/24\/defesa-de-laplaine-guimaraes-afirma-que-nao-houve-desvio-de-fundos-de-contratos\/"},"modified":"2026-03-24T19:11:48","modified_gmt":"2026-03-24T22:11:48","slug":"defesa-de-laplaine-guimaraes-afirma-que-nao-houve-desvio-de-fundos-de-contratos","status":"publish","type":"post","link":"https:\/\/portaltela.pt\/noticias\/2026\/03\/24\/defesa-de-laplaine-guimaraes-afirma-que-nao-houve-desvio-de-fundos-de-contratos\/","title":{"rendered":"Defesa de Laplaine Guimar\u00e3es afirma que n\u00e3o houve desvio de fundos de contratos"},"content":{"rendered":"<p>O advogado de Alberto Laplaine Guimar\u00e3es, um dos detidos na opera\u00e7\u00e3o L\u00famen, afirma que o seu constituinte n\u00e3o recebeu dinheiro il\u00edcito related aos contratos de ilumina\u00e7\u00e3o de Natal. A defesa sustenta que a acusa\u00e7\u00e3o de corrup\u00e7\u00e3o passiva se baseia apenas no conhecimento de um desconto de 4% aplicado pela Castros Ilumina\u00e7\u00f5es Festivas \u00e0 UACS, sem que o seu cliente tenha impedido esse desconto.<\/p>\n<p>O Minist\u00e9rio P\u00fablico alega que nem o arguido nem a presidente da UACS, Carla Salsinha, teriam recebido dinheiro de contratos; segundo a defesa, o alegado benef\u00edcio caberia \u00e0 UACS, n\u00e3o aos arguidos. O MP aponta que o desconto ter\u00e1 sido apropriado pela UACS, com a Castros Ilumina\u00e7\u00f5es Festivas a operar a partir de Vila Nova de Gaia, no Porto.<\/p>\n<p>A C\u00e2mara Municipal de Lisboa indicou, em dezembro de 2025, que o investimento total associado ao protocolo com a UACS foi de 749 500 euros, valor j\u00e1 utilizado em 2023 e 2024. A autarquia n\u00e3o contrata diretamente empresas, delegando essa fun\u00e7\u00e3o \u00e0 associa\u00e7\u00e3o, segundo o protocolo entre as partes.<\/p>\n<p>Alberto Laplaine Guimar\u00e3es foi detido na \u00faltima ter\u00e7a-feira pela Pol\u00edcia Judici\u00e1ria no \u00e2mbito da opera\u00e7\u00e3o L\u00famen, que investiga crimes econ\u00f4micos relacionados com a instala\u00e7\u00e3o de ilumina\u00e7\u00f5es festivas. Tamb\u00e9m ficar\u00e3o a conhecer-se ind\u00edcios contra a presidente da UACS, Carla Salsinha, bem como contra um administrador e um funcion\u00e1rio da Castros Ilumina\u00e7\u00f5es Festivas.<\/p>\n<p>Fonte judicial indicou que o administrador e o funcion\u00e1rio da Castros est\u00e3o fortemente indiciados por 14 crimes de abuso de poder, com o administrador ainda indiciado por corrup\u00e7\u00e3o ativa, alegadamente relacionada com Laplaine Guimar\u00e3es e Carla Salsinha. A presidente da UACS \u00e9 referida como fortemente indiciada de pelo menos um crime de corrup\u00e7\u00e3o passiva.<\/p>\n<h3>Medidas de coa\u00e7\u00e3o impostas<\/h3>\n<p>O Tribunal de Instru\u00e7\u00e3o Criminal do Porto decidiu pela suspens\u00e3o imediata do exerc\u00edcio de fun\u00e7\u00f5es p\u00fablicas de Laplaine Guimar\u00e3es, bem como pela proibi\u00e7\u00e3o de frequentar a C\u00e2mara e de contactar trabalhadores municipais ou demais arguidos. A presidente da UACS recebeu igual medida de suspens\u00e3o de fun\u00e7\u00f5es e prohibi\u00e7\u00e3o de contacto com a associa\u00e7\u00e3o. O administrador e o funcion\u00e1rio da Castros mant\u00eam proibi\u00e7\u00f5es de entrada nas instala\u00e7\u00f5es da Castros e de contacto com trabalhadores e outros arguidos.<\/p>\n<p>O administrador da Castros Ilumina\u00e7\u00f5es Festivas foi ainda obrigado a apresentar uma cau\u00e7\u00e3o de 100 mil euros no prazo de 10 dias. As medidas visam evitar perturba\u00e7\u00f5es ao inqu\u00e9rito ou \u00e0 instru\u00e7\u00e3o do processo, bem como assegurar a veracidade da prova. A investiga\u00e7\u00e3o envolve buscas realizadas em 10 munic\u00edpios e originou-se de uma den\u00fancia sobre alegadas irregularidades em procedimentos de contrata\u00e7\u00e3o p\u00fablica para ilumina\u00e7\u00e3o festiva.<\/p>\n","protected":false},"excerpt":{"rendered":"<ul>\n<li>A defesa de Alberto Laplaine Guimar\u00e3es afirma que o seu constituinte n\u00e3o ficou com dinheiro il\u00edcito, explicando que a imputa\u00e7\u00e3o de corrup\u00e7\u00e3o passiva se baseia no conhecimento do desconto de 4% feito pela Castros \u00e0 UACS e na n\u00e3o interven\u00e7\u00e3o para o impedir.<\/li>\n<li>O Minist\u00e9rio P\u00fablico sustenta que n\u00e3o houve recebimento indevido por parte do arguido ou da presidente da UACS, alegando que foi a UACS quem recebeu o desconto da Castros Ilumina\u00e7\u00f5es Festivas.<\/li>\n<li>Lisboa indicou, em dezembro de 2025, que o investimento em ilumina\u00e7\u00e3o de Natal foi de 749,5 mil euros, dentro de um protocolo entre a C\u00e2mara e a UACS, cabendo \u00e0 associa\u00e7\u00e3o a contrata\u00e7\u00e3o de empresas.<\/li>\n<li>O Tribunal de Instru\u00e7\u00e3o Criminal decretou a suspens\u00e3o imediata de fun\u00e7\u00f5es p\u00fablicas para Laplaine Guimar\u00e3es, bem como a proibi\u00e7\u00e3o de contacto com trabalhadores da c\u00e2mara e com outros arguidos; medidas id\u00eanticas foram aplicadas \u00e0 presidente da UACS e a dois arguidos da Castros Ilumina\u00e7\u00f5es Festivas.<\/li>\n<li>A opera\u00e7\u00e3o L\u00famen envolve dez munic\u00edpios, com deten\u00e7\u00f5es de uma presidente da UACS, um administrador e um funcion\u00e1rio da Castros Ilumina\u00e7\u00f5es Festivas, que s\u00e3o fortemente indiciados de crimes ligados \u00e0 corrup\u00e7\u00e3o e abuso de poder, na leitura inicial da investiga\u00e7\u00e3o.<\/li>\n<\/ul>\n","protected":false},"author":2,"featured_media":420187,"comment_status":"closed","ping_status":"closed","sticky":false,"template":"","format":"standard","meta":{"footnotes":""},"categories":[6815,1],"tags":[168,83,3692,217,981,982],"class_list":["post-420184","post","type-post","status-publish","format-standard","has-post-thumbnail","hentry","category-justica","category-noticias","tag-administracao-publica","tag-corrupcao","tag-crimes-economicos","tag-investigacao-criminal","tag-lisboa","tag-porto"],"yoast_head":"<!-- This site is optimized with the Yoast SEO plugin v27.2 - https:\/\/yoast.com\/product\/yoast-seo-wordpress\/ -->\n<title>Defesa de Laplaine Guimar\u00e3es afirma que n\u00e3o houve desvio de fundos de contratos - Portal Tela Portugal<\/title>\n<meta name=\"robots\" content=\"index, follow, max-snippet:-1, max-image-preview:large, max-video-preview:-1\" \/>\n<meta property=\"og:locale\" content=\"pt_PT\" \/>\n<meta property=\"og:type\" content=\"article\" \/>\n<meta property=\"og:title\" content=\"Defesa de Laplaine Guimar\u00e3es afirma que n\u00e3o houve desvio de fundos de contratos - Portal Tela Portugal\" \/>\n<meta property=\"og:description\" content=\"A defesa de Alberto Laplaine Guimar\u00e3es afirma que o seu constituinte n\u00e3o ficou com dinheiro il\u00edcito, explicando que a imputa\u00e7\u00e3o de corrup\u00e7\u00e3o passiva se baseia no conhecimento do desconto de 4% feito pela Castros \u00e0 UACS e na n\u00e3o interven\u00e7\u00e3o para o impedir. O Minist\u00e9rio P\u00fablico sustenta que n\u00e3o houve recebimento indevido por parte do arguido ou da presidente da UACS, alegando que foi a UACS quem recebeu o desconto da Castros Ilumina\u00e7\u00f5es Festivas. Lisboa indicou, em dezembro de 2025, que o investimento em ilumina\u00e7\u00e3o de Natal foi de 749,5 mil euros, dentro de um protocolo entre a C\u00e2mara e a UACS, cabendo \u00e0 associa\u00e7\u00e3o a contrata\u00e7\u00e3o de empresas. O Tribunal de Instru\u00e7\u00e3o Criminal decretou a suspens\u00e3o imediata de fun\u00e7\u00f5es p\u00fablicas para Laplaine Guimar\u00e3es, bem como a proibi\u00e7\u00e3o de contacto com trabalhadores da c\u00e2mara e com outros arguidos; medidas id\u00eanticas foram aplicadas \u00e0 presidente da UACS e a dois arguidos da Castros Ilumina\u00e7\u00f5es Festivas. A opera\u00e7\u00e3o L\u00famen envolve dez munic\u00edpios, com deten\u00e7\u00f5es de uma presidente da UACS, um administrador e um funcion\u00e1rio da Castros Ilumina\u00e7\u00f5es Festivas, que s\u00e3o fortemente indiciados de crimes ligados \u00e0 corrup\u00e7\u00e3o e abuso de poder, na leitura inicial da investiga\u00e7\u00e3o.\" \/>\n<meta property=\"og:url\" content=\"https:\/\/portaltela.pt\/noticias\/2026\/03\/24\/defesa-de-laplaine-guimaraes-afirma-que-nao-houve-desvio-de-fundos-de-contratos\/\" \/>\n<meta property=\"og:site_name\" content=\"Portal Tela Portugal\" \/>\n<meta property=\"article:published_time\" content=\"2026-03-24T22:11:48+00:00\" \/>\n<meta name=\"author\" content=\"Telinha\" \/>\n<meta name=\"twitter:card\" content=\"summary_large_image\" \/>\n<meta name=\"twitter:label1\" content=\"Escrito por\" \/>\n\t<meta name=\"twitter:data1\" content=\"Telinha\" \/>\n\t<meta name=\"twitter:label2\" content=\"Tempo estimado de leitura\" \/>\n\t<meta name=\"twitter:data2\" content=\"2 minutos\" \/>\n<script type=\"application\/ld+json\" class=\"yoast-schema-graph\">{\"@context\":\"https:\/\/schema.org\",\"@graph\":[{\"@type\":\"Article\",\"@id\":\"https:\/\/portaltela.pt\/noticias\/2026\/03\/24\/defesa-de-laplaine-guimaraes-afirma-que-nao-houve-desvio-de-fundos-de-contratos\/#article\",\"isPartOf\":{\"@id\":\"https:\/\/portaltela.pt\/noticias\/2026\/03\/24\/defesa-de-laplaine-guimaraes-afirma-que-nao-houve-desvio-de-fundos-de-contratos\/\"},\"author\":{\"name\":\"Telinha\",\"@id\":\"https:\/\/portaltela.pt\/#\/schema\/person\/c4278d4a6028830caff9ee44b42d32ed\"},\"headline\":\"Defesa de Laplaine Guimar\u00e3es afirma que n\u00e3o houve desvio de fundos de contratos\",\"datePublished\":\"2026-03-24T22:11:48+00:00\",\"mainEntityOfPage\":{\"@id\":\"https:\/\/portaltela.pt\/noticias\/2026\/03\/24\/defesa-de-laplaine-guimaraes-afirma-que-nao-houve-desvio-de-fundos-de-contratos\/\"},\"wordCount\":486,\"image\":{\"@id\":\"https:\/\/portaltela.pt\/noticias\/2026\/03\/24\/defesa-de-laplaine-guimaraes-afirma-que-nao-houve-desvio-de-fundos-de-contratos\/#primaryimage\"},\"thumbnailUrl\":\"https:\/\/portaltela.pt\/s.01k8rhncp4jt1\/2026\/03\/img_1500x1000uu2026-03-24-22-10-19-2274639.jpg\",\"keywords\":[\"administra\u00e7\u00e3o p\u00fablica\",\"corrup\u00e7\u00e3o\",\"crimes econ\u00f3micos\",\"investiga\u00e7\u00e3o criminal\",\"Lisboa\",\"Porto\"],\"articleSection\":[\"Justi\u00e7a\",\"Not\u00edcias\"],\"inLanguage\":\"pt-PT\"},{\"@type\":\"WebPage\",\"@id\":\"https:\/\/portaltela.pt\/noticias\/2026\/03\/24\/defesa-de-laplaine-guimaraes-afirma-que-nao-houve-desvio-de-fundos-de-contratos\/\",\"url\":\"https:\/\/portaltela.pt\/noticias\/2026\/03\/24\/defesa-de-laplaine-guimaraes-afirma-que-nao-houve-desvio-de-fundos-de-contratos\/\",\"name\":\"Defesa de Laplaine Guimar\u00e3es afirma que n\u00e3o houve desvio de fundos de contratos - Portal Tela Portugal\",\"isPartOf\":{\"@id\":\"https:\/\/portaltela.pt\/#website\"},\"primaryImageOfPage\":{\"@id\":\"https:\/\/portaltela.pt\/noticias\/2026\/03\/24\/defesa-de-laplaine-guimaraes-afirma-que-nao-houve-desvio-de-fundos-de-contratos\/#primaryimage\"},\"image\":{\"@id\":\"https:\/\/portaltela.pt\/noticias\/2026\/03\/24\/defesa-de-laplaine-guimaraes-afirma-que-nao-houve-desvio-de-fundos-de-contratos\/#primaryimage\"},\"thumbnailUrl\":\"https:\/\/portaltela.pt\/s.01k8rhncp4jt1\/2026\/03\/img_1500x1000uu2026-03-24-22-10-19-2274639.jpg\",\"datePublished\":\"2026-03-24T22:11:48+00:00\",\"author\":{\"@id\":\"https:\/\/portaltela.pt\/#\/schema\/person\/c4278d4a6028830caff9ee44b42d32ed\"},\"breadcrumb\":{\"@id\":\"https:\/\/portaltela.pt\/noticias\/2026\/03\/24\/defesa-de-laplaine-guimaraes-afirma-que-nao-houve-desvio-de-fundos-de-contratos\/#breadcrumb\"},\"inLanguage\":\"pt-PT\",\"potentialAction\":[{\"@type\":\"ReadAction\",\"target\":[\"https:\/\/portaltela.pt\/noticias\/2026\/03\/24\/defesa-de-laplaine-guimaraes-afirma-que-nao-houve-desvio-de-fundos-de-contratos\/\"]}]},{\"@type\":\"ImageObject\",\"inLanguage\":\"pt-PT\",\"@id\":\"https:\/\/portaltela.pt\/noticias\/2026\/03\/24\/defesa-de-laplaine-guimaraes-afirma-que-nao-houve-desvio-de-fundos-de-contratos\/#primaryimage\",\"url\":\"https:\/\/portaltela.pt\/s.01k8rhncp4jt1\/2026\/03\/img_1500x1000uu2026-03-24-22-10-19-2274639.jpg\",\"contentUrl\":\"https:\/\/portaltela.pt\/s.01k8rhncp4jt1\/2026\/03\/img_1500x1000uu2026-03-24-22-10-19-2274639.jpg\",\"width\":796,\"height\":448,\"caption\":\"Alberto Laplaine Guimar\u00e3es\"},{\"@type\":\"BreadcrumbList\",\"@id\":\"https:\/\/portaltela.pt\/noticias\/2026\/03\/24\/defesa-de-laplaine-guimaraes-afirma-que-nao-houve-desvio-de-fundos-de-contratos\/#breadcrumb\",\"itemListElement\":[{\"@type\":\"ListItem\",\"position\":1,\"name\":\"In\u00edcio\",\"item\":\"https:\/\/portaltela.pt\/\"},{\"@type\":\"ListItem\",\"position\":2,\"name\":\"Defesa de Laplaine Guimar\u00e3es afirma que n\u00e3o houve desvio de fundos de contratos\"}]},{\"@type\":\"WebSite\",\"@id\":\"https:\/\/portaltela.pt\/#website\",\"url\":\"https:\/\/portaltela.pt\/\",\"name\":\"Portal Tela Portugal\",\"description\":\"\",\"potentialAction\":[{\"@type\":\"SearchAction\",\"target\":{\"@type\":\"EntryPoint\",\"urlTemplate\":\"https:\/\/portaltela.pt\/?s={search_term_string}\"},\"query-input\":{\"@type\":\"PropertyValueSpecification\",\"valueRequired\":true,\"valueName\":\"search_term_string\"}}],\"inLanguage\":\"pt-PT\"},{\"@type\":\"Person\",\"@id\":\"https:\/\/portaltela.pt\/#\/schema\/person\/c4278d4a6028830caff9ee44b42d32ed\",\"name\":\"Telinha\",\"image\":{\"@type\":\"ImageObject\",\"inLanguage\":\"pt-PT\",\"@id\":\"https:\/\/portaltela.pt\/s.01k8rhncp4jt1\/2025\/11\/talking-bot-125x125.png\",\"url\":\"https:\/\/portaltela.pt\/s.01k8rhncp4jt1\/2025\/11\/talking-bot-125x125.png\",\"contentUrl\":\"https:\/\/portaltela.pt\/s.01k8rhncp4jt1\/2025\/11\/talking-bot-125x125.png\",\"caption\":\"Telinha\"},\"sameAs\":[\"https:\/\/portaltela.pt\/\"],\"url\":\"https:\/\/portaltela.pt\/por\/367410592786\/\"}]}<\/script>\n<!-- \/ Yoast SEO plugin. -->","yoast_head_json":{"title":"Defesa de Laplaine Guimar\u00e3es afirma que n\u00e3o houve desvio de fundos de contratos - Portal Tela Portugal","robots":{"index":"index","follow":"follow","max-snippet":"max-snippet:-1","max-image-preview":"max-image-preview:large","max-video-preview":"max-video-preview:-1"},"og_locale":"pt_PT","og_type":"article","og_title":"Defesa de Laplaine Guimar\u00e3es afirma que n\u00e3o houve desvio de fundos de contratos - Portal Tela Portugal","og_description":"A defesa de Alberto Laplaine Guimar\u00e3es afirma que o seu constituinte n\u00e3o ficou com dinheiro il\u00edcito, explicando que a imputa\u00e7\u00e3o de corrup\u00e7\u00e3o passiva se baseia no conhecimento do desconto de 4% feito pela Castros \u00e0 UACS e na n\u00e3o interven\u00e7\u00e3o para o impedir. O Minist\u00e9rio P\u00fablico sustenta que n\u00e3o houve recebimento indevido por parte do arguido ou da presidente da UACS, alegando que foi a UACS quem recebeu o desconto da Castros Ilumina\u00e7\u00f5es Festivas. Lisboa indicou, em dezembro de 2025, que o investimento em ilumina\u00e7\u00e3o de Natal foi de 749,5 mil euros, dentro de um protocolo entre a C\u00e2mara e a UACS, cabendo \u00e0 associa\u00e7\u00e3o a contrata\u00e7\u00e3o de empresas. O Tribunal de Instru\u00e7\u00e3o Criminal decretou a suspens\u00e3o imediata de fun\u00e7\u00f5es p\u00fablicas para Laplaine Guimar\u00e3es, bem como a proibi\u00e7\u00e3o de contacto com trabalhadores da c\u00e2mara e com outros arguidos; medidas id\u00eanticas foram aplicadas \u00e0 presidente da UACS e a dois arguidos da Castros Ilumina\u00e7\u00f5es Festivas. A opera\u00e7\u00e3o L\u00famen envolve dez munic\u00edpios, com deten\u00e7\u00f5es de uma presidente da UACS, um administrador e um funcion\u00e1rio da Castros Ilumina\u00e7\u00f5es Festivas, que s\u00e3o fortemente indiciados de crimes ligados \u00e0 corrup\u00e7\u00e3o e abuso de poder, na leitura inicial da investiga\u00e7\u00e3o.","og_url":"https:\/\/portaltela.pt\/noticias\/2026\/03\/24\/defesa-de-laplaine-guimaraes-afirma-que-nao-houve-desvio-de-fundos-de-contratos\/","og_site_name":"Portal Tela Portugal","article_published_time":"2026-03-24T22:11:48+00:00","author":"Telinha","twitter_card":"summary_large_image","twitter_misc":{"Escrito por":"Telinha","Tempo estimado de leitura":"2 minutos"},"schema":{"@context":"https:\/\/schema.org","@graph":[{"@type":"Article","@id":"https:\/\/portaltela.pt\/noticias\/2026\/03\/24\/defesa-de-laplaine-guimaraes-afirma-que-nao-houve-desvio-de-fundos-de-contratos\/#article","isPartOf":{"@id":"https:\/\/portaltela.pt\/noticias\/2026\/03\/24\/defesa-de-laplaine-guimaraes-afirma-que-nao-houve-desvio-de-fundos-de-contratos\/"},"author":{"name":"Telinha","@id":"https:\/\/portaltela.pt\/#\/schema\/person\/c4278d4a6028830caff9ee44b42d32ed"},"headline":"Defesa de Laplaine Guimar\u00e3es afirma que n\u00e3o houve desvio de fundos de contratos","datePublished":"2026-03-24T22:11:48+00:00","mainEntityOfPage":{"@id":"https:\/\/portaltela.pt\/noticias\/2026\/03\/24\/defesa-de-laplaine-guimaraes-afirma-que-nao-houve-desvio-de-fundos-de-contratos\/"},"wordCount":486,"image":{"@id":"https:\/\/portaltela.pt\/noticias\/2026\/03\/24\/defesa-de-laplaine-guimaraes-afirma-que-nao-houve-desvio-de-fundos-de-contratos\/#primaryimage"},"thumbnailUrl":"https:\/\/portaltela.pt\/s.01k8rhncp4jt1\/2026\/03\/img_1500x1000uu2026-03-24-22-10-19-2274639.jpg","keywords":["administra\u00e7\u00e3o p\u00fablica","corrup\u00e7\u00e3o","crimes econ\u00f3micos","investiga\u00e7\u00e3o criminal","Lisboa","Porto"],"articleSection":["Justi\u00e7a","Not\u00edcias"],"inLanguage":"pt-PT"},{"@type":"WebPage","@id":"https:\/\/portaltela.pt\/noticias\/2026\/03\/24\/defesa-de-laplaine-guimaraes-afirma-que-nao-houve-desvio-de-fundos-de-contratos\/","url":"https:\/\/portaltela.pt\/noticias\/2026\/03\/24\/defesa-de-laplaine-guimaraes-afirma-que-nao-houve-desvio-de-fundos-de-contratos\/","name":"Defesa de Laplaine Guimar\u00e3es afirma que n\u00e3o houve desvio de fundos de contratos - Portal Tela Portugal","isPartOf":{"@id":"https:\/\/portaltela.pt\/#website"},"primaryImageOfPage":{"@id":"https:\/\/portaltela.pt\/noticias\/2026\/03\/24\/defesa-de-laplaine-guimaraes-afirma-que-nao-houve-desvio-de-fundos-de-contratos\/#primaryimage"},"image":{"@id":"https:\/\/portaltela.pt\/noticias\/2026\/03\/24\/defesa-de-laplaine-guimaraes-afirma-que-nao-houve-desvio-de-fundos-de-contratos\/#primaryimage"},"thumbnailUrl":"https:\/\/portaltela.pt\/s.01k8rhncp4jt1\/2026\/03\/img_1500x1000uu2026-03-24-22-10-19-2274639.jpg","datePublished":"2026-03-24T22:11:48+00:00","author":{"@id":"https:\/\/portaltela.pt\/#\/schema\/person\/c4278d4a6028830caff9ee44b42d32ed"},"breadcrumb":{"@id":"https:\/\/portaltela.pt\/noticias\/2026\/03\/24\/defesa-de-laplaine-guimaraes-afirma-que-nao-houve-desvio-de-fundos-de-contratos\/#breadcrumb"},"inLanguage":"pt-PT","potentialAction":[{"@type":"ReadAction","target":["https:\/\/portaltela.pt\/noticias\/2026\/03\/24\/defesa-de-laplaine-guimaraes-afirma-que-nao-houve-desvio-de-fundos-de-contratos\/"]}]},{"@type":"ImageObject","inLanguage":"pt-PT","@id":"https:\/\/portaltela.pt\/noticias\/2026\/03\/24\/defesa-de-laplaine-guimaraes-afirma-que-nao-houve-desvio-de-fundos-de-contratos\/#primaryimage","url":"https:\/\/portaltela.pt\/s.01k8rhncp4jt1\/2026\/03\/img_1500x1000uu2026-03-24-22-10-19-2274639.jpg","contentUrl":"https:\/\/portaltela.pt\/s.01k8rhncp4jt1\/2026\/03\/img_1500x1000uu2026-03-24-22-10-19-2274639.jpg","width":796,"height":448,"caption":"Alberto Laplaine Guimar\u00e3es"},{"@type":"BreadcrumbList","@id":"https:\/\/portaltela.pt\/noticias\/2026\/03\/24\/defesa-de-laplaine-guimaraes-afirma-que-nao-houve-desvio-de-fundos-de-contratos\/#breadcrumb","itemListElement":[{"@type":"ListItem","position":1,"name":"In\u00edcio","item":"https:\/\/portaltela.pt\/"},{"@type":"ListItem","position":2,"name":"Defesa de Laplaine Guimar\u00e3es afirma que n\u00e3o houve desvio de fundos de contratos"}]},{"@type":"WebSite","@id":"https:\/\/portaltela.pt\/#website","url":"https:\/\/portaltela.pt\/","name":"Portal Tela Portugal","description":"","potentialAction":[{"@type":"SearchAction","target":{"@type":"EntryPoint","urlTemplate":"https:\/\/portaltela.pt\/?s={search_term_string}"},"query-input":{"@type":"PropertyValueSpecification","valueRequired":true,"valueName":"search_term_string"}}],"inLanguage":"pt-PT"},{"@type":"Person","@id":"https:\/\/portaltela.pt\/#\/schema\/person\/c4278d4a6028830caff9ee44b42d32ed","name":"Telinha","image":{"@type":"ImageObject","inLanguage":"pt-PT","@id":"https:\/\/portaltela.pt\/s.01k8rhncp4jt1\/2025\/11\/talking-bot-125x125.png","url":"https:\/\/portaltela.pt\/s.01k8rhncp4jt1\/2025\/11\/talking-bot-125x125.png","contentUrl":"https:\/\/portaltela.pt\/s.01k8rhncp4jt1\/2025\/11\/talking-bot-125x125.png","caption":"Telinha"},"sameAs":["https:\/\/portaltela.pt\/"],"url":"https:\/\/portaltela.pt\/por\/367410592786\/"}]}},"_links":{"self":[{"href":"https:\/\/portaltela.pt\/api\/wp\/v2\/posts\/420184","targetHints":{"allow":["GET"]}}],"collection":[{"href":"https:\/\/portaltela.pt\/api\/wp\/v2\/posts"}],"about":[{"href":"https:\/\/portaltela.pt\/api\/wp\/v2\/types\/post"}],"author":[{"embeddable":true,"href":"https:\/\/portaltela.pt\/api\/wp\/v2\/users\/2"}],"replies":[{"embeddable":true,"href":"https:\/\/portaltela.pt\/api\/wp\/v2\/comments?post=420184"}],"version-history":[{"count":0,"href":"https:\/\/portaltela.pt\/api\/wp\/v2\/posts\/420184\/revisions"}],"wp:featuredmedia":[{"embeddable":true,"href":"https:\/\/portaltela.pt\/api\/wp\/v2\/media\/420187"}],"wp:attachment":[{"href":"https:\/\/portaltela.pt\/api\/wp\/v2\/media?parent=420184"}],"wp:term":[{"taxonomy":"category","embeddable":true,"href":"https:\/\/portaltela.pt\/api\/wp\/v2\/categories?post=420184"},{"taxonomy":"post_tag","embeddable":true,"href":"https:\/\/portaltela.pt\/api\/wp\/v2\/tags?post=420184"}],"curies":[{"name":"wp","href":"https:\/\/api.w.org\/{rel}","templated":true}]}}