{"id":420176,"date":"2026-03-24T18:50:13","date_gmt":"2026-03-24T21:50:13","guid":{"rendered":"https:\/\/portaltela.pt\/noticias\/2026\/03\/24\/apagao-revela-problema-de-seguranca-na-maior-cadeia-do-pais\/"},"modified":"2026-03-24T18:50:13","modified_gmt":"2026-03-24T21:50:13","slug":"apagao-revela-problema-de-seguranca-na-maior-cadeia-do-pais","status":"publish","type":"post","link":"https:\/\/portaltela.pt\/seguranca\/2026\/03\/24\/apagao-revela-problema-de-seguranca-na-maior-cadeia-do-pais\/","title":{"rendered":"Apag\u00e3o revela problema de seguran\u00e7a na maior cadeia do pa\u00eds"},"content":{"rendered":"<p>O Sindicato Nacional da Guarda Prisional (SNGP) denunciou ao CM que os p\u00e1tios da cadeia de Lisboa, a maior do Pa\u00eds, permanecem sem luz h\u00e1 cerca de um m\u00eas. A institui\u00e7\u00e3o encontra-se com 1037 reclusos nesta ter\u00e7a-feira. O sindicato aponta para uma grave falha de seguran\u00e7a que pode favorecer fugas, em especial devido \u00e0 ilumina\u00e7\u00e3o limitada nas zonas externas.<\/p>\n<p>A Dire\u00e7\u00e3o-Geral dos Servi\u00e7os Prisionais (DGSP) confirma a avaria de alguns holofotes, mas assegura que a falha n\u00e3o compromete a seguran\u00e7a de instala\u00e7\u00f5es nem de pessoas. Segundo o SNGP, a falta de ilumina\u00e7\u00e3o prejudica o trabalho di\u00e1rio dos guardas, com zonas exteriores do per\u00edmetro, sobretudo as traseiras, sem ilumina\u00e7\u00e3o adequada. Al\u00e9m disso, quem est\u00e1 nas torres de vigil\u00e2ncia procede aos procedimentos de seguran\u00e7a da arma sem condi\u00e7\u00f5es ideais.<\/p>\n<p>Uma fonte oficial da DGSP afirmou ao CM que j\u00e1 foram reportadas falhas na via p\u00fablica e que, no interior da pris\u00e3o, alguns holofotes est\u00e3o avariados, com empresas deslocadas ao local para avaliar o que \u00e9 necess\u00e1rio reparar. Por outro lado, uma fonte da C\u00e2mara de Lisboa explicou que houve uma avaria na rua Marqu\u00eas da Fronteira, junto \u00e0 cadeia, que foi reportada \u00e0 Eredes; um piquete ser\u00e1 enviado na quarta-feira para resolver a situa\u00e7\u00e3o.<\/p>\n","protected":false},"excerpt":{"rendered":"<ul>\n<li>A maior cadeia do Pa\u00eds, em Lisboa, com 1.037 reclusos, est\u00e1 sem luz nos p\u00e1tios h\u00e1 cerca de um m\u00eas, segundo o Sindicato Nacional da Guarda Prisional (SNGP).<\/li>\n<li>O SNGP descreve a falha como uma \u201cenorme quebra de seguran\u00e7a\u201d que pode facilitar fugas.<\/li>\n<li>A Dire\u00e7\u00e3o-Geral dos Servi\u00e7os Prisionais (DGSP) confirma avarias em alguns holofotes, assegurando que n\u00e3o colocam em causa a seguran\u00e7a de instala\u00e7\u00f5es e pessoas.<\/li>\n<li>O sindicato aponta que a falta de ilumina\u00e7\u00e3o afeta a visibilidade nas torres de vigil\u00e2ncia e nas zonas exteriores, complicando o trabalho dos guardas.<\/li>\n<li>A DGSP e a C\u00e2mara de Lisboa indicam interven\u00e7\u00f5es: avarias na via p\u00fablica j\u00e1 reportadas \u00e0 entidade competente, e a Eredes far\u00e1 um piquete para resolver a situa\u00e7\u00e3o junto \u00e0 cadeia.<\/li>\n<\/ul>\n","protected":false},"author":2,"featured_media":420178,"comment_status":"closed","ping_status":"closed","sticky":false,"template":"","format":"standard","meta":{"footnotes":""},"categories":[6779],"tags":[1550,6026,735,981,250,2891],"class_list":["post-420176","post","type-post","status-publish","format-standard","has-post-thumbnail","hentry","category-seguranca","tag-apagao","tag-cadeias","tag-iluminacao-publica","tag-lisboa","tag-seguranca-publica","tag-via-publica"],"yoast_head":"<!-- This site is optimized with the Yoast SEO plugin v27.2 - https:\/\/yoast.com\/product\/yoast-seo-wordpress\/ -->\n<title>Apag\u00e3o revela problema de seguran\u00e7a na maior cadeia do pa\u00eds - Portal Tela Portugal<\/title>\n<meta name=\"robots\" content=\"index, follow, max-snippet:-1, max-image-preview:large, max-video-preview:-1\" \/>\n<meta property=\"og:locale\" content=\"pt_PT\" \/>\n<meta property=\"og:type\" content=\"article\" \/>\n<meta property=\"og:title\" content=\"Apag\u00e3o revela problema de seguran\u00e7a na maior cadeia do pa\u00eds - Portal Tela Portugal\" \/>\n<meta property=\"og:description\" content=\"A maior cadeia do Pa\u00eds, em Lisboa, com 1.037 reclusos, est\u00e1 sem luz nos p\u00e1tios h\u00e1 cerca de um m\u00eas, segundo o Sindicato Nacional da Guarda Prisional (SNGP). O SNGP descreve a falha como uma \u201cenorme quebra de seguran\u00e7a\u201d que pode facilitar fugas. A Dire\u00e7\u00e3o-Geral dos Servi\u00e7os Prisionais (DGSP) confirma avarias em alguns holofotes, assegurando que n\u00e3o colocam em causa a seguran\u00e7a de instala\u00e7\u00f5es e pessoas. O sindicato aponta que a falta de ilumina\u00e7\u00e3o afeta a visibilidade nas torres de vigil\u00e2ncia e nas zonas exteriores, complicando o trabalho dos guardas. A DGSP e a C\u00e2mara de Lisboa indicam interven\u00e7\u00f5es: avarias na via p\u00fablica j\u00e1 reportadas \u00e0 entidade competente, e a Eredes far\u00e1 um piquete para resolver a situa\u00e7\u00e3o junto \u00e0 cadeia.\" \/>\n<meta property=\"og:url\" content=\"https:\/\/portaltela.pt\/noticias\/2026\/03\/24\/apagao-revela-problema-de-seguranca-na-maior-cadeia-do-pais\/\" \/>\n<meta property=\"og:site_name\" content=\"Portal Tela Portugal\" \/>\n<meta property=\"article:published_time\" content=\"2026-03-24T21:50:13+00:00\" \/>\n<meta name=\"author\" content=\"Telinha\" \/>\n<meta name=\"twitter:card\" content=\"summary_large_image\" \/>\n<meta name=\"twitter:label1\" content=\"Escrito por\" \/>\n\t<meta name=\"twitter:data1\" content=\"Telinha\" \/>\n\t<meta name=\"twitter:label2\" content=\"Tempo estimado de leitura\" \/>\n\t<meta name=\"twitter:data2\" content=\"1 minuto\" \/>\n<script type=\"application\/ld+json\" class=\"yoast-schema-graph\">{\"@context\":\"https:\/\/schema.org\",\"@graph\":[{\"@type\":\"Article\",\"@id\":\"https:\/\/portaltela.pt\/noticias\/2026\/03\/24\/apagao-revela-problema-de-seguranca-na-maior-cadeia-do-pais\/#article\",\"isPartOf\":{\"@id\":\"https:\/\/portaltela.pt\/noticias\/2026\/03\/24\/apagao-revela-problema-de-seguranca-na-maior-cadeia-do-pais\/\"},\"author\":{\"name\":\"Telinha\",\"@id\":\"https:\/\/portaltela.pt\/#\/schema\/person\/c4278d4a6028830caff9ee44b42d32ed\"},\"headline\":\"Apag\u00e3o revela problema de seguran\u00e7a na maior cadeia do pa\u00eds\",\"datePublished\":\"2026-03-24T21:50:13+00:00\",\"mainEntityOfPage\":{\"@id\":\"https:\/\/portaltela.pt\/noticias\/2026\/03\/24\/apagao-revela-problema-de-seguranca-na-maior-cadeia-do-pais\/\"},\"wordCount\":237,\"image\":{\"@id\":\"https:\/\/portaltela.pt\/noticias\/2026\/03\/24\/apagao-revela-problema-de-seguranca-na-maior-cadeia-do-pais\/#primaryimage\"},\"thumbnailUrl\":\"https:\/\/portaltela.pt\/s.01k8rhncp4jt1\/2026\/03\/img_1280x721uu2026-03-24-15-50-45-2274545.jpg\",\"keywords\":[\"apag\u00e3o\",\"cadeias\",\"ilumina\u00e7\u00e3o p\u00fablica\",\"Lisboa\",\"seguran\u00e7a p\u00fablica\",\"via p\u00fablica\"],\"articleSection\":[\"Seguran\u00e7a\"],\"inLanguage\":\"pt-PT\"},{\"@type\":\"WebPage\",\"@id\":\"https:\/\/portaltela.pt\/noticias\/2026\/03\/24\/apagao-revela-problema-de-seguranca-na-maior-cadeia-do-pais\/\",\"url\":\"https:\/\/portaltela.pt\/noticias\/2026\/03\/24\/apagao-revela-problema-de-seguranca-na-maior-cadeia-do-pais\/\",\"name\":\"Apag\u00e3o revela problema de seguran\u00e7a na maior cadeia do pa\u00eds - Portal Tela Portugal\",\"isPartOf\":{\"@id\":\"https:\/\/portaltela.pt\/#website\"},\"primaryImageOfPage\":{\"@id\":\"https:\/\/portaltela.pt\/noticias\/2026\/03\/24\/apagao-revela-problema-de-seguranca-na-maior-cadeia-do-pais\/#primaryimage\"},\"image\":{\"@id\":\"https:\/\/portaltela.pt\/noticias\/2026\/03\/24\/apagao-revela-problema-de-seguranca-na-maior-cadeia-do-pais\/#primaryimage\"},\"thumbnailUrl\":\"https:\/\/portaltela.pt\/s.01k8rhncp4jt1\/2026\/03\/img_1280x721uu2026-03-24-15-50-45-2274545.jpg\",\"datePublished\":\"2026-03-24T21:50:13+00:00\",\"author\":{\"@id\":\"https:\/\/portaltela.pt\/#\/schema\/person\/c4278d4a6028830caff9ee44b42d32ed\"},\"breadcrumb\":{\"@id\":\"https:\/\/portaltela.pt\/noticias\/2026\/03\/24\/apagao-revela-problema-de-seguranca-na-maior-cadeia-do-pais\/#breadcrumb\"},\"inLanguage\":\"pt-PT\",\"potentialAction\":[{\"@type\":\"ReadAction\",\"target\":[\"https:\/\/portaltela.pt\/noticias\/2026\/03\/24\/apagao-revela-problema-de-seguranca-na-maior-cadeia-do-pais\/\"]}]},{\"@type\":\"ImageObject\",\"inLanguage\":\"pt-PT\",\"@id\":\"https:\/\/portaltela.pt\/noticias\/2026\/03\/24\/apagao-revela-problema-de-seguranca-na-maior-cadeia-do-pais\/#primaryimage\",\"url\":\"https:\/\/portaltela.pt\/s.01k8rhncp4jt1\/2026\/03\/img_1280x721uu2026-03-24-15-50-45-2274545.jpg\",\"contentUrl\":\"https:\/\/portaltela.pt\/s.01k8rhncp4jt1\/2026\/03\/img_1280x721uu2026-03-24-15-50-45-2274545.jpg\",\"width\":796,\"height\":448,\"caption\":\"Vista noturna de um espa\u00e7o urbano com ilumina\u00e7\u00e3o artificial\"},{\"@type\":\"BreadcrumbList\",\"@id\":\"https:\/\/portaltela.pt\/noticias\/2026\/03\/24\/apagao-revela-problema-de-seguranca-na-maior-cadeia-do-pais\/#breadcrumb\",\"itemListElement\":[{\"@type\":\"ListItem\",\"position\":1,\"name\":\"In\u00edcio\",\"item\":\"https:\/\/portaltela.pt\/\"},{\"@type\":\"ListItem\",\"position\":2,\"name\":\"Apag\u00e3o revela problema de seguran\u00e7a na maior cadeia do pa\u00eds\"}]},{\"@type\":\"WebSite\",\"@id\":\"https:\/\/portaltela.pt\/#website\",\"url\":\"https:\/\/portaltela.pt\/\",\"name\":\"Portal Tela Portugal\",\"description\":\"\",\"potentialAction\":[{\"@type\":\"SearchAction\",\"target\":{\"@type\":\"EntryPoint\",\"urlTemplate\":\"https:\/\/portaltela.pt\/?s={search_term_string}\"},\"query-input\":{\"@type\":\"PropertyValueSpecification\",\"valueRequired\":true,\"valueName\":\"search_term_string\"}}],\"inLanguage\":\"pt-PT\"},{\"@type\":\"Person\",\"@id\":\"https:\/\/portaltela.pt\/#\/schema\/person\/c4278d4a6028830caff9ee44b42d32ed\",\"name\":\"Telinha\",\"image\":{\"@type\":\"ImageObject\",\"inLanguage\":\"pt-PT\",\"@id\":\"https:\/\/portaltela.pt\/s.01k8rhncp4jt1\/2025\/11\/talking-bot-125x125.png\",\"url\":\"https:\/\/portaltela.pt\/s.01k8rhncp4jt1\/2025\/11\/talking-bot-125x125.png\",\"contentUrl\":\"https:\/\/portaltela.pt\/s.01k8rhncp4jt1\/2025\/11\/talking-bot-125x125.png\",\"caption\":\"Telinha\"},\"sameAs\":[\"https:\/\/portaltela.pt\/\"],\"url\":\"https:\/\/portaltela.pt\/por\/367410592786\/\"}]}<\/script>\n<!-- \/ Yoast SEO plugin. -->","yoast_head_json":{"title":"Apag\u00e3o revela problema de seguran\u00e7a na maior cadeia do pa\u00eds - Portal Tela Portugal","robots":{"index":"index","follow":"follow","max-snippet":"max-snippet:-1","max-image-preview":"max-image-preview:large","max-video-preview":"max-video-preview:-1"},"og_locale":"pt_PT","og_type":"article","og_title":"Apag\u00e3o revela problema de seguran\u00e7a na maior cadeia do pa\u00eds - Portal Tela Portugal","og_description":"A maior cadeia do Pa\u00eds, em Lisboa, com 1.037 reclusos, est\u00e1 sem luz nos p\u00e1tios h\u00e1 cerca de um m\u00eas, segundo o Sindicato Nacional da Guarda Prisional (SNGP). O SNGP descreve a falha como uma \u201cenorme quebra de seguran\u00e7a\u201d que pode facilitar fugas. A Dire\u00e7\u00e3o-Geral dos Servi\u00e7os Prisionais (DGSP) confirma avarias em alguns holofotes, assegurando que n\u00e3o colocam em causa a seguran\u00e7a de instala\u00e7\u00f5es e pessoas. O sindicato aponta que a falta de ilumina\u00e7\u00e3o afeta a visibilidade nas torres de vigil\u00e2ncia e nas zonas exteriores, complicando o trabalho dos guardas. A DGSP e a C\u00e2mara de Lisboa indicam interven\u00e7\u00f5es: avarias na via p\u00fablica j\u00e1 reportadas \u00e0 entidade competente, e a Eredes far\u00e1 um piquete para resolver a situa\u00e7\u00e3o junto \u00e0 cadeia.","og_url":"https:\/\/portaltela.pt\/noticias\/2026\/03\/24\/apagao-revela-problema-de-seguranca-na-maior-cadeia-do-pais\/","og_site_name":"Portal Tela Portugal","article_published_time":"2026-03-24T21:50:13+00:00","author":"Telinha","twitter_card":"summary_large_image","twitter_misc":{"Escrito por":"Telinha","Tempo estimado de leitura":"1 minuto"},"schema":{"@context":"https:\/\/schema.org","@graph":[{"@type":"Article","@id":"https:\/\/portaltela.pt\/noticias\/2026\/03\/24\/apagao-revela-problema-de-seguranca-na-maior-cadeia-do-pais\/#article","isPartOf":{"@id":"https:\/\/portaltela.pt\/noticias\/2026\/03\/24\/apagao-revela-problema-de-seguranca-na-maior-cadeia-do-pais\/"},"author":{"name":"Telinha","@id":"https:\/\/portaltela.pt\/#\/schema\/person\/c4278d4a6028830caff9ee44b42d32ed"},"headline":"Apag\u00e3o revela problema de seguran\u00e7a na maior cadeia do pa\u00eds","datePublished":"2026-03-24T21:50:13+00:00","mainEntityOfPage":{"@id":"https:\/\/portaltela.pt\/noticias\/2026\/03\/24\/apagao-revela-problema-de-seguranca-na-maior-cadeia-do-pais\/"},"wordCount":237,"image":{"@id":"https:\/\/portaltela.pt\/noticias\/2026\/03\/24\/apagao-revela-problema-de-seguranca-na-maior-cadeia-do-pais\/#primaryimage"},"thumbnailUrl":"https:\/\/portaltela.pt\/s.01k8rhncp4jt1\/2026\/03\/img_1280x721uu2026-03-24-15-50-45-2274545.jpg","keywords":["apag\u00e3o","cadeias","ilumina\u00e7\u00e3o p\u00fablica","Lisboa","seguran\u00e7a p\u00fablica","via p\u00fablica"],"articleSection":["Seguran\u00e7a"],"inLanguage":"pt-PT"},{"@type":"WebPage","@id":"https:\/\/portaltela.pt\/noticias\/2026\/03\/24\/apagao-revela-problema-de-seguranca-na-maior-cadeia-do-pais\/","url":"https:\/\/portaltela.pt\/noticias\/2026\/03\/24\/apagao-revela-problema-de-seguranca-na-maior-cadeia-do-pais\/","name":"Apag\u00e3o revela problema de seguran\u00e7a na maior cadeia do pa\u00eds - Portal Tela Portugal","isPartOf":{"@id":"https:\/\/portaltela.pt\/#website"},"primaryImageOfPage":{"@id":"https:\/\/portaltela.pt\/noticias\/2026\/03\/24\/apagao-revela-problema-de-seguranca-na-maior-cadeia-do-pais\/#primaryimage"},"image":{"@id":"https:\/\/portaltela.pt\/noticias\/2026\/03\/24\/apagao-revela-problema-de-seguranca-na-maior-cadeia-do-pais\/#primaryimage"},"thumbnailUrl":"https:\/\/portaltela.pt\/s.01k8rhncp4jt1\/2026\/03\/img_1280x721uu2026-03-24-15-50-45-2274545.jpg","datePublished":"2026-03-24T21:50:13+00:00","author":{"@id":"https:\/\/portaltela.pt\/#\/schema\/person\/c4278d4a6028830caff9ee44b42d32ed"},"breadcrumb":{"@id":"https:\/\/portaltela.pt\/noticias\/2026\/03\/24\/apagao-revela-problema-de-seguranca-na-maior-cadeia-do-pais\/#breadcrumb"},"inLanguage":"pt-PT","potentialAction":[{"@type":"ReadAction","target":["https:\/\/portaltela.pt\/noticias\/2026\/03\/24\/apagao-revela-problema-de-seguranca-na-maior-cadeia-do-pais\/"]}]},{"@type":"ImageObject","inLanguage":"pt-PT","@id":"https:\/\/portaltela.pt\/noticias\/2026\/03\/24\/apagao-revela-problema-de-seguranca-na-maior-cadeia-do-pais\/#primaryimage","url":"https:\/\/portaltela.pt\/s.01k8rhncp4jt1\/2026\/03\/img_1280x721uu2026-03-24-15-50-45-2274545.jpg","contentUrl":"https:\/\/portaltela.pt\/s.01k8rhncp4jt1\/2026\/03\/img_1280x721uu2026-03-24-15-50-45-2274545.jpg","width":796,"height":448,"caption":"Vista noturna de um espa\u00e7o urbano com ilumina\u00e7\u00e3o artificial"},{"@type":"BreadcrumbList","@id":"https:\/\/portaltela.pt\/noticias\/2026\/03\/24\/apagao-revela-problema-de-seguranca-na-maior-cadeia-do-pais\/#breadcrumb","itemListElement":[{"@type":"ListItem","position":1,"name":"In\u00edcio","item":"https:\/\/portaltela.pt\/"},{"@type":"ListItem","position":2,"name":"Apag\u00e3o revela problema de seguran\u00e7a na maior cadeia do pa\u00eds"}]},{"@type":"WebSite","@id":"https:\/\/portaltela.pt\/#website","url":"https:\/\/portaltela.pt\/","name":"Portal Tela Portugal","description":"","potentialAction":[{"@type":"SearchAction","target":{"@type":"EntryPoint","urlTemplate":"https:\/\/portaltela.pt\/?s={search_term_string}"},"query-input":{"@type":"PropertyValueSpecification","valueRequired":true,"valueName":"search_term_string"}}],"inLanguage":"pt-PT"},{"@type":"Person","@id":"https:\/\/portaltela.pt\/#\/schema\/person\/c4278d4a6028830caff9ee44b42d32ed","name":"Telinha","image":{"@type":"ImageObject","inLanguage":"pt-PT","@id":"https:\/\/portaltela.pt\/s.01k8rhncp4jt1\/2025\/11\/talking-bot-125x125.png","url":"https:\/\/portaltela.pt\/s.01k8rhncp4jt1\/2025\/11\/talking-bot-125x125.png","contentUrl":"https:\/\/portaltela.pt\/s.01k8rhncp4jt1\/2025\/11\/talking-bot-125x125.png","caption":"Telinha"},"sameAs":["https:\/\/portaltela.pt\/"],"url":"https:\/\/portaltela.pt\/por\/367410592786\/"}]}},"_links":{"self":[{"href":"https:\/\/portaltela.pt\/api\/wp\/v2\/posts\/420176","targetHints":{"allow":["GET"]}}],"collection":[{"href":"https:\/\/portaltela.pt\/api\/wp\/v2\/posts"}],"about":[{"href":"https:\/\/portaltela.pt\/api\/wp\/v2\/types\/post"}],"author":[{"embeddable":true,"href":"https:\/\/portaltela.pt\/api\/wp\/v2\/users\/2"}],"replies":[{"embeddable":true,"href":"https:\/\/portaltela.pt\/api\/wp\/v2\/comments?post=420176"}],"version-history":[{"count":0,"href":"https:\/\/portaltela.pt\/api\/wp\/v2\/posts\/420176\/revisions"}],"wp:featuredmedia":[{"embeddable":true,"href":"https:\/\/portaltela.pt\/api\/wp\/v2\/media\/420178"}],"wp:attachment":[{"href":"https:\/\/portaltela.pt\/api\/wp\/v2\/media?parent=420176"}],"wp:term":[{"taxonomy":"category","embeddable":true,"href":"https:\/\/portaltela.pt\/api\/wp\/v2\/categories?post=420176"},{"taxonomy":"post_tag","embeddable":true,"href":"https:\/\/portaltela.pt\/api\/wp\/v2\/tags?post=420176"}],"curies":[{"name":"wp","href":"https:\/\/api.w.org\/{rel}","templated":true}]}}