{"id":420165,"date":"2026-03-24T18:27:00","date_gmt":"2026-03-24T21:27:00","guid":{"rendered":"https:\/\/portaltela.pt\/noticias\/2026\/03\/24\/lar-de-idosos-encerra-atividade-com-prejuizo-de-1-milhao-em-alcacer-do-sal\/"},"modified":"2026-03-24T18:27:00","modified_gmt":"2026-03-24T21:27:00","slug":"lar-de-idosos-encerra-atividade-com-prejuizo-de-1-milhao-em-alcacer-do-sal","status":"publish","type":"post","link":"https:\/\/portaltela.pt\/sociedade\/2026\/03\/24\/lar-de-idosos-encerra-atividade-com-prejuizo-de-1-milhao-em-alcacer-do-sal\/","title":{"rendered":"Lar de idosos encerra atividade com preju\u00edzo de 1 milh\u00e3o em Alc\u00e1cer do Sal"},"content":{"rendered":"<p>O lar de idosos de Alc\u00e1cer do Sal encerrou atividades ap\u00f3s a passagem de tempo adverso, com um preju\u00edzo estimado em cerca de 1 milh\u00e3o de euros. A informa\u00e7\u00e3o foi veiculada pela primeira parte do Investiga\u00e7\u00e3o CM, da CMTV, em 24 de mar\u00e7o.<\/p>\n<p>O encerramento envolve as instala\u00e7\u00f5es do lar, que ficaram indispon\u00edveis para residentes e funcion\u00e1rios. Ainda n\u00e3o h\u00e1 confirma\u00e7\u00e3o oficial sobre as causas espec\u00edficas do preju\u00edzo financeiro.<\/p>\n<p>O fen\u00f3meno meteorol\u00f3gico afetou a zona ribeirinha e provocou danos em v\u00e1rias perspetivas do setor social e econ\u00f3mico local. Autoridades est\u00e3o a esclarecer o montante e as responsabilidades.<\/p>\n<p>Diversos estabelecimentos da mesma \u00e1rea permaneceram encerrados desde a passagem do mau tempo, designadamente na frente ribeirinha da localidade. A normaliza\u00e7\u00e3o da atividade ainda n\u00e3o foi anunciada.<\/p>\n<p>Comerciantes locais recorrem a economias pr\u00f3prias para responder aos estragos provocados pelo temporal, tentando manter o funcionamento de servi\u00e7os essenciais onde \u00e9 poss\u00edvel.<\/p>\n<p>As informa\u00e7\u00f5es dispon\u00edveis indicam que o epis\u00f3dio teve impacto significativo no tecido econ\u00f3mico da regi\u00e3o, com foco no setor social e no com\u00e9rcio da zona ribeirinha.<\/p>\n","protected":false},"excerpt":{"rendered":"<ul>\n<li>Lar de idosos em Alc\u00e1cer do Sal encerrou as atividades, com preju\u00edzo de um milh\u00e3o de euros, ap\u00f3s a passagem do mau tempo.<\/li>\n<li>Diversos neg\u00f3cios na zona ribeirinha permanecem encerrados desde o &#8216;comboio de tempestades&#8217; que atingiu o Pa\u00eds.<\/li>\n<li>Comerciantes recorreram \u00e0s economias pessoais para responder aos estragos provocados pelo mau tempo.<\/li>\n<li>A not\u00edcia faz parte do Investiga\u00e7\u00e3o CM da CMTV, emitida a 24 de mar\u00e7o.<\/li>\n<\/ul>\n","protected":false},"author":2,"featured_media":420166,"comment_status":"closed","ping_status":"closed","sticky":false,"template":"","format":"standard","meta":{"footnotes":""},"categories":[6745,6871],"tags":[6115,1998,5215,244,6063,2762],"class_list":["post-420165","post","type-post","status-publish","format-standard","has-post-thumbnail","hentry","category-saude","category-sociedade","tag-_economia","tag-alcacer-do-sal","tag-catastrofes-naturais","tag-comercio","tag-desastres","tag-setor-social"],"yoast_head":"<!-- This site is optimized with the Yoast SEO plugin v27.2 - https:\/\/yoast.com\/product\/yoast-seo-wordpress\/ -->\n<title>Lar de idosos encerra atividade com preju\u00edzo de 1 milh\u00e3o em Alc\u00e1cer do Sal - Portal Tela Portugal<\/title>\n<meta name=\"robots\" content=\"index, follow, max-snippet:-1, max-image-preview:large, max-video-preview:-1\" \/>\n<meta property=\"og:locale\" content=\"pt_PT\" \/>\n<meta property=\"og:type\" content=\"article\" \/>\n<meta property=\"og:title\" content=\"Lar de idosos encerra atividade com preju\u00edzo de 1 milh\u00e3o em Alc\u00e1cer do Sal - Portal Tela Portugal\" \/>\n<meta property=\"og:description\" content=\"Lar de idosos em Alc\u00e1cer do Sal encerrou as atividades, com preju\u00edzo de um milh\u00e3o de euros, ap\u00f3s a passagem do mau tempo. Diversos neg\u00f3cios na zona ribeirinha permanecem encerrados desde o &#039;comboio de tempestades&#039; que atingiu o Pa\u00eds. Comerciantes recorreram \u00e0s economias pessoais para responder aos estragos provocados pelo mau tempo. A not\u00edcia faz parte do Investiga\u00e7\u00e3o CM da CMTV, emitida a 24 de mar\u00e7o.\" \/>\n<meta property=\"og:url\" content=\"https:\/\/portaltela.pt\/noticias\/2026\/03\/24\/lar-de-idosos-encerra-atividade-com-prejuizo-de-1-milhao-em-alcacer-do-sal\/\" \/>\n<meta property=\"og:site_name\" content=\"Portal Tela Portugal\" \/>\n<meta property=\"article:published_time\" content=\"2026-03-24T21:27:00+00:00\" \/>\n<meta name=\"author\" content=\"Telinha\" \/>\n<meta name=\"twitter:card\" content=\"summary_large_image\" \/>\n<meta name=\"twitter:label1\" content=\"Escrito por\" \/>\n\t<meta name=\"twitter:data1\" content=\"Telinha\" \/>\n\t<meta name=\"twitter:label2\" content=\"Tempo estimado de leitura\" \/>\n\t<meta name=\"twitter:data2\" content=\"1 minuto\" \/>\n<script type=\"application\/ld+json\" class=\"yoast-schema-graph\">{\"@context\":\"https:\/\/schema.org\",\"@graph\":[{\"@type\":\"Article\",\"@id\":\"https:\/\/portaltela.pt\/noticias\/2026\/03\/24\/lar-de-idosos-encerra-atividade-com-prejuizo-de-1-milhao-em-alcacer-do-sal\/#article\",\"isPartOf\":{\"@id\":\"https:\/\/portaltela.pt\/noticias\/2026\/03\/24\/lar-de-idosos-encerra-atividade-com-prejuizo-de-1-milhao-em-alcacer-do-sal\/\"},\"author\":{\"name\":\"Telinha\",\"@id\":\"https:\/\/portaltela.pt\/#\/schema\/person\/c4278d4a6028830caff9ee44b42d32ed\"},\"headline\":\"Lar de idosos encerra atividade com preju\u00edzo de 1 milh\u00e3o em Alc\u00e1cer do Sal\",\"datePublished\":\"2026-03-24T21:27:00+00:00\",\"mainEntityOfPage\":{\"@id\":\"https:\/\/portaltela.pt\/noticias\/2026\/03\/24\/lar-de-idosos-encerra-atividade-com-prejuizo-de-1-milhao-em-alcacer-do-sal\/\"},\"wordCount\":216,\"image\":{\"@id\":\"https:\/\/portaltela.pt\/noticias\/2026\/03\/24\/lar-de-idosos-encerra-atividade-com-prejuizo-de-1-milhao-em-alcacer-do-sal\/#primaryimage\"},\"thumbnailUrl\":\"https:\/\/portaltela.pt\/s.01k8rhncp4jt1\/2026\/03\/img_1280x722uu2026-03-24-19-26-00-2274606.jpg\",\"keywords\":[\"_economia\",\"Alc\u00e1cer do Sal\",\"cat\u00e1strofes naturais\",\"com\u00e9rcio\",\"desastres\",\"Setor Social\"],\"articleSection\":[\"Sa\u00fade\",\"Sociedade\"],\"inLanguage\":\"pt-PT\"},{\"@type\":\"WebPage\",\"@id\":\"https:\/\/portaltela.pt\/noticias\/2026\/03\/24\/lar-de-idosos-encerra-atividade-com-prejuizo-de-1-milhao-em-alcacer-do-sal\/\",\"url\":\"https:\/\/portaltela.pt\/noticias\/2026\/03\/24\/lar-de-idosos-encerra-atividade-com-prejuizo-de-1-milhao-em-alcacer-do-sal\/\",\"name\":\"Lar de idosos encerra atividade com preju\u00edzo de 1 milh\u00e3o em Alc\u00e1cer do Sal - Portal Tela Portugal\",\"isPartOf\":{\"@id\":\"https:\/\/portaltela.pt\/#website\"},\"primaryImageOfPage\":{\"@id\":\"https:\/\/portaltela.pt\/noticias\/2026\/03\/24\/lar-de-idosos-encerra-atividade-com-prejuizo-de-1-milhao-em-alcacer-do-sal\/#primaryimage\"},\"image\":{\"@id\":\"https:\/\/portaltela.pt\/noticias\/2026\/03\/24\/lar-de-idosos-encerra-atividade-com-prejuizo-de-1-milhao-em-alcacer-do-sal\/#primaryimage\"},\"thumbnailUrl\":\"https:\/\/portaltela.pt\/s.01k8rhncp4jt1\/2026\/03\/img_1280x722uu2026-03-24-19-26-00-2274606.jpg\",\"datePublished\":\"2026-03-24T21:27:00+00:00\",\"author\":{\"@id\":\"https:\/\/portaltela.pt\/#\/schema\/person\/c4278d4a6028830caff9ee44b42d32ed\"},\"breadcrumb\":{\"@id\":\"https:\/\/portaltela.pt\/noticias\/2026\/03\/24\/lar-de-idosos-encerra-atividade-com-prejuizo-de-1-milhao-em-alcacer-do-sal\/#breadcrumb\"},\"inLanguage\":\"pt-PT\",\"potentialAction\":[{\"@type\":\"ReadAction\",\"target\":[\"https:\/\/portaltela.pt\/noticias\/2026\/03\/24\/lar-de-idosos-encerra-atividade-com-prejuizo-de-1-milhao-em-alcacer-do-sal\/\"]}]},{\"@type\":\"ImageObject\",\"inLanguage\":\"pt-PT\",\"@id\":\"https:\/\/portaltela.pt\/noticias\/2026\/03\/24\/lar-de-idosos-encerra-atividade-com-prejuizo-de-1-milhao-em-alcacer-do-sal\/#primaryimage\",\"url\":\"https:\/\/portaltela.pt\/s.01k8rhncp4jt1\/2026\/03\/img_1280x722uu2026-03-24-19-26-00-2274606.jpg\",\"contentUrl\":\"https:\/\/portaltela.pt\/s.01k8rhncp4jt1\/2026\/03\/img_1280x722uu2026-03-24-19-26-00-2274606.jpg\",\"width\":796,\"height\":448,\"caption\":\"Photo\"},{\"@type\":\"BreadcrumbList\",\"@id\":\"https:\/\/portaltela.pt\/noticias\/2026\/03\/24\/lar-de-idosos-encerra-atividade-com-prejuizo-de-1-milhao-em-alcacer-do-sal\/#breadcrumb\",\"itemListElement\":[{\"@type\":\"ListItem\",\"position\":1,\"name\":\"In\u00edcio\",\"item\":\"https:\/\/portaltela.pt\/\"},{\"@type\":\"ListItem\",\"position\":2,\"name\":\"Lar de idosos encerra atividade com preju\u00edzo de 1 milh\u00e3o em Alc\u00e1cer do Sal\"}]},{\"@type\":\"WebSite\",\"@id\":\"https:\/\/portaltela.pt\/#website\",\"url\":\"https:\/\/portaltela.pt\/\",\"name\":\"Portal Tela Portugal\",\"description\":\"\",\"potentialAction\":[{\"@type\":\"SearchAction\",\"target\":{\"@type\":\"EntryPoint\",\"urlTemplate\":\"https:\/\/portaltela.pt\/?s={search_term_string}\"},\"query-input\":{\"@type\":\"PropertyValueSpecification\",\"valueRequired\":true,\"valueName\":\"search_term_string\"}}],\"inLanguage\":\"pt-PT\"},{\"@type\":\"Person\",\"@id\":\"https:\/\/portaltela.pt\/#\/schema\/person\/c4278d4a6028830caff9ee44b42d32ed\",\"name\":\"Telinha\",\"image\":{\"@type\":\"ImageObject\",\"inLanguage\":\"pt-PT\",\"@id\":\"https:\/\/portaltela.pt\/s.01k8rhncp4jt1\/2025\/11\/talking-bot-125x125.png\",\"url\":\"https:\/\/portaltela.pt\/s.01k8rhncp4jt1\/2025\/11\/talking-bot-125x125.png\",\"contentUrl\":\"https:\/\/portaltela.pt\/s.01k8rhncp4jt1\/2025\/11\/talking-bot-125x125.png\",\"caption\":\"Telinha\"},\"sameAs\":[\"https:\/\/portaltela.pt\/\"],\"url\":\"https:\/\/portaltela.pt\/por\/367410592786\/\"}]}<\/script>\n<!-- \/ Yoast SEO plugin. -->","yoast_head_json":{"title":"Lar de idosos encerra atividade com preju\u00edzo de 1 milh\u00e3o em Alc\u00e1cer do Sal - Portal Tela Portugal","robots":{"index":"index","follow":"follow","max-snippet":"max-snippet:-1","max-image-preview":"max-image-preview:large","max-video-preview":"max-video-preview:-1"},"og_locale":"pt_PT","og_type":"article","og_title":"Lar de idosos encerra atividade com preju\u00edzo de 1 milh\u00e3o em Alc\u00e1cer do Sal - Portal Tela Portugal","og_description":"Lar de idosos em Alc\u00e1cer do Sal encerrou as atividades, com preju\u00edzo de um milh\u00e3o de euros, ap\u00f3s a passagem do mau tempo. Diversos neg\u00f3cios na zona ribeirinha permanecem encerrados desde o 'comboio de tempestades' que atingiu o Pa\u00eds. Comerciantes recorreram \u00e0s economias pessoais para responder aos estragos provocados pelo mau tempo. A not\u00edcia faz parte do Investiga\u00e7\u00e3o CM da CMTV, emitida a 24 de mar\u00e7o.","og_url":"https:\/\/portaltela.pt\/noticias\/2026\/03\/24\/lar-de-idosos-encerra-atividade-com-prejuizo-de-1-milhao-em-alcacer-do-sal\/","og_site_name":"Portal Tela Portugal","article_published_time":"2026-03-24T21:27:00+00:00","author":"Telinha","twitter_card":"summary_large_image","twitter_misc":{"Escrito por":"Telinha","Tempo estimado de leitura":"1 minuto"},"schema":{"@context":"https:\/\/schema.org","@graph":[{"@type":"Article","@id":"https:\/\/portaltela.pt\/noticias\/2026\/03\/24\/lar-de-idosos-encerra-atividade-com-prejuizo-de-1-milhao-em-alcacer-do-sal\/#article","isPartOf":{"@id":"https:\/\/portaltela.pt\/noticias\/2026\/03\/24\/lar-de-idosos-encerra-atividade-com-prejuizo-de-1-milhao-em-alcacer-do-sal\/"},"author":{"name":"Telinha","@id":"https:\/\/portaltela.pt\/#\/schema\/person\/c4278d4a6028830caff9ee44b42d32ed"},"headline":"Lar de idosos encerra atividade com preju\u00edzo de 1 milh\u00e3o em Alc\u00e1cer do Sal","datePublished":"2026-03-24T21:27:00+00:00","mainEntityOfPage":{"@id":"https:\/\/portaltela.pt\/noticias\/2026\/03\/24\/lar-de-idosos-encerra-atividade-com-prejuizo-de-1-milhao-em-alcacer-do-sal\/"},"wordCount":216,"image":{"@id":"https:\/\/portaltela.pt\/noticias\/2026\/03\/24\/lar-de-idosos-encerra-atividade-com-prejuizo-de-1-milhao-em-alcacer-do-sal\/#primaryimage"},"thumbnailUrl":"https:\/\/portaltela.pt\/s.01k8rhncp4jt1\/2026\/03\/img_1280x722uu2026-03-24-19-26-00-2274606.jpg","keywords":["_economia","Alc\u00e1cer do Sal","cat\u00e1strofes naturais","com\u00e9rcio","desastres","Setor Social"],"articleSection":["Sa\u00fade","Sociedade"],"inLanguage":"pt-PT"},{"@type":"WebPage","@id":"https:\/\/portaltela.pt\/noticias\/2026\/03\/24\/lar-de-idosos-encerra-atividade-com-prejuizo-de-1-milhao-em-alcacer-do-sal\/","url":"https:\/\/portaltela.pt\/noticias\/2026\/03\/24\/lar-de-idosos-encerra-atividade-com-prejuizo-de-1-milhao-em-alcacer-do-sal\/","name":"Lar de idosos encerra atividade com preju\u00edzo de 1 milh\u00e3o em Alc\u00e1cer do Sal - Portal Tela Portugal","isPartOf":{"@id":"https:\/\/portaltela.pt\/#website"},"primaryImageOfPage":{"@id":"https:\/\/portaltela.pt\/noticias\/2026\/03\/24\/lar-de-idosos-encerra-atividade-com-prejuizo-de-1-milhao-em-alcacer-do-sal\/#primaryimage"},"image":{"@id":"https:\/\/portaltela.pt\/noticias\/2026\/03\/24\/lar-de-idosos-encerra-atividade-com-prejuizo-de-1-milhao-em-alcacer-do-sal\/#primaryimage"},"thumbnailUrl":"https:\/\/portaltela.pt\/s.01k8rhncp4jt1\/2026\/03\/img_1280x722uu2026-03-24-19-26-00-2274606.jpg","datePublished":"2026-03-24T21:27:00+00:00","author":{"@id":"https:\/\/portaltela.pt\/#\/schema\/person\/c4278d4a6028830caff9ee44b42d32ed"},"breadcrumb":{"@id":"https:\/\/portaltela.pt\/noticias\/2026\/03\/24\/lar-de-idosos-encerra-atividade-com-prejuizo-de-1-milhao-em-alcacer-do-sal\/#breadcrumb"},"inLanguage":"pt-PT","potentialAction":[{"@type":"ReadAction","target":["https:\/\/portaltela.pt\/noticias\/2026\/03\/24\/lar-de-idosos-encerra-atividade-com-prejuizo-de-1-milhao-em-alcacer-do-sal\/"]}]},{"@type":"ImageObject","inLanguage":"pt-PT","@id":"https:\/\/portaltela.pt\/noticias\/2026\/03\/24\/lar-de-idosos-encerra-atividade-com-prejuizo-de-1-milhao-em-alcacer-do-sal\/#primaryimage","url":"https:\/\/portaltela.pt\/s.01k8rhncp4jt1\/2026\/03\/img_1280x722uu2026-03-24-19-26-00-2274606.jpg","contentUrl":"https:\/\/portaltela.pt\/s.01k8rhncp4jt1\/2026\/03\/img_1280x722uu2026-03-24-19-26-00-2274606.jpg","width":796,"height":448,"caption":"Photo"},{"@type":"BreadcrumbList","@id":"https:\/\/portaltela.pt\/noticias\/2026\/03\/24\/lar-de-idosos-encerra-atividade-com-prejuizo-de-1-milhao-em-alcacer-do-sal\/#breadcrumb","itemListElement":[{"@type":"ListItem","position":1,"name":"In\u00edcio","item":"https:\/\/portaltela.pt\/"},{"@type":"ListItem","position":2,"name":"Lar de idosos encerra atividade com preju\u00edzo de 1 milh\u00e3o em Alc\u00e1cer do Sal"}]},{"@type":"WebSite","@id":"https:\/\/portaltela.pt\/#website","url":"https:\/\/portaltela.pt\/","name":"Portal Tela Portugal","description":"","potentialAction":[{"@type":"SearchAction","target":{"@type":"EntryPoint","urlTemplate":"https:\/\/portaltela.pt\/?s={search_term_string}"},"query-input":{"@type":"PropertyValueSpecification","valueRequired":true,"valueName":"search_term_string"}}],"inLanguage":"pt-PT"},{"@type":"Person","@id":"https:\/\/portaltela.pt\/#\/schema\/person\/c4278d4a6028830caff9ee44b42d32ed","name":"Telinha","image":{"@type":"ImageObject","inLanguage":"pt-PT","@id":"https:\/\/portaltela.pt\/s.01k8rhncp4jt1\/2025\/11\/talking-bot-125x125.png","url":"https:\/\/portaltela.pt\/s.01k8rhncp4jt1\/2025\/11\/talking-bot-125x125.png","contentUrl":"https:\/\/portaltela.pt\/s.01k8rhncp4jt1\/2025\/11\/talking-bot-125x125.png","caption":"Telinha"},"sameAs":["https:\/\/portaltela.pt\/"],"url":"https:\/\/portaltela.pt\/por\/367410592786\/"}]}},"_links":{"self":[{"href":"https:\/\/portaltela.pt\/api\/wp\/v2\/posts\/420165","targetHints":{"allow":["GET"]}}],"collection":[{"href":"https:\/\/portaltela.pt\/api\/wp\/v2\/posts"}],"about":[{"href":"https:\/\/portaltela.pt\/api\/wp\/v2\/types\/post"}],"author":[{"embeddable":true,"href":"https:\/\/portaltela.pt\/api\/wp\/v2\/users\/2"}],"replies":[{"embeddable":true,"href":"https:\/\/portaltela.pt\/api\/wp\/v2\/comments?post=420165"}],"version-history":[{"count":0,"href":"https:\/\/portaltela.pt\/api\/wp\/v2\/posts\/420165\/revisions"}],"wp:featuredmedia":[{"embeddable":true,"href":"https:\/\/portaltela.pt\/api\/wp\/v2\/media\/420166"}],"wp:attachment":[{"href":"https:\/\/portaltela.pt\/api\/wp\/v2\/media?parent=420165"}],"wp:term":[{"taxonomy":"category","embeddable":true,"href":"https:\/\/portaltela.pt\/api\/wp\/v2\/categories?post=420165"},{"taxonomy":"post_tag","embeddable":true,"href":"https:\/\/portaltela.pt\/api\/wp\/v2\/tags?post=420165"}],"curies":[{"name":"wp","href":"https:\/\/api.w.org\/{rel}","templated":true}]}}