{"id":420154,"date":"2026-03-24T18:27:14","date_gmt":"2026-03-24T21:27:14","guid":{"rendered":"https:\/\/portaltela.pt\/noticias\/2026\/03\/24\/ricardo-pacheco-impoe-ultimato-a-sad-para-pagar-dividas-ao-santa-clara\/"},"modified":"2026-03-24T18:27:14","modified_gmt":"2026-03-24T21:27:14","slug":"ricardo-pacheco-impoe-ultimato-a-sad-para-pagar-dividas-ao-santa-clara","status":"publish","type":"post","link":"https:\/\/portaltela.pt\/desporto\/futebol\/2026\/03\/24\/ricardo-pacheco-impoe-ultimato-a-sad-para-pagar-dividas-ao-santa-clara\/","title":{"rendered":"Ricardo Pacheco imp\u00f5e ultimato \u00e0 SAD para pagar d\u00edvidas ao Santa Clara"},"content":{"rendered":"<p>O presidente do Clube Desportivo Santa Clara, Ricardo Pacheco, anunciou que n\u00e3o se recandidatar\u00e1 ao cargo se a SAD n\u00e3o liquidar as d\u00edvidas assumidas pela utiliza\u00e7\u00e3o da marca do clube. O aviso ocorreu durante a Assembleia Geral, convocada para discutir o aumento do capital social.<\/p>\n<p>A reuni\u00e3o realizou-se na noite de segunda-feira, na ilha de Olh\u00e3o? (segundo o texto original, era uma AG; sem adicionar local n\u00e3o citado). O objetivo do encontro era aprovar um aumento de capital de cinco milh\u00f5es de euros, proposto pela Ikarus Business INC, acionista maiorit\u00e1rio da SAD.<\/p>\n<p>D\u00edvida e posi\u00e7\u00e3o da SAD<\/p>\n<p>O presidente reiterou que n\u00e3o haver\u00e1 perd\u00e3o de d\u00edvida de seis milh\u00f5es de euros que a SAD mant\u00e9m com o Santa Clara, afirmando que a resolu\u00e7\u00e3o passa pelo pagamento pelas partes envolvidas. A defesa foi apresentada pelo advogado Lu\u00eds Cassiano Neves, em representa\u00e7\u00e3o de Bruno Vicintin, para esclarecer falhas de gest\u00e3o associadas a uma notifica\u00e7\u00e3o da UEFA.<\/p>\n<p>Configura\u00e7\u00e3o acion\u00e1ria<\/p>\n<p>Cerca de 50 s\u00f3cios acompanharam a reuni\u00e3o, que n\u00e3o terminou com delibera\u00e7\u00e3o adicional, pois o aumento de capital j\u00e1 estava consumado. A nova estrutura acion\u00e1ria ficou com a Ikarus a deter 93,33% do capital, e o Santa Clara ficou com 6,67%.<\/p>\n<p>Observa\u00e7\u00f5es finais<\/p>\n<p>O ciclo de negocia\u00e7\u00f5es aponta para tens\u00f5es entre a dire\u00e7\u00e3o e a SAD sobre financiamento, d\u00edvida e governan\u00e7a. As pr\u00f3ximas semanas dever\u00e3o trazer novos desenvolvimentos sobre o pagamento de d\u00edvidas e a continuidade de projetos estrat\u00e9gicos da SAD.<\/p>\n","protected":false},"excerpt":{"rendered":"<ul>\n<li>O presidente do Santa Clara, Ricardo Pacheco, avisou que n\u00e3o se recandidata se a SAD n\u00e3o pagar as d\u00edvidas ao clube pela utiliza\u00e7\u00e3o da marca.<\/li>\n<li>O ultimato foi feito durante a Assembleia Geral, convocada para discutir o aumento de capital social de cinco milh\u00f5es de euros, proposto pela Ikarus Business INC (acionista maiorit\u00e1rio).<\/li>\n<li>Pacheco afirmou que, enquanto estiver \u00e0 frente, n\u00e3o haver\u00e1 perd\u00e3o de d\u00edvida da SAD ao clube, e que o Santa Clara ir\u00e1 pagar as suas d\u00edvidas.<\/li>\n<li>O advogado da Ikarus, Lu\u00eds Cassiano Neves, reconheceu falhas na gest\u00e3o da SAD, explicando que o problema resultou de uma notifica\u00e7\u00e3o da UEFA por incumprimento do fair-play financeiro.<\/li>\n<li>A assembleia n\u00e3o formalizou novas delibera\u00e7\u00f5es, visto que o aumento de capital j\u00e1 ficou consumado, classificando a nova configura\u00e7\u00e3o: Santa Clara com 6,67% e a Ikarus com mais de 93,33%.<\/li>\n<\/ul>\n","protected":false},"author":2,"featured_media":420160,"comment_status":"closed","ping_status":"closed","sticky":false,"template":"","format":"standard","meta":{"footnotes":""},"categories":[21,24],"tags":[1264,32,2415,1274,4014,998],"class_list":["post-420154","post","type-post","status-publish","format-standard","has-post-thumbnail","hentry","category-desporto","category-futebol","tag-associacao-desportiva","tag-futebol","tag-gestao","tag-governanca","tag-sad","tag-santa-clara"],"yoast_head":"<!-- This site is optimized with the Yoast SEO plugin v27.2 - https:\/\/yoast.com\/product\/yoast-seo-wordpress\/ -->\n<title>Ricardo Pacheco imp\u00f5e ultimato \u00e0 SAD para pagar d\u00edvidas ao Santa Clara - Portal Tela Portugal<\/title>\n<meta name=\"robots\" content=\"index, follow, max-snippet:-1, max-image-preview:large, max-video-preview:-1\" \/>\n<meta property=\"og:locale\" content=\"pt_PT\" \/>\n<meta property=\"og:type\" content=\"article\" \/>\n<meta property=\"og:title\" content=\"Ricardo Pacheco imp\u00f5e ultimato \u00e0 SAD para pagar d\u00edvidas ao Santa Clara - Portal Tela Portugal\" \/>\n<meta property=\"og:description\" content=\"O presidente do Santa Clara, Ricardo Pacheco, avisou que n\u00e3o se recandidata se a SAD n\u00e3o pagar as d\u00edvidas ao clube pela utiliza\u00e7\u00e3o da marca. O ultimato foi feito durante a Assembleia Geral, convocada para discutir o aumento de capital social de cinco milh\u00f5es de euros, proposto pela Ikarus Business INC (acionista maiorit\u00e1rio). Pacheco afirmou que, enquanto estiver \u00e0 frente, n\u00e3o haver\u00e1 perd\u00e3o de d\u00edvida da SAD ao clube, e que o Santa Clara ir\u00e1 pagar as suas d\u00edvidas. O advogado da Ikarus, Lu\u00eds Cassiano Neves, reconheceu falhas na gest\u00e3o da SAD, explicando que o problema resultou de uma notifica\u00e7\u00e3o da UEFA por incumprimento do fair-play financeiro. A assembleia n\u00e3o formalizou novas delibera\u00e7\u00f5es, visto que o aumento de capital j\u00e1 ficou consumado, classificando a nova configura\u00e7\u00e3o: Santa Clara com 6,67% e a Ikarus com mais de 93,33%.\" \/>\n<meta property=\"og:url\" content=\"https:\/\/portaltela.pt\/noticias\/2026\/03\/24\/ricardo-pacheco-impoe-ultimato-a-sad-para-pagar-dividas-ao-santa-clara\/\" \/>\n<meta property=\"og:site_name\" content=\"Portal Tela Portugal\" \/>\n<meta property=\"article:published_time\" content=\"2026-03-24T21:27:14+00:00\" \/>\n<meta name=\"author\" content=\"Telinha\" \/>\n<meta name=\"twitter:card\" content=\"summary_large_image\" \/>\n<meta name=\"twitter:label1\" content=\"Escrito por\" \/>\n\t<meta name=\"twitter:data1\" content=\"Telinha\" \/>\n\t<meta name=\"twitter:label2\" content=\"Tempo estimado de leitura\" \/>\n\t<meta name=\"twitter:data2\" content=\"1 minuto\" \/>\n<script type=\"application\/ld+json\" class=\"yoast-schema-graph\">{\"@context\":\"https:\/\/schema.org\",\"@graph\":[{\"@type\":\"Article\",\"@id\":\"https:\/\/portaltela.pt\/noticias\/2026\/03\/24\/ricardo-pacheco-impoe-ultimato-a-sad-para-pagar-dividas-ao-santa-clara\/#article\",\"isPartOf\":{\"@id\":\"https:\/\/portaltela.pt\/noticias\/2026\/03\/24\/ricardo-pacheco-impoe-ultimato-a-sad-para-pagar-dividas-ao-santa-clara\/\"},\"author\":{\"name\":\"Telinha\",\"@id\":\"https:\/\/portaltela.pt\/#\/schema\/person\/c4278d4a6028830caff9ee44b42d32ed\"},\"headline\":\"Ricardo Pacheco imp\u00f5e ultimato \u00e0 SAD para pagar d\u00edvidas ao Santa Clara\",\"datePublished\":\"2026-03-24T21:27:14+00:00\",\"mainEntityOfPage\":{\"@id\":\"https:\/\/portaltela.pt\/noticias\/2026\/03\/24\/ricardo-pacheco-impoe-ultimato-a-sad-para-pagar-dividas-ao-santa-clara\/\"},\"wordCount\":285,\"image\":{\"@id\":\"https:\/\/portaltela.pt\/noticias\/2026\/03\/24\/ricardo-pacheco-impoe-ultimato-a-sad-para-pagar-dividas-ao-santa-clara\/#primaryimage\"},\"thumbnailUrl\":\"https:\/\/portaltela.pt\/s.01k8rhncp4jt1\/2026\/03\/img_920x518uu2025-06-02-00-29-33-2366730-im-639099820764077244.jpg\",\"keywords\":[\"associa\u00e7\u00e3o desportiva\",\"futebol\",\"gest\u00e3o\",\"governan\u00e7a\",\"SAD\",\"Santa Clara\"],\"articleSection\":[\"Desporto\",\"Futebol\"],\"inLanguage\":\"pt-PT\"},{\"@type\":\"WebPage\",\"@id\":\"https:\/\/portaltela.pt\/noticias\/2026\/03\/24\/ricardo-pacheco-impoe-ultimato-a-sad-para-pagar-dividas-ao-santa-clara\/\",\"url\":\"https:\/\/portaltela.pt\/noticias\/2026\/03\/24\/ricardo-pacheco-impoe-ultimato-a-sad-para-pagar-dividas-ao-santa-clara\/\",\"name\":\"Ricardo Pacheco imp\u00f5e ultimato \u00e0 SAD para pagar d\u00edvidas ao Santa Clara - Portal Tela Portugal\",\"isPartOf\":{\"@id\":\"https:\/\/portaltela.pt\/#website\"},\"primaryImageOfPage\":{\"@id\":\"https:\/\/portaltela.pt\/noticias\/2026\/03\/24\/ricardo-pacheco-impoe-ultimato-a-sad-para-pagar-dividas-ao-santa-clara\/#primaryimage\"},\"image\":{\"@id\":\"https:\/\/portaltela.pt\/noticias\/2026\/03\/24\/ricardo-pacheco-impoe-ultimato-a-sad-para-pagar-dividas-ao-santa-clara\/#primaryimage\"},\"thumbnailUrl\":\"https:\/\/portaltela.pt\/s.01k8rhncp4jt1\/2026\/03\/img_920x518uu2025-06-02-00-29-33-2366730-im-639099820764077244.jpg\",\"datePublished\":\"2026-03-24T21:27:14+00:00\",\"author\":{\"@id\":\"https:\/\/portaltela.pt\/#\/schema\/person\/c4278d4a6028830caff9ee44b42d32ed\"},\"breadcrumb\":{\"@id\":\"https:\/\/portaltela.pt\/noticias\/2026\/03\/24\/ricardo-pacheco-impoe-ultimato-a-sad-para-pagar-dividas-ao-santa-clara\/#breadcrumb\"},\"inLanguage\":\"pt-PT\",\"potentialAction\":[{\"@type\":\"ReadAction\",\"target\":[\"https:\/\/portaltela.pt\/noticias\/2026\/03\/24\/ricardo-pacheco-impoe-ultimato-a-sad-para-pagar-dividas-ao-santa-clara\/\"]}]},{\"@type\":\"ImageObject\",\"inLanguage\":\"pt-PT\",\"@id\":\"https:\/\/portaltela.pt\/noticias\/2026\/03\/24\/ricardo-pacheco-impoe-ultimato-a-sad-para-pagar-dividas-ao-santa-clara\/#primaryimage\",\"url\":\"https:\/\/portaltela.pt\/s.01k8rhncp4jt1\/2026\/03\/img_920x518uu2025-06-02-00-29-33-2366730-im-639099820764077244.jpg\",\"contentUrl\":\"https:\/\/portaltela.pt\/s.01k8rhncp4jt1\/2026\/03\/img_920x518uu2025-06-02-00-29-33-2366730-im-639099820764077244.jpg\",\"width\":796,\"height\":448,\"caption\":\"Ricardo Pacheco \u00e9 presidente do Santa Clara desde 2021\"},{\"@type\":\"BreadcrumbList\",\"@id\":\"https:\/\/portaltela.pt\/noticias\/2026\/03\/24\/ricardo-pacheco-impoe-ultimato-a-sad-para-pagar-dividas-ao-santa-clara\/#breadcrumb\",\"itemListElement\":[{\"@type\":\"ListItem\",\"position\":1,\"name\":\"In\u00edcio\",\"item\":\"https:\/\/portaltela.pt\/\"},{\"@type\":\"ListItem\",\"position\":2,\"name\":\"Ricardo Pacheco imp\u00f5e ultimato \u00e0 SAD para pagar d\u00edvidas ao Santa Clara\"}]},{\"@type\":\"WebSite\",\"@id\":\"https:\/\/portaltela.pt\/#website\",\"url\":\"https:\/\/portaltela.pt\/\",\"name\":\"Portal Tela Portugal\",\"description\":\"\",\"potentialAction\":[{\"@type\":\"SearchAction\",\"target\":{\"@type\":\"EntryPoint\",\"urlTemplate\":\"https:\/\/portaltela.pt\/?s={search_term_string}\"},\"query-input\":{\"@type\":\"PropertyValueSpecification\",\"valueRequired\":true,\"valueName\":\"search_term_string\"}}],\"inLanguage\":\"pt-PT\"},{\"@type\":\"Person\",\"@id\":\"https:\/\/portaltela.pt\/#\/schema\/person\/c4278d4a6028830caff9ee44b42d32ed\",\"name\":\"Telinha\",\"image\":{\"@type\":\"ImageObject\",\"inLanguage\":\"pt-PT\",\"@id\":\"https:\/\/portaltela.pt\/s.01k8rhncp4jt1\/2025\/11\/talking-bot-125x125.png\",\"url\":\"https:\/\/portaltela.pt\/s.01k8rhncp4jt1\/2025\/11\/talking-bot-125x125.png\",\"contentUrl\":\"https:\/\/portaltela.pt\/s.01k8rhncp4jt1\/2025\/11\/talking-bot-125x125.png\",\"caption\":\"Telinha\"},\"sameAs\":[\"https:\/\/portaltela.pt\/\"],\"url\":\"https:\/\/portaltela.pt\/por\/367410592786\/\"}]}<\/script>\n<!-- \/ Yoast SEO plugin. -->","yoast_head_json":{"title":"Ricardo Pacheco imp\u00f5e ultimato \u00e0 SAD para pagar d\u00edvidas ao Santa Clara - Portal Tela Portugal","robots":{"index":"index","follow":"follow","max-snippet":"max-snippet:-1","max-image-preview":"max-image-preview:large","max-video-preview":"max-video-preview:-1"},"og_locale":"pt_PT","og_type":"article","og_title":"Ricardo Pacheco imp\u00f5e ultimato \u00e0 SAD para pagar d\u00edvidas ao Santa Clara - Portal Tela Portugal","og_description":"O presidente do Santa Clara, Ricardo Pacheco, avisou que n\u00e3o se recandidata se a SAD n\u00e3o pagar as d\u00edvidas ao clube pela utiliza\u00e7\u00e3o da marca. O ultimato foi feito durante a Assembleia Geral, convocada para discutir o aumento de capital social de cinco milh\u00f5es de euros, proposto pela Ikarus Business INC (acionista maiorit\u00e1rio). Pacheco afirmou que, enquanto estiver \u00e0 frente, n\u00e3o haver\u00e1 perd\u00e3o de d\u00edvida da SAD ao clube, e que o Santa Clara ir\u00e1 pagar as suas d\u00edvidas. O advogado da Ikarus, Lu\u00eds Cassiano Neves, reconheceu falhas na gest\u00e3o da SAD, explicando que o problema resultou de uma notifica\u00e7\u00e3o da UEFA por incumprimento do fair-play financeiro. A assembleia n\u00e3o formalizou novas delibera\u00e7\u00f5es, visto que o aumento de capital j\u00e1 ficou consumado, classificando a nova configura\u00e7\u00e3o: Santa Clara com 6,67% e a Ikarus com mais de 93,33%.","og_url":"https:\/\/portaltela.pt\/noticias\/2026\/03\/24\/ricardo-pacheco-impoe-ultimato-a-sad-para-pagar-dividas-ao-santa-clara\/","og_site_name":"Portal Tela Portugal","article_published_time":"2026-03-24T21:27:14+00:00","author":"Telinha","twitter_card":"summary_large_image","twitter_misc":{"Escrito por":"Telinha","Tempo estimado de leitura":"1 minuto"},"schema":{"@context":"https:\/\/schema.org","@graph":[{"@type":"Article","@id":"https:\/\/portaltela.pt\/noticias\/2026\/03\/24\/ricardo-pacheco-impoe-ultimato-a-sad-para-pagar-dividas-ao-santa-clara\/#article","isPartOf":{"@id":"https:\/\/portaltela.pt\/noticias\/2026\/03\/24\/ricardo-pacheco-impoe-ultimato-a-sad-para-pagar-dividas-ao-santa-clara\/"},"author":{"name":"Telinha","@id":"https:\/\/portaltela.pt\/#\/schema\/person\/c4278d4a6028830caff9ee44b42d32ed"},"headline":"Ricardo Pacheco imp\u00f5e ultimato \u00e0 SAD para pagar d\u00edvidas ao Santa Clara","datePublished":"2026-03-24T21:27:14+00:00","mainEntityOfPage":{"@id":"https:\/\/portaltela.pt\/noticias\/2026\/03\/24\/ricardo-pacheco-impoe-ultimato-a-sad-para-pagar-dividas-ao-santa-clara\/"},"wordCount":285,"image":{"@id":"https:\/\/portaltela.pt\/noticias\/2026\/03\/24\/ricardo-pacheco-impoe-ultimato-a-sad-para-pagar-dividas-ao-santa-clara\/#primaryimage"},"thumbnailUrl":"https:\/\/portaltela.pt\/s.01k8rhncp4jt1\/2026\/03\/img_920x518uu2025-06-02-00-29-33-2366730-im-639099820764077244.jpg","keywords":["associa\u00e7\u00e3o desportiva","futebol","gest\u00e3o","governan\u00e7a","SAD","Santa Clara"],"articleSection":["Desporto","Futebol"],"inLanguage":"pt-PT"},{"@type":"WebPage","@id":"https:\/\/portaltela.pt\/noticias\/2026\/03\/24\/ricardo-pacheco-impoe-ultimato-a-sad-para-pagar-dividas-ao-santa-clara\/","url":"https:\/\/portaltela.pt\/noticias\/2026\/03\/24\/ricardo-pacheco-impoe-ultimato-a-sad-para-pagar-dividas-ao-santa-clara\/","name":"Ricardo Pacheco imp\u00f5e ultimato \u00e0 SAD para pagar d\u00edvidas ao Santa Clara - Portal Tela Portugal","isPartOf":{"@id":"https:\/\/portaltela.pt\/#website"},"primaryImageOfPage":{"@id":"https:\/\/portaltela.pt\/noticias\/2026\/03\/24\/ricardo-pacheco-impoe-ultimato-a-sad-para-pagar-dividas-ao-santa-clara\/#primaryimage"},"image":{"@id":"https:\/\/portaltela.pt\/noticias\/2026\/03\/24\/ricardo-pacheco-impoe-ultimato-a-sad-para-pagar-dividas-ao-santa-clara\/#primaryimage"},"thumbnailUrl":"https:\/\/portaltela.pt\/s.01k8rhncp4jt1\/2026\/03\/img_920x518uu2025-06-02-00-29-33-2366730-im-639099820764077244.jpg","datePublished":"2026-03-24T21:27:14+00:00","author":{"@id":"https:\/\/portaltela.pt\/#\/schema\/person\/c4278d4a6028830caff9ee44b42d32ed"},"breadcrumb":{"@id":"https:\/\/portaltela.pt\/noticias\/2026\/03\/24\/ricardo-pacheco-impoe-ultimato-a-sad-para-pagar-dividas-ao-santa-clara\/#breadcrumb"},"inLanguage":"pt-PT","potentialAction":[{"@type":"ReadAction","target":["https:\/\/portaltela.pt\/noticias\/2026\/03\/24\/ricardo-pacheco-impoe-ultimato-a-sad-para-pagar-dividas-ao-santa-clara\/"]}]},{"@type":"ImageObject","inLanguage":"pt-PT","@id":"https:\/\/portaltela.pt\/noticias\/2026\/03\/24\/ricardo-pacheco-impoe-ultimato-a-sad-para-pagar-dividas-ao-santa-clara\/#primaryimage","url":"https:\/\/portaltela.pt\/s.01k8rhncp4jt1\/2026\/03\/img_920x518uu2025-06-02-00-29-33-2366730-im-639099820764077244.jpg","contentUrl":"https:\/\/portaltela.pt\/s.01k8rhncp4jt1\/2026\/03\/img_920x518uu2025-06-02-00-29-33-2366730-im-639099820764077244.jpg","width":796,"height":448,"caption":"Ricardo Pacheco \u00e9 presidente do Santa Clara desde 2021"},{"@type":"BreadcrumbList","@id":"https:\/\/portaltela.pt\/noticias\/2026\/03\/24\/ricardo-pacheco-impoe-ultimato-a-sad-para-pagar-dividas-ao-santa-clara\/#breadcrumb","itemListElement":[{"@type":"ListItem","position":1,"name":"In\u00edcio","item":"https:\/\/portaltela.pt\/"},{"@type":"ListItem","position":2,"name":"Ricardo Pacheco imp\u00f5e ultimato \u00e0 SAD para pagar d\u00edvidas ao Santa Clara"}]},{"@type":"WebSite","@id":"https:\/\/portaltela.pt\/#website","url":"https:\/\/portaltela.pt\/","name":"Portal Tela Portugal","description":"","potentialAction":[{"@type":"SearchAction","target":{"@type":"EntryPoint","urlTemplate":"https:\/\/portaltela.pt\/?s={search_term_string}"},"query-input":{"@type":"PropertyValueSpecification","valueRequired":true,"valueName":"search_term_string"}}],"inLanguage":"pt-PT"},{"@type":"Person","@id":"https:\/\/portaltela.pt\/#\/schema\/person\/c4278d4a6028830caff9ee44b42d32ed","name":"Telinha","image":{"@type":"ImageObject","inLanguage":"pt-PT","@id":"https:\/\/portaltela.pt\/s.01k8rhncp4jt1\/2025\/11\/talking-bot-125x125.png","url":"https:\/\/portaltela.pt\/s.01k8rhncp4jt1\/2025\/11\/talking-bot-125x125.png","contentUrl":"https:\/\/portaltela.pt\/s.01k8rhncp4jt1\/2025\/11\/talking-bot-125x125.png","caption":"Telinha"},"sameAs":["https:\/\/portaltela.pt\/"],"url":"https:\/\/portaltela.pt\/por\/367410592786\/"}]}},"_links":{"self":[{"href":"https:\/\/portaltela.pt\/api\/wp\/v2\/posts\/420154","targetHints":{"allow":["GET"]}}],"collection":[{"href":"https:\/\/portaltela.pt\/api\/wp\/v2\/posts"}],"about":[{"href":"https:\/\/portaltela.pt\/api\/wp\/v2\/types\/post"}],"author":[{"embeddable":true,"href":"https:\/\/portaltela.pt\/api\/wp\/v2\/users\/2"}],"replies":[{"embeddable":true,"href":"https:\/\/portaltela.pt\/api\/wp\/v2\/comments?post=420154"}],"version-history":[{"count":0,"href":"https:\/\/portaltela.pt\/api\/wp\/v2\/posts\/420154\/revisions"}],"wp:featuredmedia":[{"embeddable":true,"href":"https:\/\/portaltela.pt\/api\/wp\/v2\/media\/420160"}],"wp:attachment":[{"href":"https:\/\/portaltela.pt\/api\/wp\/v2\/media?parent=420154"}],"wp:term":[{"taxonomy":"category","embeddable":true,"href":"https:\/\/portaltela.pt\/api\/wp\/v2\/categories?post=420154"},{"taxonomy":"post_tag","embeddable":true,"href":"https:\/\/portaltela.pt\/api\/wp\/v2\/tags?post=420154"}],"curies":[{"name":"wp","href":"https:\/\/api.w.org\/{rel}","templated":true}]}}