{"id":420147,"date":"2026-03-24T18:27:00","date_gmt":"2026-03-24T21:27:00","guid":{"rendered":"https:\/\/portaltela.pt\/noticias\/2026\/03\/24\/comerciantes-recorrem-as-poupancas-para-responder-aos-estragos-do-mau-tempo\/"},"modified":"2026-03-24T18:27:00","modified_gmt":"2026-03-24T21:27:00","slug":"comerciantes-recorrem-as-poupancas-para-responder-aos-estragos-do-mau-tempo","status":"publish","type":"post","link":"https:\/\/portaltela.pt\/sociedade\/2026\/03\/24\/comerciantes-recorrem-as-poupancas-para-responder-aos-estragos-do-mau-tempo\/","title":{"rendered":"Comerciantes recorrem \u00e0s poupan\u00e7as para responder aos estragos do mau tempo"},"content":{"rendered":"<p>O mau tempo que afetou v\u00e1rias regi\u00f5es do pa\u00eds provocou preju\u00edzos relevantes para comerciantes e moradores. Muitos recorreram \u00e0s suas poupan\u00e7as para cobrir repara\u00e7\u00f5es r\u00e1pidas e manter a atividade econ\u00f4mica em funcionamento.<\/p>\n<p>Relatos recolhidos indicam que alguns propriet\u00e1rios passaram a pagar de sua pr\u00f3pria renda os consertos de lojas e equipamentos danificados. Enquanto aguardam apoios p\u00fablicos ou privados, agem de forma c\u00e9lere para minimizar impactos.<\/p>\n<p>Em Alc\u00e1cer do Sal, a situa\u00e7\u00e3o foi mais grave na zona ribeirinha, com encerramento de v\u00e1rios estabelecimentos. A perturba\u00e7\u00e3o persiste enquanto n\u00e3o chegam solu\u00e7\u00f5es de instaura\u00e7\u00e3o de medidas de apoio.<\/p>\n<h3>Lar de idosos encerra com preju\u00edzo de um milh\u00e3o de euros<\/h3>\n<p>O lar de idosos da regi\u00e3o ficou encerrado ap\u00f3s o temporal, registando um preju\u00edzo estimado em um milh\u00e3o de euros. A institui\u00e7\u00e3o ainda n\u00e3o retomou atividades.<\/p>\n<p>Entidades locais apontam que o valor envolve custos de repara\u00e7\u00e3o, reposi\u00e7\u00e3o de equipamentos e perda na atividade di\u00e1ria. A gest\u00e3o aguarda instru\u00e7\u00f5es sobre apoios e reabilita\u00e7\u00e3o das infraestruturas.<\/p>\n<p>A situa\u00e7\u00e3o em Alc\u00e1cer do Sal ilustra as dificuldades enfrentadas por pequenas empresas e polos sociais perante eventos clim\u00e1ticos extremos. As autoridades s\u00e3o solicitadas a acelerar respostas de preven\u00e7\u00e3o e apoio.<\/p>\n","protected":false},"excerpt":{"rendered":"<ul>\n<li>A passagem do mau tempo causou destrui\u00e7\u00e3o e preju\u00edzos econ\u00f3micos em v\u00e1rias regi\u00f5es do pa\u00eds, levando comerciantes a recorrer \u00e0s suas poupan\u00e7as para reparar lojas e equipamentos.<\/li>\n<li>Alguns comerciantes ainda aguardam apoios p\u00fablicos e privados, mas agiram por conta pr\u00f3pria para recuperar a atividade.<\/li>\n<li>Em Alc\u00e1cer do Sal, a zona ribeirinha viu v\u00e1rios neg\u00f3cios encerrados desde o que \u00e9 descrito como o \u00abcomboio de tempestades\u00bb.<\/li>\n<li>Um lar de idosos na regi\u00e3o encerrou com um preju\u00edzo de \u20ac 1 milh\u00e3o ap\u00f3s a passagem do mau tempo.<\/li>\n<li>O texto sublinha a necessidade de medidas de preven\u00e7\u00e3o e apoio mais eficazes por parte das autoridades para evitar novas crises econ\u00f3micas e sociais.<\/li>\n<\/ul>\n","protected":false},"author":2,"featured_media":420151,"comment_status":"closed","ping_status":"closed","sticky":false,"template":"","format":"standard","meta":{"footnotes":""},"categories":[6745,6871],"tags":[6115,1998,4818,5215,244,2736],"class_list":["post-420147","post","type-post","status-publish","format-standard","has-post-thumbnail","hentry","category-saude","category-sociedade","tag-_economia","tag-alcacer-do-sal","tag-apoio-as-catastrofes-naturais","tag-catastrofes-naturais","tag-comercio","tag-idosos"],"yoast_head":"<!-- This site is optimized with the Yoast SEO plugin v27.2 - https:\/\/yoast.com\/product\/yoast-seo-wordpress\/ -->\n<title>Comerciantes recorrem \u00e0s poupan\u00e7as para responder aos estragos do mau tempo - Portal Tela Portugal<\/title>\n<meta name=\"robots\" content=\"index, follow, max-snippet:-1, max-image-preview:large, max-video-preview:-1\" \/>\n<meta property=\"og:locale\" content=\"pt_PT\" \/>\n<meta property=\"og:type\" content=\"article\" \/>\n<meta property=\"og:title\" content=\"Comerciantes recorrem \u00e0s poupan\u00e7as para responder aos estragos do mau tempo - Portal Tela Portugal\" \/>\n<meta property=\"og:description\" content=\"A passagem do mau tempo causou destrui\u00e7\u00e3o e preju\u00edzos econ\u00f3micos em v\u00e1rias regi\u00f5es do pa\u00eds, levando comerciantes a recorrer \u00e0s suas poupan\u00e7as para reparar lojas e equipamentos. Alguns comerciantes ainda aguardam apoios p\u00fablicos e privados, mas agiram por conta pr\u00f3pria para recuperar a atividade. Em Alc\u00e1cer do Sal, a zona ribeirinha viu v\u00e1rios neg\u00f3cios encerrados desde o que \u00e9 descrito como o \u00abcomboio de tempestades\u00bb. Um lar de idosos na regi\u00e3o encerrou com um preju\u00edzo de \u20ac 1 milh\u00e3o ap\u00f3s a passagem do mau tempo. O texto sublinha a necessidade de medidas de preven\u00e7\u00e3o e apoio mais eficazes por parte das autoridades para evitar novas crises econ\u00f3micas e sociais.\" \/>\n<meta property=\"og:url\" content=\"https:\/\/portaltela.pt\/noticias\/2026\/03\/24\/comerciantes-recorrem-as-poupancas-para-responder-aos-estragos-do-mau-tempo\/\" \/>\n<meta property=\"og:site_name\" content=\"Portal Tela Portugal\" \/>\n<meta property=\"article:published_time\" content=\"2026-03-24T21:27:00+00:00\" \/>\n<meta name=\"author\" content=\"Telinha\" \/>\n<meta name=\"twitter:card\" content=\"summary_large_image\" \/>\n<meta name=\"twitter:label1\" content=\"Escrito por\" \/>\n\t<meta name=\"twitter:data1\" content=\"Telinha\" \/>\n\t<meta name=\"twitter:label2\" content=\"Tempo estimado de leitura\" \/>\n\t<meta name=\"twitter:data2\" content=\"1 minuto\" \/>\n<script type=\"application\/ld+json\" class=\"yoast-schema-graph\">{\"@context\":\"https:\/\/schema.org\",\"@graph\":[{\"@type\":\"Article\",\"@id\":\"https:\/\/portaltela.pt\/noticias\/2026\/03\/24\/comerciantes-recorrem-as-poupancas-para-responder-aos-estragos-do-mau-tempo\/#article\",\"isPartOf\":{\"@id\":\"https:\/\/portaltela.pt\/noticias\/2026\/03\/24\/comerciantes-recorrem-as-poupancas-para-responder-aos-estragos-do-mau-tempo\/\"},\"author\":{\"name\":\"Telinha\",\"@id\":\"https:\/\/portaltela.pt\/#\/schema\/person\/c4278d4a6028830caff9ee44b42d32ed\"},\"headline\":\"Comerciantes recorrem \u00e0s poupan\u00e7as para responder aos estragos do mau tempo\",\"datePublished\":\"2026-03-24T21:27:00+00:00\",\"mainEntityOfPage\":{\"@id\":\"https:\/\/portaltela.pt\/noticias\/2026\/03\/24\/comerciantes-recorrem-as-poupancas-para-responder-aos-estragos-do-mau-tempo\/\"},\"wordCount\":241,\"image\":{\"@id\":\"https:\/\/portaltela.pt\/noticias\/2026\/03\/24\/comerciantes-recorrem-as-poupancas-para-responder-aos-estragos-do-mau-tempo\/#primaryimage\"},\"thumbnailUrl\":\"https:\/\/portaltela.pt\/s.01k8rhncp4jt1\/2026\/03\/img_1280x722uu2026-03-24-19-27-00-2274607.jpg\",\"keywords\":[\"_economia\",\"Alc\u00e1cer do Sal\",\"Apoio \u00e0s Cat\u00e1strofes Naturais\",\"cat\u00e1strofes naturais\",\"com\u00e9rcio\",\"idosos\"],\"articleSection\":[\"Sa\u00fade\",\"Sociedade\"],\"inLanguage\":\"pt-PT\"},{\"@type\":\"WebPage\",\"@id\":\"https:\/\/portaltela.pt\/noticias\/2026\/03\/24\/comerciantes-recorrem-as-poupancas-para-responder-aos-estragos-do-mau-tempo\/\",\"url\":\"https:\/\/portaltela.pt\/noticias\/2026\/03\/24\/comerciantes-recorrem-as-poupancas-para-responder-aos-estragos-do-mau-tempo\/\",\"name\":\"Comerciantes recorrem \u00e0s poupan\u00e7as para responder aos estragos do mau tempo - Portal Tela Portugal\",\"isPartOf\":{\"@id\":\"https:\/\/portaltela.pt\/#website\"},\"primaryImageOfPage\":{\"@id\":\"https:\/\/portaltela.pt\/noticias\/2026\/03\/24\/comerciantes-recorrem-as-poupancas-para-responder-aos-estragos-do-mau-tempo\/#primaryimage\"},\"image\":{\"@id\":\"https:\/\/portaltela.pt\/noticias\/2026\/03\/24\/comerciantes-recorrem-as-poupancas-para-responder-aos-estragos-do-mau-tempo\/#primaryimage\"},\"thumbnailUrl\":\"https:\/\/portaltela.pt\/s.01k8rhncp4jt1\/2026\/03\/img_1280x722uu2026-03-24-19-27-00-2274607.jpg\",\"datePublished\":\"2026-03-24T21:27:00+00:00\",\"author\":{\"@id\":\"https:\/\/portaltela.pt\/#\/schema\/person\/c4278d4a6028830caff9ee44b42d32ed\"},\"breadcrumb\":{\"@id\":\"https:\/\/portaltela.pt\/noticias\/2026\/03\/24\/comerciantes-recorrem-as-poupancas-para-responder-aos-estragos-do-mau-tempo\/#breadcrumb\"},\"inLanguage\":\"pt-PT\",\"potentialAction\":[{\"@type\":\"ReadAction\",\"target\":[\"https:\/\/portaltela.pt\/noticias\/2026\/03\/24\/comerciantes-recorrem-as-poupancas-para-responder-aos-estragos-do-mau-tempo\/\"]}]},{\"@type\":\"ImageObject\",\"inLanguage\":\"pt-PT\",\"@id\":\"https:\/\/portaltela.pt\/noticias\/2026\/03\/24\/comerciantes-recorrem-as-poupancas-para-responder-aos-estragos-do-mau-tempo\/#primaryimage\",\"url\":\"https:\/\/portaltela.pt\/s.01k8rhncp4jt1\/2026\/03\/img_1280x722uu2026-03-24-19-27-00-2274607.jpg\",\"contentUrl\":\"https:\/\/portaltela.pt\/s.01k8rhncp4jt1\/2026\/03\/img_1280x722uu2026-03-24-19-27-00-2274607.jpg\",\"width\":796,\"height\":448,\"caption\":\"Comerciantes utilizam economias pessoais para responder aos estragos provocados pela passagem do mau tempo no Pa\u00eds\"},{\"@type\":\"BreadcrumbList\",\"@id\":\"https:\/\/portaltela.pt\/noticias\/2026\/03\/24\/comerciantes-recorrem-as-poupancas-para-responder-aos-estragos-do-mau-tempo\/#breadcrumb\",\"itemListElement\":[{\"@type\":\"ListItem\",\"position\":1,\"name\":\"In\u00edcio\",\"item\":\"https:\/\/portaltela.pt\/\"},{\"@type\":\"ListItem\",\"position\":2,\"name\":\"Comerciantes recorrem \u00e0s poupan\u00e7as para responder aos estragos do mau tempo\"}]},{\"@type\":\"WebSite\",\"@id\":\"https:\/\/portaltela.pt\/#website\",\"url\":\"https:\/\/portaltela.pt\/\",\"name\":\"Portal Tela Portugal\",\"description\":\"\",\"potentialAction\":[{\"@type\":\"SearchAction\",\"target\":{\"@type\":\"EntryPoint\",\"urlTemplate\":\"https:\/\/portaltela.pt\/?s={search_term_string}\"},\"query-input\":{\"@type\":\"PropertyValueSpecification\",\"valueRequired\":true,\"valueName\":\"search_term_string\"}}],\"inLanguage\":\"pt-PT\"},{\"@type\":\"Person\",\"@id\":\"https:\/\/portaltela.pt\/#\/schema\/person\/c4278d4a6028830caff9ee44b42d32ed\",\"name\":\"Telinha\",\"image\":{\"@type\":\"ImageObject\",\"inLanguage\":\"pt-PT\",\"@id\":\"https:\/\/portaltela.pt\/s.01k8rhncp4jt1\/2025\/11\/talking-bot-125x125.png\",\"url\":\"https:\/\/portaltela.pt\/s.01k8rhncp4jt1\/2025\/11\/talking-bot-125x125.png\",\"contentUrl\":\"https:\/\/portaltela.pt\/s.01k8rhncp4jt1\/2025\/11\/talking-bot-125x125.png\",\"caption\":\"Telinha\"},\"sameAs\":[\"https:\/\/portaltela.pt\/\"],\"url\":\"https:\/\/portaltela.pt\/por\/367410592786\/\"}]}<\/script>\n<!-- \/ Yoast SEO plugin. -->","yoast_head_json":{"title":"Comerciantes recorrem \u00e0s poupan\u00e7as para responder aos estragos do mau tempo - Portal Tela Portugal","robots":{"index":"index","follow":"follow","max-snippet":"max-snippet:-1","max-image-preview":"max-image-preview:large","max-video-preview":"max-video-preview:-1"},"og_locale":"pt_PT","og_type":"article","og_title":"Comerciantes recorrem \u00e0s poupan\u00e7as para responder aos estragos do mau tempo - Portal Tela Portugal","og_description":"A passagem do mau tempo causou destrui\u00e7\u00e3o e preju\u00edzos econ\u00f3micos em v\u00e1rias regi\u00f5es do pa\u00eds, levando comerciantes a recorrer \u00e0s suas poupan\u00e7as para reparar lojas e equipamentos. Alguns comerciantes ainda aguardam apoios p\u00fablicos e privados, mas agiram por conta pr\u00f3pria para recuperar a atividade. Em Alc\u00e1cer do Sal, a zona ribeirinha viu v\u00e1rios neg\u00f3cios encerrados desde o que \u00e9 descrito como o \u00abcomboio de tempestades\u00bb. Um lar de idosos na regi\u00e3o encerrou com um preju\u00edzo de \u20ac 1 milh\u00e3o ap\u00f3s a passagem do mau tempo. O texto sublinha a necessidade de medidas de preven\u00e7\u00e3o e apoio mais eficazes por parte das autoridades para evitar novas crises econ\u00f3micas e sociais.","og_url":"https:\/\/portaltela.pt\/noticias\/2026\/03\/24\/comerciantes-recorrem-as-poupancas-para-responder-aos-estragos-do-mau-tempo\/","og_site_name":"Portal Tela Portugal","article_published_time":"2026-03-24T21:27:00+00:00","author":"Telinha","twitter_card":"summary_large_image","twitter_misc":{"Escrito por":"Telinha","Tempo estimado de leitura":"1 minuto"},"schema":{"@context":"https:\/\/schema.org","@graph":[{"@type":"Article","@id":"https:\/\/portaltela.pt\/noticias\/2026\/03\/24\/comerciantes-recorrem-as-poupancas-para-responder-aos-estragos-do-mau-tempo\/#article","isPartOf":{"@id":"https:\/\/portaltela.pt\/noticias\/2026\/03\/24\/comerciantes-recorrem-as-poupancas-para-responder-aos-estragos-do-mau-tempo\/"},"author":{"name":"Telinha","@id":"https:\/\/portaltela.pt\/#\/schema\/person\/c4278d4a6028830caff9ee44b42d32ed"},"headline":"Comerciantes recorrem \u00e0s poupan\u00e7as para responder aos estragos do mau tempo","datePublished":"2026-03-24T21:27:00+00:00","mainEntityOfPage":{"@id":"https:\/\/portaltela.pt\/noticias\/2026\/03\/24\/comerciantes-recorrem-as-poupancas-para-responder-aos-estragos-do-mau-tempo\/"},"wordCount":241,"image":{"@id":"https:\/\/portaltela.pt\/noticias\/2026\/03\/24\/comerciantes-recorrem-as-poupancas-para-responder-aos-estragos-do-mau-tempo\/#primaryimage"},"thumbnailUrl":"https:\/\/portaltela.pt\/s.01k8rhncp4jt1\/2026\/03\/img_1280x722uu2026-03-24-19-27-00-2274607.jpg","keywords":["_economia","Alc\u00e1cer do Sal","Apoio \u00e0s Cat\u00e1strofes Naturais","cat\u00e1strofes naturais","com\u00e9rcio","idosos"],"articleSection":["Sa\u00fade","Sociedade"],"inLanguage":"pt-PT"},{"@type":"WebPage","@id":"https:\/\/portaltela.pt\/noticias\/2026\/03\/24\/comerciantes-recorrem-as-poupancas-para-responder-aos-estragos-do-mau-tempo\/","url":"https:\/\/portaltela.pt\/noticias\/2026\/03\/24\/comerciantes-recorrem-as-poupancas-para-responder-aos-estragos-do-mau-tempo\/","name":"Comerciantes recorrem \u00e0s poupan\u00e7as para responder aos estragos do mau tempo - Portal Tela Portugal","isPartOf":{"@id":"https:\/\/portaltela.pt\/#website"},"primaryImageOfPage":{"@id":"https:\/\/portaltela.pt\/noticias\/2026\/03\/24\/comerciantes-recorrem-as-poupancas-para-responder-aos-estragos-do-mau-tempo\/#primaryimage"},"image":{"@id":"https:\/\/portaltela.pt\/noticias\/2026\/03\/24\/comerciantes-recorrem-as-poupancas-para-responder-aos-estragos-do-mau-tempo\/#primaryimage"},"thumbnailUrl":"https:\/\/portaltela.pt\/s.01k8rhncp4jt1\/2026\/03\/img_1280x722uu2026-03-24-19-27-00-2274607.jpg","datePublished":"2026-03-24T21:27:00+00:00","author":{"@id":"https:\/\/portaltela.pt\/#\/schema\/person\/c4278d4a6028830caff9ee44b42d32ed"},"breadcrumb":{"@id":"https:\/\/portaltela.pt\/noticias\/2026\/03\/24\/comerciantes-recorrem-as-poupancas-para-responder-aos-estragos-do-mau-tempo\/#breadcrumb"},"inLanguage":"pt-PT","potentialAction":[{"@type":"ReadAction","target":["https:\/\/portaltela.pt\/noticias\/2026\/03\/24\/comerciantes-recorrem-as-poupancas-para-responder-aos-estragos-do-mau-tempo\/"]}]},{"@type":"ImageObject","inLanguage":"pt-PT","@id":"https:\/\/portaltela.pt\/noticias\/2026\/03\/24\/comerciantes-recorrem-as-poupancas-para-responder-aos-estragos-do-mau-tempo\/#primaryimage","url":"https:\/\/portaltela.pt\/s.01k8rhncp4jt1\/2026\/03\/img_1280x722uu2026-03-24-19-27-00-2274607.jpg","contentUrl":"https:\/\/portaltela.pt\/s.01k8rhncp4jt1\/2026\/03\/img_1280x722uu2026-03-24-19-27-00-2274607.jpg","width":796,"height":448,"caption":"Comerciantes utilizam economias pessoais para responder aos estragos provocados pela passagem do mau tempo no Pa\u00eds"},{"@type":"BreadcrumbList","@id":"https:\/\/portaltela.pt\/noticias\/2026\/03\/24\/comerciantes-recorrem-as-poupancas-para-responder-aos-estragos-do-mau-tempo\/#breadcrumb","itemListElement":[{"@type":"ListItem","position":1,"name":"In\u00edcio","item":"https:\/\/portaltela.pt\/"},{"@type":"ListItem","position":2,"name":"Comerciantes recorrem \u00e0s poupan\u00e7as para responder aos estragos do mau tempo"}]},{"@type":"WebSite","@id":"https:\/\/portaltela.pt\/#website","url":"https:\/\/portaltela.pt\/","name":"Portal Tela Portugal","description":"","potentialAction":[{"@type":"SearchAction","target":{"@type":"EntryPoint","urlTemplate":"https:\/\/portaltela.pt\/?s={search_term_string}"},"query-input":{"@type":"PropertyValueSpecification","valueRequired":true,"valueName":"search_term_string"}}],"inLanguage":"pt-PT"},{"@type":"Person","@id":"https:\/\/portaltela.pt\/#\/schema\/person\/c4278d4a6028830caff9ee44b42d32ed","name":"Telinha","image":{"@type":"ImageObject","inLanguage":"pt-PT","@id":"https:\/\/portaltela.pt\/s.01k8rhncp4jt1\/2025\/11\/talking-bot-125x125.png","url":"https:\/\/portaltela.pt\/s.01k8rhncp4jt1\/2025\/11\/talking-bot-125x125.png","contentUrl":"https:\/\/portaltela.pt\/s.01k8rhncp4jt1\/2025\/11\/talking-bot-125x125.png","caption":"Telinha"},"sameAs":["https:\/\/portaltela.pt\/"],"url":"https:\/\/portaltela.pt\/por\/367410592786\/"}]}},"_links":{"self":[{"href":"https:\/\/portaltela.pt\/api\/wp\/v2\/posts\/420147","targetHints":{"allow":["GET"]}}],"collection":[{"href":"https:\/\/portaltela.pt\/api\/wp\/v2\/posts"}],"about":[{"href":"https:\/\/portaltela.pt\/api\/wp\/v2\/types\/post"}],"author":[{"embeddable":true,"href":"https:\/\/portaltela.pt\/api\/wp\/v2\/users\/2"}],"replies":[{"embeddable":true,"href":"https:\/\/portaltela.pt\/api\/wp\/v2\/comments?post=420147"}],"version-history":[{"count":0,"href":"https:\/\/portaltela.pt\/api\/wp\/v2\/posts\/420147\/revisions"}],"wp:featuredmedia":[{"embeddable":true,"href":"https:\/\/portaltela.pt\/api\/wp\/v2\/media\/420151"}],"wp:attachment":[{"href":"https:\/\/portaltela.pt\/api\/wp\/v2\/media?parent=420147"}],"wp:term":[{"taxonomy":"category","embeddable":true,"href":"https:\/\/portaltela.pt\/api\/wp\/v2\/categories?post=420147"},{"taxonomy":"post_tag","embeddable":true,"href":"https:\/\/portaltela.pt\/api\/wp\/v2\/tags?post=420147"}],"curies":[{"name":"wp","href":"https:\/\/api.w.org\/{rel}","templated":true}]}}