{"id":420142,"date":"2026-03-24T15:41:00","date_gmt":"2026-03-24T18:41:00","guid":{"rendered":"https:\/\/portaltela.pt\/noticias\/2026\/03\/24\/shakespeare-celebra-dia-do-teatro-e-35-anos-da-companhia-de-viana\/"},"modified":"2026-03-24T15:41:00","modified_gmt":"2026-03-24T18:41:00","slug":"shakespeare-celebra-dia-do-teatro-e-35-anos-da-companhia-de-viana","status":"publish","type":"post","link":"https:\/\/portaltela.pt\/lazer\/2026\/03\/24\/shakespeare-celebra-dia-do-teatro-e-35-anos-da-companhia-de-viana\/","title":{"rendered":"Shakespeare celebra Dia do Teatro e 35 anos da companhia de Viana"},"content":{"rendered":"<p>A companhia TN-CDV, de Viana do Castelo, celebra 35 anos de atividade com o espet\u00e1culo Com\u00e9dia de Enganos, que estreia no Teatro Municipal S\u00e1 de Miranda no Dia Mundial do Teatro. O objetivo \u00e9 festejar o anivers\u00e1rio e apresentar Shakespeare ao p\u00fablico.<\/p>\n<p>A pe\u00e7a, de 90 minutos, junta atores residentes e veteranos da forma\u00e7\u00e3o inicial da companhia, fundada em 1991. A protagonista \u00e9 Armanda Santos, de 84 anos, que voltou a subir ao palco para interpretar Shakespeare, em di\u00e1logo com a sua condi\u00e7\u00e3o de Parkinson.<\/p>\n<p>O ensaio de imprensa, conduzido pelo diretor art\u00edstico Ricardo Sim\u00f5es, reuniu parte do elenco, incluindo Jos\u00e9 Escaleira, Tom\u00e1s Gon\u00e7alves, Filomena Mouta e Elisabete Pinto. O grupo envolve 11 atores e um encenador, segundo o executivo.<\/p>\n<p>Elisabete Pinto destaca a continuidade da trajet\u00f3ria da TN-CDV, com 35 anos de mem\u00f3rias e de promessas para o futuro. O espet\u00e1culo representa, para a companhia, a reunifica\u00e7\u00e3o entre gera\u00e7\u00f5es no palco.<\/p>\n<p>Jos\u00e9 Escaleira recorda a aposta hist\u00f3rica do grupo em obras-primas, como Shakespeare, mantendo o teatro vivo num tempo de mudan\u00e7as tecnol\u00f3gicas. Afirmou a import\u00e2ncia da rela\u00e7\u00e3o humana na arte.<\/p>\n<p>Tiago Fernandes sublinha que a data deve ser partilhada com o p\u00fablico, j\u00e1 que este \u00e9 parte essencial da celebra\u00e7\u00e3o da companhia. O elenco residente \u00e9 complementado por colaboradores e a equipa t\u00e9cnica.<\/p>\n<p>Ricardo Sim\u00f5es aponta para o momento atual da TN-CDV: 14 postos diretos, 70 pessoas ligadas ao projeto e oito cria\u00e7\u00f5es em estreia por ano, com foco em p\u00fablico jovem e comunidade escolar.<\/p>\n<p>Com\u00e9dia de Enganos fica em cena no S\u00e1 de Miranda entre 27 e 29 de mar\u00e7o e de 9 a 19 de abril. Sess\u00f5es: quintas \u00e0s 11h, sextas \u00e0s 21h30, s\u00e1bados \u00e0s 19h e domingos \u00e0s 16h.<\/p>\n","protected":false},"excerpt":{"rendered":"<ul>\n<li>Espet\u00e1culo Com\u00e9dia de Enganos combina a com\u00e9dia de William Shakespeare com a hist\u00f3ria do Centro Dram\u00e1tico de Viana, e estreia a 27 de mar\u00e7o no Teatro Municipal S\u00e1 de Miranda, em Viana do Castelo, no Dia Mundial do Teatro.<\/li>\n<li>A protagonista \u00e9 Armanda Santos, 84 anos, veterana do grupo desde a primeira produ\u00e7\u00e3o em 1991; em cena dan\u00e7a com Parkinson, impulsionada pela medica\u00e7\u00e3o.<\/li>\n<li>O espet\u00e1culo \u00e9 encenado por Ricardo Sim\u00f5es, diretor art\u00edstico, e re\u00fane atores residentes, al\u00e9m de membros do elenco fundador, como Armanda Santos, Jos\u00e9 Escaleira, Tom\u00e1s Gon\u00e7alves e Filomena Mouta.<\/li>\n<li>A companhia celebra 35 anos de exist\u00eancia e apresenta um conjunto de 11 atores mais um treinador, com foco em mem\u00f3ria, futuro e projetos para o p\u00fablico.<\/li>\n<li>A Com\u00e9dia de Enganos entra em cena de 27 a 29 de mar\u00e7o e de 9 a 19 de abril, em hor\u00e1rios: quintas \u00e0s 11h, sextas \u00e0s 21h30, s\u00e1bados \u00e0s 19h e domingos \u00e0s 16h.<\/li>\n<\/ul>\n","protected":false},"author":2,"featured_media":420143,"comment_status":"closed","ping_status":"closed","sticky":false,"template":"","format":"standard","meta":{"footnotes":""},"categories":[7375,7381],"tags":[1637,7023,145,2116,119,1530],"class_list":["post-420142","post","type-post","status-publish","format-standard","has-post-thumbnail","hentry","category-cultura","category-lazer","tag-comedia","tag-comunidade-escolar","tag-cultura","tag-espetaculos","tag-teatro","tag-viana-do-castelo"],"yoast_head":"<!-- This site is optimized with the Yoast SEO plugin v27.2 - https:\/\/yoast.com\/product\/yoast-seo-wordpress\/ -->\n<title>Shakespeare celebra Dia do Teatro e 35 anos da companhia de Viana - Portal Tela Portugal<\/title>\n<meta name=\"robots\" content=\"index, follow, max-snippet:-1, max-image-preview:large, max-video-preview:-1\" \/>\n<meta property=\"og:locale\" content=\"pt_PT\" \/>\n<meta property=\"og:type\" content=\"article\" \/>\n<meta property=\"og:title\" content=\"Shakespeare celebra Dia do Teatro e 35 anos da companhia de Viana - Portal Tela Portugal\" \/>\n<meta property=\"og:description\" content=\"Espet\u00e1culo Com\u00e9dia de Enganos combina a com\u00e9dia de William Shakespeare com a hist\u00f3ria do Centro Dram\u00e1tico de Viana, e estreia a 27 de mar\u00e7o no Teatro Municipal S\u00e1 de Miranda, em Viana do Castelo, no Dia Mundial do Teatro. A protagonista \u00e9 Armanda Santos, 84 anos, veterana do grupo desde a primeira produ\u00e7\u00e3o em 1991; em cena dan\u00e7a com Parkinson, impulsionada pela medica\u00e7\u00e3o. O espet\u00e1culo \u00e9 encenado por Ricardo Sim\u00f5es, diretor art\u00edstico, e re\u00fane atores residentes, al\u00e9m de membros do elenco fundador, como Armanda Santos, Jos\u00e9 Escaleira, Tom\u00e1s Gon\u00e7alves e Filomena Mouta. A companhia celebra 35 anos de exist\u00eancia e apresenta um conjunto de 11 atores mais um treinador, com foco em mem\u00f3ria, futuro e projetos para o p\u00fablico. A Com\u00e9dia de Enganos entra em cena de 27 a 29 de mar\u00e7o e de 9 a 19 de abril, em hor\u00e1rios: quintas \u00e0s 11h, sextas \u00e0s 21h30, s\u00e1bados \u00e0s 19h e domingos \u00e0s 16h.\" \/>\n<meta property=\"og:url\" content=\"https:\/\/portaltela.pt\/noticias\/2026\/03\/24\/shakespeare-celebra-dia-do-teatro-e-35-anos-da-companhia-de-viana\/\" \/>\n<meta property=\"og:site_name\" content=\"Portal Tela Portugal\" \/>\n<meta property=\"article:published_time\" content=\"2026-03-24T18:41:00+00:00\" \/>\n<meta name=\"author\" content=\"Telinha\" \/>\n<meta name=\"twitter:card\" content=\"summary_large_image\" \/>\n<meta name=\"twitter:label1\" content=\"Escrito por\" \/>\n\t<meta name=\"twitter:data1\" content=\"Telinha\" \/>\n\t<meta name=\"twitter:label2\" content=\"Tempo estimado de leitura\" \/>\n\t<meta name=\"twitter:data2\" content=\"1 minuto\" \/>\n<script type=\"application\/ld+json\" class=\"yoast-schema-graph\">{\"@context\":\"https:\/\/schema.org\",\"@graph\":[{\"@type\":\"Article\",\"@id\":\"https:\/\/portaltela.pt\/noticias\/2026\/03\/24\/shakespeare-celebra-dia-do-teatro-e-35-anos-da-companhia-de-viana\/#article\",\"isPartOf\":{\"@id\":\"https:\/\/portaltela.pt\/noticias\/2026\/03\/24\/shakespeare-celebra-dia-do-teatro-e-35-anos-da-companhia-de-viana\/\"},\"author\":{\"name\":\"Telinha\",\"@id\":\"https:\/\/portaltela.pt\/#\/schema\/person\/c4278d4a6028830caff9ee44b42d32ed\"},\"headline\":\"Shakespeare celebra Dia do Teatro e 35 anos da companhia de Viana\",\"datePublished\":\"2026-03-24T18:41:00+00:00\",\"mainEntityOfPage\":{\"@id\":\"https:\/\/portaltela.pt\/noticias\/2026\/03\/24\/shakespeare-celebra-dia-do-teatro-e-35-anos-da-companhia-de-viana\/\"},\"wordCount\":310,\"image\":{\"@id\":\"https:\/\/portaltela.pt\/noticias\/2026\/03\/24\/shakespeare-celebra-dia-do-teatro-e-35-anos-da-companhia-de-viana\/#primaryimage\"},\"thumbnailUrl\":\"https:\/\/portaltela.pt\/s.01k8rhncp4jt1\/2026\/03\/image-1470.jpg\",\"keywords\":[\"com\u00e9dia\",\"comunidade escolar\",\"cultura\",\"espet\u00e1culos\",\"teatro\",\"Viana do Castelo\"],\"articleSection\":[\"Cultura\",\"Lazer\"],\"inLanguage\":\"pt-PT\"},{\"@type\":\"WebPage\",\"@id\":\"https:\/\/portaltela.pt\/noticias\/2026\/03\/24\/shakespeare-celebra-dia-do-teatro-e-35-anos-da-companhia-de-viana\/\",\"url\":\"https:\/\/portaltela.pt\/noticias\/2026\/03\/24\/shakespeare-celebra-dia-do-teatro-e-35-anos-da-companhia-de-viana\/\",\"name\":\"Shakespeare celebra Dia do Teatro e 35 anos da companhia de Viana - Portal Tela Portugal\",\"isPartOf\":{\"@id\":\"https:\/\/portaltela.pt\/#website\"},\"primaryImageOfPage\":{\"@id\":\"https:\/\/portaltela.pt\/noticias\/2026\/03\/24\/shakespeare-celebra-dia-do-teatro-e-35-anos-da-companhia-de-viana\/#primaryimage\"},\"image\":{\"@id\":\"https:\/\/portaltela.pt\/noticias\/2026\/03\/24\/shakespeare-celebra-dia-do-teatro-e-35-anos-da-companhia-de-viana\/#primaryimage\"},\"thumbnailUrl\":\"https:\/\/portaltela.pt\/s.01k8rhncp4jt1\/2026\/03\/image-1470.jpg\",\"datePublished\":\"2026-03-24T18:41:00+00:00\",\"author\":{\"@id\":\"https:\/\/portaltela.pt\/#\/schema\/person\/c4278d4a6028830caff9ee44b42d32ed\"},\"breadcrumb\":{\"@id\":\"https:\/\/portaltela.pt\/noticias\/2026\/03\/24\/shakespeare-celebra-dia-do-teatro-e-35-anos-da-companhia-de-viana\/#breadcrumb\"},\"inLanguage\":\"pt-PT\",\"potentialAction\":[{\"@type\":\"ReadAction\",\"target\":[\"https:\/\/portaltela.pt\/noticias\/2026\/03\/24\/shakespeare-celebra-dia-do-teatro-e-35-anos-da-companhia-de-viana\/\"]}]},{\"@type\":\"ImageObject\",\"inLanguage\":\"pt-PT\",\"@id\":\"https:\/\/portaltela.pt\/noticias\/2026\/03\/24\/shakespeare-celebra-dia-do-teatro-e-35-anos-da-companhia-de-viana\/#primaryimage\",\"url\":\"https:\/\/portaltela.pt\/s.01k8rhncp4jt1\/2026\/03\/image-1470.jpg\",\"contentUrl\":\"https:\/\/portaltela.pt\/s.01k8rhncp4jt1\/2026\/03\/image-1470.jpg\",\"width\":796,\"height\":448,\"caption\":\"A \\\"Com\u00e9dia de Enganos\\\" entra em cena no Teatro Municipal S\u00e1 de Miranda a partir de 27 de mar\u00e7o\"},{\"@type\":\"BreadcrumbList\",\"@id\":\"https:\/\/portaltela.pt\/noticias\/2026\/03\/24\/shakespeare-celebra-dia-do-teatro-e-35-anos-da-companhia-de-viana\/#breadcrumb\",\"itemListElement\":[{\"@type\":\"ListItem\",\"position\":1,\"name\":\"In\u00edcio\",\"item\":\"https:\/\/portaltela.pt\/\"},{\"@type\":\"ListItem\",\"position\":2,\"name\":\"Shakespeare celebra Dia do Teatro e 35 anos da companhia de Viana\"}]},{\"@type\":\"WebSite\",\"@id\":\"https:\/\/portaltela.pt\/#website\",\"url\":\"https:\/\/portaltela.pt\/\",\"name\":\"Portal Tela Portugal\",\"description\":\"\",\"potentialAction\":[{\"@type\":\"SearchAction\",\"target\":{\"@type\":\"EntryPoint\",\"urlTemplate\":\"https:\/\/portaltela.pt\/?s={search_term_string}\"},\"query-input\":{\"@type\":\"PropertyValueSpecification\",\"valueRequired\":true,\"valueName\":\"search_term_string\"}}],\"inLanguage\":\"pt-PT\"},{\"@type\":\"Person\",\"@id\":\"https:\/\/portaltela.pt\/#\/schema\/person\/c4278d4a6028830caff9ee44b42d32ed\",\"name\":\"Telinha\",\"image\":{\"@type\":\"ImageObject\",\"inLanguage\":\"pt-PT\",\"@id\":\"https:\/\/portaltela.pt\/s.01k8rhncp4jt1\/2025\/11\/talking-bot-125x125.png\",\"url\":\"https:\/\/portaltela.pt\/s.01k8rhncp4jt1\/2025\/11\/talking-bot-125x125.png\",\"contentUrl\":\"https:\/\/portaltela.pt\/s.01k8rhncp4jt1\/2025\/11\/talking-bot-125x125.png\",\"caption\":\"Telinha\"},\"sameAs\":[\"https:\/\/portaltela.pt\/\"],\"url\":\"https:\/\/portaltela.pt\/por\/367410592786\/\"}]}<\/script>\n<!-- \/ Yoast SEO plugin. -->","yoast_head_json":{"title":"Shakespeare celebra Dia do Teatro e 35 anos da companhia de Viana - Portal Tela Portugal","robots":{"index":"index","follow":"follow","max-snippet":"max-snippet:-1","max-image-preview":"max-image-preview:large","max-video-preview":"max-video-preview:-1"},"og_locale":"pt_PT","og_type":"article","og_title":"Shakespeare celebra Dia do Teatro e 35 anos da companhia de Viana - Portal Tela Portugal","og_description":"Espet\u00e1culo Com\u00e9dia de Enganos combina a com\u00e9dia de William Shakespeare com a hist\u00f3ria do Centro Dram\u00e1tico de Viana, e estreia a 27 de mar\u00e7o no Teatro Municipal S\u00e1 de Miranda, em Viana do Castelo, no Dia Mundial do Teatro. A protagonista \u00e9 Armanda Santos, 84 anos, veterana do grupo desde a primeira produ\u00e7\u00e3o em 1991; em cena dan\u00e7a com Parkinson, impulsionada pela medica\u00e7\u00e3o. O espet\u00e1culo \u00e9 encenado por Ricardo Sim\u00f5es, diretor art\u00edstico, e re\u00fane atores residentes, al\u00e9m de membros do elenco fundador, como Armanda Santos, Jos\u00e9 Escaleira, Tom\u00e1s Gon\u00e7alves e Filomena Mouta. A companhia celebra 35 anos de exist\u00eancia e apresenta um conjunto de 11 atores mais um treinador, com foco em mem\u00f3ria, futuro e projetos para o p\u00fablico. A Com\u00e9dia de Enganos entra em cena de 27 a 29 de mar\u00e7o e de 9 a 19 de abril, em hor\u00e1rios: quintas \u00e0s 11h, sextas \u00e0s 21h30, s\u00e1bados \u00e0s 19h e domingos \u00e0s 16h.","og_url":"https:\/\/portaltela.pt\/noticias\/2026\/03\/24\/shakespeare-celebra-dia-do-teatro-e-35-anos-da-companhia-de-viana\/","og_site_name":"Portal Tela Portugal","article_published_time":"2026-03-24T18:41:00+00:00","author":"Telinha","twitter_card":"summary_large_image","twitter_misc":{"Escrito por":"Telinha","Tempo estimado de leitura":"1 minuto"},"schema":{"@context":"https:\/\/schema.org","@graph":[{"@type":"Article","@id":"https:\/\/portaltela.pt\/noticias\/2026\/03\/24\/shakespeare-celebra-dia-do-teatro-e-35-anos-da-companhia-de-viana\/#article","isPartOf":{"@id":"https:\/\/portaltela.pt\/noticias\/2026\/03\/24\/shakespeare-celebra-dia-do-teatro-e-35-anos-da-companhia-de-viana\/"},"author":{"name":"Telinha","@id":"https:\/\/portaltela.pt\/#\/schema\/person\/c4278d4a6028830caff9ee44b42d32ed"},"headline":"Shakespeare celebra Dia do Teatro e 35 anos da companhia de Viana","datePublished":"2026-03-24T18:41:00+00:00","mainEntityOfPage":{"@id":"https:\/\/portaltela.pt\/noticias\/2026\/03\/24\/shakespeare-celebra-dia-do-teatro-e-35-anos-da-companhia-de-viana\/"},"wordCount":310,"image":{"@id":"https:\/\/portaltela.pt\/noticias\/2026\/03\/24\/shakespeare-celebra-dia-do-teatro-e-35-anos-da-companhia-de-viana\/#primaryimage"},"thumbnailUrl":"https:\/\/portaltela.pt\/s.01k8rhncp4jt1\/2026\/03\/image-1470.jpg","keywords":["com\u00e9dia","comunidade escolar","cultura","espet\u00e1culos","teatro","Viana do Castelo"],"articleSection":["Cultura","Lazer"],"inLanguage":"pt-PT"},{"@type":"WebPage","@id":"https:\/\/portaltela.pt\/noticias\/2026\/03\/24\/shakespeare-celebra-dia-do-teatro-e-35-anos-da-companhia-de-viana\/","url":"https:\/\/portaltela.pt\/noticias\/2026\/03\/24\/shakespeare-celebra-dia-do-teatro-e-35-anos-da-companhia-de-viana\/","name":"Shakespeare celebra Dia do Teatro e 35 anos da companhia de Viana - Portal Tela Portugal","isPartOf":{"@id":"https:\/\/portaltela.pt\/#website"},"primaryImageOfPage":{"@id":"https:\/\/portaltela.pt\/noticias\/2026\/03\/24\/shakespeare-celebra-dia-do-teatro-e-35-anos-da-companhia-de-viana\/#primaryimage"},"image":{"@id":"https:\/\/portaltela.pt\/noticias\/2026\/03\/24\/shakespeare-celebra-dia-do-teatro-e-35-anos-da-companhia-de-viana\/#primaryimage"},"thumbnailUrl":"https:\/\/portaltela.pt\/s.01k8rhncp4jt1\/2026\/03\/image-1470.jpg","datePublished":"2026-03-24T18:41:00+00:00","author":{"@id":"https:\/\/portaltela.pt\/#\/schema\/person\/c4278d4a6028830caff9ee44b42d32ed"},"breadcrumb":{"@id":"https:\/\/portaltela.pt\/noticias\/2026\/03\/24\/shakespeare-celebra-dia-do-teatro-e-35-anos-da-companhia-de-viana\/#breadcrumb"},"inLanguage":"pt-PT","potentialAction":[{"@type":"ReadAction","target":["https:\/\/portaltela.pt\/noticias\/2026\/03\/24\/shakespeare-celebra-dia-do-teatro-e-35-anos-da-companhia-de-viana\/"]}]},{"@type":"ImageObject","inLanguage":"pt-PT","@id":"https:\/\/portaltela.pt\/noticias\/2026\/03\/24\/shakespeare-celebra-dia-do-teatro-e-35-anos-da-companhia-de-viana\/#primaryimage","url":"https:\/\/portaltela.pt\/s.01k8rhncp4jt1\/2026\/03\/image-1470.jpg","contentUrl":"https:\/\/portaltela.pt\/s.01k8rhncp4jt1\/2026\/03\/image-1470.jpg","width":796,"height":448,"caption":"A \"Com\u00e9dia de Enganos\" entra em cena no Teatro Municipal S\u00e1 de Miranda a partir de 27 de mar\u00e7o"},{"@type":"BreadcrumbList","@id":"https:\/\/portaltela.pt\/noticias\/2026\/03\/24\/shakespeare-celebra-dia-do-teatro-e-35-anos-da-companhia-de-viana\/#breadcrumb","itemListElement":[{"@type":"ListItem","position":1,"name":"In\u00edcio","item":"https:\/\/portaltela.pt\/"},{"@type":"ListItem","position":2,"name":"Shakespeare celebra Dia do Teatro e 35 anos da companhia de Viana"}]},{"@type":"WebSite","@id":"https:\/\/portaltela.pt\/#website","url":"https:\/\/portaltela.pt\/","name":"Portal Tela Portugal","description":"","potentialAction":[{"@type":"SearchAction","target":{"@type":"EntryPoint","urlTemplate":"https:\/\/portaltela.pt\/?s={search_term_string}"},"query-input":{"@type":"PropertyValueSpecification","valueRequired":true,"valueName":"search_term_string"}}],"inLanguage":"pt-PT"},{"@type":"Person","@id":"https:\/\/portaltela.pt\/#\/schema\/person\/c4278d4a6028830caff9ee44b42d32ed","name":"Telinha","image":{"@type":"ImageObject","inLanguage":"pt-PT","@id":"https:\/\/portaltela.pt\/s.01k8rhncp4jt1\/2025\/11\/talking-bot-125x125.png","url":"https:\/\/portaltela.pt\/s.01k8rhncp4jt1\/2025\/11\/talking-bot-125x125.png","contentUrl":"https:\/\/portaltela.pt\/s.01k8rhncp4jt1\/2025\/11\/talking-bot-125x125.png","caption":"Telinha"},"sameAs":["https:\/\/portaltela.pt\/"],"url":"https:\/\/portaltela.pt\/por\/367410592786\/"}]}},"_links":{"self":[{"href":"https:\/\/portaltela.pt\/api\/wp\/v2\/posts\/420142","targetHints":{"allow":["GET"]}}],"collection":[{"href":"https:\/\/portaltela.pt\/api\/wp\/v2\/posts"}],"about":[{"href":"https:\/\/portaltela.pt\/api\/wp\/v2\/types\/post"}],"author":[{"embeddable":true,"href":"https:\/\/portaltela.pt\/api\/wp\/v2\/users\/2"}],"replies":[{"embeddable":true,"href":"https:\/\/portaltela.pt\/api\/wp\/v2\/comments?post=420142"}],"version-history":[{"count":0,"href":"https:\/\/portaltela.pt\/api\/wp\/v2\/posts\/420142\/revisions"}],"wp:featuredmedia":[{"embeddable":true,"href":"https:\/\/portaltela.pt\/api\/wp\/v2\/media\/420143"}],"wp:attachment":[{"href":"https:\/\/portaltela.pt\/api\/wp\/v2\/media?parent=420142"}],"wp:term":[{"taxonomy":"category","embeddable":true,"href":"https:\/\/portaltela.pt\/api\/wp\/v2\/categories?post=420142"},{"taxonomy":"post_tag","embeddable":true,"href":"https:\/\/portaltela.pt\/api\/wp\/v2\/tags?post=420142"}],"curies":[{"name":"wp","href":"https:\/\/api.w.org\/{rel}","templated":true}]}}