{"id":420129,"date":"2026-03-24T18:11:44","date_gmt":"2026-03-24T21:11:44","guid":{"rendered":"https:\/\/portaltela.pt\/noticias\/2026\/03\/24\/valencia-demite-o-treinador-miguel-angel-angulo\/"},"modified":"2026-03-24T18:11:44","modified_gmt":"2026-03-24T21:11:44","slug":"valencia-demite-o-treinador-miguel-angel-angulo","status":"publish","type":"post","link":"https:\/\/portaltela.pt\/desporto\/futebol\/2026\/03\/24\/valencia-demite-o-treinador-miguel-angel-angulo\/","title":{"rendered":"Val\u00eancia demite o treinador Miguel \u00c1ngel Angulo"},"content":{"rendered":"<p>O Valencia demitiu Miguel \u00c1ngel Angulo, antigo jogador do clube, que dirigia a equipa B. A decis\u00e3o ocorre ap\u00f3s maus resultados, com a forma\u00e7\u00e3o a ocupar o 13\u00ba posto no Grupo 3 da 4.\u00aa divis\u00e3o espanhola.<\/p>\n<p>O t\u00e9cnico, de 48 anos, orientava a equipa B h\u00e1 cinco temporadas. O clube espanhol vai iniciar o processo de recrutamento de um novo treinador para o setor de forma\u00e7\u00e3o.<\/p>\n<p>A equipa B do Valencia compete no Grupo 3 da 4.\u00aa divis\u00e3o de Espanha e n\u00e3o tem conseguido subir na classifica\u00e7\u00e3o. O Valencia n\u00e3o se limitou a justificar a medida, mantendo o foco na reorganiza\u00e7\u00e3o da forma\u00e7\u00e3o.<\/p>\n","protected":false},"excerpt":{"rendered":"<ul>\n<li>O Valencia demitiu o treinador Miguel \u00c1ngel Angulo, antigo jogador do clube.<\/li>\n<li>Angulo dirigia a equipa B h\u00e1 cinco temporadas.<\/li>\n<li>O t\u00e9cnico espanhol, de 48 anos, foi despedido devido aos maus resultados do Mestalla B.<\/li>\n<li>A equipa est\u00e1 no 13.\u00ba lugar do Grupo 3 da quarta divis\u00e3o de Espanha.<\/li>\n<li>O clube espanhol j\u00e1 procura um novo treinador.<\/li>\n<\/ul>\n","protected":false},"author":2,"featured_media":420133,"comment_status":"closed","ping_status":"closed","sticky":false,"template":"","format":"standard","meta":{"footnotes":""},"categories":[21,24],"tags":[5996,152,32,1789,2477,2672],"class_list":["post-420129","post","type-post","status-publish","format-standard","has-post-thumbnail","hentry","category-desporto","category-futebol","tag-4-a-divisao-serie-d","tag-desporto","tag-futebol","tag-la-liga","tag-treinadores","tag-valencia"],"yoast_head":"<!-- This site is optimized with the Yoast SEO plugin v27.2 - https:\/\/yoast.com\/product\/yoast-seo-wordpress\/ -->\n<title>Val\u00eancia demite o treinador Miguel \u00c1ngel Angulo - Portal Tela Portugal<\/title>\n<meta name=\"robots\" content=\"index, follow, max-snippet:-1, max-image-preview:large, max-video-preview:-1\" \/>\n<meta property=\"og:locale\" content=\"pt_PT\" \/>\n<meta property=\"og:type\" content=\"article\" \/>\n<meta property=\"og:title\" content=\"Val\u00eancia demite o treinador Miguel \u00c1ngel Angulo - Portal Tela Portugal\" \/>\n<meta property=\"og:description\" content=\"O Valencia demitiu o treinador Miguel \u00c1ngel Angulo, antigo jogador do clube. Angulo dirigia a equipa B h\u00e1 cinco temporadas. O t\u00e9cnico espanhol, de 48 anos, foi despedido devido aos maus resultados do Mestalla B. A equipa est\u00e1 no 13.\u00ba lugar do Grupo 3 da quarta divis\u00e3o de Espanha. O clube espanhol j\u00e1 procura um novo treinador.\" \/>\n<meta property=\"og:url\" content=\"https:\/\/portaltela.pt\/noticias\/2026\/03\/24\/valencia-demite-o-treinador-miguel-angel-angulo\/\" \/>\n<meta property=\"og:site_name\" content=\"Portal Tela Portugal\" \/>\n<meta property=\"article:published_time\" content=\"2026-03-24T21:11:44+00:00\" \/>\n<meta name=\"author\" content=\"Telinha\" \/>\n<meta name=\"twitter:card\" content=\"summary_large_image\" \/>\n<meta name=\"twitter:label1\" content=\"Escrito por\" \/>\n\t<meta name=\"twitter:data1\" content=\"Telinha\" \/>\n\t<meta name=\"twitter:label2\" content=\"Tempo estimado de leitura\" \/>\n\t<meta name=\"twitter:data2\" content=\"1 minuto\" \/>\n<script type=\"application\/ld+json\" class=\"yoast-schema-graph\">{\"@context\":\"https:\/\/schema.org\",\"@graph\":[{\"@type\":\"Article\",\"@id\":\"https:\/\/portaltela.pt\/noticias\/2026\/03\/24\/valencia-demite-o-treinador-miguel-angel-angulo\/#article\",\"isPartOf\":{\"@id\":\"https:\/\/portaltela.pt\/noticias\/2026\/03\/24\/valencia-demite-o-treinador-miguel-angel-angulo\/\"},\"author\":{\"name\":\"Telinha\",\"@id\":\"https:\/\/portaltela.pt\/#\/schema\/person\/c4278d4a6028830caff9ee44b42d32ed\"},\"headline\":\"Val\u00eancia demite o treinador Miguel \u00c1ngel Angulo\",\"datePublished\":\"2026-03-24T21:11:44+00:00\",\"mainEntityOfPage\":{\"@id\":\"https:\/\/portaltela.pt\/noticias\/2026\/03\/24\/valencia-demite-o-treinador-miguel-angel-angulo\/\"},\"wordCount\":117,\"image\":{\"@id\":\"https:\/\/portaltela.pt\/noticias\/2026\/03\/24\/valencia-demite-o-treinador-miguel-angel-angulo\/#primaryimage\"},\"thumbnailUrl\":\"https:\/\/portaltela.pt\/s.01k8rhncp4jt1\/2026\/03\/img_920x518uu2026-03-24-21-10-10-2429183.jpg\",\"keywords\":[\"4.\u00aa Divis\u00e3o \u2014 S\u00e9rie D\",\"desporto\",\"futebol\",\"La Liga\",\"treinadores\",\"Valencia\"],\"articleSection\":[\"Desporto\",\"Futebol\"],\"inLanguage\":\"pt-PT\"},{\"@type\":\"WebPage\",\"@id\":\"https:\/\/portaltela.pt\/noticias\/2026\/03\/24\/valencia-demite-o-treinador-miguel-angel-angulo\/\",\"url\":\"https:\/\/portaltela.pt\/noticias\/2026\/03\/24\/valencia-demite-o-treinador-miguel-angel-angulo\/\",\"name\":\"Val\u00eancia demite o treinador Miguel \u00c1ngel Angulo - Portal Tela Portugal\",\"isPartOf\":{\"@id\":\"https:\/\/portaltela.pt\/#website\"},\"primaryImageOfPage\":{\"@id\":\"https:\/\/portaltela.pt\/noticias\/2026\/03\/24\/valencia-demite-o-treinador-miguel-angel-angulo\/#primaryimage\"},\"image\":{\"@id\":\"https:\/\/portaltela.pt\/noticias\/2026\/03\/24\/valencia-demite-o-treinador-miguel-angel-angulo\/#primaryimage\"},\"thumbnailUrl\":\"https:\/\/portaltela.pt\/s.01k8rhncp4jt1\/2026\/03\/img_920x518uu2026-03-24-21-10-10-2429183.jpg\",\"datePublished\":\"2026-03-24T21:11:44+00:00\",\"author\":{\"@id\":\"https:\/\/portaltela.pt\/#\/schema\/person\/c4278d4a6028830caff9ee44b42d32ed\"},\"breadcrumb\":{\"@id\":\"https:\/\/portaltela.pt\/noticias\/2026\/03\/24\/valencia-demite-o-treinador-miguel-angel-angulo\/#breadcrumb\"},\"inLanguage\":\"pt-PT\",\"potentialAction\":[{\"@type\":\"ReadAction\",\"target\":[\"https:\/\/portaltela.pt\/noticias\/2026\/03\/24\/valencia-demite-o-treinador-miguel-angel-angulo\/\"]}]},{\"@type\":\"ImageObject\",\"inLanguage\":\"pt-PT\",\"@id\":\"https:\/\/portaltela.pt\/noticias\/2026\/03\/24\/valencia-demite-o-treinador-miguel-angel-angulo\/#primaryimage\",\"url\":\"https:\/\/portaltela.pt\/s.01k8rhncp4jt1\/2026\/03\/img_920x518uu2026-03-24-21-10-10-2429183.jpg\",\"contentUrl\":\"https:\/\/portaltela.pt\/s.01k8rhncp4jt1\/2026\/03\/img_920x518uu2026-03-24-21-10-10-2429183.jpg\",\"width\":796,\"height\":448,\"caption\":\"Angulo demitido do Valencia B\"},{\"@type\":\"BreadcrumbList\",\"@id\":\"https:\/\/portaltela.pt\/noticias\/2026\/03\/24\/valencia-demite-o-treinador-miguel-angel-angulo\/#breadcrumb\",\"itemListElement\":[{\"@type\":\"ListItem\",\"position\":1,\"name\":\"In\u00edcio\",\"item\":\"https:\/\/portaltela.pt\/\"},{\"@type\":\"ListItem\",\"position\":2,\"name\":\"Val\u00eancia demite o treinador Miguel \u00c1ngel Angulo\"}]},{\"@type\":\"WebSite\",\"@id\":\"https:\/\/portaltela.pt\/#website\",\"url\":\"https:\/\/portaltela.pt\/\",\"name\":\"Portal Tela Portugal\",\"description\":\"\",\"potentialAction\":[{\"@type\":\"SearchAction\",\"target\":{\"@type\":\"EntryPoint\",\"urlTemplate\":\"https:\/\/portaltela.pt\/?s={search_term_string}\"},\"query-input\":{\"@type\":\"PropertyValueSpecification\",\"valueRequired\":true,\"valueName\":\"search_term_string\"}}],\"inLanguage\":\"pt-PT\"},{\"@type\":\"Person\",\"@id\":\"https:\/\/portaltela.pt\/#\/schema\/person\/c4278d4a6028830caff9ee44b42d32ed\",\"name\":\"Telinha\",\"image\":{\"@type\":\"ImageObject\",\"inLanguage\":\"pt-PT\",\"@id\":\"https:\/\/portaltela.pt\/s.01k8rhncp4jt1\/2025\/11\/talking-bot-125x125.png\",\"url\":\"https:\/\/portaltela.pt\/s.01k8rhncp4jt1\/2025\/11\/talking-bot-125x125.png\",\"contentUrl\":\"https:\/\/portaltela.pt\/s.01k8rhncp4jt1\/2025\/11\/talking-bot-125x125.png\",\"caption\":\"Telinha\"},\"sameAs\":[\"https:\/\/portaltela.pt\/\"],\"url\":\"https:\/\/portaltela.pt\/por\/367410592786\/\"}]}<\/script>\n<!-- \/ Yoast SEO plugin. -->","yoast_head_json":{"title":"Val\u00eancia demite o treinador Miguel \u00c1ngel Angulo - Portal Tela Portugal","robots":{"index":"index","follow":"follow","max-snippet":"max-snippet:-1","max-image-preview":"max-image-preview:large","max-video-preview":"max-video-preview:-1"},"og_locale":"pt_PT","og_type":"article","og_title":"Val\u00eancia demite o treinador Miguel \u00c1ngel Angulo - Portal Tela Portugal","og_description":"O Valencia demitiu o treinador Miguel \u00c1ngel Angulo, antigo jogador do clube. Angulo dirigia a equipa B h\u00e1 cinco temporadas. O t\u00e9cnico espanhol, de 48 anos, foi despedido devido aos maus resultados do Mestalla B. A equipa est\u00e1 no 13.\u00ba lugar do Grupo 3 da quarta divis\u00e3o de Espanha. O clube espanhol j\u00e1 procura um novo treinador.","og_url":"https:\/\/portaltela.pt\/noticias\/2026\/03\/24\/valencia-demite-o-treinador-miguel-angel-angulo\/","og_site_name":"Portal Tela Portugal","article_published_time":"2026-03-24T21:11:44+00:00","author":"Telinha","twitter_card":"summary_large_image","twitter_misc":{"Escrito por":"Telinha","Tempo estimado de leitura":"1 minuto"},"schema":{"@context":"https:\/\/schema.org","@graph":[{"@type":"Article","@id":"https:\/\/portaltela.pt\/noticias\/2026\/03\/24\/valencia-demite-o-treinador-miguel-angel-angulo\/#article","isPartOf":{"@id":"https:\/\/portaltela.pt\/noticias\/2026\/03\/24\/valencia-demite-o-treinador-miguel-angel-angulo\/"},"author":{"name":"Telinha","@id":"https:\/\/portaltela.pt\/#\/schema\/person\/c4278d4a6028830caff9ee44b42d32ed"},"headline":"Val\u00eancia demite o treinador Miguel \u00c1ngel Angulo","datePublished":"2026-03-24T21:11:44+00:00","mainEntityOfPage":{"@id":"https:\/\/portaltela.pt\/noticias\/2026\/03\/24\/valencia-demite-o-treinador-miguel-angel-angulo\/"},"wordCount":117,"image":{"@id":"https:\/\/portaltela.pt\/noticias\/2026\/03\/24\/valencia-demite-o-treinador-miguel-angel-angulo\/#primaryimage"},"thumbnailUrl":"https:\/\/portaltela.pt\/s.01k8rhncp4jt1\/2026\/03\/img_920x518uu2026-03-24-21-10-10-2429183.jpg","keywords":["4.\u00aa Divis\u00e3o \u2014 S\u00e9rie D","desporto","futebol","La Liga","treinadores","Valencia"],"articleSection":["Desporto","Futebol"],"inLanguage":"pt-PT"},{"@type":"WebPage","@id":"https:\/\/portaltela.pt\/noticias\/2026\/03\/24\/valencia-demite-o-treinador-miguel-angel-angulo\/","url":"https:\/\/portaltela.pt\/noticias\/2026\/03\/24\/valencia-demite-o-treinador-miguel-angel-angulo\/","name":"Val\u00eancia demite o treinador Miguel \u00c1ngel Angulo - Portal Tela Portugal","isPartOf":{"@id":"https:\/\/portaltela.pt\/#website"},"primaryImageOfPage":{"@id":"https:\/\/portaltela.pt\/noticias\/2026\/03\/24\/valencia-demite-o-treinador-miguel-angel-angulo\/#primaryimage"},"image":{"@id":"https:\/\/portaltela.pt\/noticias\/2026\/03\/24\/valencia-demite-o-treinador-miguel-angel-angulo\/#primaryimage"},"thumbnailUrl":"https:\/\/portaltela.pt\/s.01k8rhncp4jt1\/2026\/03\/img_920x518uu2026-03-24-21-10-10-2429183.jpg","datePublished":"2026-03-24T21:11:44+00:00","author":{"@id":"https:\/\/portaltela.pt\/#\/schema\/person\/c4278d4a6028830caff9ee44b42d32ed"},"breadcrumb":{"@id":"https:\/\/portaltela.pt\/noticias\/2026\/03\/24\/valencia-demite-o-treinador-miguel-angel-angulo\/#breadcrumb"},"inLanguage":"pt-PT","potentialAction":[{"@type":"ReadAction","target":["https:\/\/portaltela.pt\/noticias\/2026\/03\/24\/valencia-demite-o-treinador-miguel-angel-angulo\/"]}]},{"@type":"ImageObject","inLanguage":"pt-PT","@id":"https:\/\/portaltela.pt\/noticias\/2026\/03\/24\/valencia-demite-o-treinador-miguel-angel-angulo\/#primaryimage","url":"https:\/\/portaltela.pt\/s.01k8rhncp4jt1\/2026\/03\/img_920x518uu2026-03-24-21-10-10-2429183.jpg","contentUrl":"https:\/\/portaltela.pt\/s.01k8rhncp4jt1\/2026\/03\/img_920x518uu2026-03-24-21-10-10-2429183.jpg","width":796,"height":448,"caption":"Angulo demitido do Valencia B"},{"@type":"BreadcrumbList","@id":"https:\/\/portaltela.pt\/noticias\/2026\/03\/24\/valencia-demite-o-treinador-miguel-angel-angulo\/#breadcrumb","itemListElement":[{"@type":"ListItem","position":1,"name":"In\u00edcio","item":"https:\/\/portaltela.pt\/"},{"@type":"ListItem","position":2,"name":"Val\u00eancia demite o treinador Miguel \u00c1ngel Angulo"}]},{"@type":"WebSite","@id":"https:\/\/portaltela.pt\/#website","url":"https:\/\/portaltela.pt\/","name":"Portal Tela Portugal","description":"","potentialAction":[{"@type":"SearchAction","target":{"@type":"EntryPoint","urlTemplate":"https:\/\/portaltela.pt\/?s={search_term_string}"},"query-input":{"@type":"PropertyValueSpecification","valueRequired":true,"valueName":"search_term_string"}}],"inLanguage":"pt-PT"},{"@type":"Person","@id":"https:\/\/portaltela.pt\/#\/schema\/person\/c4278d4a6028830caff9ee44b42d32ed","name":"Telinha","image":{"@type":"ImageObject","inLanguage":"pt-PT","@id":"https:\/\/portaltela.pt\/s.01k8rhncp4jt1\/2025\/11\/talking-bot-125x125.png","url":"https:\/\/portaltela.pt\/s.01k8rhncp4jt1\/2025\/11\/talking-bot-125x125.png","contentUrl":"https:\/\/portaltela.pt\/s.01k8rhncp4jt1\/2025\/11\/talking-bot-125x125.png","caption":"Telinha"},"sameAs":["https:\/\/portaltela.pt\/"],"url":"https:\/\/portaltela.pt\/por\/367410592786\/"}]}},"_links":{"self":[{"href":"https:\/\/portaltela.pt\/api\/wp\/v2\/posts\/420129","targetHints":{"allow":["GET"]}}],"collection":[{"href":"https:\/\/portaltela.pt\/api\/wp\/v2\/posts"}],"about":[{"href":"https:\/\/portaltela.pt\/api\/wp\/v2\/types\/post"}],"author":[{"embeddable":true,"href":"https:\/\/portaltela.pt\/api\/wp\/v2\/users\/2"}],"replies":[{"embeddable":true,"href":"https:\/\/portaltela.pt\/api\/wp\/v2\/comments?post=420129"}],"version-history":[{"count":0,"href":"https:\/\/portaltela.pt\/api\/wp\/v2\/posts\/420129\/revisions"}],"wp:featuredmedia":[{"embeddable":true,"href":"https:\/\/portaltela.pt\/api\/wp\/v2\/media\/420133"}],"wp:attachment":[{"href":"https:\/\/portaltela.pt\/api\/wp\/v2\/media?parent=420129"}],"wp:term":[{"taxonomy":"category","embeddable":true,"href":"https:\/\/portaltela.pt\/api\/wp\/v2\/categories?post=420129"},{"taxonomy":"post_tag","embeddable":true,"href":"https:\/\/portaltela.pt\/api\/wp\/v2\/tags?post=420129"}],"curies":[{"name":"wp","href":"https:\/\/api.w.org\/{rel}","templated":true}]}}