{"id":420123,"date":"2026-03-24T17:59:00","date_gmt":"2026-03-24T20:59:00","guid":{"rendered":"https:\/\/portaltela.pt\/noticias\/2026\/03\/24\/ministerio-publico-solicita-prisao-de-fernando-valente\/"},"modified":"2026-03-24T17:59:00","modified_gmt":"2026-03-24T20:59:00","slug":"ministerio-publico-solicita-prisao-de-fernando-valente","status":"publish","type":"post","link":"https:\/\/portaltela.pt\/noticias\/2026\/03\/24\/ministerio-publico-solicita-prisao-de-fernando-valente\/","title":{"rendered":"Minist\u00e9rio P\u00fablico solicita pris\u00e3o de Fernando Valente"},"content":{"rendered":"<p>O Minist\u00e9rio P\u00fablico do Porto apresentou nesta ter\u00e7a-feira um parecer em sede de recurso, pedindo 25 anos de cadeia para Fernando Valente. O MP sustenta que h\u00e1 prova de que o arguido matou M\u00f3nica Silva, conhecida como a gr\u00e1vida da Murtosa.<\/p>\n<p>O documento indica que o recurso deve ter provimento, com base em elementos que, segundo o MP, comprovam o crime. A defesa e o tribunal ainda n\u00e3o se pronunciaram de forma p\u00fablica.<\/p>\n<p>*Em atualiza\u00e7\u00e3o*<\/p>\n<h3>Atualiza\u00e7\u00e3o<\/h3>\n<p>N\u00e3o foram revelados novos detalhes sobre as testemunhas ou as per\u00edcias usadas pelo MP. O processo segue em curso nos \u00f3rg\u00e3os competentes, conforme o sistema judicial.<\/p>\n","protected":false},"excerpt":{"rendered":"<ul>\n<li>O Minist\u00e9rio P\u00fablico do Porto apresentou, em sede de recurso, um parecer para 25 anos de cadeia a Fernando Valente.<\/li>\n<li>O parecer sustenta que h\u00e1 prova de que Valente matou M\u00f3nica Silva, conhecida como a gr\u00e1vida da Murtosa.<\/li>\n<li>A medida foi apresentada na ter\u00e7a-feira no \u00e2mbito de um recurso do processo.<\/li>\n<li>O MP solicita provimento do recurso, mantendo a acusa\u00e7\u00e3o de homic\u00eddio.<\/li>\n<li>Em atualiza\u00e7\u00e3o.<\/li>\n<\/ul>\n","protected":false},"author":2,"featured_media":420124,"comment_status":"closed","ping_status":"closed","sticky":false,"template":"","format":"standard","meta":{"footnotes":""},"categories":[6815,1],"tags":[147,1345,803,2613,5760,3667],"class_list":["post-420123","post","type-post","status-publish","format-standard","has-post-thumbnail","hentry","category-justica","category-noticias","tag-crime","tag-homicidio","tag-justica","tag-ministerio-publico","tag-murtosa","tag-processos"],"yoast_head":"<!-- This site is optimized with the Yoast SEO plugin v27.2 - https:\/\/yoast.com\/product\/yoast-seo-wordpress\/ -->\n<title>Minist\u00e9rio P\u00fablico solicita pris\u00e3o de Fernando Valente - Portal Tela Portugal<\/title>\n<meta name=\"robots\" content=\"index, follow, max-snippet:-1, max-image-preview:large, max-video-preview:-1\" \/>\n<meta property=\"og:locale\" content=\"pt_PT\" \/>\n<meta property=\"og:type\" content=\"article\" \/>\n<meta property=\"og:title\" content=\"Minist\u00e9rio P\u00fablico solicita pris\u00e3o de Fernando Valente - Portal Tela Portugal\" \/>\n<meta property=\"og:description\" content=\"O Minist\u00e9rio P\u00fablico do Porto apresentou, em sede de recurso, um parecer para 25 anos de cadeia a Fernando Valente. O parecer sustenta que h\u00e1 prova de que Valente matou M\u00f3nica Silva, conhecida como a gr\u00e1vida da Murtosa. A medida foi apresentada na ter\u00e7a-feira no \u00e2mbito de um recurso do processo. O MP solicita provimento do recurso, mantendo a acusa\u00e7\u00e3o de homic\u00eddio. Em atualiza\u00e7\u00e3o.\" \/>\n<meta property=\"og:url\" content=\"https:\/\/portaltela.pt\/noticias\/2026\/03\/24\/ministerio-publico-solicita-prisao-de-fernando-valente\/\" \/>\n<meta property=\"og:site_name\" content=\"Portal Tela Portugal\" \/>\n<meta property=\"article:published_time\" content=\"2026-03-24T20:59:00+00:00\" \/>\n<meta name=\"author\" content=\"Telinha\" \/>\n<meta name=\"twitter:card\" content=\"summary_large_image\" \/>\n<meta name=\"twitter:label1\" content=\"Escrito por\" \/>\n\t<meta name=\"twitter:data1\" content=\"Telinha\" \/>\n\t<meta name=\"twitter:label2\" content=\"Tempo estimado de leitura\" \/>\n\t<meta name=\"twitter:data2\" content=\"1 minuto\" \/>\n<script type=\"application\/ld+json\" class=\"yoast-schema-graph\">{\"@context\":\"https:\/\/schema.org\",\"@graph\":[{\"@type\":\"Article\",\"@id\":\"https:\/\/portaltela.pt\/noticias\/2026\/03\/24\/ministerio-publico-solicita-prisao-de-fernando-valente\/#article\",\"isPartOf\":{\"@id\":\"https:\/\/portaltela.pt\/noticias\/2026\/03\/24\/ministerio-publico-solicita-prisao-de-fernando-valente\/\"},\"author\":{\"name\":\"Telinha\",\"@id\":\"https:\/\/portaltela.pt\/#\/schema\/person\/c4278d4a6028830caff9ee44b42d32ed\"},\"headline\":\"Minist\u00e9rio P\u00fablico solicita pris\u00e3o de Fernando Valente\",\"datePublished\":\"2026-03-24T20:59:00+00:00\",\"mainEntityOfPage\":{\"@id\":\"https:\/\/portaltela.pt\/noticias\/2026\/03\/24\/ministerio-publico-solicita-prisao-de-fernando-valente\/\"},\"wordCount\":123,\"image\":{\"@id\":\"https:\/\/portaltela.pt\/noticias\/2026\/03\/24\/ministerio-publico-solicita-prisao-de-fernando-valente\/#primaryimage\"},\"thumbnailUrl\":\"https:\/\/portaltela.pt\/s.01k8rhncp4jt1\/2026\/03\/img_1500x1000uu2026-03-04-11-36-45-2270322.jpg\",\"keywords\":[\"crime\",\"homic\u00eddio\",\"justi\u00e7a\",\"Minist\u00e9rio P\u00fablico\",\"Murtosa\",\"processos\"],\"articleSection\":[\"Justi\u00e7a\",\"Not\u00edcias\"],\"inLanguage\":\"pt-PT\"},{\"@type\":\"WebPage\",\"@id\":\"https:\/\/portaltela.pt\/noticias\/2026\/03\/24\/ministerio-publico-solicita-prisao-de-fernando-valente\/\",\"url\":\"https:\/\/portaltela.pt\/noticias\/2026\/03\/24\/ministerio-publico-solicita-prisao-de-fernando-valente\/\",\"name\":\"Minist\u00e9rio P\u00fablico solicita pris\u00e3o de Fernando Valente - Portal Tela Portugal\",\"isPartOf\":{\"@id\":\"https:\/\/portaltela.pt\/#website\"},\"primaryImageOfPage\":{\"@id\":\"https:\/\/portaltela.pt\/noticias\/2026\/03\/24\/ministerio-publico-solicita-prisao-de-fernando-valente\/#primaryimage\"},\"image\":{\"@id\":\"https:\/\/portaltela.pt\/noticias\/2026\/03\/24\/ministerio-publico-solicita-prisao-de-fernando-valente\/#primaryimage\"},\"thumbnailUrl\":\"https:\/\/portaltela.pt\/s.01k8rhncp4jt1\/2026\/03\/img_1500x1000uu2026-03-04-11-36-45-2270322.jpg\",\"datePublished\":\"2026-03-24T20:59:00+00:00\",\"author\":{\"@id\":\"https:\/\/portaltela.pt\/#\/schema\/person\/c4278d4a6028830caff9ee44b42d32ed\"},\"breadcrumb\":{\"@id\":\"https:\/\/portaltela.pt\/noticias\/2026\/03\/24\/ministerio-publico-solicita-prisao-de-fernando-valente\/#breadcrumb\"},\"inLanguage\":\"pt-PT\",\"potentialAction\":[{\"@type\":\"ReadAction\",\"target\":[\"https:\/\/portaltela.pt\/noticias\/2026\/03\/24\/ministerio-publico-solicita-prisao-de-fernando-valente\/\"]}]},{\"@type\":\"ImageObject\",\"inLanguage\":\"pt-PT\",\"@id\":\"https:\/\/portaltela.pt\/noticias\/2026\/03\/24\/ministerio-publico-solicita-prisao-de-fernando-valente\/#primaryimage\",\"url\":\"https:\/\/portaltela.pt\/s.01k8rhncp4jt1\/2026\/03\/img_1500x1000uu2026-03-04-11-36-45-2270322.jpg\",\"contentUrl\":\"https:\/\/portaltela.pt\/s.01k8rhncp4jt1\/2026\/03\/img_1500x1000uu2026-03-04-11-36-45-2270322.jpg\",\"width\":796,\"height\":448,\"caption\":\"Fernando Valente\"},{\"@type\":\"BreadcrumbList\",\"@id\":\"https:\/\/portaltela.pt\/noticias\/2026\/03\/24\/ministerio-publico-solicita-prisao-de-fernando-valente\/#breadcrumb\",\"itemListElement\":[{\"@type\":\"ListItem\",\"position\":1,\"name\":\"In\u00edcio\",\"item\":\"https:\/\/portaltela.pt\/\"},{\"@type\":\"ListItem\",\"position\":2,\"name\":\"Minist\u00e9rio P\u00fablico solicita pris\u00e3o de Fernando Valente\"}]},{\"@type\":\"WebSite\",\"@id\":\"https:\/\/portaltela.pt\/#website\",\"url\":\"https:\/\/portaltela.pt\/\",\"name\":\"Portal Tela Portugal\",\"description\":\"\",\"potentialAction\":[{\"@type\":\"SearchAction\",\"target\":{\"@type\":\"EntryPoint\",\"urlTemplate\":\"https:\/\/portaltela.pt\/?s={search_term_string}\"},\"query-input\":{\"@type\":\"PropertyValueSpecification\",\"valueRequired\":true,\"valueName\":\"search_term_string\"}}],\"inLanguage\":\"pt-PT\"},{\"@type\":\"Person\",\"@id\":\"https:\/\/portaltela.pt\/#\/schema\/person\/c4278d4a6028830caff9ee44b42d32ed\",\"name\":\"Telinha\",\"image\":{\"@type\":\"ImageObject\",\"inLanguage\":\"pt-PT\",\"@id\":\"https:\/\/portaltela.pt\/s.01k8rhncp4jt1\/2025\/11\/talking-bot-125x125.png\",\"url\":\"https:\/\/portaltela.pt\/s.01k8rhncp4jt1\/2025\/11\/talking-bot-125x125.png\",\"contentUrl\":\"https:\/\/portaltela.pt\/s.01k8rhncp4jt1\/2025\/11\/talking-bot-125x125.png\",\"caption\":\"Telinha\"},\"sameAs\":[\"https:\/\/portaltela.pt\/\"],\"url\":\"https:\/\/portaltela.pt\/por\/367410592786\/\"}]}<\/script>\n<!-- \/ Yoast SEO plugin. -->","yoast_head_json":{"title":"Minist\u00e9rio P\u00fablico solicita pris\u00e3o de Fernando Valente - Portal Tela Portugal","robots":{"index":"index","follow":"follow","max-snippet":"max-snippet:-1","max-image-preview":"max-image-preview:large","max-video-preview":"max-video-preview:-1"},"og_locale":"pt_PT","og_type":"article","og_title":"Minist\u00e9rio P\u00fablico solicita pris\u00e3o de Fernando Valente - Portal Tela Portugal","og_description":"O Minist\u00e9rio P\u00fablico do Porto apresentou, em sede de recurso, um parecer para 25 anos de cadeia a Fernando Valente. O parecer sustenta que h\u00e1 prova de que Valente matou M\u00f3nica Silva, conhecida como a gr\u00e1vida da Murtosa. A medida foi apresentada na ter\u00e7a-feira no \u00e2mbito de um recurso do processo. O MP solicita provimento do recurso, mantendo a acusa\u00e7\u00e3o de homic\u00eddio. Em atualiza\u00e7\u00e3o.","og_url":"https:\/\/portaltela.pt\/noticias\/2026\/03\/24\/ministerio-publico-solicita-prisao-de-fernando-valente\/","og_site_name":"Portal Tela Portugal","article_published_time":"2026-03-24T20:59:00+00:00","author":"Telinha","twitter_card":"summary_large_image","twitter_misc":{"Escrito por":"Telinha","Tempo estimado de leitura":"1 minuto"},"schema":{"@context":"https:\/\/schema.org","@graph":[{"@type":"Article","@id":"https:\/\/portaltela.pt\/noticias\/2026\/03\/24\/ministerio-publico-solicita-prisao-de-fernando-valente\/#article","isPartOf":{"@id":"https:\/\/portaltela.pt\/noticias\/2026\/03\/24\/ministerio-publico-solicita-prisao-de-fernando-valente\/"},"author":{"name":"Telinha","@id":"https:\/\/portaltela.pt\/#\/schema\/person\/c4278d4a6028830caff9ee44b42d32ed"},"headline":"Minist\u00e9rio P\u00fablico solicita pris\u00e3o de Fernando Valente","datePublished":"2026-03-24T20:59:00+00:00","mainEntityOfPage":{"@id":"https:\/\/portaltela.pt\/noticias\/2026\/03\/24\/ministerio-publico-solicita-prisao-de-fernando-valente\/"},"wordCount":123,"image":{"@id":"https:\/\/portaltela.pt\/noticias\/2026\/03\/24\/ministerio-publico-solicita-prisao-de-fernando-valente\/#primaryimage"},"thumbnailUrl":"https:\/\/portaltela.pt\/s.01k8rhncp4jt1\/2026\/03\/img_1500x1000uu2026-03-04-11-36-45-2270322.jpg","keywords":["crime","homic\u00eddio","justi\u00e7a","Minist\u00e9rio P\u00fablico","Murtosa","processos"],"articleSection":["Justi\u00e7a","Not\u00edcias"],"inLanguage":"pt-PT"},{"@type":"WebPage","@id":"https:\/\/portaltela.pt\/noticias\/2026\/03\/24\/ministerio-publico-solicita-prisao-de-fernando-valente\/","url":"https:\/\/portaltela.pt\/noticias\/2026\/03\/24\/ministerio-publico-solicita-prisao-de-fernando-valente\/","name":"Minist\u00e9rio P\u00fablico solicita pris\u00e3o de Fernando Valente - Portal Tela Portugal","isPartOf":{"@id":"https:\/\/portaltela.pt\/#website"},"primaryImageOfPage":{"@id":"https:\/\/portaltela.pt\/noticias\/2026\/03\/24\/ministerio-publico-solicita-prisao-de-fernando-valente\/#primaryimage"},"image":{"@id":"https:\/\/portaltela.pt\/noticias\/2026\/03\/24\/ministerio-publico-solicita-prisao-de-fernando-valente\/#primaryimage"},"thumbnailUrl":"https:\/\/portaltela.pt\/s.01k8rhncp4jt1\/2026\/03\/img_1500x1000uu2026-03-04-11-36-45-2270322.jpg","datePublished":"2026-03-24T20:59:00+00:00","author":{"@id":"https:\/\/portaltela.pt\/#\/schema\/person\/c4278d4a6028830caff9ee44b42d32ed"},"breadcrumb":{"@id":"https:\/\/portaltela.pt\/noticias\/2026\/03\/24\/ministerio-publico-solicita-prisao-de-fernando-valente\/#breadcrumb"},"inLanguage":"pt-PT","potentialAction":[{"@type":"ReadAction","target":["https:\/\/portaltela.pt\/noticias\/2026\/03\/24\/ministerio-publico-solicita-prisao-de-fernando-valente\/"]}]},{"@type":"ImageObject","inLanguage":"pt-PT","@id":"https:\/\/portaltela.pt\/noticias\/2026\/03\/24\/ministerio-publico-solicita-prisao-de-fernando-valente\/#primaryimage","url":"https:\/\/portaltela.pt\/s.01k8rhncp4jt1\/2026\/03\/img_1500x1000uu2026-03-04-11-36-45-2270322.jpg","contentUrl":"https:\/\/portaltela.pt\/s.01k8rhncp4jt1\/2026\/03\/img_1500x1000uu2026-03-04-11-36-45-2270322.jpg","width":796,"height":448,"caption":"Fernando Valente"},{"@type":"BreadcrumbList","@id":"https:\/\/portaltela.pt\/noticias\/2026\/03\/24\/ministerio-publico-solicita-prisao-de-fernando-valente\/#breadcrumb","itemListElement":[{"@type":"ListItem","position":1,"name":"In\u00edcio","item":"https:\/\/portaltela.pt\/"},{"@type":"ListItem","position":2,"name":"Minist\u00e9rio P\u00fablico solicita pris\u00e3o de Fernando Valente"}]},{"@type":"WebSite","@id":"https:\/\/portaltela.pt\/#website","url":"https:\/\/portaltela.pt\/","name":"Portal Tela Portugal","description":"","potentialAction":[{"@type":"SearchAction","target":{"@type":"EntryPoint","urlTemplate":"https:\/\/portaltela.pt\/?s={search_term_string}"},"query-input":{"@type":"PropertyValueSpecification","valueRequired":true,"valueName":"search_term_string"}}],"inLanguage":"pt-PT"},{"@type":"Person","@id":"https:\/\/portaltela.pt\/#\/schema\/person\/c4278d4a6028830caff9ee44b42d32ed","name":"Telinha","image":{"@type":"ImageObject","inLanguage":"pt-PT","@id":"https:\/\/portaltela.pt\/s.01k8rhncp4jt1\/2025\/11\/talking-bot-125x125.png","url":"https:\/\/portaltela.pt\/s.01k8rhncp4jt1\/2025\/11\/talking-bot-125x125.png","contentUrl":"https:\/\/portaltela.pt\/s.01k8rhncp4jt1\/2025\/11\/talking-bot-125x125.png","caption":"Telinha"},"sameAs":["https:\/\/portaltela.pt\/"],"url":"https:\/\/portaltela.pt\/por\/367410592786\/"}]}},"_links":{"self":[{"href":"https:\/\/portaltela.pt\/api\/wp\/v2\/posts\/420123","targetHints":{"allow":["GET"]}}],"collection":[{"href":"https:\/\/portaltela.pt\/api\/wp\/v2\/posts"}],"about":[{"href":"https:\/\/portaltela.pt\/api\/wp\/v2\/types\/post"}],"author":[{"embeddable":true,"href":"https:\/\/portaltela.pt\/api\/wp\/v2\/users\/2"}],"replies":[{"embeddable":true,"href":"https:\/\/portaltela.pt\/api\/wp\/v2\/comments?post=420123"}],"version-history":[{"count":0,"href":"https:\/\/portaltela.pt\/api\/wp\/v2\/posts\/420123\/revisions"}],"wp:featuredmedia":[{"embeddable":true,"href":"https:\/\/portaltela.pt\/api\/wp\/v2\/media\/420124"}],"wp:attachment":[{"href":"https:\/\/portaltela.pt\/api\/wp\/v2\/media?parent=420123"}],"wp:term":[{"taxonomy":"category","embeddable":true,"href":"https:\/\/portaltela.pt\/api\/wp\/v2\/categories?post=420123"},{"taxonomy":"post_tag","embeddable":true,"href":"https:\/\/portaltela.pt\/api\/wp\/v2\/tags?post=420123"}],"curies":[{"name":"wp","href":"https:\/\/api.w.org\/{rel}","templated":true}]}}