{"id":420118,"date":"2026-03-24T17:53:00","date_gmt":"2026-03-24T20:53:00","guid":{"rendered":"https:\/\/portaltela.pt\/noticias\/2026\/03\/24\/protecao-civil-deteta-falha-no-estadio-da-luz\/"},"modified":"2026-03-24T17:53:00","modified_gmt":"2026-03-24T20:53:00","slug":"protecao-civil-deteta-falha-no-estadio-da-luz","status":"publish","type":"post","link":"https:\/\/portaltela.pt\/desporto\/futebol\/2026\/03\/24\/protecao-civil-deteta-falha-no-estadio-da-luz\/","title":{"rendered":"Prote\u00e7\u00e3o Civil deteta falha no Est\u00e1dio da Luz"},"content":{"rendered":"<p>A Prote\u00e7\u00e3o Civil detectou uma falha no Est\u00e1dio da Luz durante uma vistoria efetuada por t\u00e9cnicos especializados em grandes infraestruturas desportivas. O desvio foi identificado no \u00e2mbito do processo de licenciamento para a pr\u00f3xima temporada.<\/p>\n<p>Segundo o Correio da Manh\u00e3, a fiscaliza\u00e7\u00e3o ocorreu num momento em que a Liga de Clubes vai realizar inspe\u00e7\u00f5es aos est\u00e1dios das equipas profissionais de futebol, em meados de abril. As equipas devem entregar documenta\u00e7\u00e3o que inclua o aval de seguran\u00e7a da Prote\u00e7\u00e3o Civil.<\/p>\n<p>Esta vistoria da Liga enquadra-se no processo de licenciamento para a temporada seguinte, com o objetivo de confirmar que o recinto cumpre as regras de seguran\u00e7a. O Benfica ainda n\u00e3o forneceu coment\u00e1rios.<\/p>\n<p>A Prote\u00e7\u00e3o Civil pode, na pr\u00e1tica, atribuir um prazo para corre\u00e7\u00e3o de falhas que n\u00e3o sejam graves. Tudo indica que esse poder\u00e1 ser o caso envolvendo o Est\u00e1dio da Luz, sem que haja risco para o pr\u00f3ximo jogo em casa do Benfica, frente ao Nacional, a 12 de abril, pela 29.\u00aa jornada do campeonato.<\/p>\n","protected":false},"excerpt":{"rendered":"<ul>\n<li>A Prote\u00e7\u00e3o Civil detetou uma falha no Est\u00e1dio da Luz durante uma vistoria para o licenciamento da pr\u00f3xima temporada.<\/li>\n<li>O problema foi identificado por t\u00e9cnicos especializados na avalia\u00e7\u00e3o de grandes infraestruturas desportivas, segundo o Correio da Manh\u00e3.<\/li>\n<li>Em meados de abril, a Liga de Clubes vai realizar inspe\u00e7\u00f5es aos est\u00e1dios das equipas profissionais, com os clubes a entregar documenta\u00e7\u00e3o, incluindo o aval da Prote\u00e7\u00e3o Civil.<\/li>\n<li>O Benfica n\u00e3o comentou o assunto; a Prote\u00e7\u00e3o Civil pode exigir um prazo para corrigir a falha, desde que n\u00e3o seja grave.<\/li>\n<li>O est\u00e1dio n\u00e3o dever\u00e1 ficar indispon\u00edvel para o pr\u00f3ximo jogo em casa, frente ao Nacional, a 12 de abril, pela 29.\u00aa jornada do campeonato.<\/li>\n<\/ul>\n","protected":false},"author":2,"featured_media":420120,"comment_status":"closed","ping_status":"closed","sticky":false,"template":"","format":"standard","meta":{"footnotes":""},"categories":[21,24],"tags":[1946,32,4580,1786,981,320],"class_list":["post-420118","post","type-post","status-publish","format-standard","has-post-thumbnail","hentry","category-desporto","category-futebol","tag-benfica","tag-futebol","tag-instalacao-desportiva","tag-liga","tag-lisboa","tag-protecao-civil"],"yoast_head":"<!-- This site is optimized with the Yoast SEO plugin v27.2 - https:\/\/yoast.com\/product\/yoast-seo-wordpress\/ -->\n<title>Prote\u00e7\u00e3o Civil deteta falha no Est\u00e1dio da Luz - Portal Tela Portugal<\/title>\n<meta name=\"robots\" content=\"index, follow, max-snippet:-1, max-image-preview:large, max-video-preview:-1\" \/>\n<meta property=\"og:locale\" content=\"pt_PT\" \/>\n<meta property=\"og:type\" content=\"article\" \/>\n<meta property=\"og:title\" content=\"Prote\u00e7\u00e3o Civil deteta falha no Est\u00e1dio da Luz - Portal Tela Portugal\" \/>\n<meta property=\"og:description\" content=\"A Prote\u00e7\u00e3o Civil detetou uma falha no Est\u00e1dio da Luz durante uma vistoria para o licenciamento da pr\u00f3xima temporada. O problema foi identificado por t\u00e9cnicos especializados na avalia\u00e7\u00e3o de grandes infraestruturas desportivas, segundo o Correio da Manh\u00e3. Em meados de abril, a Liga de Clubes vai realizar inspe\u00e7\u00f5es aos est\u00e1dios das equipas profissionais, com os clubes a entregar documenta\u00e7\u00e3o, incluindo o aval da Prote\u00e7\u00e3o Civil. O Benfica n\u00e3o comentou o assunto; a Prote\u00e7\u00e3o Civil pode exigir um prazo para corrigir a falha, desde que n\u00e3o seja grave. O est\u00e1dio n\u00e3o dever\u00e1 ficar indispon\u00edvel para o pr\u00f3ximo jogo em casa, frente ao Nacional, a 12 de abril, pela 29.\u00aa jornada do campeonato.\" \/>\n<meta property=\"og:url\" content=\"https:\/\/portaltela.pt\/noticias\/2026\/03\/24\/protecao-civil-deteta-falha-no-estadio-da-luz\/\" \/>\n<meta property=\"og:site_name\" content=\"Portal Tela Portugal\" \/>\n<meta property=\"article:published_time\" content=\"2026-03-24T20:53:00+00:00\" \/>\n<meta name=\"author\" content=\"Telinha\" \/>\n<meta name=\"twitter:card\" content=\"summary_large_image\" \/>\n<meta name=\"twitter:label1\" content=\"Escrito por\" \/>\n\t<meta name=\"twitter:data1\" content=\"Telinha\" \/>\n\t<meta name=\"twitter:label2\" content=\"Tempo estimado de leitura\" \/>\n\t<meta name=\"twitter:data2\" content=\"1 minuto\" \/>\n<script type=\"application\/ld+json\" class=\"yoast-schema-graph\">{\"@context\":\"https:\/\/schema.org\",\"@graph\":[{\"@type\":\"Article\",\"@id\":\"https:\/\/portaltela.pt\/noticias\/2026\/03\/24\/protecao-civil-deteta-falha-no-estadio-da-luz\/#article\",\"isPartOf\":{\"@id\":\"https:\/\/portaltela.pt\/noticias\/2026\/03\/24\/protecao-civil-deteta-falha-no-estadio-da-luz\/\"},\"author\":{\"name\":\"Telinha\",\"@id\":\"https:\/\/portaltela.pt\/#\/schema\/person\/c4278d4a6028830caff9ee44b42d32ed\"},\"headline\":\"Prote\u00e7\u00e3o Civil deteta falha no Est\u00e1dio da Luz\",\"datePublished\":\"2026-03-24T20:53:00+00:00\",\"mainEntityOfPage\":{\"@id\":\"https:\/\/portaltela.pt\/noticias\/2026\/03\/24\/protecao-civil-deteta-falha-no-estadio-da-luz\/\"},\"wordCount\":192,\"image\":{\"@id\":\"https:\/\/portaltela.pt\/noticias\/2026\/03\/24\/protecao-civil-deteta-falha-no-estadio-da-luz\/#primaryimage\"},\"thumbnailUrl\":\"https:\/\/portaltela.pt\/s.01k8rhncp4jt1\/2026\/03\/img_1280x721uu2026-03-09-14-00-16-2271331.jpg\",\"keywords\":[\"Benfica\",\"futebol\",\"instala\u00e7\u00e3o desportiva\",\"Liga\",\"Lisboa\",\"prote\u00e7\u00e3o civil\"],\"articleSection\":[\"Desporto\",\"Futebol\"],\"inLanguage\":\"pt-PT\"},{\"@type\":\"WebPage\",\"@id\":\"https:\/\/portaltela.pt\/noticias\/2026\/03\/24\/protecao-civil-deteta-falha-no-estadio-da-luz\/\",\"url\":\"https:\/\/portaltela.pt\/noticias\/2026\/03\/24\/protecao-civil-deteta-falha-no-estadio-da-luz\/\",\"name\":\"Prote\u00e7\u00e3o Civil deteta falha no Est\u00e1dio da Luz - Portal Tela Portugal\",\"isPartOf\":{\"@id\":\"https:\/\/portaltela.pt\/#website\"},\"primaryImageOfPage\":{\"@id\":\"https:\/\/portaltela.pt\/noticias\/2026\/03\/24\/protecao-civil-deteta-falha-no-estadio-da-luz\/#primaryimage\"},\"image\":{\"@id\":\"https:\/\/portaltela.pt\/noticias\/2026\/03\/24\/protecao-civil-deteta-falha-no-estadio-da-luz\/#primaryimage\"},\"thumbnailUrl\":\"https:\/\/portaltela.pt\/s.01k8rhncp4jt1\/2026\/03\/img_1280x721uu2026-03-09-14-00-16-2271331.jpg\",\"datePublished\":\"2026-03-24T20:53:00+00:00\",\"author\":{\"@id\":\"https:\/\/portaltela.pt\/#\/schema\/person\/c4278d4a6028830caff9ee44b42d32ed\"},\"breadcrumb\":{\"@id\":\"https:\/\/portaltela.pt\/noticias\/2026\/03\/24\/protecao-civil-deteta-falha-no-estadio-da-luz\/#breadcrumb\"},\"inLanguage\":\"pt-PT\",\"potentialAction\":[{\"@type\":\"ReadAction\",\"target\":[\"https:\/\/portaltela.pt\/noticias\/2026\/03\/24\/protecao-civil-deteta-falha-no-estadio-da-luz\/\"]}]},{\"@type\":\"ImageObject\",\"inLanguage\":\"pt-PT\",\"@id\":\"https:\/\/portaltela.pt\/noticias\/2026\/03\/24\/protecao-civil-deteta-falha-no-estadio-da-luz\/#primaryimage\",\"url\":\"https:\/\/portaltela.pt\/s.01k8rhncp4jt1\/2026\/03\/img_1280x721uu2026-03-09-14-00-16-2271331.jpg\",\"contentUrl\":\"https:\/\/portaltela.pt\/s.01k8rhncp4jt1\/2026\/03\/img_1280x721uu2026-03-09-14-00-16-2271331.jpg\",\"width\":796,\"height\":448,\"caption\":\"Vista das bancadas do Est\u00e1dio da Luz\"},{\"@type\":\"BreadcrumbList\",\"@id\":\"https:\/\/portaltela.pt\/noticias\/2026\/03\/24\/protecao-civil-deteta-falha-no-estadio-da-luz\/#breadcrumb\",\"itemListElement\":[{\"@type\":\"ListItem\",\"position\":1,\"name\":\"In\u00edcio\",\"item\":\"https:\/\/portaltela.pt\/\"},{\"@type\":\"ListItem\",\"position\":2,\"name\":\"Prote\u00e7\u00e3o Civil deteta falha no Est\u00e1dio da Luz\"}]},{\"@type\":\"WebSite\",\"@id\":\"https:\/\/portaltela.pt\/#website\",\"url\":\"https:\/\/portaltela.pt\/\",\"name\":\"Portal Tela Portugal\",\"description\":\"\",\"potentialAction\":[{\"@type\":\"SearchAction\",\"target\":{\"@type\":\"EntryPoint\",\"urlTemplate\":\"https:\/\/portaltela.pt\/?s={search_term_string}\"},\"query-input\":{\"@type\":\"PropertyValueSpecification\",\"valueRequired\":true,\"valueName\":\"search_term_string\"}}],\"inLanguage\":\"pt-PT\"},{\"@type\":\"Person\",\"@id\":\"https:\/\/portaltela.pt\/#\/schema\/person\/c4278d4a6028830caff9ee44b42d32ed\",\"name\":\"Telinha\",\"image\":{\"@type\":\"ImageObject\",\"inLanguage\":\"pt-PT\",\"@id\":\"https:\/\/portaltela.pt\/s.01k8rhncp4jt1\/2025\/11\/talking-bot-125x125.png\",\"url\":\"https:\/\/portaltela.pt\/s.01k8rhncp4jt1\/2025\/11\/talking-bot-125x125.png\",\"contentUrl\":\"https:\/\/portaltela.pt\/s.01k8rhncp4jt1\/2025\/11\/talking-bot-125x125.png\",\"caption\":\"Telinha\"},\"sameAs\":[\"https:\/\/portaltela.pt\/\"],\"url\":\"https:\/\/portaltela.pt\/por\/367410592786\/\"}]}<\/script>\n<!-- \/ Yoast SEO plugin. -->","yoast_head_json":{"title":"Prote\u00e7\u00e3o Civil deteta falha no Est\u00e1dio da Luz - Portal Tela Portugal","robots":{"index":"index","follow":"follow","max-snippet":"max-snippet:-1","max-image-preview":"max-image-preview:large","max-video-preview":"max-video-preview:-1"},"og_locale":"pt_PT","og_type":"article","og_title":"Prote\u00e7\u00e3o Civil deteta falha no Est\u00e1dio da Luz - Portal Tela Portugal","og_description":"A Prote\u00e7\u00e3o Civil detetou uma falha no Est\u00e1dio da Luz durante uma vistoria para o licenciamento da pr\u00f3xima temporada. O problema foi identificado por t\u00e9cnicos especializados na avalia\u00e7\u00e3o de grandes infraestruturas desportivas, segundo o Correio da Manh\u00e3. Em meados de abril, a Liga de Clubes vai realizar inspe\u00e7\u00f5es aos est\u00e1dios das equipas profissionais, com os clubes a entregar documenta\u00e7\u00e3o, incluindo o aval da Prote\u00e7\u00e3o Civil. O Benfica n\u00e3o comentou o assunto; a Prote\u00e7\u00e3o Civil pode exigir um prazo para corrigir a falha, desde que n\u00e3o seja grave. O est\u00e1dio n\u00e3o dever\u00e1 ficar indispon\u00edvel para o pr\u00f3ximo jogo em casa, frente ao Nacional, a 12 de abril, pela 29.\u00aa jornada do campeonato.","og_url":"https:\/\/portaltela.pt\/noticias\/2026\/03\/24\/protecao-civil-deteta-falha-no-estadio-da-luz\/","og_site_name":"Portal Tela Portugal","article_published_time":"2026-03-24T20:53:00+00:00","author":"Telinha","twitter_card":"summary_large_image","twitter_misc":{"Escrito por":"Telinha","Tempo estimado de leitura":"1 minuto"},"schema":{"@context":"https:\/\/schema.org","@graph":[{"@type":"Article","@id":"https:\/\/portaltela.pt\/noticias\/2026\/03\/24\/protecao-civil-deteta-falha-no-estadio-da-luz\/#article","isPartOf":{"@id":"https:\/\/portaltela.pt\/noticias\/2026\/03\/24\/protecao-civil-deteta-falha-no-estadio-da-luz\/"},"author":{"name":"Telinha","@id":"https:\/\/portaltela.pt\/#\/schema\/person\/c4278d4a6028830caff9ee44b42d32ed"},"headline":"Prote\u00e7\u00e3o Civil deteta falha no Est\u00e1dio da Luz","datePublished":"2026-03-24T20:53:00+00:00","mainEntityOfPage":{"@id":"https:\/\/portaltela.pt\/noticias\/2026\/03\/24\/protecao-civil-deteta-falha-no-estadio-da-luz\/"},"wordCount":192,"image":{"@id":"https:\/\/portaltela.pt\/noticias\/2026\/03\/24\/protecao-civil-deteta-falha-no-estadio-da-luz\/#primaryimage"},"thumbnailUrl":"https:\/\/portaltela.pt\/s.01k8rhncp4jt1\/2026\/03\/img_1280x721uu2026-03-09-14-00-16-2271331.jpg","keywords":["Benfica","futebol","instala\u00e7\u00e3o desportiva","Liga","Lisboa","prote\u00e7\u00e3o civil"],"articleSection":["Desporto","Futebol"],"inLanguage":"pt-PT"},{"@type":"WebPage","@id":"https:\/\/portaltela.pt\/noticias\/2026\/03\/24\/protecao-civil-deteta-falha-no-estadio-da-luz\/","url":"https:\/\/portaltela.pt\/noticias\/2026\/03\/24\/protecao-civil-deteta-falha-no-estadio-da-luz\/","name":"Prote\u00e7\u00e3o Civil deteta falha no Est\u00e1dio da Luz - Portal Tela Portugal","isPartOf":{"@id":"https:\/\/portaltela.pt\/#website"},"primaryImageOfPage":{"@id":"https:\/\/portaltela.pt\/noticias\/2026\/03\/24\/protecao-civil-deteta-falha-no-estadio-da-luz\/#primaryimage"},"image":{"@id":"https:\/\/portaltela.pt\/noticias\/2026\/03\/24\/protecao-civil-deteta-falha-no-estadio-da-luz\/#primaryimage"},"thumbnailUrl":"https:\/\/portaltela.pt\/s.01k8rhncp4jt1\/2026\/03\/img_1280x721uu2026-03-09-14-00-16-2271331.jpg","datePublished":"2026-03-24T20:53:00+00:00","author":{"@id":"https:\/\/portaltela.pt\/#\/schema\/person\/c4278d4a6028830caff9ee44b42d32ed"},"breadcrumb":{"@id":"https:\/\/portaltela.pt\/noticias\/2026\/03\/24\/protecao-civil-deteta-falha-no-estadio-da-luz\/#breadcrumb"},"inLanguage":"pt-PT","potentialAction":[{"@type":"ReadAction","target":["https:\/\/portaltela.pt\/noticias\/2026\/03\/24\/protecao-civil-deteta-falha-no-estadio-da-luz\/"]}]},{"@type":"ImageObject","inLanguage":"pt-PT","@id":"https:\/\/portaltela.pt\/noticias\/2026\/03\/24\/protecao-civil-deteta-falha-no-estadio-da-luz\/#primaryimage","url":"https:\/\/portaltela.pt\/s.01k8rhncp4jt1\/2026\/03\/img_1280x721uu2026-03-09-14-00-16-2271331.jpg","contentUrl":"https:\/\/portaltela.pt\/s.01k8rhncp4jt1\/2026\/03\/img_1280x721uu2026-03-09-14-00-16-2271331.jpg","width":796,"height":448,"caption":"Vista das bancadas do Est\u00e1dio da Luz"},{"@type":"BreadcrumbList","@id":"https:\/\/portaltela.pt\/noticias\/2026\/03\/24\/protecao-civil-deteta-falha-no-estadio-da-luz\/#breadcrumb","itemListElement":[{"@type":"ListItem","position":1,"name":"In\u00edcio","item":"https:\/\/portaltela.pt\/"},{"@type":"ListItem","position":2,"name":"Prote\u00e7\u00e3o Civil deteta falha no Est\u00e1dio da Luz"}]},{"@type":"WebSite","@id":"https:\/\/portaltela.pt\/#website","url":"https:\/\/portaltela.pt\/","name":"Portal Tela Portugal","description":"","potentialAction":[{"@type":"SearchAction","target":{"@type":"EntryPoint","urlTemplate":"https:\/\/portaltela.pt\/?s={search_term_string}"},"query-input":{"@type":"PropertyValueSpecification","valueRequired":true,"valueName":"search_term_string"}}],"inLanguage":"pt-PT"},{"@type":"Person","@id":"https:\/\/portaltela.pt\/#\/schema\/person\/c4278d4a6028830caff9ee44b42d32ed","name":"Telinha","image":{"@type":"ImageObject","inLanguage":"pt-PT","@id":"https:\/\/portaltela.pt\/s.01k8rhncp4jt1\/2025\/11\/talking-bot-125x125.png","url":"https:\/\/portaltela.pt\/s.01k8rhncp4jt1\/2025\/11\/talking-bot-125x125.png","contentUrl":"https:\/\/portaltela.pt\/s.01k8rhncp4jt1\/2025\/11\/talking-bot-125x125.png","caption":"Telinha"},"sameAs":["https:\/\/portaltela.pt\/"],"url":"https:\/\/portaltela.pt\/por\/367410592786\/"}]}},"_links":{"self":[{"href":"https:\/\/portaltela.pt\/api\/wp\/v2\/posts\/420118","targetHints":{"allow":["GET"]}}],"collection":[{"href":"https:\/\/portaltela.pt\/api\/wp\/v2\/posts"}],"about":[{"href":"https:\/\/portaltela.pt\/api\/wp\/v2\/types\/post"}],"author":[{"embeddable":true,"href":"https:\/\/portaltela.pt\/api\/wp\/v2\/users\/2"}],"replies":[{"embeddable":true,"href":"https:\/\/portaltela.pt\/api\/wp\/v2\/comments?post=420118"}],"version-history":[{"count":0,"href":"https:\/\/portaltela.pt\/api\/wp\/v2\/posts\/420118\/revisions"}],"wp:featuredmedia":[{"embeddable":true,"href":"https:\/\/portaltela.pt\/api\/wp\/v2\/media\/420120"}],"wp:attachment":[{"href":"https:\/\/portaltela.pt\/api\/wp\/v2\/media?parent=420118"}],"wp:term":[{"taxonomy":"category","embeddable":true,"href":"https:\/\/portaltela.pt\/api\/wp\/v2\/categories?post=420118"},{"taxonomy":"post_tag","embeddable":true,"href":"https:\/\/portaltela.pt\/api\/wp\/v2\/tags?post=420118"}],"curies":[{"name":"wp","href":"https:\/\/api.w.org\/{rel}","templated":true}]}}