{"id":420114,"date":"2026-03-24T14:27:00","date_gmt":"2026-03-24T17:27:00","guid":{"rendered":"https:\/\/portaltela.pt\/noticias\/2026\/03\/24\/estudantes-exigem-ensino-superior-gratuito-e-mais-alojamento\/"},"modified":"2026-03-24T14:27:00","modified_gmt":"2026-03-24T17:27:00","slug":"estudantes-exigem-ensino-superior-gratuito-e-mais-alojamento","status":"publish","type":"post","link":"https:\/\/portaltela.pt\/sociedade\/2026\/03\/24\/estudantes-exigem-ensino-superior-gratuito-e-mais-alojamento\/","title":{"rendered":"Estudantes exigem ensino superior gratuito e mais alojamento"},"content":{"rendered":"<p>Os estudantes est\u00e3o a exigir gratuidade no ensino superior e um aumento no alojamento estudantil. A manifesta\u00e7\u00e3o reuniu alumnos de v\u00e1rias institui\u00e7\u00f5es num protesto com reivindica\u00e7\u00f5es claras sobre acesso e condi\u00e7\u00f5es de estudo.<\/p>\n<p>Segundo organizadores, o objetivo \u00e9 tornar o ensino superior acess\u00edvel a todos, independentemente da situa\u00e7\u00e3o econ\u00f3mica. Al\u00e9m disso, pedem mais op\u00e7\u00f5es de alojamento pr\u00f3ximo das universidades para reduzir custos e facilitar a perman\u00eancia.<\/p>\n<p>A concentra\u00e7\u00e3o de alunos ocorreu sem incidentes relevantes, segundo a pol\u00edcia. N\u00e3o foram divulgadas informa\u00e7\u00f5es sobre o n\u00famero de participantes nem sobre a identidade das entidades organizadoras.<\/p>\n<p>Entre as raz\u00f5es apresentadas, os estudantes apontam o custo de vida estudantil e a escassez de habita\u00e7\u00e3o acess\u00edvel como entraves \u00e0 progress\u00e3o acad\u00e9mica. As reivindica\u00e7\u00f5es mant\u00eam o foco na gratuitidade e no alojamento.<\/p>\n<p>N\u00e3o houve an\u00fancio de medidas j\u00e1 aprovadas pelo governo ou pelas institui\u00e7\u00f5es. As a\u00e7\u00f5es continuam a ser acompanhadas por representantes estudantis e por organiza\u00e7\u00f5es da sociedade civil.<\/p>\n<p>As autoridades ainda n\u00e3o divulgaram planos espec\u00edficos para responder \u00e0s duas principais exig\u00eancias: gratuidade no ensino e amplia\u00e7\u00e3o de alojamento. O desfecho do movimento permanece em aberto.<\/p>\n","protected":false},"excerpt":{"rendered":"<ul>\n<li>Estudantes exigem gratuitidade no ensino superior.<\/li>\n<li>Pedem tamb\u00e9m mais alojamento estudantil.<\/li>\n<li>O tema centra-se no acesso \u00e0 educa\u00e7\u00e3o e nas condi\u00e7\u00f5es de habita\u00e7\u00e3o para alunos.<\/li>\n<li>O conte\u00fado completo da not\u00edcia est\u00e1 dispon\u00edvel apenas para subscritores.<\/li>\n<\/ul>\n","protected":false},"author":2,"featured_media":420116,"comment_status":"closed","ping_status":"closed","sticky":false,"template":"","format":"standard","meta":{"footnotes":""},"categories":[1,6871],"tags":[163,2443,6623,5139,150,3520],"class_list":["post-420114","post","type-post","status-publish","format-standard","has-post-thumbnail","hentry","category-noticias","category-sociedade","tag-educacao","tag-educacao-publica","tag-ensino-superior","tag-estudantes","tag-habitacao","tag-habitacao-acessivel"],"yoast_head":"<!-- This site is optimized with the Yoast SEO plugin v27.2 - https:\/\/yoast.com\/product\/yoast-seo-wordpress\/ -->\n<title>Estudantes exigem ensino superior gratuito e mais alojamento - Portal Tela Portugal<\/title>\n<meta name=\"robots\" content=\"index, follow, max-snippet:-1, max-image-preview:large, max-video-preview:-1\" \/>\n<meta property=\"og:locale\" content=\"pt_PT\" \/>\n<meta property=\"og:type\" content=\"article\" \/>\n<meta property=\"og:title\" content=\"Estudantes exigem ensino superior gratuito e mais alojamento - Portal Tela Portugal\" \/>\n<meta property=\"og:description\" content=\"Estudantes exigem gratuitidade no ensino superior. Pedem tamb\u00e9m mais alojamento estudantil. O tema centra-se no acesso \u00e0 educa\u00e7\u00e3o e nas condi\u00e7\u00f5es de habita\u00e7\u00e3o para alunos. O conte\u00fado completo da not\u00edcia est\u00e1 dispon\u00edvel apenas para subscritores.\" \/>\n<meta property=\"og:url\" content=\"https:\/\/portaltela.pt\/noticias\/2026\/03\/24\/estudantes-exigem-ensino-superior-gratuito-e-mais-alojamento\/\" \/>\n<meta property=\"og:site_name\" content=\"Portal Tela Portugal\" \/>\n<meta property=\"article:published_time\" content=\"2026-03-24T17:27:00+00:00\" \/>\n<meta name=\"author\" content=\"Telinha\" \/>\n<meta name=\"twitter:card\" content=\"summary_large_image\" \/>\n<meta name=\"twitter:label1\" content=\"Escrito por\" \/>\n\t<meta name=\"twitter:data1\" content=\"Telinha\" \/>\n\t<meta name=\"twitter:label2\" content=\"Tempo estimado de leitura\" \/>\n\t<meta name=\"twitter:data2\" content=\"1 minuto\" \/>\n<script type=\"application\/ld+json\" class=\"yoast-schema-graph\">{\"@context\":\"https:\/\/schema.org\",\"@graph\":[{\"@type\":\"Article\",\"@id\":\"https:\/\/portaltela.pt\/noticias\/2026\/03\/24\/estudantes-exigem-ensino-superior-gratuito-e-mais-alojamento\/#article\",\"isPartOf\":{\"@id\":\"https:\/\/portaltela.pt\/noticias\/2026\/03\/24\/estudantes-exigem-ensino-superior-gratuito-e-mais-alojamento\/\"},\"author\":{\"name\":\"Telinha\",\"@id\":\"https:\/\/portaltela.pt\/#\/schema\/person\/c4278d4a6028830caff9ee44b42d32ed\"},\"headline\":\"Estudantes exigem ensino superior gratuito e mais alojamento\",\"datePublished\":\"2026-03-24T17:27:00+00:00\",\"mainEntityOfPage\":{\"@id\":\"https:\/\/portaltela.pt\/noticias\/2026\/03\/24\/estudantes-exigem-ensino-superior-gratuito-e-mais-alojamento\/\"},\"wordCount\":220,\"image\":{\"@id\":\"https:\/\/portaltela.pt\/noticias\/2026\/03\/24\/estudantes-exigem-ensino-superior-gratuito-e-mais-alojamento\/#primaryimage\"},\"thumbnailUrl\":\"https:\/\/portaltela.pt\/s.01k8rhncp4jt1\/2026\/03\/CACHE_780X1200_ANALOG_WATERMARKED_46816854_5203784_24032026054059.jpg\",\"keywords\":[\"educa\u00e7\u00e3o\",\"educa\u00e7\u00e3o p\u00fablica\",\"Ensino Superior\",\"estudantes\",\"habita\u00e7\u00e3o\",\"habita\u00e7\u00e3o acess\u00edvel\"],\"articleSection\":[\"Not\u00edcias\",\"Sociedade\"],\"inLanguage\":\"pt-PT\"},{\"@type\":\"WebPage\",\"@id\":\"https:\/\/portaltela.pt\/noticias\/2026\/03\/24\/estudantes-exigem-ensino-superior-gratuito-e-mais-alojamento\/\",\"url\":\"https:\/\/portaltela.pt\/noticias\/2026\/03\/24\/estudantes-exigem-ensino-superior-gratuito-e-mais-alojamento\/\",\"name\":\"Estudantes exigem ensino superior gratuito e mais alojamento - Portal Tela Portugal\",\"isPartOf\":{\"@id\":\"https:\/\/portaltela.pt\/#website\"},\"primaryImageOfPage\":{\"@id\":\"https:\/\/portaltela.pt\/noticias\/2026\/03\/24\/estudantes-exigem-ensino-superior-gratuito-e-mais-alojamento\/#primaryimage\"},\"image\":{\"@id\":\"https:\/\/portaltela.pt\/noticias\/2026\/03\/24\/estudantes-exigem-ensino-superior-gratuito-e-mais-alojamento\/#primaryimage\"},\"thumbnailUrl\":\"https:\/\/portaltela.pt\/s.01k8rhncp4jt1\/2026\/03\/CACHE_780X1200_ANALOG_WATERMARKED_46816854_5203784_24032026054059.jpg\",\"datePublished\":\"2026-03-24T17:27:00+00:00\",\"author\":{\"@id\":\"https:\/\/portaltela.pt\/#\/schema\/person\/c4278d4a6028830caff9ee44b42d32ed\"},\"breadcrumb\":{\"@id\":\"https:\/\/portaltela.pt\/noticias\/2026\/03\/24\/estudantes-exigem-ensino-superior-gratuito-e-mais-alojamento\/#breadcrumb\"},\"inLanguage\":\"pt-PT\",\"potentialAction\":[{\"@type\":\"ReadAction\",\"target\":[\"https:\/\/portaltela.pt\/noticias\/2026\/03\/24\/estudantes-exigem-ensino-superior-gratuito-e-mais-alojamento\/\"]}]},{\"@type\":\"ImageObject\",\"inLanguage\":\"pt-PT\",\"@id\":\"https:\/\/portaltela.pt\/noticias\/2026\/03\/24\/estudantes-exigem-ensino-superior-gratuito-e-mais-alojamento\/#primaryimage\",\"url\":\"https:\/\/portaltela.pt\/s.01k8rhncp4jt1\/2026\/03\/CACHE_780X1200_ANALOG_WATERMARKED_46816854_5203784_24032026054059.jpg\",\"contentUrl\":\"https:\/\/portaltela.pt\/s.01k8rhncp4jt1\/2026\/03\/CACHE_780X1200_ANALOG_WATERMARKED_46816854_5203784_24032026054059.jpg\",\"width\":796,\"height\":448,\"caption\":\"Estudantes exigem gratuitidade no ensino superior e mais alojamento\"},{\"@type\":\"BreadcrumbList\",\"@id\":\"https:\/\/portaltela.pt\/noticias\/2026\/03\/24\/estudantes-exigem-ensino-superior-gratuito-e-mais-alojamento\/#breadcrumb\",\"itemListElement\":[{\"@type\":\"ListItem\",\"position\":1,\"name\":\"In\u00edcio\",\"item\":\"https:\/\/portaltela.pt\/\"},{\"@type\":\"ListItem\",\"position\":2,\"name\":\"Estudantes exigem ensino superior gratuito e mais alojamento\"}]},{\"@type\":\"WebSite\",\"@id\":\"https:\/\/portaltela.pt\/#website\",\"url\":\"https:\/\/portaltela.pt\/\",\"name\":\"Portal Tela Portugal\",\"description\":\"\",\"potentialAction\":[{\"@type\":\"SearchAction\",\"target\":{\"@type\":\"EntryPoint\",\"urlTemplate\":\"https:\/\/portaltela.pt\/?s={search_term_string}\"},\"query-input\":{\"@type\":\"PropertyValueSpecification\",\"valueRequired\":true,\"valueName\":\"search_term_string\"}}],\"inLanguage\":\"pt-PT\"},{\"@type\":\"Person\",\"@id\":\"https:\/\/portaltela.pt\/#\/schema\/person\/c4278d4a6028830caff9ee44b42d32ed\",\"name\":\"Telinha\",\"image\":{\"@type\":\"ImageObject\",\"inLanguage\":\"pt-PT\",\"@id\":\"https:\/\/portaltela.pt\/s.01k8rhncp4jt1\/2025\/11\/talking-bot-125x125.png\",\"url\":\"https:\/\/portaltela.pt\/s.01k8rhncp4jt1\/2025\/11\/talking-bot-125x125.png\",\"contentUrl\":\"https:\/\/portaltela.pt\/s.01k8rhncp4jt1\/2025\/11\/talking-bot-125x125.png\",\"caption\":\"Telinha\"},\"sameAs\":[\"https:\/\/portaltela.pt\/\"],\"url\":\"https:\/\/portaltela.pt\/por\/367410592786\/\"}]}<\/script>\n<!-- \/ Yoast SEO plugin. -->","yoast_head_json":{"title":"Estudantes exigem ensino superior gratuito e mais alojamento - Portal Tela Portugal","robots":{"index":"index","follow":"follow","max-snippet":"max-snippet:-1","max-image-preview":"max-image-preview:large","max-video-preview":"max-video-preview:-1"},"og_locale":"pt_PT","og_type":"article","og_title":"Estudantes exigem ensino superior gratuito e mais alojamento - Portal Tela Portugal","og_description":"Estudantes exigem gratuitidade no ensino superior. Pedem tamb\u00e9m mais alojamento estudantil. O tema centra-se no acesso \u00e0 educa\u00e7\u00e3o e nas condi\u00e7\u00f5es de habita\u00e7\u00e3o para alunos. O conte\u00fado completo da not\u00edcia est\u00e1 dispon\u00edvel apenas para subscritores.","og_url":"https:\/\/portaltela.pt\/noticias\/2026\/03\/24\/estudantes-exigem-ensino-superior-gratuito-e-mais-alojamento\/","og_site_name":"Portal Tela Portugal","article_published_time":"2026-03-24T17:27:00+00:00","author":"Telinha","twitter_card":"summary_large_image","twitter_misc":{"Escrito por":"Telinha","Tempo estimado de leitura":"1 minuto"},"schema":{"@context":"https:\/\/schema.org","@graph":[{"@type":"Article","@id":"https:\/\/portaltela.pt\/noticias\/2026\/03\/24\/estudantes-exigem-ensino-superior-gratuito-e-mais-alojamento\/#article","isPartOf":{"@id":"https:\/\/portaltela.pt\/noticias\/2026\/03\/24\/estudantes-exigem-ensino-superior-gratuito-e-mais-alojamento\/"},"author":{"name":"Telinha","@id":"https:\/\/portaltela.pt\/#\/schema\/person\/c4278d4a6028830caff9ee44b42d32ed"},"headline":"Estudantes exigem ensino superior gratuito e mais alojamento","datePublished":"2026-03-24T17:27:00+00:00","mainEntityOfPage":{"@id":"https:\/\/portaltela.pt\/noticias\/2026\/03\/24\/estudantes-exigem-ensino-superior-gratuito-e-mais-alojamento\/"},"wordCount":220,"image":{"@id":"https:\/\/portaltela.pt\/noticias\/2026\/03\/24\/estudantes-exigem-ensino-superior-gratuito-e-mais-alojamento\/#primaryimage"},"thumbnailUrl":"https:\/\/portaltela.pt\/s.01k8rhncp4jt1\/2026\/03\/CACHE_780X1200_ANALOG_WATERMARKED_46816854_5203784_24032026054059.jpg","keywords":["educa\u00e7\u00e3o","educa\u00e7\u00e3o p\u00fablica","Ensino Superior","estudantes","habita\u00e7\u00e3o","habita\u00e7\u00e3o acess\u00edvel"],"articleSection":["Not\u00edcias","Sociedade"],"inLanguage":"pt-PT"},{"@type":"WebPage","@id":"https:\/\/portaltela.pt\/noticias\/2026\/03\/24\/estudantes-exigem-ensino-superior-gratuito-e-mais-alojamento\/","url":"https:\/\/portaltela.pt\/noticias\/2026\/03\/24\/estudantes-exigem-ensino-superior-gratuito-e-mais-alojamento\/","name":"Estudantes exigem ensino superior gratuito e mais alojamento - Portal Tela Portugal","isPartOf":{"@id":"https:\/\/portaltela.pt\/#website"},"primaryImageOfPage":{"@id":"https:\/\/portaltela.pt\/noticias\/2026\/03\/24\/estudantes-exigem-ensino-superior-gratuito-e-mais-alojamento\/#primaryimage"},"image":{"@id":"https:\/\/portaltela.pt\/noticias\/2026\/03\/24\/estudantes-exigem-ensino-superior-gratuito-e-mais-alojamento\/#primaryimage"},"thumbnailUrl":"https:\/\/portaltela.pt\/s.01k8rhncp4jt1\/2026\/03\/CACHE_780X1200_ANALOG_WATERMARKED_46816854_5203784_24032026054059.jpg","datePublished":"2026-03-24T17:27:00+00:00","author":{"@id":"https:\/\/portaltela.pt\/#\/schema\/person\/c4278d4a6028830caff9ee44b42d32ed"},"breadcrumb":{"@id":"https:\/\/portaltela.pt\/noticias\/2026\/03\/24\/estudantes-exigem-ensino-superior-gratuito-e-mais-alojamento\/#breadcrumb"},"inLanguage":"pt-PT","potentialAction":[{"@type":"ReadAction","target":["https:\/\/portaltela.pt\/noticias\/2026\/03\/24\/estudantes-exigem-ensino-superior-gratuito-e-mais-alojamento\/"]}]},{"@type":"ImageObject","inLanguage":"pt-PT","@id":"https:\/\/portaltela.pt\/noticias\/2026\/03\/24\/estudantes-exigem-ensino-superior-gratuito-e-mais-alojamento\/#primaryimage","url":"https:\/\/portaltela.pt\/s.01k8rhncp4jt1\/2026\/03\/CACHE_780X1200_ANALOG_WATERMARKED_46816854_5203784_24032026054059.jpg","contentUrl":"https:\/\/portaltela.pt\/s.01k8rhncp4jt1\/2026\/03\/CACHE_780X1200_ANALOG_WATERMARKED_46816854_5203784_24032026054059.jpg","width":796,"height":448,"caption":"Estudantes exigem gratuitidade no ensino superior e mais alojamento"},{"@type":"BreadcrumbList","@id":"https:\/\/portaltela.pt\/noticias\/2026\/03\/24\/estudantes-exigem-ensino-superior-gratuito-e-mais-alojamento\/#breadcrumb","itemListElement":[{"@type":"ListItem","position":1,"name":"In\u00edcio","item":"https:\/\/portaltela.pt\/"},{"@type":"ListItem","position":2,"name":"Estudantes exigem ensino superior gratuito e mais alojamento"}]},{"@type":"WebSite","@id":"https:\/\/portaltela.pt\/#website","url":"https:\/\/portaltela.pt\/","name":"Portal Tela Portugal","description":"","potentialAction":[{"@type":"SearchAction","target":{"@type":"EntryPoint","urlTemplate":"https:\/\/portaltela.pt\/?s={search_term_string}"},"query-input":{"@type":"PropertyValueSpecification","valueRequired":true,"valueName":"search_term_string"}}],"inLanguage":"pt-PT"},{"@type":"Person","@id":"https:\/\/portaltela.pt\/#\/schema\/person\/c4278d4a6028830caff9ee44b42d32ed","name":"Telinha","image":{"@type":"ImageObject","inLanguage":"pt-PT","@id":"https:\/\/portaltela.pt\/s.01k8rhncp4jt1\/2025\/11\/talking-bot-125x125.png","url":"https:\/\/portaltela.pt\/s.01k8rhncp4jt1\/2025\/11\/talking-bot-125x125.png","contentUrl":"https:\/\/portaltela.pt\/s.01k8rhncp4jt1\/2025\/11\/talking-bot-125x125.png","caption":"Telinha"},"sameAs":["https:\/\/portaltela.pt\/"],"url":"https:\/\/portaltela.pt\/por\/367410592786\/"}]}},"_links":{"self":[{"href":"https:\/\/portaltela.pt\/api\/wp\/v2\/posts\/420114","targetHints":{"allow":["GET"]}}],"collection":[{"href":"https:\/\/portaltela.pt\/api\/wp\/v2\/posts"}],"about":[{"href":"https:\/\/portaltela.pt\/api\/wp\/v2\/types\/post"}],"author":[{"embeddable":true,"href":"https:\/\/portaltela.pt\/api\/wp\/v2\/users\/2"}],"replies":[{"embeddable":true,"href":"https:\/\/portaltela.pt\/api\/wp\/v2\/comments?post=420114"}],"version-history":[{"count":0,"href":"https:\/\/portaltela.pt\/api\/wp\/v2\/posts\/420114\/revisions"}],"wp:featuredmedia":[{"embeddable":true,"href":"https:\/\/portaltela.pt\/api\/wp\/v2\/media\/420116"}],"wp:attachment":[{"href":"https:\/\/portaltela.pt\/api\/wp\/v2\/media?parent=420114"}],"wp:term":[{"taxonomy":"category","embeddable":true,"href":"https:\/\/portaltela.pt\/api\/wp\/v2\/categories?post=420114"},{"taxonomy":"post_tag","embeddable":true,"href":"https:\/\/portaltela.pt\/api\/wp\/v2\/tags?post=420114"}],"curies":[{"name":"wp","href":"https:\/\/api.w.org\/{rel}","templated":true}]}}