{"id":420094,"date":"2026-03-24T17:05:00","date_gmt":"2026-03-24T20:05:00","guid":{"rendered":"https:\/\/portaltela.pt\/noticias\/2026\/03\/24\/administrador-de-insolvencia-do-vilaverdense-considera-a-culposa\/"},"modified":"2026-03-24T17:05:00","modified_gmt":"2026-03-24T20:05:00","slug":"administrador-de-insolvencia-do-vilaverdense-considera-a-culposa","status":"publish","type":"post","link":"https:\/\/portaltela.pt\/noticias\/2026\/03\/24\/administrador-de-insolvencia-do-vilaverdense-considera-a-culposa\/","title":{"rendered":"Administrador de insolv\u00eancia do Vilaverdense considera-a culposa"},"content":{"rendered":"<p>O administrador de insolv\u00eancia do Vilaverdense considera a fal\u00eancia da Vilaverdense Futebol SAD culposa, nos termos dos artigos 185.\u00ba e 186.\u00ba do CIRE. A qualifica\u00e7\u00e3o recai sobre a gest\u00e3o da empresa, envolvendo os seus administradores.<\/p>\n<p>Entre os visados est\u00e3o o anterior administrador Ant\u00f3nio Carlos Sim\u00f5es Ara\u00fajo e os atuais, Adriano Barbosa Miranda (presidente), Hugo Filipe Aires Alves Paraizo dos Santos, bem como os administradores de facto Jos\u00e9 Carlos Gon\u00e7alves Coelho e Fernando Masayoshi Umeoka.<\/p>\n<p>A institui\u00e7\u00e3o revelou n\u00fameros relevantes: passivo corrente de 1,6 milh\u00f5es de euros a 30 de junho de 2025, face a ativo de apenas 200 mil euros, com capitais pr\u00f3prios de -1,4 milh\u00f5es. Os resultados l\u00edquidos acumulados superavam 4,5 milh\u00f5es.<\/p>\n<h3>Contexto financeiro<\/h3>\n<p>O processo mant\u00e9m-se em curso, com a possibilidade de responsabiliza\u00e7\u00e3o dos administradores caso se confirme a natureza culposa da insolv\u00eancia. Akeeping diferencia\u00e7\u00e3o entre gest\u00e3o e falta de solvabilidade \u00e9 central para a avalia\u00e7\u00e3o jur\u00eddica em curso.<\/p>\n","protected":false},"excerpt":{"rendered":"<ul>\n<li>O administrador da Insolv\u00eancia, R\u00faben Freitas, entende que a fal\u00eancia da Vilaverdense Futebol SAD deve ser qualificada como culposa, nos termos dos artigos 185.\u00ba e 186.\u00ba do CIRE.<\/li>\n<li>Est\u00e3o apontados como respons\u00e1veis o antigo administrador Ant\u00f3nio Carlos Sim\u00f5es Ara\u00fajo e os atuais Adriano Barbosa Miranda (presidente), Hugo Filipe Aires Alves Paraizo dos Santos, al\u00e9m dos administradores de facto Jos\u00e9 Carlos Gon\u00e7alves Coelho e Fernando Masayoshi Umeoka.<\/li>\n<li>Passivo corrente de 1,6 milh\u00f5es de euros a 30 de junho de 2025, face a um ativo de 200 mil euros e capitais pr\u00f3prios de -1,4 milh\u00f5es.<\/li>\n<li>Os resultados l\u00edquidos acumulados s\u00e3o superiores a 4,5 milh\u00f5es de euros em negativo.<\/li>\n<li>O processo envolve a responsabiliza\u00e7\u00e3o dos administradores da Vilaverdense SAD.<\/li>\n<\/ul>\n","protected":false},"author":2,"featured_media":420097,"comment_status":"closed","ping_status":"closed","sticky":false,"template":"","format":"standard","meta":{"footnotes":""},"categories":[6850,1],"tags":[3692,28,2584,2415,6587,217],"class_list":["post-420094","post","type-post","status-publish","format-standard","has-post-thumbnail","hentry","category-financas","category-noticias","tag-crimes-economicos","tag-economia","tag-financas","tag-gestao","tag-insolvencia-dolosa","tag-investigacao-criminal"],"yoast_head":"<!-- This site is optimized with the Yoast SEO plugin v27.2 - https:\/\/yoast.com\/product\/yoast-seo-wordpress\/ -->\n<title>Administrador de insolv\u00eancia do Vilaverdense considera-a culposa - Portal Tela Portugal<\/title>\n<meta name=\"robots\" content=\"index, follow, max-snippet:-1, max-image-preview:large, max-video-preview:-1\" \/>\n<meta property=\"og:locale\" content=\"pt_PT\" \/>\n<meta property=\"og:type\" content=\"article\" \/>\n<meta property=\"og:title\" content=\"Administrador de insolv\u00eancia do Vilaverdense considera-a culposa - Portal Tela Portugal\" \/>\n<meta property=\"og:description\" content=\"O administrador da Insolv\u00eancia, R\u00faben Freitas, entende que a fal\u00eancia da Vilaverdense Futebol SAD deve ser qualificada como culposa, nos termos dos artigos 185.\u00ba e 186.\u00ba do CIRE. Est\u00e3o apontados como respons\u00e1veis o antigo administrador Ant\u00f3nio Carlos Sim\u00f5es Ara\u00fajo e os atuais Adriano Barbosa Miranda (presidente), Hugo Filipe Aires Alves Paraizo dos Santos, al\u00e9m dos administradores de facto Jos\u00e9 Carlos Gon\u00e7alves Coelho e Fernando Masayoshi Umeoka. Passivo corrente de 1,6 milh\u00f5es de euros a 30 de junho de 2025, face a um ativo de 200 mil euros e capitais pr\u00f3prios de -1,4 milh\u00f5es. Os resultados l\u00edquidos acumulados s\u00e3o superiores a 4,5 milh\u00f5es de euros em negativo. O processo envolve a responsabiliza\u00e7\u00e3o dos administradores da Vilaverdense SAD.\" \/>\n<meta property=\"og:url\" content=\"https:\/\/portaltela.pt\/noticias\/2026\/03\/24\/administrador-de-insolvencia-do-vilaverdense-considera-a-culposa\/\" \/>\n<meta property=\"og:site_name\" content=\"Portal Tela Portugal\" \/>\n<meta property=\"article:published_time\" content=\"2026-03-24T20:05:00+00:00\" \/>\n<meta name=\"author\" content=\"Telinha\" \/>\n<meta name=\"twitter:card\" content=\"summary_large_image\" \/>\n<meta name=\"twitter:label1\" content=\"Escrito por\" \/>\n\t<meta name=\"twitter:data1\" content=\"Telinha\" \/>\n\t<meta name=\"twitter:label2\" content=\"Tempo estimado de leitura\" \/>\n\t<meta name=\"twitter:data2\" content=\"1 minuto\" \/>\n<script type=\"application\/ld+json\" class=\"yoast-schema-graph\">{\"@context\":\"https:\/\/schema.org\",\"@graph\":[{\"@type\":\"Article\",\"@id\":\"https:\/\/portaltela.pt\/noticias\/2026\/03\/24\/administrador-de-insolvencia-do-vilaverdense-considera-a-culposa\/#article\",\"isPartOf\":{\"@id\":\"https:\/\/portaltela.pt\/noticias\/2026\/03\/24\/administrador-de-insolvencia-do-vilaverdense-considera-a-culposa\/\"},\"author\":{\"name\":\"Telinha\",\"@id\":\"https:\/\/portaltela.pt\/#\/schema\/person\/c4278d4a6028830caff9ee44b42d32ed\"},\"headline\":\"Administrador de insolv\u00eancia do Vilaverdense considera-a culposa\",\"datePublished\":\"2026-03-24T20:05:00+00:00\",\"mainEntityOfPage\":{\"@id\":\"https:\/\/portaltela.pt\/noticias\/2026\/03\/24\/administrador-de-insolvencia-do-vilaverdense-considera-a-culposa\/\"},\"wordCount\":174,\"image\":{\"@id\":\"https:\/\/portaltela.pt\/noticias\/2026\/03\/24\/administrador-de-insolvencia-do-vilaverdense-considera-a-culposa\/#primaryimage\"},\"thumbnailUrl\":\"https:\/\/portaltela.pt\/s.01k8rhncp4jt1\/2026\/03\/img_920x518uu2026-02-14-00-31-20-2421492.jpg\",\"keywords\":[\"crimes econ\u00f3micos\",\"economia\",\"finan\u00e7as\",\"gest\u00e3o\",\"insolv\u00eancia dolosa\",\"investiga\u00e7\u00e3o criminal\"],\"articleSection\":[\"Finan\u00e7as\",\"Not\u00edcias\"],\"inLanguage\":\"pt-PT\"},{\"@type\":\"WebPage\",\"@id\":\"https:\/\/portaltela.pt\/noticias\/2026\/03\/24\/administrador-de-insolvencia-do-vilaverdense-considera-a-culposa\/\",\"url\":\"https:\/\/portaltela.pt\/noticias\/2026\/03\/24\/administrador-de-insolvencia-do-vilaverdense-considera-a-culposa\/\",\"name\":\"Administrador de insolv\u00eancia do Vilaverdense considera-a culposa - Portal Tela Portugal\",\"isPartOf\":{\"@id\":\"https:\/\/portaltela.pt\/#website\"},\"primaryImageOfPage\":{\"@id\":\"https:\/\/portaltela.pt\/noticias\/2026\/03\/24\/administrador-de-insolvencia-do-vilaverdense-considera-a-culposa\/#primaryimage\"},\"image\":{\"@id\":\"https:\/\/portaltela.pt\/noticias\/2026\/03\/24\/administrador-de-insolvencia-do-vilaverdense-considera-a-culposa\/#primaryimage\"},\"thumbnailUrl\":\"https:\/\/portaltela.pt\/s.01k8rhncp4jt1\/2026\/03\/img_920x518uu2026-02-14-00-31-20-2421492.jpg\",\"datePublished\":\"2026-03-24T20:05:00+00:00\",\"author\":{\"@id\":\"https:\/\/portaltela.pt\/#\/schema\/person\/c4278d4a6028830caff9ee44b42d32ed\"},\"breadcrumb\":{\"@id\":\"https:\/\/portaltela.pt\/noticias\/2026\/03\/24\/administrador-de-insolvencia-do-vilaverdense-considera-a-culposa\/#breadcrumb\"},\"inLanguage\":\"pt-PT\",\"potentialAction\":[{\"@type\":\"ReadAction\",\"target\":[\"https:\/\/portaltela.pt\/noticias\/2026\/03\/24\/administrador-de-insolvencia-do-vilaverdense-considera-a-culposa\/\"]}]},{\"@type\":\"ImageObject\",\"inLanguage\":\"pt-PT\",\"@id\":\"https:\/\/portaltela.pt\/noticias\/2026\/03\/24\/administrador-de-insolvencia-do-vilaverdense-considera-a-culposa\/#primaryimage\",\"url\":\"https:\/\/portaltela.pt\/s.01k8rhncp4jt1\/2026\/03\/img_920x518uu2026-02-14-00-31-20-2421492.jpg\",\"contentUrl\":\"https:\/\/portaltela.pt\/s.01k8rhncp4jt1\/2026\/03\/img_920x518uu2026-02-14-00-31-20-2421492.jpg\",\"width\":920,\"height\":518,\"caption\":\"Continua o processo de insolv\u00eancia do clube minhoto\"},{\"@type\":\"BreadcrumbList\",\"@id\":\"https:\/\/portaltela.pt\/noticias\/2026\/03\/24\/administrador-de-insolvencia-do-vilaverdense-considera-a-culposa\/#breadcrumb\",\"itemListElement\":[{\"@type\":\"ListItem\",\"position\":1,\"name\":\"In\u00edcio\",\"item\":\"https:\/\/portaltela.pt\/\"},{\"@type\":\"ListItem\",\"position\":2,\"name\":\"Administrador de insolv\u00eancia do Vilaverdense considera-a culposa\"}]},{\"@type\":\"WebSite\",\"@id\":\"https:\/\/portaltela.pt\/#website\",\"url\":\"https:\/\/portaltela.pt\/\",\"name\":\"Portal Tela Portugal\",\"description\":\"\",\"potentialAction\":[{\"@type\":\"SearchAction\",\"target\":{\"@type\":\"EntryPoint\",\"urlTemplate\":\"https:\/\/portaltela.pt\/?s={search_term_string}\"},\"query-input\":{\"@type\":\"PropertyValueSpecification\",\"valueRequired\":true,\"valueName\":\"search_term_string\"}}],\"inLanguage\":\"pt-PT\"},{\"@type\":\"Person\",\"@id\":\"https:\/\/portaltela.pt\/#\/schema\/person\/c4278d4a6028830caff9ee44b42d32ed\",\"name\":\"Telinha\",\"image\":{\"@type\":\"ImageObject\",\"inLanguage\":\"pt-PT\",\"@id\":\"https:\/\/portaltela.pt\/s.01k8rhncp4jt1\/2025\/11\/talking-bot-125x125.png\",\"url\":\"https:\/\/portaltela.pt\/s.01k8rhncp4jt1\/2025\/11\/talking-bot-125x125.png\",\"contentUrl\":\"https:\/\/portaltela.pt\/s.01k8rhncp4jt1\/2025\/11\/talking-bot-125x125.png\",\"caption\":\"Telinha\"},\"sameAs\":[\"https:\/\/portaltela.pt\/\"],\"url\":\"https:\/\/portaltela.pt\/por\/367410592786\/\"}]}<\/script>\n<!-- \/ Yoast SEO plugin. -->","yoast_head_json":{"title":"Administrador de insolv\u00eancia do Vilaverdense considera-a culposa - Portal Tela Portugal","robots":{"index":"index","follow":"follow","max-snippet":"max-snippet:-1","max-image-preview":"max-image-preview:large","max-video-preview":"max-video-preview:-1"},"og_locale":"pt_PT","og_type":"article","og_title":"Administrador de insolv\u00eancia do Vilaverdense considera-a culposa - Portal Tela Portugal","og_description":"O administrador da Insolv\u00eancia, R\u00faben Freitas, entende que a fal\u00eancia da Vilaverdense Futebol SAD deve ser qualificada como culposa, nos termos dos artigos 185.\u00ba e 186.\u00ba do CIRE. Est\u00e3o apontados como respons\u00e1veis o antigo administrador Ant\u00f3nio Carlos Sim\u00f5es Ara\u00fajo e os atuais Adriano Barbosa Miranda (presidente), Hugo Filipe Aires Alves Paraizo dos Santos, al\u00e9m dos administradores de facto Jos\u00e9 Carlos Gon\u00e7alves Coelho e Fernando Masayoshi Umeoka. Passivo corrente de 1,6 milh\u00f5es de euros a 30 de junho de 2025, face a um ativo de 200 mil euros e capitais pr\u00f3prios de -1,4 milh\u00f5es. Os resultados l\u00edquidos acumulados s\u00e3o superiores a 4,5 milh\u00f5es de euros em negativo. O processo envolve a responsabiliza\u00e7\u00e3o dos administradores da Vilaverdense SAD.","og_url":"https:\/\/portaltela.pt\/noticias\/2026\/03\/24\/administrador-de-insolvencia-do-vilaverdense-considera-a-culposa\/","og_site_name":"Portal Tela Portugal","article_published_time":"2026-03-24T20:05:00+00:00","author":"Telinha","twitter_card":"summary_large_image","twitter_misc":{"Escrito por":"Telinha","Tempo estimado de leitura":"1 minuto"},"schema":{"@context":"https:\/\/schema.org","@graph":[{"@type":"Article","@id":"https:\/\/portaltela.pt\/noticias\/2026\/03\/24\/administrador-de-insolvencia-do-vilaverdense-considera-a-culposa\/#article","isPartOf":{"@id":"https:\/\/portaltela.pt\/noticias\/2026\/03\/24\/administrador-de-insolvencia-do-vilaverdense-considera-a-culposa\/"},"author":{"name":"Telinha","@id":"https:\/\/portaltela.pt\/#\/schema\/person\/c4278d4a6028830caff9ee44b42d32ed"},"headline":"Administrador de insolv\u00eancia do Vilaverdense considera-a culposa","datePublished":"2026-03-24T20:05:00+00:00","mainEntityOfPage":{"@id":"https:\/\/portaltela.pt\/noticias\/2026\/03\/24\/administrador-de-insolvencia-do-vilaverdense-considera-a-culposa\/"},"wordCount":174,"image":{"@id":"https:\/\/portaltela.pt\/noticias\/2026\/03\/24\/administrador-de-insolvencia-do-vilaverdense-considera-a-culposa\/#primaryimage"},"thumbnailUrl":"https:\/\/portaltela.pt\/s.01k8rhncp4jt1\/2026\/03\/img_920x518uu2026-02-14-00-31-20-2421492.jpg","keywords":["crimes econ\u00f3micos","economia","finan\u00e7as","gest\u00e3o","insolv\u00eancia dolosa","investiga\u00e7\u00e3o criminal"],"articleSection":["Finan\u00e7as","Not\u00edcias"],"inLanguage":"pt-PT"},{"@type":"WebPage","@id":"https:\/\/portaltela.pt\/noticias\/2026\/03\/24\/administrador-de-insolvencia-do-vilaverdense-considera-a-culposa\/","url":"https:\/\/portaltela.pt\/noticias\/2026\/03\/24\/administrador-de-insolvencia-do-vilaverdense-considera-a-culposa\/","name":"Administrador de insolv\u00eancia do Vilaverdense considera-a culposa - Portal Tela Portugal","isPartOf":{"@id":"https:\/\/portaltela.pt\/#website"},"primaryImageOfPage":{"@id":"https:\/\/portaltela.pt\/noticias\/2026\/03\/24\/administrador-de-insolvencia-do-vilaverdense-considera-a-culposa\/#primaryimage"},"image":{"@id":"https:\/\/portaltela.pt\/noticias\/2026\/03\/24\/administrador-de-insolvencia-do-vilaverdense-considera-a-culposa\/#primaryimage"},"thumbnailUrl":"https:\/\/portaltela.pt\/s.01k8rhncp4jt1\/2026\/03\/img_920x518uu2026-02-14-00-31-20-2421492.jpg","datePublished":"2026-03-24T20:05:00+00:00","author":{"@id":"https:\/\/portaltela.pt\/#\/schema\/person\/c4278d4a6028830caff9ee44b42d32ed"},"breadcrumb":{"@id":"https:\/\/portaltela.pt\/noticias\/2026\/03\/24\/administrador-de-insolvencia-do-vilaverdense-considera-a-culposa\/#breadcrumb"},"inLanguage":"pt-PT","potentialAction":[{"@type":"ReadAction","target":["https:\/\/portaltela.pt\/noticias\/2026\/03\/24\/administrador-de-insolvencia-do-vilaverdense-considera-a-culposa\/"]}]},{"@type":"ImageObject","inLanguage":"pt-PT","@id":"https:\/\/portaltela.pt\/noticias\/2026\/03\/24\/administrador-de-insolvencia-do-vilaverdense-considera-a-culposa\/#primaryimage","url":"https:\/\/portaltela.pt\/s.01k8rhncp4jt1\/2026\/03\/img_920x518uu2026-02-14-00-31-20-2421492.jpg","contentUrl":"https:\/\/portaltela.pt\/s.01k8rhncp4jt1\/2026\/03\/img_920x518uu2026-02-14-00-31-20-2421492.jpg","width":920,"height":518,"caption":"Continua o processo de insolv\u00eancia do clube minhoto"},{"@type":"BreadcrumbList","@id":"https:\/\/portaltela.pt\/noticias\/2026\/03\/24\/administrador-de-insolvencia-do-vilaverdense-considera-a-culposa\/#breadcrumb","itemListElement":[{"@type":"ListItem","position":1,"name":"In\u00edcio","item":"https:\/\/portaltela.pt\/"},{"@type":"ListItem","position":2,"name":"Administrador de insolv\u00eancia do Vilaverdense considera-a culposa"}]},{"@type":"WebSite","@id":"https:\/\/portaltela.pt\/#website","url":"https:\/\/portaltela.pt\/","name":"Portal Tela Portugal","description":"","potentialAction":[{"@type":"SearchAction","target":{"@type":"EntryPoint","urlTemplate":"https:\/\/portaltela.pt\/?s={search_term_string}"},"query-input":{"@type":"PropertyValueSpecification","valueRequired":true,"valueName":"search_term_string"}}],"inLanguage":"pt-PT"},{"@type":"Person","@id":"https:\/\/portaltela.pt\/#\/schema\/person\/c4278d4a6028830caff9ee44b42d32ed","name":"Telinha","image":{"@type":"ImageObject","inLanguage":"pt-PT","@id":"https:\/\/portaltela.pt\/s.01k8rhncp4jt1\/2025\/11\/talking-bot-125x125.png","url":"https:\/\/portaltela.pt\/s.01k8rhncp4jt1\/2025\/11\/talking-bot-125x125.png","contentUrl":"https:\/\/portaltela.pt\/s.01k8rhncp4jt1\/2025\/11\/talking-bot-125x125.png","caption":"Telinha"},"sameAs":["https:\/\/portaltela.pt\/"],"url":"https:\/\/portaltela.pt\/por\/367410592786\/"}]}},"_links":{"self":[{"href":"https:\/\/portaltela.pt\/api\/wp\/v2\/posts\/420094","targetHints":{"allow":["GET"]}}],"collection":[{"href":"https:\/\/portaltela.pt\/api\/wp\/v2\/posts"}],"about":[{"href":"https:\/\/portaltela.pt\/api\/wp\/v2\/types\/post"}],"author":[{"embeddable":true,"href":"https:\/\/portaltela.pt\/api\/wp\/v2\/users\/2"}],"replies":[{"embeddable":true,"href":"https:\/\/portaltela.pt\/api\/wp\/v2\/comments?post=420094"}],"version-history":[{"count":0,"href":"https:\/\/portaltela.pt\/api\/wp\/v2\/posts\/420094\/revisions"}],"wp:featuredmedia":[{"embeddable":true,"href":"https:\/\/portaltela.pt\/api\/wp\/v2\/media\/420097"}],"wp:attachment":[{"href":"https:\/\/portaltela.pt\/api\/wp\/v2\/media?parent=420094"}],"wp:term":[{"taxonomy":"category","embeddable":true,"href":"https:\/\/portaltela.pt\/api\/wp\/v2\/categories?post=420094"},{"taxonomy":"post_tag","embeddable":true,"href":"https:\/\/portaltela.pt\/api\/wp\/v2\/tags?post=420094"}],"curies":[{"name":"wp","href":"https:\/\/api.w.org\/{rel}","templated":true}]}}