{"id":420091,"date":"2026-03-24T17:09:01","date_gmt":"2026-03-24T20:09:01","guid":{"rendered":"https:\/\/portaltela.pt\/noticias\/2026\/03\/24\/selecao-polaca-oferece-mimo-aos-adeptos-do-fc-porto\/"},"modified":"2026-03-24T17:09:01","modified_gmt":"2026-03-24T20:09:01","slug":"selecao-polaca-oferece-mimo-aos-adeptos-do-fc-porto","status":"publish","type":"post","link":"https:\/\/portaltela.pt\/desporto\/futebol\/2026\/03\/24\/selecao-polaca-oferece-mimo-aos-adeptos-do-fc-porto\/","title":{"rendered":"Sele\u00e7\u00e3o polaca oferece mimo aos adeptos do FC Porto"},"content":{"rendered":"<p>O FC Porto tem motivado a liga\u00e7\u00e3o com a Pol\u00f3nia, ap\u00f3s Bednarek, Kiwior e Pietuszewski contribu\u00edrem para a temporada da equipa. A Federa\u00e7\u00e3o Polaca partilhou fotografias com a camisola da sele\u00e7\u00e3o para o Mundial 2026.<\/p>\n<p>Bednarek e Kiwior estiveram presentes at\u00e9 ao inverno, marcando presen\u00e7a na equipa azul e branca desde o in\u00edcio da \u00e9poca. Pietuszewski chegou ao clube no mercado de transfer\u00eancias de inverno, ampliando o trio polaco.<\/p>\n<p>As imagens foram publicadas pela federa\u00e7\u00e3o nas redes sociais, em ocasi\u00e3o da estreia de Pietuszewski nas convocat\u00f3rias da sele\u00e7\u00e3o A. O foco est\u00e1 na liga\u00e7\u00e3o entre o FC Porto e a Pol\u00f3nia para o ciclo competitivo que se aproxima.<\/p>\n","protected":false},"excerpt":{"rendered":"<ul>\n<li>Bednarek e Kiwior mantiveram o contributo dos jogadores polacos para a temporada do FC Porto at\u00e9 janeiro.<\/li>\n<li>A chegada de Pietuszewski no mercado de inverno intensificou a liga\u00e7\u00e3o entre o FC Porto e a Pol\u00f3nia.<\/li>\n<li>A federa\u00e7\u00e3o polaca partilhou fotografias dos tr\u00eas jogadores com o equipamento da sele\u00e7\u00e3o para o Mundial 2026.<\/li>\n<li>Pietuszewski realizou a estreia nas convocat\u00f3rias da sele\u00e7\u00e3o A da Pol\u00f3nia.<\/li>\n<\/ul>\n","protected":false},"author":2,"featured_media":420096,"comment_status":"closed","ping_status":"closed","sticky":false,"template":"","format":"standard","meta":{"footnotes":""},"categories":[21,24],"tags":[3160,2028,32,3752,1488,2057],"class_list":["post-420091","post","type-post","status-publish","format-standard","has-post-thumbnail","hentry","category-desporto","category-futebol","tag-bednarek","tag-fc-porto","tag-futebol","tag-pietuszewski","tag-polonia","tag-selecao-nacional"],"yoast_head":"<!-- This site is optimized with the Yoast SEO plugin v27.2 - https:\/\/yoast.com\/product\/yoast-seo-wordpress\/ -->\n<title>Sele\u00e7\u00e3o polaca oferece mimo aos adeptos do FC Porto - Portal Tela Portugal<\/title>\n<meta name=\"robots\" content=\"index, follow, max-snippet:-1, max-image-preview:large, max-video-preview:-1\" \/>\n<meta property=\"og:locale\" content=\"pt_PT\" \/>\n<meta property=\"og:type\" content=\"article\" \/>\n<meta property=\"og:title\" content=\"Sele\u00e7\u00e3o polaca oferece mimo aos adeptos do FC Porto - Portal Tela Portugal\" \/>\n<meta property=\"og:description\" content=\"Bednarek e Kiwior mantiveram o contributo dos jogadores polacos para a temporada do FC Porto at\u00e9 janeiro. A chegada de Pietuszewski no mercado de inverno intensificou a liga\u00e7\u00e3o entre o FC Porto e a Pol\u00f3nia. A federa\u00e7\u00e3o polaca partilhou fotografias dos tr\u00eas jogadores com o equipamento da sele\u00e7\u00e3o para o Mundial 2026. Pietuszewski realizou a estreia nas convocat\u00f3rias da sele\u00e7\u00e3o A da Pol\u00f3nia.\" \/>\n<meta property=\"og:url\" content=\"https:\/\/portaltela.pt\/noticias\/2026\/03\/24\/selecao-polaca-oferece-mimo-aos-adeptos-do-fc-porto\/\" \/>\n<meta property=\"og:site_name\" content=\"Portal Tela Portugal\" \/>\n<meta property=\"article:published_time\" content=\"2026-03-24T20:09:01+00:00\" \/>\n<meta name=\"author\" content=\"Telinha\" \/>\n<meta name=\"twitter:card\" content=\"summary_large_image\" \/>\n<meta name=\"twitter:label1\" content=\"Escrito por\" \/>\n\t<meta name=\"twitter:data1\" content=\"Telinha\" \/>\n\t<meta name=\"twitter:label2\" content=\"Tempo estimado de leitura\" \/>\n\t<meta name=\"twitter:data2\" content=\"1 minuto\" \/>\n<script type=\"application\/ld+json\" class=\"yoast-schema-graph\">{\"@context\":\"https:\/\/schema.org\",\"@graph\":[{\"@type\":\"Article\",\"@id\":\"https:\/\/portaltela.pt\/noticias\/2026\/03\/24\/selecao-polaca-oferece-mimo-aos-adeptos-do-fc-porto\/#article\",\"isPartOf\":{\"@id\":\"https:\/\/portaltela.pt\/noticias\/2026\/03\/24\/selecao-polaca-oferece-mimo-aos-adeptos-do-fc-porto\/\"},\"author\":{\"name\":\"Telinha\",\"@id\":\"https:\/\/portaltela.pt\/#\/schema\/person\/c4278d4a6028830caff9ee44b42d32ed\"},\"headline\":\"Sele\u00e7\u00e3o polaca oferece mimo aos adeptos do FC Porto\",\"datePublished\":\"2026-03-24T20:09:01+00:00\",\"mainEntityOfPage\":{\"@id\":\"https:\/\/portaltela.pt\/noticias\/2026\/03\/24\/selecao-polaca-oferece-mimo-aos-adeptos-do-fc-porto\/\"},\"wordCount\":132,\"image\":{\"@id\":\"https:\/\/portaltela.pt\/noticias\/2026\/03\/24\/selecao-polaca-oferece-mimo-aos-adeptos-do-fc-porto\/#primaryimage\"},\"thumbnailUrl\":\"https:\/\/portaltela.pt\/s.01k8rhncp4jt1\/2026\/03\/img_1200x721uu2026-03-24-20-02-45-2429168-im-639099794189168298.jpg\",\"keywords\":[\"Bednarek\",\"FC Porto\",\"futebol\",\"Pietuszewski\",\"Pol\u00f3nia\",\"Sele\u00e7\u00e3o Nacional\"],\"articleSection\":[\"Desporto\",\"Futebol\"],\"inLanguage\":\"pt-PT\"},{\"@type\":\"WebPage\",\"@id\":\"https:\/\/portaltela.pt\/noticias\/2026\/03\/24\/selecao-polaca-oferece-mimo-aos-adeptos-do-fc-porto\/\",\"url\":\"https:\/\/portaltela.pt\/noticias\/2026\/03\/24\/selecao-polaca-oferece-mimo-aos-adeptos-do-fc-porto\/\",\"name\":\"Sele\u00e7\u00e3o polaca oferece mimo aos adeptos do FC Porto - Portal Tela Portugal\",\"isPartOf\":{\"@id\":\"https:\/\/portaltela.pt\/#website\"},\"primaryImageOfPage\":{\"@id\":\"https:\/\/portaltela.pt\/noticias\/2026\/03\/24\/selecao-polaca-oferece-mimo-aos-adeptos-do-fc-porto\/#primaryimage\"},\"image\":{\"@id\":\"https:\/\/portaltela.pt\/noticias\/2026\/03\/24\/selecao-polaca-oferece-mimo-aos-adeptos-do-fc-porto\/#primaryimage\"},\"thumbnailUrl\":\"https:\/\/portaltela.pt\/s.01k8rhncp4jt1\/2026\/03\/img_1200x721uu2026-03-24-20-02-45-2429168-im-639099794189168298.jpg\",\"datePublished\":\"2026-03-24T20:09:01+00:00\",\"author\":{\"@id\":\"https:\/\/portaltela.pt\/#\/schema\/person\/c4278d4a6028830caff9ee44b42d32ed\"},\"breadcrumb\":{\"@id\":\"https:\/\/portaltela.pt\/noticias\/2026\/03\/24\/selecao-polaca-oferece-mimo-aos-adeptos-do-fc-porto\/#breadcrumb\"},\"inLanguage\":\"pt-PT\",\"potentialAction\":[{\"@type\":\"ReadAction\",\"target\":[\"https:\/\/portaltela.pt\/noticias\/2026\/03\/24\/selecao-polaca-oferece-mimo-aos-adeptos-do-fc-porto\/\"]}]},{\"@type\":\"ImageObject\",\"inLanguage\":\"pt-PT\",\"@id\":\"https:\/\/portaltela.pt\/noticias\/2026\/03\/24\/selecao-polaca-oferece-mimo-aos-adeptos-do-fc-porto\/#primaryimage\",\"url\":\"https:\/\/portaltela.pt\/s.01k8rhncp4jt1\/2026\/03\/img_1200x721uu2026-03-24-20-02-45-2429168-im-639099794189168298.jpg\",\"contentUrl\":\"https:\/\/portaltela.pt\/s.01k8rhncp4jt1\/2026\/03\/img_1200x721uu2026-03-24-20-02-45-2429168-im-639099794189168298.jpg\",\"width\":796,\"height\":448,\"caption\":\"Bednarek, Kiwior e Pietuszewski divulgam juntos pela sele\u00e7\u00e3o da Pol\u00f3nia\"},{\"@type\":\"BreadcrumbList\",\"@id\":\"https:\/\/portaltela.pt\/noticias\/2026\/03\/24\/selecao-polaca-oferece-mimo-aos-adeptos-do-fc-porto\/#breadcrumb\",\"itemListElement\":[{\"@type\":\"ListItem\",\"position\":1,\"name\":\"In\u00edcio\",\"item\":\"https:\/\/portaltela.pt\/\"},{\"@type\":\"ListItem\",\"position\":2,\"name\":\"Sele\u00e7\u00e3o polaca oferece mimo aos adeptos do FC Porto\"}]},{\"@type\":\"WebSite\",\"@id\":\"https:\/\/portaltela.pt\/#website\",\"url\":\"https:\/\/portaltela.pt\/\",\"name\":\"Portal Tela Portugal\",\"description\":\"\",\"potentialAction\":[{\"@type\":\"SearchAction\",\"target\":{\"@type\":\"EntryPoint\",\"urlTemplate\":\"https:\/\/portaltela.pt\/?s={search_term_string}\"},\"query-input\":{\"@type\":\"PropertyValueSpecification\",\"valueRequired\":true,\"valueName\":\"search_term_string\"}}],\"inLanguage\":\"pt-PT\"},{\"@type\":\"Person\",\"@id\":\"https:\/\/portaltela.pt\/#\/schema\/person\/c4278d4a6028830caff9ee44b42d32ed\",\"name\":\"Telinha\",\"image\":{\"@type\":\"ImageObject\",\"inLanguage\":\"pt-PT\",\"@id\":\"https:\/\/portaltela.pt\/s.01k8rhncp4jt1\/2025\/11\/talking-bot-125x125.png\",\"url\":\"https:\/\/portaltela.pt\/s.01k8rhncp4jt1\/2025\/11\/talking-bot-125x125.png\",\"contentUrl\":\"https:\/\/portaltela.pt\/s.01k8rhncp4jt1\/2025\/11\/talking-bot-125x125.png\",\"caption\":\"Telinha\"},\"sameAs\":[\"https:\/\/portaltela.pt\/\"],\"url\":\"https:\/\/portaltela.pt\/por\/367410592786\/\"}]}<\/script>\n<!-- \/ Yoast SEO plugin. -->","yoast_head_json":{"title":"Sele\u00e7\u00e3o polaca oferece mimo aos adeptos do FC Porto - Portal Tela Portugal","robots":{"index":"index","follow":"follow","max-snippet":"max-snippet:-1","max-image-preview":"max-image-preview:large","max-video-preview":"max-video-preview:-1"},"og_locale":"pt_PT","og_type":"article","og_title":"Sele\u00e7\u00e3o polaca oferece mimo aos adeptos do FC Porto - Portal Tela Portugal","og_description":"Bednarek e Kiwior mantiveram o contributo dos jogadores polacos para a temporada do FC Porto at\u00e9 janeiro. A chegada de Pietuszewski no mercado de inverno intensificou a liga\u00e7\u00e3o entre o FC Porto e a Pol\u00f3nia. A federa\u00e7\u00e3o polaca partilhou fotografias dos tr\u00eas jogadores com o equipamento da sele\u00e7\u00e3o para o Mundial 2026. Pietuszewski realizou a estreia nas convocat\u00f3rias da sele\u00e7\u00e3o A da Pol\u00f3nia.","og_url":"https:\/\/portaltela.pt\/noticias\/2026\/03\/24\/selecao-polaca-oferece-mimo-aos-adeptos-do-fc-porto\/","og_site_name":"Portal Tela Portugal","article_published_time":"2026-03-24T20:09:01+00:00","author":"Telinha","twitter_card":"summary_large_image","twitter_misc":{"Escrito por":"Telinha","Tempo estimado de leitura":"1 minuto"},"schema":{"@context":"https:\/\/schema.org","@graph":[{"@type":"Article","@id":"https:\/\/portaltela.pt\/noticias\/2026\/03\/24\/selecao-polaca-oferece-mimo-aos-adeptos-do-fc-porto\/#article","isPartOf":{"@id":"https:\/\/portaltela.pt\/noticias\/2026\/03\/24\/selecao-polaca-oferece-mimo-aos-adeptos-do-fc-porto\/"},"author":{"name":"Telinha","@id":"https:\/\/portaltela.pt\/#\/schema\/person\/c4278d4a6028830caff9ee44b42d32ed"},"headline":"Sele\u00e7\u00e3o polaca oferece mimo aos adeptos do FC Porto","datePublished":"2026-03-24T20:09:01+00:00","mainEntityOfPage":{"@id":"https:\/\/portaltela.pt\/noticias\/2026\/03\/24\/selecao-polaca-oferece-mimo-aos-adeptos-do-fc-porto\/"},"wordCount":132,"image":{"@id":"https:\/\/portaltela.pt\/noticias\/2026\/03\/24\/selecao-polaca-oferece-mimo-aos-adeptos-do-fc-porto\/#primaryimage"},"thumbnailUrl":"https:\/\/portaltela.pt\/s.01k8rhncp4jt1\/2026\/03\/img_1200x721uu2026-03-24-20-02-45-2429168-im-639099794189168298.jpg","keywords":["Bednarek","FC Porto","futebol","Pietuszewski","Pol\u00f3nia","Sele\u00e7\u00e3o Nacional"],"articleSection":["Desporto","Futebol"],"inLanguage":"pt-PT"},{"@type":"WebPage","@id":"https:\/\/portaltela.pt\/noticias\/2026\/03\/24\/selecao-polaca-oferece-mimo-aos-adeptos-do-fc-porto\/","url":"https:\/\/portaltela.pt\/noticias\/2026\/03\/24\/selecao-polaca-oferece-mimo-aos-adeptos-do-fc-porto\/","name":"Sele\u00e7\u00e3o polaca oferece mimo aos adeptos do FC Porto - Portal Tela Portugal","isPartOf":{"@id":"https:\/\/portaltela.pt\/#website"},"primaryImageOfPage":{"@id":"https:\/\/portaltela.pt\/noticias\/2026\/03\/24\/selecao-polaca-oferece-mimo-aos-adeptos-do-fc-porto\/#primaryimage"},"image":{"@id":"https:\/\/portaltela.pt\/noticias\/2026\/03\/24\/selecao-polaca-oferece-mimo-aos-adeptos-do-fc-porto\/#primaryimage"},"thumbnailUrl":"https:\/\/portaltela.pt\/s.01k8rhncp4jt1\/2026\/03\/img_1200x721uu2026-03-24-20-02-45-2429168-im-639099794189168298.jpg","datePublished":"2026-03-24T20:09:01+00:00","author":{"@id":"https:\/\/portaltela.pt\/#\/schema\/person\/c4278d4a6028830caff9ee44b42d32ed"},"breadcrumb":{"@id":"https:\/\/portaltela.pt\/noticias\/2026\/03\/24\/selecao-polaca-oferece-mimo-aos-adeptos-do-fc-porto\/#breadcrumb"},"inLanguage":"pt-PT","potentialAction":[{"@type":"ReadAction","target":["https:\/\/portaltela.pt\/noticias\/2026\/03\/24\/selecao-polaca-oferece-mimo-aos-adeptos-do-fc-porto\/"]}]},{"@type":"ImageObject","inLanguage":"pt-PT","@id":"https:\/\/portaltela.pt\/noticias\/2026\/03\/24\/selecao-polaca-oferece-mimo-aos-adeptos-do-fc-porto\/#primaryimage","url":"https:\/\/portaltela.pt\/s.01k8rhncp4jt1\/2026\/03\/img_1200x721uu2026-03-24-20-02-45-2429168-im-639099794189168298.jpg","contentUrl":"https:\/\/portaltela.pt\/s.01k8rhncp4jt1\/2026\/03\/img_1200x721uu2026-03-24-20-02-45-2429168-im-639099794189168298.jpg","width":796,"height":448,"caption":"Bednarek, Kiwior e Pietuszewski divulgam juntos pela sele\u00e7\u00e3o da Pol\u00f3nia"},{"@type":"BreadcrumbList","@id":"https:\/\/portaltela.pt\/noticias\/2026\/03\/24\/selecao-polaca-oferece-mimo-aos-adeptos-do-fc-porto\/#breadcrumb","itemListElement":[{"@type":"ListItem","position":1,"name":"In\u00edcio","item":"https:\/\/portaltela.pt\/"},{"@type":"ListItem","position":2,"name":"Sele\u00e7\u00e3o polaca oferece mimo aos adeptos do FC Porto"}]},{"@type":"WebSite","@id":"https:\/\/portaltela.pt\/#website","url":"https:\/\/portaltela.pt\/","name":"Portal Tela Portugal","description":"","potentialAction":[{"@type":"SearchAction","target":{"@type":"EntryPoint","urlTemplate":"https:\/\/portaltela.pt\/?s={search_term_string}"},"query-input":{"@type":"PropertyValueSpecification","valueRequired":true,"valueName":"search_term_string"}}],"inLanguage":"pt-PT"},{"@type":"Person","@id":"https:\/\/portaltela.pt\/#\/schema\/person\/c4278d4a6028830caff9ee44b42d32ed","name":"Telinha","image":{"@type":"ImageObject","inLanguage":"pt-PT","@id":"https:\/\/portaltela.pt\/s.01k8rhncp4jt1\/2025\/11\/talking-bot-125x125.png","url":"https:\/\/portaltela.pt\/s.01k8rhncp4jt1\/2025\/11\/talking-bot-125x125.png","contentUrl":"https:\/\/portaltela.pt\/s.01k8rhncp4jt1\/2025\/11\/talking-bot-125x125.png","caption":"Telinha"},"sameAs":["https:\/\/portaltela.pt\/"],"url":"https:\/\/portaltela.pt\/por\/367410592786\/"}]}},"_links":{"self":[{"href":"https:\/\/portaltela.pt\/api\/wp\/v2\/posts\/420091","targetHints":{"allow":["GET"]}}],"collection":[{"href":"https:\/\/portaltela.pt\/api\/wp\/v2\/posts"}],"about":[{"href":"https:\/\/portaltela.pt\/api\/wp\/v2\/types\/post"}],"author":[{"embeddable":true,"href":"https:\/\/portaltela.pt\/api\/wp\/v2\/users\/2"}],"replies":[{"embeddable":true,"href":"https:\/\/portaltela.pt\/api\/wp\/v2\/comments?post=420091"}],"version-history":[{"count":0,"href":"https:\/\/portaltela.pt\/api\/wp\/v2\/posts\/420091\/revisions"}],"wp:featuredmedia":[{"embeddable":true,"href":"https:\/\/portaltela.pt\/api\/wp\/v2\/media\/420096"}],"wp:attachment":[{"href":"https:\/\/portaltela.pt\/api\/wp\/v2\/media?parent=420091"}],"wp:term":[{"taxonomy":"category","embeddable":true,"href":"https:\/\/portaltela.pt\/api\/wp\/v2\/categories?post=420091"},{"taxonomy":"post_tag","embeddable":true,"href":"https:\/\/portaltela.pt\/api\/wp\/v2\/tags?post=420091"}],"curies":[{"name":"wp","href":"https:\/\/api.w.org\/{rel}","templated":true}]}}