{"id":420080,"date":"2026-03-24T17:05:00","date_gmt":"2026-03-24T20:05:00","guid":{"rendered":"https:\/\/portaltela.pt\/noticias\/2026\/03\/24\/bill-callahan-lanca-my-days-of-58-disco-elogiado-pela-beleza-e-empatia\/"},"modified":"2026-03-24T17:05:00","modified_gmt":"2026-03-24T20:05:00","slug":"bill-callahan-lanca-my-days-of-58-disco-elogiado-pela-beleza-e-empatia","status":"publish","type":"post","link":"https:\/\/portaltela.pt\/musica\/2026\/03\/24\/bill-callahan-lanca-my-days-of-58-disco-elogiado-pela-beleza-e-empatia\/","title":{"rendered":"Bill Callahan lan\u00e7a My Days of 58, disco elogiado pela beleza e empatia"},"content":{"rendered":"<p>Bill Callahan acaba de lan\u00e7ar o \u00e1lbum My Days of 58, descrito pela cr\u00edtica como espantoso. A obra parece explorar tempo e fragilidade, numa leitura que n\u00e3o abandona o eixo emocional do artista.<\/p>\n<p>Ao longo de mais de 30 anos a ouvir Callahan, a cr\u00edtica sublinha uma sensa\u00e7\u00e3o de perman\u00eancia. Cada disco surge sem promessas excessivas, mas confirma a continuidade do seu universo sonoro, reconhec\u00edvel e \u00edntimo.<\/p>\n<p>A an\u00e1lise aponta que ouvir o novo trabalho \u00e9 como receber uma carta do artista: familiar, reconfortante e com a mesma linguagem, onde poucos acordes bastam para que tudo seja conhecido de forma profunda.<\/p>\n","protected":false},"excerpt":{"rendered":"<ul>\n<li>O texto descreve o \u00e1lbum &#8220;My Days of 58&#8221; de Bill Callahan como magn\u00edfico.<\/li>\n<li>Associa a obra a um diagn\u00f3stico de cancro bem resolvido e a um tempo de suspens\u00e3o.<\/li>\n<li>O autor diz ter ouvido Callahan h\u00e1 mais de trinta anos, tornando-o parte permanente da sua vida.<\/li>\n<li>A cada novo disco do m\u00fasico norte\u2011americano h\u00e1 uma surpresa, mantendo a ideia de perman\u00eancia.<\/li>\n<li>Ouvir o novo trabalho \u00e9 visto como receber \u201cnot\u00edcias dele\u201d e como uma oportunidade de refletir sobre si pr\u00f3prio.<\/li>\n<\/ul>\n","protected":false},"author":2,"featured_media":420081,"comment_status":"closed","ping_status":"closed","sticky":false,"template":"","format":"standard","meta":{"footnotes":""},"categories":[6676],"tags":[762,5064,2473,122,7482],"class_list":["post-420080","post","type-post","status-publish","format-standard","has-post-thumbnail","hentry","category-musica","tag-artistas","tag-artistas-internacionais","tag-criacao-artistica","tag-musica","tag-producao-artistica"],"yoast_head":"<!-- This site is optimized with the Yoast SEO plugin v27.2 - https:\/\/yoast.com\/product\/yoast-seo-wordpress\/ -->\n<title>Bill Callahan lan\u00e7a My Days of 58, disco elogiado pela beleza e empatia - Portal Tela Portugal<\/title>\n<meta name=\"robots\" content=\"index, follow, max-snippet:-1, max-image-preview:large, max-video-preview:-1\" \/>\n<meta property=\"og:locale\" content=\"pt_PT\" \/>\n<meta property=\"og:type\" content=\"article\" \/>\n<meta property=\"og:title\" content=\"Bill Callahan lan\u00e7a My Days of 58, disco elogiado pela beleza e empatia - Portal Tela Portugal\" \/>\n<meta property=\"og:description\" content=\"O texto descreve o \u00e1lbum &quot;My Days of 58&quot; de Bill Callahan como magn\u00edfico. Associa a obra a um diagn\u00f3stico de cancro bem resolvido e a um tempo de suspens\u00e3o. O autor diz ter ouvido Callahan h\u00e1 mais de trinta anos, tornando-o parte permanente da sua vida. A cada novo disco do m\u00fasico norte\u2011americano h\u00e1 uma surpresa, mantendo a ideia de perman\u00eancia. Ouvir o novo trabalho \u00e9 visto como receber \u201cnot\u00edcias dele\u201d e como uma oportunidade de refletir sobre si pr\u00f3prio.\" \/>\n<meta property=\"og:url\" content=\"https:\/\/portaltela.pt\/noticias\/2026\/03\/24\/bill-callahan-lanca-my-days-of-58-disco-elogiado-pela-beleza-e-empatia\/\" \/>\n<meta property=\"og:site_name\" content=\"Portal Tela Portugal\" \/>\n<meta property=\"article:published_time\" content=\"2026-03-24T20:05:00+00:00\" \/>\n<meta name=\"author\" content=\"Telinha\" \/>\n<meta name=\"twitter:card\" content=\"summary_large_image\" \/>\n<meta name=\"twitter:label1\" content=\"Escrito por\" \/>\n\t<meta name=\"twitter:data1\" content=\"Telinha\" \/>\n\t<meta name=\"twitter:label2\" content=\"Tempo estimado de leitura\" \/>\n\t<meta name=\"twitter:data2\" content=\"1 minuto\" \/>\n<script type=\"application\/ld+json\" class=\"yoast-schema-graph\">{\"@context\":\"https:\/\/schema.org\",\"@graph\":[{\"@type\":\"Article\",\"@id\":\"https:\/\/portaltela.pt\/noticias\/2026\/03\/24\/bill-callahan-lanca-my-days-of-58-disco-elogiado-pela-beleza-e-empatia\/#article\",\"isPartOf\":{\"@id\":\"https:\/\/portaltela.pt\/noticias\/2026\/03\/24\/bill-callahan-lanca-my-days-of-58-disco-elogiado-pela-beleza-e-empatia\/\"},\"author\":{\"name\":\"Telinha\",\"@id\":\"https:\/\/portaltela.pt\/#\/schema\/person\/c4278d4a6028830caff9ee44b42d32ed\"},\"headline\":\"Bill Callahan lan\u00e7a My Days of 58, disco elogiado pela beleza e empatia\",\"datePublished\":\"2026-03-24T20:05:00+00:00\",\"mainEntityOfPage\":{\"@id\":\"https:\/\/portaltela.pt\/noticias\/2026\/03\/24\/bill-callahan-lanca-my-days-of-58-disco-elogiado-pela-beleza-e-empatia\/\"},\"wordCount\":119,\"image\":{\"@id\":\"https:\/\/portaltela.pt\/noticias\/2026\/03\/24\/bill-callahan-lanca-my-days-of-58-disco-elogiado-pela-beleza-e-empatia\/#primaryimage\"},\"thumbnailUrl\":\"https:\/\/portaltela.pt\/s.01k8rhncp4jt1\/2026\/03\/2076628.jpg\",\"keywords\":[\"artistas\",\"artistas internacionais\",\"Cria\u00e7\u00e3o Art\u00edstica\",\"m\u00fasica\",\"Produ\u00e7\u00e3o Art\u00edstica\"],\"articleSection\":[\"M\u00fasica\"],\"inLanguage\":\"pt-PT\"},{\"@type\":\"WebPage\",\"@id\":\"https:\/\/portaltela.pt\/noticias\/2026\/03\/24\/bill-callahan-lanca-my-days-of-58-disco-elogiado-pela-beleza-e-empatia\/\",\"url\":\"https:\/\/portaltela.pt\/noticias\/2026\/03\/24\/bill-callahan-lanca-my-days-of-58-disco-elogiado-pela-beleza-e-empatia\/\",\"name\":\"Bill Callahan lan\u00e7a My Days of 58, disco elogiado pela beleza e empatia - Portal Tela Portugal\",\"isPartOf\":{\"@id\":\"https:\/\/portaltela.pt\/#website\"},\"primaryImageOfPage\":{\"@id\":\"https:\/\/portaltela.pt\/noticias\/2026\/03\/24\/bill-callahan-lanca-my-days-of-58-disco-elogiado-pela-beleza-e-empatia\/#primaryimage\"},\"image\":{\"@id\":\"https:\/\/portaltela.pt\/noticias\/2026\/03\/24\/bill-callahan-lanca-my-days-of-58-disco-elogiado-pela-beleza-e-empatia\/#primaryimage\"},\"thumbnailUrl\":\"https:\/\/portaltela.pt\/s.01k8rhncp4jt1\/2026\/03\/2076628.jpg\",\"datePublished\":\"2026-03-24T20:05:00+00:00\",\"author\":{\"@id\":\"https:\/\/portaltela.pt\/#\/schema\/person\/c4278d4a6028830caff9ee44b42d32ed\"},\"breadcrumb\":{\"@id\":\"https:\/\/portaltela.pt\/noticias\/2026\/03\/24\/bill-callahan-lanca-my-days-of-58-disco-elogiado-pela-beleza-e-empatia\/#breadcrumb\"},\"inLanguage\":\"pt-PT\",\"potentialAction\":[{\"@type\":\"ReadAction\",\"target\":[\"https:\/\/portaltela.pt\/noticias\/2026\/03\/24\/bill-callahan-lanca-my-days-of-58-disco-elogiado-pela-beleza-e-empatia\/\"]}]},{\"@type\":\"ImageObject\",\"inLanguage\":\"pt-PT\",\"@id\":\"https:\/\/portaltela.pt\/noticias\/2026\/03\/24\/bill-callahan-lanca-my-days-of-58-disco-elogiado-pela-beleza-e-empatia\/#primaryimage\",\"url\":\"https:\/\/portaltela.pt\/s.01k8rhncp4jt1\/2026\/03\/2076628.jpg\",\"contentUrl\":\"https:\/\/portaltela.pt\/s.01k8rhncp4jt1\/2026\/03\/2076628.jpg\",\"width\":796,\"height\":448,\"caption\":\"My Days of 58: um bel\u00edssimo disco de Bill Callahan\"},{\"@type\":\"BreadcrumbList\",\"@id\":\"https:\/\/portaltela.pt\/noticias\/2026\/03\/24\/bill-callahan-lanca-my-days-of-58-disco-elogiado-pela-beleza-e-empatia\/#breadcrumb\",\"itemListElement\":[{\"@type\":\"ListItem\",\"position\":1,\"name\":\"In\u00edcio\",\"item\":\"https:\/\/portaltela.pt\/\"},{\"@type\":\"ListItem\",\"position\":2,\"name\":\"Bill Callahan lan\u00e7a My Days of 58, disco elogiado pela beleza e empatia\"}]},{\"@type\":\"WebSite\",\"@id\":\"https:\/\/portaltela.pt\/#website\",\"url\":\"https:\/\/portaltela.pt\/\",\"name\":\"Portal Tela Portugal\",\"description\":\"\",\"potentialAction\":[{\"@type\":\"SearchAction\",\"target\":{\"@type\":\"EntryPoint\",\"urlTemplate\":\"https:\/\/portaltela.pt\/?s={search_term_string}\"},\"query-input\":{\"@type\":\"PropertyValueSpecification\",\"valueRequired\":true,\"valueName\":\"search_term_string\"}}],\"inLanguage\":\"pt-PT\"},{\"@type\":\"Person\",\"@id\":\"https:\/\/portaltela.pt\/#\/schema\/person\/c4278d4a6028830caff9ee44b42d32ed\",\"name\":\"Telinha\",\"image\":{\"@type\":\"ImageObject\",\"inLanguage\":\"pt-PT\",\"@id\":\"https:\/\/portaltela.pt\/s.01k8rhncp4jt1\/2025\/11\/talking-bot-125x125.png\",\"url\":\"https:\/\/portaltela.pt\/s.01k8rhncp4jt1\/2025\/11\/talking-bot-125x125.png\",\"contentUrl\":\"https:\/\/portaltela.pt\/s.01k8rhncp4jt1\/2025\/11\/talking-bot-125x125.png\",\"caption\":\"Telinha\"},\"sameAs\":[\"https:\/\/portaltela.pt\/\"],\"url\":\"https:\/\/portaltela.pt\/por\/367410592786\/\"}]}<\/script>\n<!-- \/ Yoast SEO plugin. -->","yoast_head_json":{"title":"Bill Callahan lan\u00e7a My Days of 58, disco elogiado pela beleza e empatia - Portal Tela Portugal","robots":{"index":"index","follow":"follow","max-snippet":"max-snippet:-1","max-image-preview":"max-image-preview:large","max-video-preview":"max-video-preview:-1"},"og_locale":"pt_PT","og_type":"article","og_title":"Bill Callahan lan\u00e7a My Days of 58, disco elogiado pela beleza e empatia - Portal Tela Portugal","og_description":"O texto descreve o \u00e1lbum \"My Days of 58\" de Bill Callahan como magn\u00edfico. Associa a obra a um diagn\u00f3stico de cancro bem resolvido e a um tempo de suspens\u00e3o. O autor diz ter ouvido Callahan h\u00e1 mais de trinta anos, tornando-o parte permanente da sua vida. A cada novo disco do m\u00fasico norte\u2011americano h\u00e1 uma surpresa, mantendo a ideia de perman\u00eancia. Ouvir o novo trabalho \u00e9 visto como receber \u201cnot\u00edcias dele\u201d e como uma oportunidade de refletir sobre si pr\u00f3prio.","og_url":"https:\/\/portaltela.pt\/noticias\/2026\/03\/24\/bill-callahan-lanca-my-days-of-58-disco-elogiado-pela-beleza-e-empatia\/","og_site_name":"Portal Tela Portugal","article_published_time":"2026-03-24T20:05:00+00:00","author":"Telinha","twitter_card":"summary_large_image","twitter_misc":{"Escrito por":"Telinha","Tempo estimado de leitura":"1 minuto"},"schema":{"@context":"https:\/\/schema.org","@graph":[{"@type":"Article","@id":"https:\/\/portaltela.pt\/noticias\/2026\/03\/24\/bill-callahan-lanca-my-days-of-58-disco-elogiado-pela-beleza-e-empatia\/#article","isPartOf":{"@id":"https:\/\/portaltela.pt\/noticias\/2026\/03\/24\/bill-callahan-lanca-my-days-of-58-disco-elogiado-pela-beleza-e-empatia\/"},"author":{"name":"Telinha","@id":"https:\/\/portaltela.pt\/#\/schema\/person\/c4278d4a6028830caff9ee44b42d32ed"},"headline":"Bill Callahan lan\u00e7a My Days of 58, disco elogiado pela beleza e empatia","datePublished":"2026-03-24T20:05:00+00:00","mainEntityOfPage":{"@id":"https:\/\/portaltela.pt\/noticias\/2026\/03\/24\/bill-callahan-lanca-my-days-of-58-disco-elogiado-pela-beleza-e-empatia\/"},"wordCount":119,"image":{"@id":"https:\/\/portaltela.pt\/noticias\/2026\/03\/24\/bill-callahan-lanca-my-days-of-58-disco-elogiado-pela-beleza-e-empatia\/#primaryimage"},"thumbnailUrl":"https:\/\/portaltela.pt\/s.01k8rhncp4jt1\/2026\/03\/2076628.jpg","keywords":["artistas","artistas internacionais","Cria\u00e7\u00e3o Art\u00edstica","m\u00fasica","Produ\u00e7\u00e3o Art\u00edstica"],"articleSection":["M\u00fasica"],"inLanguage":"pt-PT"},{"@type":"WebPage","@id":"https:\/\/portaltela.pt\/noticias\/2026\/03\/24\/bill-callahan-lanca-my-days-of-58-disco-elogiado-pela-beleza-e-empatia\/","url":"https:\/\/portaltela.pt\/noticias\/2026\/03\/24\/bill-callahan-lanca-my-days-of-58-disco-elogiado-pela-beleza-e-empatia\/","name":"Bill Callahan lan\u00e7a My Days of 58, disco elogiado pela beleza e empatia - Portal Tela Portugal","isPartOf":{"@id":"https:\/\/portaltela.pt\/#website"},"primaryImageOfPage":{"@id":"https:\/\/portaltela.pt\/noticias\/2026\/03\/24\/bill-callahan-lanca-my-days-of-58-disco-elogiado-pela-beleza-e-empatia\/#primaryimage"},"image":{"@id":"https:\/\/portaltela.pt\/noticias\/2026\/03\/24\/bill-callahan-lanca-my-days-of-58-disco-elogiado-pela-beleza-e-empatia\/#primaryimage"},"thumbnailUrl":"https:\/\/portaltela.pt\/s.01k8rhncp4jt1\/2026\/03\/2076628.jpg","datePublished":"2026-03-24T20:05:00+00:00","author":{"@id":"https:\/\/portaltela.pt\/#\/schema\/person\/c4278d4a6028830caff9ee44b42d32ed"},"breadcrumb":{"@id":"https:\/\/portaltela.pt\/noticias\/2026\/03\/24\/bill-callahan-lanca-my-days-of-58-disco-elogiado-pela-beleza-e-empatia\/#breadcrumb"},"inLanguage":"pt-PT","potentialAction":[{"@type":"ReadAction","target":["https:\/\/portaltela.pt\/noticias\/2026\/03\/24\/bill-callahan-lanca-my-days-of-58-disco-elogiado-pela-beleza-e-empatia\/"]}]},{"@type":"ImageObject","inLanguage":"pt-PT","@id":"https:\/\/portaltela.pt\/noticias\/2026\/03\/24\/bill-callahan-lanca-my-days-of-58-disco-elogiado-pela-beleza-e-empatia\/#primaryimage","url":"https:\/\/portaltela.pt\/s.01k8rhncp4jt1\/2026\/03\/2076628.jpg","contentUrl":"https:\/\/portaltela.pt\/s.01k8rhncp4jt1\/2026\/03\/2076628.jpg","width":796,"height":448,"caption":"My Days of 58: um bel\u00edssimo disco de Bill Callahan"},{"@type":"BreadcrumbList","@id":"https:\/\/portaltela.pt\/noticias\/2026\/03\/24\/bill-callahan-lanca-my-days-of-58-disco-elogiado-pela-beleza-e-empatia\/#breadcrumb","itemListElement":[{"@type":"ListItem","position":1,"name":"In\u00edcio","item":"https:\/\/portaltela.pt\/"},{"@type":"ListItem","position":2,"name":"Bill Callahan lan\u00e7a My Days of 58, disco elogiado pela beleza e empatia"}]},{"@type":"WebSite","@id":"https:\/\/portaltela.pt\/#website","url":"https:\/\/portaltela.pt\/","name":"Portal Tela Portugal","description":"","potentialAction":[{"@type":"SearchAction","target":{"@type":"EntryPoint","urlTemplate":"https:\/\/portaltela.pt\/?s={search_term_string}"},"query-input":{"@type":"PropertyValueSpecification","valueRequired":true,"valueName":"search_term_string"}}],"inLanguage":"pt-PT"},{"@type":"Person","@id":"https:\/\/portaltela.pt\/#\/schema\/person\/c4278d4a6028830caff9ee44b42d32ed","name":"Telinha","image":{"@type":"ImageObject","inLanguage":"pt-PT","@id":"https:\/\/portaltela.pt\/s.01k8rhncp4jt1\/2025\/11\/talking-bot-125x125.png","url":"https:\/\/portaltela.pt\/s.01k8rhncp4jt1\/2025\/11\/talking-bot-125x125.png","contentUrl":"https:\/\/portaltela.pt\/s.01k8rhncp4jt1\/2025\/11\/talking-bot-125x125.png","caption":"Telinha"},"sameAs":["https:\/\/portaltela.pt\/"],"url":"https:\/\/portaltela.pt\/por\/367410592786\/"}]}},"_links":{"self":[{"href":"https:\/\/portaltela.pt\/api\/wp\/v2\/posts\/420080","targetHints":{"allow":["GET"]}}],"collection":[{"href":"https:\/\/portaltela.pt\/api\/wp\/v2\/posts"}],"about":[{"href":"https:\/\/portaltela.pt\/api\/wp\/v2\/types\/post"}],"author":[{"embeddable":true,"href":"https:\/\/portaltela.pt\/api\/wp\/v2\/users\/2"}],"replies":[{"embeddable":true,"href":"https:\/\/portaltela.pt\/api\/wp\/v2\/comments?post=420080"}],"version-history":[{"count":0,"href":"https:\/\/portaltela.pt\/api\/wp\/v2\/posts\/420080\/revisions"}],"wp:featuredmedia":[{"embeddable":true,"href":"https:\/\/portaltela.pt\/api\/wp\/v2\/media\/420081"}],"wp:attachment":[{"href":"https:\/\/portaltela.pt\/api\/wp\/v2\/media?parent=420080"}],"wp:term":[{"taxonomy":"category","embeddable":true,"href":"https:\/\/portaltela.pt\/api\/wp\/v2\/categories?post=420080"},{"taxonomy":"post_tag","embeddable":true,"href":"https:\/\/portaltela.pt\/api\/wp\/v2\/tags?post=420080"}],"curies":[{"name":"wp","href":"https:\/\/api.w.org\/{rel}","templated":true}]}}